{"id":10066,"date":"2023-02-23T19:36:12","date_gmt":"2023-02-23T18:36:12","guid":{"rendered":"https:\/\/www.ladiagonale.net\/?p=10066"},"modified":"2023-02-24T02:44:56","modified_gmt":"2023-02-24T01:44:56","slug":"mi-temps-monaco-doit-tout-recommencer-1-2","status":"publish","type":"post","link":"https:\/\/www.ladiagonale.net\/index.php\/2023\/02\/23\/mi-temps-monaco-doit-tout-recommencer-1-2\/","title":{"rendered":"Mi-temps : Monaco doit tout recommencer (1-2)"},"content":{"rendered":"\n\n\n<p>Pas grand chose n\u2019a tourn\u00e9 dans le bon sens pour l\u2019AS Monaco, men\u00e9e sur sa pelouse par le Bayer Leverkusen apr\u00e8s 45 minutes de jeu (1-2). Wirtz a ouvert le score pour la formation allemande (0-1, 13<sup>e<\/sup>) tandis que Ben Yedder a \u00e9galis\u00e9 sur un p\u00e9nalty obtenu par Eliesse Ben Seghir (1-1, 19<sup>e<\/sup>). Mais Palacios a rapidement remis le Bayer devant sur ce match (1-2, 21<sup>e<\/sup>) et \u00e0 \u00e9galit\u00e9 sur le cumul des deux rencontres (4-4).<\/p>\n\n\n\n<p>Les Mon\u00e9gasques ont subi d\u00e8s le d\u00e9but de la rencontre et ont rapidement recul\u00e9 devant le pressing allemand. Ils ont eu beaucoup de mal \u00e0 ressortir les ballons et ont \u00e9galement men\u00e9 leurs transitions sans grande vitesse. Il va falloir trouver les mots \u00e0 la pause pour revenir dans l\u2019esprit et retrouver de l\u2019intensit\u00e9 du c\u00f4t\u00e9 des hommes de Philippe Clement.<\/p>\n","protected":false},"excerpt":{"rendered":"<p>Pas grand chose n\u2019a tourn\u00e9 dans le bon sens pour l\u2019AS Monaco, men\u00e9e sur sa pelouse par le Bayer Leverkusen apr\u00e8s 45 minutes de jeu (1-2). Wirtz a ouvert le score pour la formation allemande (0-1, 13e) tandis que Ben Yedder a \u00e9galis\u00e9 sur un p\u00e9nalty obtenu par Eliesse Ben Seghir (1-1, 19e). Mais Palacios [&#8230;]\n","protected":false},"author":2,"featured_media":0,"comment_status":"open","ping_status":"open","sticky":false,"template":"","format":"standard","meta":[],"categories":[6],"tags":[86,224,419],"yoast_head":"<!-- This site is optimized with the Yoast SEO plugin v19.8 - https:\/\/yoast.com\/wordpress\/plugins\/seo\/ -->\n<title>Mi-temps : Monaco doit tout recommencer (1-2) - La Diagonale<\/title>\n<meta name=\"robots\" content=\"index, follow, max-snippet:-1, max-image-preview:large, max-video-preview:-1\" \/>\n<link rel=\"canonical\" href=\"https:\/\/www.ladiagonale.net\/index.php\/2023\/02\/23\/mi-temps-monaco-doit-tout-recommencer-1-2\/\" \/>\n<meta property=\"og:locale\" content=\"fr_FR\" \/>\n<meta property=\"og:type\" content=\"article\" \/>\n<meta property=\"og:title\" content=\"Mi-temps : Monaco doit tout recommencer (1-2) - La Diagonale\" \/>\n<meta property=\"og:description\" content=\"Pas grand chose n\u2019a tourn\u00e9 dans le bon sens pour l\u2019AS Monaco, men\u00e9e sur sa pelouse par le Bayer Leverkusen apr\u00e8s 45 minutes de jeu (1-2). Wirtz a ouvert le score pour la formation allemande (0-1, 13e) tandis que Ben Yedder a \u00e9galis\u00e9 sur un p\u00e9nalty obtenu par Eliesse Ben Seghir (1-1, 19e). Mais Palacios [...]\" \/>\n<meta property=\"og:url\" content=\"https:\/\/www.ladiagonale.net\/index.php\/2023\/02\/23\/mi-temps-monaco-doit-tout-recommencer-1-2\/\" \/>\n<meta property=\"og:site_name\" content=\"La Diagonale\" \/>\n<meta property=\"article:published_time\" content=\"2023-02-23T18:36:12+00:00\" \/>\n<meta property=\"article:modified_time\" content=\"2023-02-24T01:44:56+00:00\" \/>\n<meta name=\"author\" content=\"Damien Dellerba\" \/>\n<meta name=\"twitter:card\" content=\"summary_large_image\" \/>\n<meta name=\"twitter:label1\" content=\"\u00c9crit par\" \/>\n\t<meta name=\"twitter:data1\" content=\"Damien Dellerba\" \/>\n\t<meta name=\"twitter:label2\" content=\"Dur\u00e9e de lecture estim\u00e9e\" \/>\n\t<meta name=\"twitter:data2\" content=\"1 minute\" \/>\n<script type=\"application\/ld+json\" class=\"yoast-schema-graph\">{\"@context\":\"https:\/\/schema.org\",\"@graph\":[{\"@type\":\"WebPage\",\"@id\":\"https:\/\/www.ladiagonale.net\/index.php\/2023\/02\/23\/mi-temps-monaco-doit-tout-recommencer-1-2\/\",\"url\":\"https:\/\/www.ladiagonale.net\/index.php\/2023\/02\/23\/mi-temps-monaco-doit-tout-recommencer-1-2\/\",\"name\":\"Mi-temps : Monaco doit tout recommencer (1-2) - La Diagonale\",\"isPartOf\":{\"@id\":\"https:\/\/www.ladiagonale.net\/#website\"},\"datePublished\":\"2023-02-23T18:36:12+00:00\",\"dateModified\":\"2023-02-24T01:44:56+00:00\",\"author\":{\"@id\":\"https:\/\/www.ladiagonale.net\/#\/schema\/person\/79ff1e7b0853ed01b2aa26e64ad300bf\"},\"breadcrumb\":{\"@id\":\"https:\/\/www.ladiagonale.net\/index.php\/2023\/02\/23\/mi-temps-monaco-doit-tout-recommencer-1-2\/#breadcrumb\"},\"inLanguage\":\"fr-FR\",\"potentialAction\":[{\"@type\":\"ReadAction\",\"target\":[\"https:\/\/www.ladiagonale.net\/index.php\/2023\/02\/23\/mi-temps-monaco-doit-tout-recommencer-1-2\/\"]}]},{\"@type\":\"BreadcrumbList\",\"@id\":\"https:\/\/www.ladiagonale.net\/index.php\/2023\/02\/23\/mi-temps-monaco-doit-tout-recommencer-1-2\/#breadcrumb\",\"itemListElement\":[{\"@type\":\"ListItem\",\"position\":1,\"name\":\"Accueil\",\"item\":\"https:\/\/www.ladiagonale.net\/\"},{\"@type\":\"ListItem\",\"position\":2,\"name\":\"Mi-temps : Monaco doit tout recommencer (1-2)\"}]},{\"@type\":\"WebSite\",\"@id\":\"https:\/\/www.ladiagonale.net\/#website\",\"url\":\"https:\/\/www.ladiagonale.net\/\",\"name\":\"La Diagonale\",\"description\":\"Le site des supporters de l&#039;AS Monaco FC\",\"potentialAction\":[{\"@type\":\"SearchAction\",\"target\":{\"@type\":\"EntryPoint\",\"urlTemplate\":\"https:\/\/www.ladiagonale.net\/?s={search_term_string}\"},\"query-input\":\"required name=search_term_string\"}],\"inLanguage\":\"fr-FR\"},{\"@type\":\"Person\",\"@id\":\"https:\/\/www.ladiagonale.net\/#\/schema\/person\/79ff1e7b0853ed01b2aa26e64ad300bf\",\"name\":\"Damien Dellerba\",\"image\":{\"@type\":\"ImageObject\",\"inLanguage\":\"fr-FR\",\"@id\":\"https:\/\/www.ladiagonale.net\/#\/schema\/person\/image\/\",\"url\":\"https:\/\/secure.gravatar.com\/avatar\/c7850e06d3ff63cdbaee88b7fc16e2f0?s=96&d=mm&r=g\",\"contentUrl\":\"https:\/\/secure.gravatar.com\/avatar\/c7850e06d3ff63cdbaee88b7fc16e2f0?s=96&d=mm&r=g\",\"caption\":\"Damien Dellerba\"},\"url\":\"https:\/\/www.ladiagonale.net\/index.php\/author\/damien\/\"}]}<\/script>\n<!-- \/ Yoast SEO plugin. -->","yoast_head_json":{"title":"Mi-temps : Monaco doit tout recommencer (1-2) - La Diagonale","robots":{"index":"index","follow":"follow","max-snippet":"max-snippet:-1","max-image-preview":"max-image-preview:large","max-video-preview":"max-video-preview:-1"},"canonical":"https:\/\/www.ladiagonale.net\/index.php\/2023\/02\/23\/mi-temps-monaco-doit-tout-recommencer-1-2\/","og_locale":"fr_FR","og_type":"article","og_title":"Mi-temps : Monaco doit tout recommencer (1-2) - La Diagonale","og_description":"Pas grand chose n\u2019a tourn\u00e9 dans le bon sens pour l\u2019AS Monaco, men\u00e9e sur sa pelouse par le Bayer Leverkusen apr\u00e8s 45 minutes de jeu (1-2). Wirtz a ouvert le score pour la formation allemande (0-1, 13e) tandis que Ben Yedder a \u00e9galis\u00e9 sur un p\u00e9nalty obtenu par Eliesse Ben Seghir (1-1, 19e). Mais Palacios [...]","og_url":"https:\/\/www.ladiagonale.net\/index.php\/2023\/02\/23\/mi-temps-monaco-doit-tout-recommencer-1-2\/","og_site_name":"La Diagonale","article_published_time":"2023-02-23T18:36:12+00:00","article_modified_time":"2023-02-24T01:44:56+00:00","author":"Damien Dellerba","twitter_card":"summary_large_image","twitter_misc":{"\u00c9crit par":"Damien Dellerba","Dur\u00e9e de lecture estim\u00e9e":"1 minute"},"schema":{"@context":"https:\/\/schema.org","@graph":[{"@type":"WebPage","@id":"https:\/\/www.ladiagonale.net\/index.php\/2023\/02\/23\/mi-temps-monaco-doit-tout-recommencer-1-2\/","url":"https:\/\/www.ladiagonale.net\/index.php\/2023\/02\/23\/mi-temps-monaco-doit-tout-recommencer-1-2\/","name":"Mi-temps : Monaco doit tout recommencer (1-2) - La Diagonale","isPartOf":{"@id":"https:\/\/www.ladiagonale.net\/#website"},"datePublished":"2023-02-23T18:36:12+00:00","dateModified":"2023-02-24T01:44:56+00:00","author":{"@id":"https:\/\/www.ladiagonale.net\/#\/schema\/person\/79ff1e7b0853ed01b2aa26e64ad300bf"},"breadcrumb":{"@id":"https:\/\/www.ladiagonale.net\/index.php\/2023\/02\/23\/mi-temps-monaco-doit-tout-recommencer-1-2\/#breadcrumb"},"inLanguage":"fr-FR","potentialAction":[{"@type":"ReadAction","target":["https:\/\/www.ladiagonale.net\/index.php\/2023\/02\/23\/mi-temps-monaco-doit-tout-recommencer-1-2\/"]}]},{"@type":"BreadcrumbList","@id":"https:\/\/www.ladiagonale.net\/index.php\/2023\/02\/23\/mi-temps-monaco-doit-tout-recommencer-1-2\/#breadcrumb","itemListElement":[{"@type":"ListItem","position":1,"name":"Accueil","item":"https:\/\/www.ladiagonale.net\/"},{"@type":"ListItem","position":2,"name":"Mi-temps : Monaco doit tout recommencer (1-2)"}]},{"@type":"WebSite","@id":"https:\/\/www.ladiagonale.net\/#website","url":"https:\/\/www.ladiagonale.net\/","name":"La Diagonale","description":"Le site des supporters de l&#039;AS Monaco FC","potentialAction":[{"@type":"SearchAction","target":{"@type":"EntryPoint","urlTemplate":"https:\/\/www.ladiagonale.net\/?s={search_term_string}"},"query-input":"required name=search_term_string"}],"inLanguage":"fr-FR"},{"@type":"Person","@id":"https:\/\/www.ladiagonale.net\/#\/schema\/person\/79ff1e7b0853ed01b2aa26e64ad300bf","name":"Damien Dellerba","image":{"@type":"ImageObject","inLanguage":"fr-FR","@id":"https:\/\/www.ladiagonale.net\/#\/schema\/person\/image\/","url":"https:\/\/secure.gravatar.com\/avatar\/c7850e06d3ff63cdbaee88b7fc16e2f0?s=96&d=mm&r=g","contentUrl":"https:\/\/secure.gravatar.com\/avatar\/c7850e06d3ff63cdbaee88b7fc16e2f0?s=96&d=mm&r=g","caption":"Damien Dellerba"},"url":"https:\/\/www.ladiagonale.net\/index.php\/author\/damien\/"}]}},"_links":{"self":[{"href":"https:\/\/www.ladiagonale.net\/index.php\/wp-json\/wp\/v2\/posts\/10066"}],"collection":[{"href":"https:\/\/www.ladiagonale.net\/index.php\/wp-json\/wp\/v2\/posts"}],"about":[{"href":"https:\/\/www.ladiagonale.net\/index.php\/wp-json\/wp\/v2\/types\/post"}],"author":[{"embeddable":true,"href":"https:\/\/www.ladiagonale.net\/index.php\/wp-json\/wp\/v2\/users\/2"}],"replies":[{"embeddable":true,"href":"https:\/\/www.ladiagonale.net\/index.php\/wp-json\/wp\/v2\/comments?post=10066"}],"version-history":[{"count":2,"href":"https:\/\/www.ladiagonale.net\/index.php\/wp-json\/wp\/v2\/posts\/10066\/revisions"}],"predecessor-version":[{"id":10113,"href":"https:\/\/www.ladiagonale.net\/index.php\/wp-json\/wp\/v2\/posts\/10066\/revisions\/10113"}],"wp:attachment":[{"href":"https:\/\/www.ladiagonale.net\/index.php\/wp-json\/wp\/v2\/media?parent=10066"}],"wp:term":[{"taxonomy":"category","embeddable":true,"href":"https:\/\/www.ladiagonale.net\/index.php\/wp-json\/wp\/v2\/categories?post=10066"},{"taxonomy":"post_tag","embeddable":true,"href":"https:\/\/www.ladiagonale.net\/index.php\/wp-json\/wp\/v2\/tags?post=10066"}],"curies":[{"name":"wp","href":"https:\/\/api.w.org\/{rel}","templated":true}]}}