{"id":10068,"date":"2023-02-23T20:40:03","date_gmt":"2023-02-23T19:40:03","guid":{"rendered":"https:\/\/www.ladiagonale.net\/?p=10068"},"modified":"2023-02-23T22:17:56","modified_gmt":"2023-02-23T21:17:56","slug":"monaco-en-prolongations-2-3-5-5","status":"publish","type":"post","link":"https:\/\/www.ladiagonale.net\/index.php\/2023\/02\/23\/monaco-en-prolongations-2-3-5-5\/","title":{"rendered":"Monaco en prolongations (2-3)"},"content":{"rendered":"\n\n\n<p>L\u2019AS Monaco va devoir passer par une prolongation pour d\u00e9crocher son ticket pour les 8<sup>es<\/sup> de finale. Les Mon\u00e9gasques ont \u00e9norm\u00e9ment souffert pendant 90 minutes face aux Allemands du Bayer Leverkusen et sont men\u00e9s au score (2-3). Breel Embolo a redonn\u00e9 espoir \u00e0 l\u2019ASM qui a repris victorieusement un centre de Diatta de la t\u00eate (84<sup>e<\/sup>). Amine Adli avait accentu\u00e9 l\u2019avance des joueurs allemands au cours de la seconde p\u00e9riode, lui aussi de la t\u00eate.<\/p>\n\n\n\n<p>Les Rouge et Blanc ont d\u00e9sormais 30 minutes pour faire la diff\u00e9rence, sans quoi ils devront s\u2019en remettre \u00e0 une s\u00e9ance de tirs au but pour esp\u00e9rer valider la qualification.<\/p>\n","protected":false},"excerpt":{"rendered":"<p>L\u2019AS Monaco va devoir passer par une prolongation pour d\u00e9crocher son ticket pour les 8es de finale. Les Mon\u00e9gasques ont \u00e9norm\u00e9ment souffert pendant 90 minutes face aux Allemands du Bayer Leverkusen et sont men\u00e9s au score (2-3). Breel Embolo a redonn\u00e9 espoir \u00e0 l\u2019ASM qui a repris victorieusement un centre de Diatta de la t\u00eate [&#8230;]\n","protected":false},"author":2,"featured_media":0,"comment_status":"open","ping_status":"open","sticky":false,"template":"","format":"standard","meta":[],"categories":[6],"tags":[86,224,419],"yoast_head":"<!-- This site is optimized with the Yoast SEO plugin v19.8 - https:\/\/yoast.com\/wordpress\/plugins\/seo\/ -->\n<title>Monaco en prolongations (2-3) - La Diagonale<\/title>\n<meta name=\"robots\" content=\"index, follow, max-snippet:-1, max-image-preview:large, max-video-preview:-1\" \/>\n<link rel=\"canonical\" href=\"https:\/\/www.ladiagonale.net\/index.php\/2023\/02\/23\/monaco-en-prolongations-2-3-5-5\/\" \/>\n<meta property=\"og:locale\" content=\"fr_FR\" \/>\n<meta property=\"og:type\" content=\"article\" \/>\n<meta property=\"og:title\" content=\"Monaco en prolongations (2-3) - La Diagonale\" \/>\n<meta property=\"og:description\" content=\"L\u2019AS Monaco va devoir passer par une prolongation pour d\u00e9crocher son ticket pour les 8es de finale. Les Mon\u00e9gasques ont \u00e9norm\u00e9ment souffert pendant 90 minutes face aux Allemands du Bayer Leverkusen et sont men\u00e9s au score (2-3). Breel Embolo a redonn\u00e9 espoir \u00e0 l\u2019ASM qui a repris victorieusement un centre de Diatta de la t\u00eate [...]\" \/>\n<meta property=\"og:url\" content=\"https:\/\/www.ladiagonale.net\/index.php\/2023\/02\/23\/monaco-en-prolongations-2-3-5-5\/\" \/>\n<meta property=\"og:site_name\" content=\"La Diagonale\" \/>\n<meta property=\"article:published_time\" content=\"2023-02-23T19:40:03+00:00\" \/>\n<meta property=\"article:modified_time\" content=\"2023-02-23T21:17:56+00:00\" \/>\n<meta name=\"author\" content=\"Damien Dellerba\" \/>\n<meta name=\"twitter:card\" content=\"summary_large_image\" \/>\n<meta name=\"twitter:label1\" content=\"\u00c9crit par\" \/>\n\t<meta name=\"twitter:data1\" content=\"Damien Dellerba\" \/>\n\t<meta name=\"twitter:label2\" content=\"Dur\u00e9e de lecture estim\u00e9e\" \/>\n\t<meta name=\"twitter:data2\" content=\"1 minute\" \/>\n<script type=\"application\/ld+json\" class=\"yoast-schema-graph\">{\"@context\":\"https:\/\/schema.org\",\"@graph\":[{\"@type\":\"WebPage\",\"@id\":\"https:\/\/www.ladiagonale.net\/index.php\/2023\/02\/23\/monaco-en-prolongations-2-3-5-5\/\",\"url\":\"https:\/\/www.ladiagonale.net\/index.php\/2023\/02\/23\/monaco-en-prolongations-2-3-5-5\/\",\"name\":\"Monaco en prolongations (2-3) - La Diagonale\",\"isPartOf\":{\"@id\":\"https:\/\/www.ladiagonale.net\/#website\"},\"datePublished\":\"2023-02-23T19:40:03+00:00\",\"dateModified\":\"2023-02-23T21:17:56+00:00\",\"author\":{\"@id\":\"https:\/\/www.ladiagonale.net\/#\/schema\/person\/79ff1e7b0853ed01b2aa26e64ad300bf\"},\"breadcrumb\":{\"@id\":\"https:\/\/www.ladiagonale.net\/index.php\/2023\/02\/23\/monaco-en-prolongations-2-3-5-5\/#breadcrumb\"},\"inLanguage\":\"fr-FR\",\"potentialAction\":[{\"@type\":\"ReadAction\",\"target\":[\"https:\/\/www.ladiagonale.net\/index.php\/2023\/02\/23\/monaco-en-prolongations-2-3-5-5\/\"]}]},{\"@type\":\"BreadcrumbList\",\"@id\":\"https:\/\/www.ladiagonale.net\/index.php\/2023\/02\/23\/monaco-en-prolongations-2-3-5-5\/#breadcrumb\",\"itemListElement\":[{\"@type\":\"ListItem\",\"position\":1,\"name\":\"Accueil\",\"item\":\"https:\/\/www.ladiagonale.net\/\"},{\"@type\":\"ListItem\",\"position\":2,\"name\":\"Monaco en prolongations (2-3)\"}]},{\"@type\":\"WebSite\",\"@id\":\"https:\/\/www.ladiagonale.net\/#website\",\"url\":\"https:\/\/www.ladiagonale.net\/\",\"name\":\"La Diagonale\",\"description\":\"Le site des supporters de l&#039;AS Monaco FC\",\"potentialAction\":[{\"@type\":\"SearchAction\",\"target\":{\"@type\":\"EntryPoint\",\"urlTemplate\":\"https:\/\/www.ladiagonale.net\/?s={search_term_string}\"},\"query-input\":\"required name=search_term_string\"}],\"inLanguage\":\"fr-FR\"},{\"@type\":\"Person\",\"@id\":\"https:\/\/www.ladiagonale.net\/#\/schema\/person\/79ff1e7b0853ed01b2aa26e64ad300bf\",\"name\":\"Damien Dellerba\",\"image\":{\"@type\":\"ImageObject\",\"inLanguage\":\"fr-FR\",\"@id\":\"https:\/\/www.ladiagonale.net\/#\/schema\/person\/image\/\",\"url\":\"https:\/\/secure.gravatar.com\/avatar\/c7850e06d3ff63cdbaee88b7fc16e2f0?s=96&d=mm&r=g\",\"contentUrl\":\"https:\/\/secure.gravatar.com\/avatar\/c7850e06d3ff63cdbaee88b7fc16e2f0?s=96&d=mm&r=g\",\"caption\":\"Damien Dellerba\"},\"url\":\"https:\/\/www.ladiagonale.net\/index.php\/author\/damien\/\"}]}<\/script>\n<!-- \/ Yoast SEO plugin. -->","yoast_head_json":{"title":"Monaco en prolongations (2-3) - La Diagonale","robots":{"index":"index","follow":"follow","max-snippet":"max-snippet:-1","max-image-preview":"max-image-preview:large","max-video-preview":"max-video-preview:-1"},"canonical":"https:\/\/www.ladiagonale.net\/index.php\/2023\/02\/23\/monaco-en-prolongations-2-3-5-5\/","og_locale":"fr_FR","og_type":"article","og_title":"Monaco en prolongations (2-3) - La Diagonale","og_description":"L\u2019AS Monaco va devoir passer par une prolongation pour d\u00e9crocher son ticket pour les 8es de finale. Les Mon\u00e9gasques ont \u00e9norm\u00e9ment souffert pendant 90 minutes face aux Allemands du Bayer Leverkusen et sont men\u00e9s au score (2-3). Breel Embolo a redonn\u00e9 espoir \u00e0 l\u2019ASM qui a repris victorieusement un centre de Diatta de la t\u00eate [...]","og_url":"https:\/\/www.ladiagonale.net\/index.php\/2023\/02\/23\/monaco-en-prolongations-2-3-5-5\/","og_site_name":"La Diagonale","article_published_time":"2023-02-23T19:40:03+00:00","article_modified_time":"2023-02-23T21:17:56+00:00","author":"Damien Dellerba","twitter_card":"summary_large_image","twitter_misc":{"\u00c9crit par":"Damien Dellerba","Dur\u00e9e de lecture estim\u00e9e":"1 minute"},"schema":{"@context":"https:\/\/schema.org","@graph":[{"@type":"WebPage","@id":"https:\/\/www.ladiagonale.net\/index.php\/2023\/02\/23\/monaco-en-prolongations-2-3-5-5\/","url":"https:\/\/www.ladiagonale.net\/index.php\/2023\/02\/23\/monaco-en-prolongations-2-3-5-5\/","name":"Monaco en prolongations (2-3) - La Diagonale","isPartOf":{"@id":"https:\/\/www.ladiagonale.net\/#website"},"datePublished":"2023-02-23T19:40:03+00:00","dateModified":"2023-02-23T21:17:56+00:00","author":{"@id":"https:\/\/www.ladiagonale.net\/#\/schema\/person\/79ff1e7b0853ed01b2aa26e64ad300bf"},"breadcrumb":{"@id":"https:\/\/www.ladiagonale.net\/index.php\/2023\/02\/23\/monaco-en-prolongations-2-3-5-5\/#breadcrumb"},"inLanguage":"fr-FR","potentialAction":[{"@type":"ReadAction","target":["https:\/\/www.ladiagonale.net\/index.php\/2023\/02\/23\/monaco-en-prolongations-2-3-5-5\/"]}]},{"@type":"BreadcrumbList","@id":"https:\/\/www.ladiagonale.net\/index.php\/2023\/02\/23\/monaco-en-prolongations-2-3-5-5\/#breadcrumb","itemListElement":[{"@type":"ListItem","position":1,"name":"Accueil","item":"https:\/\/www.ladiagonale.net\/"},{"@type":"ListItem","position":2,"name":"Monaco en prolongations (2-3)"}]},{"@type":"WebSite","@id":"https:\/\/www.ladiagonale.net\/#website","url":"https:\/\/www.ladiagonale.net\/","name":"La Diagonale","description":"Le site des supporters de l&#039;AS Monaco FC","potentialAction":[{"@type":"SearchAction","target":{"@type":"EntryPoint","urlTemplate":"https:\/\/www.ladiagonale.net\/?s={search_term_string}"},"query-input":"required name=search_term_string"}],"inLanguage":"fr-FR"},{"@type":"Person","@id":"https:\/\/www.ladiagonale.net\/#\/schema\/person\/79ff1e7b0853ed01b2aa26e64ad300bf","name":"Damien Dellerba","image":{"@type":"ImageObject","inLanguage":"fr-FR","@id":"https:\/\/www.ladiagonale.net\/#\/schema\/person\/image\/","url":"https:\/\/secure.gravatar.com\/avatar\/c7850e06d3ff63cdbaee88b7fc16e2f0?s=96&d=mm&r=g","contentUrl":"https:\/\/secure.gravatar.com\/avatar\/c7850e06d3ff63cdbaee88b7fc16e2f0?s=96&d=mm&r=g","caption":"Damien Dellerba"},"url":"https:\/\/www.ladiagonale.net\/index.php\/author\/damien\/"}]}},"_links":{"self":[{"href":"https:\/\/www.ladiagonale.net\/index.php\/wp-json\/wp\/v2\/posts\/10068"}],"collection":[{"href":"https:\/\/www.ladiagonale.net\/index.php\/wp-json\/wp\/v2\/posts"}],"about":[{"href":"https:\/\/www.ladiagonale.net\/index.php\/wp-json\/wp\/v2\/types\/post"}],"author":[{"embeddable":true,"href":"https:\/\/www.ladiagonale.net\/index.php\/wp-json\/wp\/v2\/users\/2"}],"replies":[{"embeddable":true,"href":"https:\/\/www.ladiagonale.net\/index.php\/wp-json\/wp\/v2\/comments?post=10068"}],"version-history":[{"count":2,"href":"https:\/\/www.ladiagonale.net\/index.php\/wp-json\/wp\/v2\/posts\/10068\/revisions"}],"predecessor-version":[{"id":10079,"href":"https:\/\/www.ladiagonale.net\/index.php\/wp-json\/wp\/v2\/posts\/10068\/revisions\/10079"}],"wp:attachment":[{"href":"https:\/\/www.ladiagonale.net\/index.php\/wp-json\/wp\/v2\/media?parent=10068"}],"wp:term":[{"taxonomy":"category","embeddable":true,"href":"https:\/\/www.ladiagonale.net\/index.php\/wp-json\/wp\/v2\/categories?post=10068"},{"taxonomy":"post_tag","embeddable":true,"href":"https:\/\/www.ladiagonale.net\/index.php\/wp-json\/wp\/v2\/tags?post=10068"}],"curies":[{"name":"wp","href":"https:\/\/api.w.org\/{rel}","templated":true}]}}