{"id":10070,"date":"2023-02-23T21:42:15","date_gmt":"2023-02-23T20:42:15","guid":{"rendered":"https:\/\/www.ladiagonale.net\/?p=10070"},"modified":"2023-02-24T02:33:58","modified_gmt":"2023-02-24T01:33:58","slug":"monaco-passe-a-la-trappe-2-3-3-5-aux-t-a-b","status":"publish","type":"post","link":"https:\/\/www.ladiagonale.net\/index.php\/2023\/02\/23\/monaco-passe-a-la-trappe-2-3-3-5-aux-t-a-b\/","title":{"rendered":"Monaco passe \u00e0 la trappe (2-3, 3-5 aux t.a.b.)"},"content":{"rendered":"\n\n\n<p>Grosse d\u00e9sillusion pour l\u2019AS Monaco en Ligue Europa. Les Rouge et Blanc se sont inclin\u00e9s face au Bayer Leverkusen et se font sortir apr\u00e8s une s\u00e9ance de tirs au but o\u00f9 les Allemands ont \u00e9t\u00e9 cliniques (2-3, 3-5 aux t.a.b.). Les Mon\u00e9gasques peuvent avoir de gros regrets apr\u00e8s avoir ramen\u00e9 de leur d\u00e9placement jeudi dernier un avantage d\u2019un but, qui s\u2019est toutefois av\u00e9r\u00e9 insuffisant. Les  As\u00e9mistes ont beaucoup trop subi durant la rencontre pour esp\u00e9rer mieux.<\/p>\n\n\n\n<p>Face au pressing allemand, les joueurs de Philippe Clement ont eu beaucoup de difficult\u00e9s \u00e0 ressortir les ballons proprement et \u00e0 mener leurs transitions comme ils en avaient l\u2019habitude. Wirtz a rapidement mis les siens sur de bons rails (1-0, 13<sup>e<\/sup>), et m\u00eame si Ben Yedder a \u00e9galis\u00e9 sur un p\u00e9nalty obtenu par Ben Seghir (1-1, 19<sup>e<\/sup>), le Bayer a repris la main en inscrivant un deuxi\u00e8me but par Palacios (2-1, 21<sup>e<\/sup>).<\/p>\n\n\n\n<p class=\"has-white-color has-text-color has-background\" style=\"background-color:#303030\"><a href=\"https:\/\/www.ladiagonale.net\/index.php\/event\/monaco-bayer-leverkusen\/\">Voir la feuille de match<\/a><\/p>\n\n\n\n<p>Si les Mon\u00e9gasques sont revenus un peu plus concern\u00e9s apr\u00e8s la pause, il n\u2019a pas fallu longtemps \u00e0 Leverkusen pour enfoncer le clou avec une t\u00eate d\u2019Adli (1-3, 58<sup>e<\/sup>). Mais Monaco a fait son effort en fin de match pour arracher une prolongation gr\u00e2ce \u00e0 un but de Breel Embolo (2-3, 84<sup>e<\/sup>). La prolongation a \u00e9t\u00e9 assez ferm\u00e9e mais Monaco n\u2019a jamais vraiment pu mettre Hradecky sous pression.<\/p>\n\n\n\n<p>C\u2019est donc aux tirs au but que s\u2019est jou\u00e9e cette rencontre. Les Allemands n\u2019ont pas laiss\u00e9 de grandes chances \u00e0 Alexander N\u00fcbel, qui aurait sans doute pu faire mieux sur la tentative de Diaby, pas tr\u00e8s bien tir\u00e9e et qu\u2019il ne peut que toucher. Eliot Matazo a trouv\u00e9 la barre transversale. C\u2019est cruel pour les Mon\u00e9gasques, qui vont devoir d\u00e9sormais se concentrer sur le championnat et le derby contre Nice dimanche (17h05).<\/p>\n","protected":false},"excerpt":{"rendered":"<p>Grosse d\u00e9sillusion pour l\u2019AS Monaco en Ligue Europa. Les Rouge et Blanc se sont inclin\u00e9s face au Bayer Leverkusen et se font sortir apr\u00e8s une s\u00e9ance de tirs au but o\u00f9 les Allemands ont \u00e9t\u00e9 cliniques (2-3, 3-5 aux t.a.b.). Les Mon\u00e9gasques peuvent avoir de gros regrets apr\u00e8s avoir ramen\u00e9 de leur d\u00e9placement jeudi dernier [&#8230;]\n","protected":false},"author":2,"featured_media":0,"comment_status":"open","ping_status":"open","sticky":false,"template":"","format":"standard","meta":[],"categories":[4,6],"tags":[86,224,419],"yoast_head":"<!-- This site is optimized with the Yoast SEO plugin v19.8 - https:\/\/yoast.com\/wordpress\/plugins\/seo\/ -->\n<title>Monaco passe \u00e0 la trappe (2-3, 3-5 aux t.a.b.) - La Diagonale<\/title>\n<meta name=\"robots\" content=\"index, follow, max-snippet:-1, max-image-preview:large, max-video-preview:-1\" \/>\n<link rel=\"canonical\" href=\"https:\/\/www.ladiagonale.net\/index.php\/2023\/02\/23\/monaco-passe-a-la-trappe-2-3-3-5-aux-t-a-b\/\" \/>\n<meta property=\"og:locale\" content=\"fr_FR\" \/>\n<meta property=\"og:type\" content=\"article\" \/>\n<meta property=\"og:title\" content=\"Monaco passe \u00e0 la trappe (2-3, 3-5 aux t.a.b.) - La Diagonale\" \/>\n<meta property=\"og:description\" content=\"Grosse d\u00e9sillusion pour l\u2019AS Monaco en Ligue Europa. Les Rouge et Blanc se sont inclin\u00e9s face au Bayer Leverkusen et se font sortir apr\u00e8s une s\u00e9ance de tirs au but o\u00f9 les Allemands ont \u00e9t\u00e9 cliniques (2-3, 3-5 aux t.a.b.). Les Mon\u00e9gasques peuvent avoir de gros regrets apr\u00e8s avoir ramen\u00e9 de leur d\u00e9placement jeudi dernier [...]\" \/>\n<meta property=\"og:url\" content=\"https:\/\/www.ladiagonale.net\/index.php\/2023\/02\/23\/monaco-passe-a-la-trappe-2-3-3-5-aux-t-a-b\/\" \/>\n<meta property=\"og:site_name\" content=\"La Diagonale\" \/>\n<meta property=\"article:published_time\" content=\"2023-02-23T20:42:15+00:00\" \/>\n<meta property=\"article:modified_time\" content=\"2023-02-24T01:33:58+00:00\" \/>\n<meta property=\"og:image\" content=\"https:\/\/www.ladiagonale.net\/wp-content\/uploads\/2022\/11\/ben-yedder2.png\" \/>\n\t<meta property=\"og:image:width\" content=\"1160\" \/>\n\t<meta property=\"og:image:height\" content=\"650\" \/>\n\t<meta property=\"og:image:type\" content=\"image\/png\" \/>\n<meta name=\"author\" content=\"Damien Dellerba\" \/>\n<meta name=\"twitter:card\" content=\"summary_large_image\" \/>\n<meta name=\"twitter:image\" content=\"https:\/\/www.ladiagonale.net\/wp-content\/uploads\/2022\/11\/ben-yedder2.png\" \/>\n<meta name=\"twitter:label1\" content=\"\u00c9crit par\" \/>\n\t<meta name=\"twitter:data1\" content=\"Damien Dellerba\" \/>\n\t<meta name=\"twitter:label2\" content=\"Dur\u00e9e de lecture estim\u00e9e\" \/>\n\t<meta name=\"twitter:data2\" content=\"2 minutes\" \/>\n<script type=\"application\/ld+json\" class=\"yoast-schema-graph\">{\"@context\":\"https:\/\/schema.org\",\"@graph\":[{\"@type\":\"WebPage\",\"@id\":\"https:\/\/www.ladiagonale.net\/index.php\/2023\/02\/23\/monaco-passe-a-la-trappe-2-3-3-5-aux-t-a-b\/\",\"url\":\"https:\/\/www.ladiagonale.net\/index.php\/2023\/02\/23\/monaco-passe-a-la-trappe-2-3-3-5-aux-t-a-b\/\",\"name\":\"Monaco passe \u00e0 la trappe (2-3, 3-5 aux t.a.b.) - La Diagonale\",\"isPartOf\":{\"@id\":\"https:\/\/www.ladiagonale.net\/#website\"},\"datePublished\":\"2023-02-23T20:42:15+00:00\",\"dateModified\":\"2023-02-24T01:33:58+00:00\",\"author\":{\"@id\":\"https:\/\/www.ladiagonale.net\/#\/schema\/person\/79ff1e7b0853ed01b2aa26e64ad300bf\"},\"breadcrumb\":{\"@id\":\"https:\/\/www.ladiagonale.net\/index.php\/2023\/02\/23\/monaco-passe-a-la-trappe-2-3-3-5-aux-t-a-b\/#breadcrumb\"},\"inLanguage\":\"fr-FR\",\"potentialAction\":[{\"@type\":\"ReadAction\",\"target\":[\"https:\/\/www.ladiagonale.net\/index.php\/2023\/02\/23\/monaco-passe-a-la-trappe-2-3-3-5-aux-t-a-b\/\"]}]},{\"@type\":\"BreadcrumbList\",\"@id\":\"https:\/\/www.ladiagonale.net\/index.php\/2023\/02\/23\/monaco-passe-a-la-trappe-2-3-3-5-aux-t-a-b\/#breadcrumb\",\"itemListElement\":[{\"@type\":\"ListItem\",\"position\":1,\"name\":\"Accueil\",\"item\":\"https:\/\/www.ladiagonale.net\/\"},{\"@type\":\"ListItem\",\"position\":2,\"name\":\"Monaco passe \u00e0 la trappe (2-3, 3-5 aux t.a.b.)\"}]},{\"@type\":\"WebSite\",\"@id\":\"https:\/\/www.ladiagonale.net\/#website\",\"url\":\"https:\/\/www.ladiagonale.net\/\",\"name\":\"La Diagonale\",\"description\":\"Le site des supporters de l&#039;AS Monaco FC\",\"potentialAction\":[{\"@type\":\"SearchAction\",\"target\":{\"@type\":\"EntryPoint\",\"urlTemplate\":\"https:\/\/www.ladiagonale.net\/?s={search_term_string}\"},\"query-input\":\"required name=search_term_string\"}],\"inLanguage\":\"fr-FR\"},{\"@type\":\"Person\",\"@id\":\"https:\/\/www.ladiagonale.net\/#\/schema\/person\/79ff1e7b0853ed01b2aa26e64ad300bf\",\"name\":\"Damien Dellerba\",\"image\":{\"@type\":\"ImageObject\",\"inLanguage\":\"fr-FR\",\"@id\":\"https:\/\/www.ladiagonale.net\/#\/schema\/person\/image\/\",\"url\":\"https:\/\/secure.gravatar.com\/avatar\/c7850e06d3ff63cdbaee88b7fc16e2f0?s=96&d=mm&r=g\",\"contentUrl\":\"https:\/\/secure.gravatar.com\/avatar\/c7850e06d3ff63cdbaee88b7fc16e2f0?s=96&d=mm&r=g\",\"caption\":\"Damien Dellerba\"},\"url\":\"https:\/\/www.ladiagonale.net\/index.php\/author\/damien\/\"}]}<\/script>\n<!-- \/ Yoast SEO plugin. -->","yoast_head_json":{"title":"Monaco passe \u00e0 la trappe (2-3, 3-5 aux t.a.b.) - La Diagonale","robots":{"index":"index","follow":"follow","max-snippet":"max-snippet:-1","max-image-preview":"max-image-preview:large","max-video-preview":"max-video-preview:-1"},"canonical":"https:\/\/www.ladiagonale.net\/index.php\/2023\/02\/23\/monaco-passe-a-la-trappe-2-3-3-5-aux-t-a-b\/","og_locale":"fr_FR","og_type":"article","og_title":"Monaco passe \u00e0 la trappe (2-3, 3-5 aux t.a.b.) - La Diagonale","og_description":"Grosse d\u00e9sillusion pour l\u2019AS Monaco en Ligue Europa. Les Rouge et Blanc se sont inclin\u00e9s face au Bayer Leverkusen et se font sortir apr\u00e8s une s\u00e9ance de tirs au but o\u00f9 les Allemands ont \u00e9t\u00e9 cliniques (2-3, 3-5 aux t.a.b.). Les Mon\u00e9gasques peuvent avoir de gros regrets apr\u00e8s avoir ramen\u00e9 de leur d\u00e9placement jeudi dernier [...]","og_url":"https:\/\/www.ladiagonale.net\/index.php\/2023\/02\/23\/monaco-passe-a-la-trappe-2-3-3-5-aux-t-a-b\/","og_site_name":"La Diagonale","article_published_time":"2023-02-23T20:42:15+00:00","article_modified_time":"2023-02-24T01:33:58+00:00","og_image":[{"width":1160,"height":650,"url":"https:\/\/www.ladiagonale.net\/wp-content\/uploads\/2022\/11\/ben-yedder2.png","type":"image\/png"}],"author":"Damien Dellerba","twitter_card":"summary_large_image","twitter_image":"https:\/\/www.ladiagonale.net\/wp-content\/uploads\/2022\/11\/ben-yedder2.png","twitter_misc":{"\u00c9crit par":"Damien Dellerba","Dur\u00e9e de lecture estim\u00e9e":"2 minutes"},"schema":{"@context":"https:\/\/schema.org","@graph":[{"@type":"WebPage","@id":"https:\/\/www.ladiagonale.net\/index.php\/2023\/02\/23\/monaco-passe-a-la-trappe-2-3-3-5-aux-t-a-b\/","url":"https:\/\/www.ladiagonale.net\/index.php\/2023\/02\/23\/monaco-passe-a-la-trappe-2-3-3-5-aux-t-a-b\/","name":"Monaco passe \u00e0 la trappe (2-3, 3-5 aux t.a.b.) - La Diagonale","isPartOf":{"@id":"https:\/\/www.ladiagonale.net\/#website"},"datePublished":"2023-02-23T20:42:15+00:00","dateModified":"2023-02-24T01:33:58+00:00","author":{"@id":"https:\/\/www.ladiagonale.net\/#\/schema\/person\/79ff1e7b0853ed01b2aa26e64ad300bf"},"breadcrumb":{"@id":"https:\/\/www.ladiagonale.net\/index.php\/2023\/02\/23\/monaco-passe-a-la-trappe-2-3-3-5-aux-t-a-b\/#breadcrumb"},"inLanguage":"fr-FR","potentialAction":[{"@type":"ReadAction","target":["https:\/\/www.ladiagonale.net\/index.php\/2023\/02\/23\/monaco-passe-a-la-trappe-2-3-3-5-aux-t-a-b\/"]}]},{"@type":"BreadcrumbList","@id":"https:\/\/www.ladiagonale.net\/index.php\/2023\/02\/23\/monaco-passe-a-la-trappe-2-3-3-5-aux-t-a-b\/#breadcrumb","itemListElement":[{"@type":"ListItem","position":1,"name":"Accueil","item":"https:\/\/www.ladiagonale.net\/"},{"@type":"ListItem","position":2,"name":"Monaco passe \u00e0 la trappe (2-3, 3-5 aux t.a.b.)"}]},{"@type":"WebSite","@id":"https:\/\/www.ladiagonale.net\/#website","url":"https:\/\/www.ladiagonale.net\/","name":"La Diagonale","description":"Le site des supporters de l&#039;AS Monaco FC","potentialAction":[{"@type":"SearchAction","target":{"@type":"EntryPoint","urlTemplate":"https:\/\/www.ladiagonale.net\/?s={search_term_string}"},"query-input":"required name=search_term_string"}],"inLanguage":"fr-FR"},{"@type":"Person","@id":"https:\/\/www.ladiagonale.net\/#\/schema\/person\/79ff1e7b0853ed01b2aa26e64ad300bf","name":"Damien Dellerba","image":{"@type":"ImageObject","inLanguage":"fr-FR","@id":"https:\/\/www.ladiagonale.net\/#\/schema\/person\/image\/","url":"https:\/\/secure.gravatar.com\/avatar\/c7850e06d3ff63cdbaee88b7fc16e2f0?s=96&d=mm&r=g","contentUrl":"https:\/\/secure.gravatar.com\/avatar\/c7850e06d3ff63cdbaee88b7fc16e2f0?s=96&d=mm&r=g","caption":"Damien Dellerba"},"url":"https:\/\/www.ladiagonale.net\/index.php\/author\/damien\/"}]}},"_links":{"self":[{"href":"https:\/\/www.ladiagonale.net\/index.php\/wp-json\/wp\/v2\/posts\/10070"}],"collection":[{"href":"https:\/\/www.ladiagonale.net\/index.php\/wp-json\/wp\/v2\/posts"}],"about":[{"href":"https:\/\/www.ladiagonale.net\/index.php\/wp-json\/wp\/v2\/types\/post"}],"author":[{"embeddable":true,"href":"https:\/\/www.ladiagonale.net\/index.php\/wp-json\/wp\/v2\/users\/2"}],"replies":[{"embeddable":true,"href":"https:\/\/www.ladiagonale.net\/index.php\/wp-json\/wp\/v2\/comments?post=10070"}],"version-history":[{"count":8,"href":"https:\/\/www.ladiagonale.net\/index.php\/wp-json\/wp\/v2\/posts\/10070\/revisions"}],"predecessor-version":[{"id":10104,"href":"https:\/\/www.ladiagonale.net\/index.php\/wp-json\/wp\/v2\/posts\/10070\/revisions\/10104"}],"wp:attachment":[{"href":"https:\/\/www.ladiagonale.net\/index.php\/wp-json\/wp\/v2\/media?parent=10070"}],"wp:term":[{"taxonomy":"category","embeddable":true,"href":"https:\/\/www.ladiagonale.net\/index.php\/wp-json\/wp\/v2\/categories?post=10070"},{"taxonomy":"post_tag","embeddable":true,"href":"https:\/\/www.ladiagonale.net\/index.php\/wp-json\/wp\/v2\/tags?post=10070"}],"curies":[{"name":"wp","href":"https:\/\/api.w.org\/{rel}","templated":true}]}}