{"id":10082,"date":"2023-02-23T23:47:46","date_gmt":"2023-02-23T22:47:46","guid":{"rendered":"https:\/\/www.ladiagonale.net\/?p=10082"},"modified":"2023-02-24T02:37:22","modified_gmt":"2023-02-24T01:37:22","slug":"la-douche-froide","status":"publish","type":"post","link":"https:\/\/www.ladiagonale.net\/index.php\/2023\/02\/23\/la-douche-froide\/","title":{"rendered":"La douche froide"},"content":{"rendered":"\n\n\n<p>Grosse d\u00e9sillusion pour l\u2019AS Monaco en Ligue Europa. Les Rouge et Blanc se sont inclin\u00e9s face au Bayer Leverkusen et se sont fait sortir apr\u00e8s une s\u00e9ance de tirs au but o\u00f9 les Allemands ont \u00e9t\u00e9 sup\u00e9rieurs et cliniques (2-3, 3-5 aux t.a.b.). Les Mon\u00e9gasques peuvent avoir de gros regrets, surtout apr\u00e8s apr\u00e8s le succ\u00e8s ramen\u00e9 de leur d\u00e9placement \u00e0 la BayArena jeudi dernier. Un avantage d\u2019un but, qui s\u2019est toutefois av\u00e9r\u00e9 insuffisant et qui est parti en fum\u00e9e avant le premier quart d&rsquo;heure, lorsque le Bayer a marqu\u00e9 avec Wirtz \u00e0 la r\u00e9ception d&rsquo;un centre de Frimpong (0-1, 13<sup>e<\/sup>). <\/p>\n\n\n\n<p>Face au pressing allemand, les joueurs de Philippe Clement ont eu toutes les peines du monde \u00e0 ressortir les ballons proprement et \u00e0 mener leurs transitions comme ils en avaient l\u2019habitude, de fa\u00e7on fulgurante. Et m\u00eame si les Mon\u00e9gasques ont paru loin dans l&rsquo;engagement, ils sont vite revenus au score pour s&rsquo;\u00e9pargner des doutes. Ben Yedder a \u00e9galis\u00e9 sur un p\u00e9nalty obtenu par Ben Seghir (1-1, 19<sup>e<\/sup>), qui a cherch\u00e9 \u00e0 crocheter Tapsoba en pleine surface. Malheureusement, l&rsquo;ASM a vite replong\u00e9 lorsque le Bayer a inscrit son second but, Exequiel Palacios reprenant un ballon mal d\u00e9gag\u00e9 par Malang Sarr \u00e0 la suite d&rsquo;un corner (2-1, 21<sup>e<\/sup>).<\/p>\n\n\n\n<p class=\"has-white-color has-text-color has-background\" style=\"background-color:#303030\"><a href=\"https:\/\/www.ladiagonale.net\/index.php\/event\/monaco-bayer-leverkusen\/\">Voir la feuille de match<\/a><\/p>\n\n\n\n<p>Si les Mon\u00e9gasques sont revenus un peu plus concern\u00e9s apr\u00e8s la pause, il n\u2019a pas fallu longtemps \u00e0 Leverkusen pour enfoncer le clou avec une t\u00eate d\u2019Adli (1-3, 58<sup>e<\/sup>), \u00e0 la retomb\u00e9e d&rsquo;un centre de Florian Wirtz, dont l&rsquo;activit\u00e9 aura fait tr\u00e8s mal \u00e0 la d\u00e9fense as\u00e9miste. Mais Monaco a fait son effort en fin de match pour arracher une prolongation gr\u00e2ce \u00e0 un but de Breel Embolo (2-3, 84<sup>e<\/sup>), rentr\u00e9 seulement six minutes plus t\u00f4t. La prolongation a \u00e9t\u00e9 assez ferm\u00e9e alors que Monaco venait de reprendre le contr\u00f4le du cuir dans cette rencontre, mais sans jamais vraiment pouvoir mettre Hradecky, le gardien finlandais du Bayer, sous pression.<\/p>\n\n\n\n<p>C\u2019est donc aux tirs au but que s\u2019est jou\u00e9e cette rencontre et comme on pouvait le craindre, c&rsquo;est un exercice sur lequel les Rouge et Blanc se sont une fois de plus cass\u00e9s les dents. Les Allemands n\u2019ont pas laiss\u00e9 de grandes chances \u00e0 Alexander N\u00fcbel, qui aurait sans doute pu sortir la tentative de Diaby, qu&rsquo;il a lui-m\u00eame d\u00e9vi\u00e9 dans ses filets. Eliot Matazo a assum\u00e9 ses responsabilit\u00e9s en tant que second tireur et a \u00e9t\u00e9 malheureux en frappant la barre transversale. C\u2019est cruel pour les Mon\u00e9gasques mais ils ont beaucoup trop subi durant la rencontre pour esp\u00e9rer mieux. <\/p>\n\n\n\n<p>Apr\u00e8s la Coupe de France, c&rsquo;est une autre comp\u00e9tition qui s&rsquo;arr\u00eate pour les hommes de Philippe Clement, sans avoir d\u00e9m\u00e9rit\u00e9, tant leur belle prestation de l&rsquo;aller avait donn\u00e9 le sentiment que quelque chose semblait possible. Finalement, il a manqu\u00e9 un peu de caract\u00e8re pour faire la diff\u00e9rence et pour \u00eatre plus pr\u00e9sent dans l&rsquo;impact afin de moins subir. Ils sortent toutefois en ayant affich\u00e9 un autre visage que contre Rodez en coupe ou contre Braga la saison derni\u00e8re (<em>\u00e9limin\u00e9s en 8es de la Ligue Europa<\/em>). D\u00e9sormais, il faudra se concentrer sur le championnat et le derby de la C\u00f4te d&rsquo;Azur contre Nice dimanche (17h05) qui s&rsquo;annonce chaud bouillant.<\/p>\n\n\n\n<p>Photo : <em>AS Monaco<\/em><\/p>\n","protected":false},"excerpt":{"rendered":"<p>Grosse d\u00e9sillusion pour l\u2019AS Monaco en Ligue Europa. Les Rouge et Blanc se sont inclin\u00e9s face au Bayer Leverkusen et se sont fait sortir apr\u00e8s une s\u00e9ance de tirs au but o\u00f9 les Allemands ont \u00e9t\u00e9 sup\u00e9rieurs et cliniques (2-3, 3-5 aux t.a.b.). Les Mon\u00e9gasques peuvent avoir de gros regrets, surtout apr\u00e8s apr\u00e8s le succ\u00e8s [&#8230;]\n","protected":false},"author":2,"featured_media":10083,"comment_status":"open","ping_status":"open","sticky":false,"template":"","format":"standard","meta":[],"categories":[5,6],"tags":[86,233,224,419],"yoast_head":"<!-- This site is optimized with the Yoast SEO plugin v19.8 - https:\/\/yoast.com\/wordpress\/plugins\/seo\/ -->\n<title>La douche froide - La Diagonale<\/title>\n<meta name=\"robots\" content=\"index, follow, max-snippet:-1, max-image-preview:large, max-video-preview:-1\" \/>\n<link rel=\"canonical\" href=\"https:\/\/www.ladiagonale.net\/index.php\/2023\/02\/23\/la-douche-froide\/\" \/>\n<meta property=\"og:locale\" content=\"fr_FR\" \/>\n<meta property=\"og:type\" content=\"article\" \/>\n<meta property=\"og:title\" content=\"La douche froide - La Diagonale\" \/>\n<meta property=\"og:description\" content=\"Grosse d\u00e9sillusion pour l\u2019AS Monaco en Ligue Europa. Les Rouge et Blanc se sont inclin\u00e9s face au Bayer Leverkusen et se sont fait sortir apr\u00e8s une s\u00e9ance de tirs au but o\u00f9 les Allemands ont \u00e9t\u00e9 sup\u00e9rieurs et cliniques (2-3, 3-5 aux t.a.b.). Les Mon\u00e9gasques peuvent avoir de gros regrets, surtout apr\u00e8s apr\u00e8s le succ\u00e8s [...]\" \/>\n<meta property=\"og:url\" content=\"https:\/\/www.ladiagonale.net\/index.php\/2023\/02\/23\/la-douche-froide\/\" \/>\n<meta property=\"og:site_name\" content=\"La Diagonale\" \/>\n<meta property=\"article:published_time\" content=\"2023-02-23T22:47:46+00:00\" \/>\n<meta property=\"article:modified_time\" content=\"2023-02-24T01:37:22+00:00\" \/>\n<meta property=\"og:image\" content=\"https:\/\/www.ladiagonale.net\/wp-content\/uploads\/2023\/02\/embolo.png\" \/>\n\t<meta property=\"og:image:width\" content=\"1160\" \/>\n\t<meta property=\"og:image:height\" content=\"650\" \/>\n\t<meta property=\"og:image:type\" content=\"image\/png\" \/>\n<meta name=\"author\" content=\"Damien Dellerba\" \/>\n<meta name=\"twitter:card\" content=\"summary_large_image\" \/>\n<meta name=\"twitter:image\" content=\"https:\/\/www.ladiagonale.net\/wp-content\/uploads\/2023\/02\/embolo.png\" \/>\n<meta name=\"twitter:label1\" content=\"\u00c9crit par\" \/>\n\t<meta name=\"twitter:data1\" content=\"Damien Dellerba\" \/>\n\t<meta name=\"twitter:label2\" content=\"Dur\u00e9e de lecture estim\u00e9e\" \/>\n\t<meta name=\"twitter:data2\" content=\"3 minutes\" \/>\n<script type=\"application\/ld+json\" class=\"yoast-schema-graph\">{\"@context\":\"https:\/\/schema.org\",\"@graph\":[{\"@type\":\"WebPage\",\"@id\":\"https:\/\/www.ladiagonale.net\/index.php\/2023\/02\/23\/la-douche-froide\/\",\"url\":\"https:\/\/www.ladiagonale.net\/index.php\/2023\/02\/23\/la-douche-froide\/\",\"name\":\"La douche froide - La Diagonale\",\"isPartOf\":{\"@id\":\"https:\/\/www.ladiagonale.net\/#website\"},\"datePublished\":\"2023-02-23T22:47:46+00:00\",\"dateModified\":\"2023-02-24T01:37:22+00:00\",\"author\":{\"@id\":\"https:\/\/www.ladiagonale.net\/#\/schema\/person\/79ff1e7b0853ed01b2aa26e64ad300bf\"},\"breadcrumb\":{\"@id\":\"https:\/\/www.ladiagonale.net\/index.php\/2023\/02\/23\/la-douche-froide\/#breadcrumb\"},\"inLanguage\":\"fr-FR\",\"potentialAction\":[{\"@type\":\"ReadAction\",\"target\":[\"https:\/\/www.ladiagonale.net\/index.php\/2023\/02\/23\/la-douche-froide\/\"]}]},{\"@type\":\"BreadcrumbList\",\"@id\":\"https:\/\/www.ladiagonale.net\/index.php\/2023\/02\/23\/la-douche-froide\/#breadcrumb\",\"itemListElement\":[{\"@type\":\"ListItem\",\"position\":1,\"name\":\"Accueil\",\"item\":\"https:\/\/www.ladiagonale.net\/\"},{\"@type\":\"ListItem\",\"position\":2,\"name\":\"La douche froide\"}]},{\"@type\":\"WebSite\",\"@id\":\"https:\/\/www.ladiagonale.net\/#website\",\"url\":\"https:\/\/www.ladiagonale.net\/\",\"name\":\"La Diagonale\",\"description\":\"Le site des supporters de l&#039;AS Monaco FC\",\"potentialAction\":[{\"@type\":\"SearchAction\",\"target\":{\"@type\":\"EntryPoint\",\"urlTemplate\":\"https:\/\/www.ladiagonale.net\/?s={search_term_string}\"},\"query-input\":\"required name=search_term_string\"}],\"inLanguage\":\"fr-FR\"},{\"@type\":\"Person\",\"@id\":\"https:\/\/www.ladiagonale.net\/#\/schema\/person\/79ff1e7b0853ed01b2aa26e64ad300bf\",\"name\":\"Damien Dellerba\",\"image\":{\"@type\":\"ImageObject\",\"inLanguage\":\"fr-FR\",\"@id\":\"https:\/\/www.ladiagonale.net\/#\/schema\/person\/image\/\",\"url\":\"https:\/\/secure.gravatar.com\/avatar\/c7850e06d3ff63cdbaee88b7fc16e2f0?s=96&d=mm&r=g\",\"contentUrl\":\"https:\/\/secure.gravatar.com\/avatar\/c7850e06d3ff63cdbaee88b7fc16e2f0?s=96&d=mm&r=g\",\"caption\":\"Damien Dellerba\"},\"url\":\"https:\/\/www.ladiagonale.net\/index.php\/author\/damien\/\"}]}<\/script>\n<!-- \/ Yoast SEO plugin. -->","yoast_head_json":{"title":"La douche froide - La Diagonale","robots":{"index":"index","follow":"follow","max-snippet":"max-snippet:-1","max-image-preview":"max-image-preview:large","max-video-preview":"max-video-preview:-1"},"canonical":"https:\/\/www.ladiagonale.net\/index.php\/2023\/02\/23\/la-douche-froide\/","og_locale":"fr_FR","og_type":"article","og_title":"La douche froide - La Diagonale","og_description":"Grosse d\u00e9sillusion pour l\u2019AS Monaco en Ligue Europa. Les Rouge et Blanc se sont inclin\u00e9s face au Bayer Leverkusen et se sont fait sortir apr\u00e8s une s\u00e9ance de tirs au but o\u00f9 les Allemands ont \u00e9t\u00e9 sup\u00e9rieurs et cliniques (2-3, 3-5 aux t.a.b.). Les Mon\u00e9gasques peuvent avoir de gros regrets, surtout apr\u00e8s apr\u00e8s le succ\u00e8s [...]","og_url":"https:\/\/www.ladiagonale.net\/index.php\/2023\/02\/23\/la-douche-froide\/","og_site_name":"La Diagonale","article_published_time":"2023-02-23T22:47:46+00:00","article_modified_time":"2023-02-24T01:37:22+00:00","og_image":[{"width":1160,"height":650,"url":"https:\/\/www.ladiagonale.net\/wp-content\/uploads\/2023\/02\/embolo.png","type":"image\/png"}],"author":"Damien Dellerba","twitter_card":"summary_large_image","twitter_image":"https:\/\/www.ladiagonale.net\/wp-content\/uploads\/2023\/02\/embolo.png","twitter_misc":{"\u00c9crit par":"Damien Dellerba","Dur\u00e9e de lecture estim\u00e9e":"3 minutes"},"schema":{"@context":"https:\/\/schema.org","@graph":[{"@type":"WebPage","@id":"https:\/\/www.ladiagonale.net\/index.php\/2023\/02\/23\/la-douche-froide\/","url":"https:\/\/www.ladiagonale.net\/index.php\/2023\/02\/23\/la-douche-froide\/","name":"La douche froide - La Diagonale","isPartOf":{"@id":"https:\/\/www.ladiagonale.net\/#website"},"datePublished":"2023-02-23T22:47:46+00:00","dateModified":"2023-02-24T01:37:22+00:00","author":{"@id":"https:\/\/www.ladiagonale.net\/#\/schema\/person\/79ff1e7b0853ed01b2aa26e64ad300bf"},"breadcrumb":{"@id":"https:\/\/www.ladiagonale.net\/index.php\/2023\/02\/23\/la-douche-froide\/#breadcrumb"},"inLanguage":"fr-FR","potentialAction":[{"@type":"ReadAction","target":["https:\/\/www.ladiagonale.net\/index.php\/2023\/02\/23\/la-douche-froide\/"]}]},{"@type":"BreadcrumbList","@id":"https:\/\/www.ladiagonale.net\/index.php\/2023\/02\/23\/la-douche-froide\/#breadcrumb","itemListElement":[{"@type":"ListItem","position":1,"name":"Accueil","item":"https:\/\/www.ladiagonale.net\/"},{"@type":"ListItem","position":2,"name":"La douche froide"}]},{"@type":"WebSite","@id":"https:\/\/www.ladiagonale.net\/#website","url":"https:\/\/www.ladiagonale.net\/","name":"La Diagonale","description":"Le site des supporters de l&#039;AS Monaco FC","potentialAction":[{"@type":"SearchAction","target":{"@type":"EntryPoint","urlTemplate":"https:\/\/www.ladiagonale.net\/?s={search_term_string}"},"query-input":"required name=search_term_string"}],"inLanguage":"fr-FR"},{"@type":"Person","@id":"https:\/\/www.ladiagonale.net\/#\/schema\/person\/79ff1e7b0853ed01b2aa26e64ad300bf","name":"Damien Dellerba","image":{"@type":"ImageObject","inLanguage":"fr-FR","@id":"https:\/\/www.ladiagonale.net\/#\/schema\/person\/image\/","url":"https:\/\/secure.gravatar.com\/avatar\/c7850e06d3ff63cdbaee88b7fc16e2f0?s=96&d=mm&r=g","contentUrl":"https:\/\/secure.gravatar.com\/avatar\/c7850e06d3ff63cdbaee88b7fc16e2f0?s=96&d=mm&r=g","caption":"Damien Dellerba"},"url":"https:\/\/www.ladiagonale.net\/index.php\/author\/damien\/"}]}},"_links":{"self":[{"href":"https:\/\/www.ladiagonale.net\/index.php\/wp-json\/wp\/v2\/posts\/10082"}],"collection":[{"href":"https:\/\/www.ladiagonale.net\/index.php\/wp-json\/wp\/v2\/posts"}],"about":[{"href":"https:\/\/www.ladiagonale.net\/index.php\/wp-json\/wp\/v2\/types\/post"}],"author":[{"embeddable":true,"href":"https:\/\/www.ladiagonale.net\/index.php\/wp-json\/wp\/v2\/users\/2"}],"replies":[{"embeddable":true,"href":"https:\/\/www.ladiagonale.net\/index.php\/wp-json\/wp\/v2\/comments?post=10082"}],"version-history":[{"count":6,"href":"https:\/\/www.ladiagonale.net\/index.php\/wp-json\/wp\/v2\/posts\/10082\/revisions"}],"predecessor-version":[{"id":10108,"href":"https:\/\/www.ladiagonale.net\/index.php\/wp-json\/wp\/v2\/posts\/10082\/revisions\/10108"}],"wp:featuredmedia":[{"embeddable":true,"href":"https:\/\/www.ladiagonale.net\/index.php\/wp-json\/wp\/v2\/media\/10083"}],"wp:attachment":[{"href":"https:\/\/www.ladiagonale.net\/index.php\/wp-json\/wp\/v2\/media?parent=10082"}],"wp:term":[{"taxonomy":"category","embeddable":true,"href":"https:\/\/www.ladiagonale.net\/index.php\/wp-json\/wp\/v2\/categories?post=10082"},{"taxonomy":"post_tag","embeddable":true,"href":"https:\/\/www.ladiagonale.net\/index.php\/wp-json\/wp\/v2\/tags?post=10082"}],"curies":[{"name":"wp","href":"https:\/\/api.w.org\/{rel}","templated":true}]}}