{"id":10095,"date":"2023-02-24T00:32:35","date_gmt":"2023-02-23T23:32:35","guid":{"rendered":"https:\/\/www.ladiagonale.net\/?p=10095"},"modified":"2023-02-24T00:46:57","modified_gmt":"2023-02-23T23:46:57","slug":"clement-davantage-fier-que-triste","status":"publish","type":"post","link":"https:\/\/www.ladiagonale.net\/index.php\/2023\/02\/24\/clement-davantage-fier-que-triste\/","title":{"rendered":"Clement : \u00ab\u00a0Davantage fier que triste\u00a0\u00bb"},"content":{"rendered":"\n\n\n<p>Philippe Clement ne s\u2019est pas pr\u00e9sent\u00e9 abattu en conf\u00e9rence de presse d\u2019apr\u00e8s-match, malgr\u00e9 l\u2019\u00e9limination de la Ligue Europa : \u00ab&nbsp;<em>Les circonstances n\u2019ont pas tourn\u00e9 \u00e0 notre avantage ce soir. C\u2019\u00e9tait un match \u00e9quilibr\u00e9, avec une \u00e9quipe de Leverkusen meilleure que nous en premi\u00e8re mi-temps. Nous \u00e9tions mieux en au retour des vestiaires et avons m\u00eame \u00e9t\u00e9 tr\u00e8s dominants dans les trente derni\u00e8res minutes. Il a manqu\u00e9 un brin de chance, comme sur la barre transversale de Wissam. (\u2026) Je suis \u00e9videmment tr\u00e8s d\u00e9\u00e7u pour mon \u00e9quipe et pour tous les gens qui sont amoureux de l\u2019AS Monaco. Mais je suis davantage fier que triste ce soir, car mes joueurs ont fait face aux circonstances.<\/em>&nbsp;\u00bb<\/p>\n\n\n\n<p>Comme contre Rodez en Coupe de France, c\u2019est une s\u00e9ance de tirs au but qui conclut le parcours des Rouge et Blanc en Europe : \u00ab&nbsp;<em>Nous nous sommes entra\u00een\u00e9s ces deux derniers jours aux penalties. On a essay\u00e9 de cr\u00e9er un environnement, en obligeant l\u2019\u00e9quipe perdante \u00e0 faire quelque chose pour les gagnants. Ensuite, les tirs au but c\u2019est le Casino honn\u00eatement. Le gardien adverse n\u2019a pas non plus arr\u00eat\u00e9 de penalty ce soir, puisque c\u2019est la barre transversale qui repousse la frappe d\u2019Eliot. Je le r\u00e9p\u00e8te, mes joueurs doivent \u00eatre fiers ce soir de leur attitude. Et je veux remercier aussi nos supporters, qui nous ont soutenus jusqu\u2019\u00e0 la fin !<\/em>&nbsp;\u00bb<\/p>\n\n\n\n<p>\u00c0 la fin du match, Clement a r\u00e9uni ses joueurs au centre du terrain pour leur parler et il a tenu \u00e0 les encourager \u00e0 continuer dans cette voie : \u00ab&nbsp;<em>J\u2019ai dit la v\u00e9rit\u00e9, comme toujours. En quatre mois nous avons connu des grands moments, comme des d\u00e9ceptions, mais je n\u2019avais jamais \u00e9t\u00e9 aussi fier d\u2019eux qu\u2019aujourd\u2019hui. Nous pouvons \u00eatre d\u00e9\u00e7us, mais demain nous devons relever les t\u00eates et regarder vers l\u2019avant d\u00e9sormais.<\/em>&nbsp;\u00bb D\u00e9sormais, il faudra uniquement se concentrer sur le championnat : \u00ab&nbsp;<em>L\u2019objectif est de rester concentr\u00e9s et faire les choses comme nous l\u2019avons fait ces derniers mois. Il n\u2019y a pas que les deux premi\u00e8res places \u00e0 aller chercher pour \u00eatre europ\u00e9en. Nous devons \u00eatre focus pour poursuivre notre bonne dynamique en Ligue 1 et avoir l\u2019objectif le plus \u00e9lev\u00e9 possible.<\/em>&nbsp;\u00bb<\/p>\n\n\n\n<p>Enfin, l\u2019entra\u00eeneur belge a eu un mot pour Chrislain Matsima et Edan Diop, qui a fait se premi\u00e8re apparition en tant que professionnel : \u00ab&nbsp;<em>Nous avions deux absents au poste d\u2019arri\u00e8re droit et Chrislain Matsima a d\u00fb d\u00e9panner \u00e0 dans un r\u00f4le qui n\u2019est pas le sien habituellement, m\u00eame s\u2019il a fait de tr\u00e8s bonnes choses dans cette position \u00e0 Brest (succ\u00e8s 1-2). Malgr\u00e9 tout, il a d\u00fb jouer aujourd\u2019hui plus de minutes qu\u2019en six mois en pr\u00eat \u00e0 Lorient et Edan est ensuite entr\u00e9 pour sa premi\u00e8re en pro, \u00e0 un poste qui n\u2019est pas non plus le sien. Je trouve que les joueurs qui sont sortis du banc ont \u00e9t\u00e9 performants et ont donn\u00e9 de l\u2019\u00e9nergie en plus dans les trente derni\u00e8res minutes, puis dans les prolongations.<\/em>&nbsp;\u00bb<\/p>\n\n\n\n<p>Source : <em>AS Monaco<\/em><\/p>\n","protected":false},"excerpt":{"rendered":"<p>Philippe Clement ne s\u2019est pas pr\u00e9sent\u00e9 abattu en conf\u00e9rence de presse d\u2019apr\u00e8s-match, malgr\u00e9 l\u2019\u00e9limination de la Ligue Europa : \u00ab&nbsp;Les circonstances n\u2019ont pas tourn\u00e9 \u00e0 notre avantage ce soir. C\u2019\u00e9tait un match \u00e9quilibr\u00e9, avec une \u00e9quipe de Leverkusen meilleure que nous en premi\u00e8re mi-temps. Nous \u00e9tions mieux en au retour des vestiaires et avons m\u00eame [&#8230;]\n","protected":false},"author":2,"featured_media":0,"comment_status":"open","ping_status":"open","sticky":false,"template":"","format":"standard","meta":[],"categories":[6],"tags":[86,224,419],"yoast_head":"<!-- This site is optimized with the Yoast SEO plugin v19.8 - https:\/\/yoast.com\/wordpress\/plugins\/seo\/ -->\n<title>Clement : \u00ab\u00a0Davantage fier que triste\u00a0\u00bb - La Diagonale<\/title>\n<meta name=\"robots\" content=\"index, follow, max-snippet:-1, max-image-preview:large, max-video-preview:-1\" \/>\n<link rel=\"canonical\" href=\"https:\/\/www.ladiagonale.net\/index.php\/2023\/02\/24\/clement-davantage-fier-que-triste\/\" \/>\n<meta property=\"og:locale\" content=\"fr_FR\" \/>\n<meta property=\"og:type\" content=\"article\" \/>\n<meta property=\"og:title\" content=\"Clement : \u00ab\u00a0Davantage fier que triste\u00a0\u00bb - La Diagonale\" \/>\n<meta property=\"og:description\" content=\"Philippe Clement ne s\u2019est pas pr\u00e9sent\u00e9 abattu en conf\u00e9rence de presse d\u2019apr\u00e8s-match, malgr\u00e9 l\u2019\u00e9limination de la Ligue Europa : \u00ab&nbsp;Les circonstances n\u2019ont pas tourn\u00e9 \u00e0 notre avantage ce soir. C\u2019\u00e9tait un match \u00e9quilibr\u00e9, avec une \u00e9quipe de Leverkusen meilleure que nous en premi\u00e8re mi-temps. Nous \u00e9tions mieux en au retour des vestiaires et avons m\u00eame [...]\" \/>\n<meta property=\"og:url\" content=\"https:\/\/www.ladiagonale.net\/index.php\/2023\/02\/24\/clement-davantage-fier-que-triste\/\" \/>\n<meta property=\"og:site_name\" content=\"La Diagonale\" \/>\n<meta property=\"article:published_time\" content=\"2023-02-23T23:32:35+00:00\" \/>\n<meta property=\"article:modified_time\" content=\"2023-02-23T23:46:57+00:00\" \/>\n<meta property=\"og:image\" content=\"https:\/\/www.ladiagonale.net\/wp-content\/uploads\/2023\/01\/clement2.png\" \/>\n\t<meta property=\"og:image:width\" content=\"1160\" \/>\n\t<meta property=\"og:image:height\" content=\"650\" \/>\n\t<meta property=\"og:image:type\" content=\"image\/png\" \/>\n<meta name=\"author\" content=\"Damien Dellerba\" \/>\n<meta name=\"twitter:card\" content=\"summary_large_image\" \/>\n<meta name=\"twitter:image\" content=\"https:\/\/www.ladiagonale.net\/wp-content\/uploads\/2023\/01\/clement2.png\" \/>\n<meta name=\"twitter:label1\" content=\"\u00c9crit par\" \/>\n\t<meta name=\"twitter:data1\" content=\"Damien Dellerba\" \/>\n\t<meta name=\"twitter:label2\" content=\"Dur\u00e9e de lecture estim\u00e9e\" \/>\n\t<meta name=\"twitter:data2\" content=\"3 minutes\" \/>\n<script type=\"application\/ld+json\" class=\"yoast-schema-graph\">{\"@context\":\"https:\/\/schema.org\",\"@graph\":[{\"@type\":\"WebPage\",\"@id\":\"https:\/\/www.ladiagonale.net\/index.php\/2023\/02\/24\/clement-davantage-fier-que-triste\/\",\"url\":\"https:\/\/www.ladiagonale.net\/index.php\/2023\/02\/24\/clement-davantage-fier-que-triste\/\",\"name\":\"Clement : \u00ab\u00a0Davantage fier que triste\u00a0\u00bb - La Diagonale\",\"isPartOf\":{\"@id\":\"https:\/\/www.ladiagonale.net\/#website\"},\"datePublished\":\"2023-02-23T23:32:35+00:00\",\"dateModified\":\"2023-02-23T23:46:57+00:00\",\"author\":{\"@id\":\"https:\/\/www.ladiagonale.net\/#\/schema\/person\/79ff1e7b0853ed01b2aa26e64ad300bf\"},\"breadcrumb\":{\"@id\":\"https:\/\/www.ladiagonale.net\/index.php\/2023\/02\/24\/clement-davantage-fier-que-triste\/#breadcrumb\"},\"inLanguage\":\"fr-FR\",\"potentialAction\":[{\"@type\":\"ReadAction\",\"target\":[\"https:\/\/www.ladiagonale.net\/index.php\/2023\/02\/24\/clement-davantage-fier-que-triste\/\"]}]},{\"@type\":\"BreadcrumbList\",\"@id\":\"https:\/\/www.ladiagonale.net\/index.php\/2023\/02\/24\/clement-davantage-fier-que-triste\/#breadcrumb\",\"itemListElement\":[{\"@type\":\"ListItem\",\"position\":1,\"name\":\"Accueil\",\"item\":\"https:\/\/www.ladiagonale.net\/\"},{\"@type\":\"ListItem\",\"position\":2,\"name\":\"Clement : \u00ab\u00a0Davantage fier que triste\u00a0\u00bb\"}]},{\"@type\":\"WebSite\",\"@id\":\"https:\/\/www.ladiagonale.net\/#website\",\"url\":\"https:\/\/www.ladiagonale.net\/\",\"name\":\"La Diagonale\",\"description\":\"Le site des supporters de l&#039;AS Monaco FC\",\"potentialAction\":[{\"@type\":\"SearchAction\",\"target\":{\"@type\":\"EntryPoint\",\"urlTemplate\":\"https:\/\/www.ladiagonale.net\/?s={search_term_string}\"},\"query-input\":\"required name=search_term_string\"}],\"inLanguage\":\"fr-FR\"},{\"@type\":\"Person\",\"@id\":\"https:\/\/www.ladiagonale.net\/#\/schema\/person\/79ff1e7b0853ed01b2aa26e64ad300bf\",\"name\":\"Damien Dellerba\",\"image\":{\"@type\":\"ImageObject\",\"inLanguage\":\"fr-FR\",\"@id\":\"https:\/\/www.ladiagonale.net\/#\/schema\/person\/image\/\",\"url\":\"https:\/\/secure.gravatar.com\/avatar\/c7850e06d3ff63cdbaee88b7fc16e2f0?s=96&d=mm&r=g\",\"contentUrl\":\"https:\/\/secure.gravatar.com\/avatar\/c7850e06d3ff63cdbaee88b7fc16e2f0?s=96&d=mm&r=g\",\"caption\":\"Damien Dellerba\"},\"url\":\"https:\/\/www.ladiagonale.net\/index.php\/author\/damien\/\"}]}<\/script>\n<!-- \/ Yoast SEO plugin. -->","yoast_head_json":{"title":"Clement : \u00ab\u00a0Davantage fier que triste\u00a0\u00bb - La Diagonale","robots":{"index":"index","follow":"follow","max-snippet":"max-snippet:-1","max-image-preview":"max-image-preview:large","max-video-preview":"max-video-preview:-1"},"canonical":"https:\/\/www.ladiagonale.net\/index.php\/2023\/02\/24\/clement-davantage-fier-que-triste\/","og_locale":"fr_FR","og_type":"article","og_title":"Clement : \u00ab\u00a0Davantage fier que triste\u00a0\u00bb - La Diagonale","og_description":"Philippe Clement ne s\u2019est pas pr\u00e9sent\u00e9 abattu en conf\u00e9rence de presse d\u2019apr\u00e8s-match, malgr\u00e9 l\u2019\u00e9limination de la Ligue Europa : \u00ab&nbsp;Les circonstances n\u2019ont pas tourn\u00e9 \u00e0 notre avantage ce soir. C\u2019\u00e9tait un match \u00e9quilibr\u00e9, avec une \u00e9quipe de Leverkusen meilleure que nous en premi\u00e8re mi-temps. Nous \u00e9tions mieux en au retour des vestiaires et avons m\u00eame [...]","og_url":"https:\/\/www.ladiagonale.net\/index.php\/2023\/02\/24\/clement-davantage-fier-que-triste\/","og_site_name":"La Diagonale","article_published_time":"2023-02-23T23:32:35+00:00","article_modified_time":"2023-02-23T23:46:57+00:00","og_image":[{"width":1160,"height":650,"url":"https:\/\/www.ladiagonale.net\/wp-content\/uploads\/2023\/01\/clement2.png","type":"image\/png"}],"author":"Damien Dellerba","twitter_card":"summary_large_image","twitter_image":"https:\/\/www.ladiagonale.net\/wp-content\/uploads\/2023\/01\/clement2.png","twitter_misc":{"\u00c9crit par":"Damien Dellerba","Dur\u00e9e de lecture estim\u00e9e":"3 minutes"},"schema":{"@context":"https:\/\/schema.org","@graph":[{"@type":"WebPage","@id":"https:\/\/www.ladiagonale.net\/index.php\/2023\/02\/24\/clement-davantage-fier-que-triste\/","url":"https:\/\/www.ladiagonale.net\/index.php\/2023\/02\/24\/clement-davantage-fier-que-triste\/","name":"Clement : \u00ab\u00a0Davantage fier que triste\u00a0\u00bb - La Diagonale","isPartOf":{"@id":"https:\/\/www.ladiagonale.net\/#website"},"datePublished":"2023-02-23T23:32:35+00:00","dateModified":"2023-02-23T23:46:57+00:00","author":{"@id":"https:\/\/www.ladiagonale.net\/#\/schema\/person\/79ff1e7b0853ed01b2aa26e64ad300bf"},"breadcrumb":{"@id":"https:\/\/www.ladiagonale.net\/index.php\/2023\/02\/24\/clement-davantage-fier-que-triste\/#breadcrumb"},"inLanguage":"fr-FR","potentialAction":[{"@type":"ReadAction","target":["https:\/\/www.ladiagonale.net\/index.php\/2023\/02\/24\/clement-davantage-fier-que-triste\/"]}]},{"@type":"BreadcrumbList","@id":"https:\/\/www.ladiagonale.net\/index.php\/2023\/02\/24\/clement-davantage-fier-que-triste\/#breadcrumb","itemListElement":[{"@type":"ListItem","position":1,"name":"Accueil","item":"https:\/\/www.ladiagonale.net\/"},{"@type":"ListItem","position":2,"name":"Clement : \u00ab\u00a0Davantage fier que triste\u00a0\u00bb"}]},{"@type":"WebSite","@id":"https:\/\/www.ladiagonale.net\/#website","url":"https:\/\/www.ladiagonale.net\/","name":"La Diagonale","description":"Le site des supporters de l&#039;AS Monaco FC","potentialAction":[{"@type":"SearchAction","target":{"@type":"EntryPoint","urlTemplate":"https:\/\/www.ladiagonale.net\/?s={search_term_string}"},"query-input":"required name=search_term_string"}],"inLanguage":"fr-FR"},{"@type":"Person","@id":"https:\/\/www.ladiagonale.net\/#\/schema\/person\/79ff1e7b0853ed01b2aa26e64ad300bf","name":"Damien Dellerba","image":{"@type":"ImageObject","inLanguage":"fr-FR","@id":"https:\/\/www.ladiagonale.net\/#\/schema\/person\/image\/","url":"https:\/\/secure.gravatar.com\/avatar\/c7850e06d3ff63cdbaee88b7fc16e2f0?s=96&d=mm&r=g","contentUrl":"https:\/\/secure.gravatar.com\/avatar\/c7850e06d3ff63cdbaee88b7fc16e2f0?s=96&d=mm&r=g","caption":"Damien Dellerba"},"url":"https:\/\/www.ladiagonale.net\/index.php\/author\/damien\/"}]}},"_links":{"self":[{"href":"https:\/\/www.ladiagonale.net\/index.php\/wp-json\/wp\/v2\/posts\/10095"}],"collection":[{"href":"https:\/\/www.ladiagonale.net\/index.php\/wp-json\/wp\/v2\/posts"}],"about":[{"href":"https:\/\/www.ladiagonale.net\/index.php\/wp-json\/wp\/v2\/types\/post"}],"author":[{"embeddable":true,"href":"https:\/\/www.ladiagonale.net\/index.php\/wp-json\/wp\/v2\/users\/2"}],"replies":[{"embeddable":true,"href":"https:\/\/www.ladiagonale.net\/index.php\/wp-json\/wp\/v2\/comments?post=10095"}],"version-history":[{"count":2,"href":"https:\/\/www.ladiagonale.net\/index.php\/wp-json\/wp\/v2\/posts\/10095\/revisions"}],"predecessor-version":[{"id":10097,"href":"https:\/\/www.ladiagonale.net\/index.php\/wp-json\/wp\/v2\/posts\/10095\/revisions\/10097"}],"wp:attachment":[{"href":"https:\/\/www.ladiagonale.net\/index.php\/wp-json\/wp\/v2\/media?parent=10095"}],"wp:term":[{"taxonomy":"category","embeddable":true,"href":"https:\/\/www.ladiagonale.net\/index.php\/wp-json\/wp\/v2\/categories?post=10095"},{"taxonomy":"post_tag","embeddable":true,"href":"https:\/\/www.ladiagonale.net\/index.php\/wp-json\/wp\/v2\/tags?post=10095"}],"curies":[{"name":"wp","href":"https:\/\/api.w.org\/{rel}","templated":true}]}}