{"id":10098,"date":"2023-02-24T01:18:01","date_gmt":"2023-02-24T00:18:01","guid":{"rendered":"https:\/\/www.ladiagonale.net\/?p=10098"},"modified":"2023-02-24T01:18:04","modified_gmt":"2023-02-24T00:18:04","slug":"sarr-rageant-detre-elimine-aussi-vite","status":"publish","type":"post","link":"https:\/\/www.ladiagonale.net\/index.php\/2023\/02\/24\/sarr-rageant-detre-elimine-aussi-vite\/","title":{"rendered":"Sarr : \u00ab\u00a0Rageant d\u2019\u00eatre \u00e9limin\u00e9 aussi vite\u00a0\u00bb"},"content":{"rendered":"\n\n\n<p>M\u00eame si Monaco a r\u00e9alis\u00e9 un barrage d\u2019un bon niveau contre le Bayern Leverkusen, Malang Sarr s\u2019est montr\u00e9 tr\u00e8s d\u00e9\u00e7u de l\u2019\u00e9limination : \u00ab\u00a0<em>Il y a beaucoup de d\u00e9ception avec ce que l\u2019on a propos\u00e9 au cours de cette double confrontation. Avec la physionomie du match ce soir, je pense que l\u2019on a montr\u00e9 nos qualit\u00e9s et un bon jeu produit. On a globalement eu la ma\u00eetrise et l\u2019on g\u00e8re bien la premi\u00e8re mi-temps mais on prend un but \u00e9vitable. Dans l\u2019ensemble, on doit \u00eatre fier de nous. On avait les capacit\u00e9s de gagner cette rencontre puisque nous nous sommes cr\u00e9\u00e9s plusieurs opportunit\u00e9s. C\u2019est dommage et c\u2019est vraiment rageant d\u2019\u00eatre \u00e9limin\u00e9 aussi vite dans cette comp\u00e9tition.<\/em>\u00a0\u00bb<\/p>\n\n\n\n<p>Monaco va devoir vite r\u00e9cup\u00e9rer pour se projeter sur le derby contre Nice : \u00ab\u00a0<em>C\u2019est la force du groupe. On a montr\u00e9 depuis le d\u00e9but de saison que l\u2019on pouvait encha\u00eener apr\u00e8s la Ligue Europa. On va r\u00e9cup\u00e9rer le plus vite possible apr\u00e8s ce match et on sera pr\u00eat dimanche face \u00e0 Nice. Il faut prendre cette \u00e9limination comme une revanche pour le championnat. On va tout donner en Ligue 1. On sait \u00e0 pr\u00e9sent qu\u2019on n\u2019aura qu\u2019un match par semaine, il ne faudra se focaliser que sur \u00e7a. Je pense qu\u2019avoir cette \u00e9limination en travers de la gorge va nous donner plus de force, \u00e0 commencer d\u00e8s dimanche.<\/em>\u00a0\u00bb<\/p>\n","protected":false},"excerpt":{"rendered":"<p>M\u00eame si Monaco a r\u00e9alis\u00e9 un barrage d\u2019un bon niveau contre le Bayern Leverkusen, Malang Sarr s\u2019est montr\u00e9 tr\u00e8s d\u00e9\u00e7u de l\u2019\u00e9limination : \u00ab\u00a0Il y a beaucoup de d\u00e9ception avec ce que l\u2019on a propos\u00e9 au cours de cette double confrontation. Avec la physionomie du match ce soir, je pense que l\u2019on a montr\u00e9 nos [&#8230;]\n","protected":false},"author":2,"featured_media":0,"comment_status":"open","ping_status":"open","sticky":false,"template":"","format":"standard","meta":[],"categories":[6],"tags":[86,224,194,419],"yoast_head":"<!-- This site is optimized with the Yoast SEO plugin v19.8 - https:\/\/yoast.com\/wordpress\/plugins\/seo\/ -->\n<title>Sarr : \u00ab\u00a0Rageant d\u2019\u00eatre \u00e9limin\u00e9 aussi vite\u00a0\u00bb - La Diagonale<\/title>\n<meta name=\"robots\" content=\"index, follow, max-snippet:-1, max-image-preview:large, max-video-preview:-1\" \/>\n<link rel=\"canonical\" href=\"https:\/\/www.ladiagonale.net\/index.php\/2023\/02\/24\/sarr-rageant-detre-elimine-aussi-vite\/\" \/>\n<meta property=\"og:locale\" content=\"fr_FR\" \/>\n<meta property=\"og:type\" content=\"article\" \/>\n<meta property=\"og:title\" content=\"Sarr : \u00ab\u00a0Rageant d\u2019\u00eatre \u00e9limin\u00e9 aussi vite\u00a0\u00bb - La Diagonale\" \/>\n<meta property=\"og:description\" content=\"M\u00eame si Monaco a r\u00e9alis\u00e9 un barrage d\u2019un bon niveau contre le Bayern Leverkusen, Malang Sarr s\u2019est montr\u00e9 tr\u00e8s d\u00e9\u00e7u de l\u2019\u00e9limination : \u00ab\u00a0Il y a beaucoup de d\u00e9ception avec ce que l\u2019on a propos\u00e9 au cours de cette double confrontation. Avec la physionomie du match ce soir, je pense que l\u2019on a montr\u00e9 nos [...]\" \/>\n<meta property=\"og:url\" content=\"https:\/\/www.ladiagonale.net\/index.php\/2023\/02\/24\/sarr-rageant-detre-elimine-aussi-vite\/\" \/>\n<meta property=\"og:site_name\" content=\"La Diagonale\" \/>\n<meta property=\"article:published_time\" content=\"2023-02-24T00:18:01+00:00\" \/>\n<meta property=\"article:modified_time\" content=\"2023-02-24T00:18:04+00:00\" \/>\n<meta property=\"og:image\" content=\"https:\/\/www.ladiagonale.net\/wp-content\/uploads\/2023\/01\/sarr2.png\" \/>\n\t<meta property=\"og:image:width\" content=\"1160\" \/>\n\t<meta property=\"og:image:height\" content=\"650\" \/>\n\t<meta property=\"og:image:type\" content=\"image\/png\" \/>\n<meta name=\"author\" content=\"Damien Dellerba\" \/>\n<meta name=\"twitter:card\" content=\"summary_large_image\" \/>\n<meta name=\"twitter:image\" content=\"https:\/\/www.ladiagonale.net\/wp-content\/uploads\/2023\/01\/sarr2.png\" \/>\n<meta name=\"twitter:label1\" content=\"\u00c9crit par\" \/>\n\t<meta name=\"twitter:data1\" content=\"Damien Dellerba\" \/>\n\t<meta name=\"twitter:label2\" content=\"Dur\u00e9e de lecture estim\u00e9e\" \/>\n\t<meta name=\"twitter:data2\" content=\"2 minutes\" \/>\n<script type=\"application\/ld+json\" class=\"yoast-schema-graph\">{\"@context\":\"https:\/\/schema.org\",\"@graph\":[{\"@type\":\"WebPage\",\"@id\":\"https:\/\/www.ladiagonale.net\/index.php\/2023\/02\/24\/sarr-rageant-detre-elimine-aussi-vite\/\",\"url\":\"https:\/\/www.ladiagonale.net\/index.php\/2023\/02\/24\/sarr-rageant-detre-elimine-aussi-vite\/\",\"name\":\"Sarr : \u00ab\u00a0Rageant d\u2019\u00eatre \u00e9limin\u00e9 aussi vite\u00a0\u00bb - La Diagonale\",\"isPartOf\":{\"@id\":\"https:\/\/www.ladiagonale.net\/#website\"},\"datePublished\":\"2023-02-24T00:18:01+00:00\",\"dateModified\":\"2023-02-24T00:18:04+00:00\",\"author\":{\"@id\":\"https:\/\/www.ladiagonale.net\/#\/schema\/person\/79ff1e7b0853ed01b2aa26e64ad300bf\"},\"breadcrumb\":{\"@id\":\"https:\/\/www.ladiagonale.net\/index.php\/2023\/02\/24\/sarr-rageant-detre-elimine-aussi-vite\/#breadcrumb\"},\"inLanguage\":\"fr-FR\",\"potentialAction\":[{\"@type\":\"ReadAction\",\"target\":[\"https:\/\/www.ladiagonale.net\/index.php\/2023\/02\/24\/sarr-rageant-detre-elimine-aussi-vite\/\"]}]},{\"@type\":\"BreadcrumbList\",\"@id\":\"https:\/\/www.ladiagonale.net\/index.php\/2023\/02\/24\/sarr-rageant-detre-elimine-aussi-vite\/#breadcrumb\",\"itemListElement\":[{\"@type\":\"ListItem\",\"position\":1,\"name\":\"Accueil\",\"item\":\"https:\/\/www.ladiagonale.net\/\"},{\"@type\":\"ListItem\",\"position\":2,\"name\":\"Sarr : \u00ab\u00a0Rageant d\u2019\u00eatre \u00e9limin\u00e9 aussi vite\u00a0\u00bb\"}]},{\"@type\":\"WebSite\",\"@id\":\"https:\/\/www.ladiagonale.net\/#website\",\"url\":\"https:\/\/www.ladiagonale.net\/\",\"name\":\"La Diagonale\",\"description\":\"Le site des supporters de l&#039;AS Monaco FC\",\"potentialAction\":[{\"@type\":\"SearchAction\",\"target\":{\"@type\":\"EntryPoint\",\"urlTemplate\":\"https:\/\/www.ladiagonale.net\/?s={search_term_string}\"},\"query-input\":\"required name=search_term_string\"}],\"inLanguage\":\"fr-FR\"},{\"@type\":\"Person\",\"@id\":\"https:\/\/www.ladiagonale.net\/#\/schema\/person\/79ff1e7b0853ed01b2aa26e64ad300bf\",\"name\":\"Damien Dellerba\",\"image\":{\"@type\":\"ImageObject\",\"inLanguage\":\"fr-FR\",\"@id\":\"https:\/\/www.ladiagonale.net\/#\/schema\/person\/image\/\",\"url\":\"https:\/\/secure.gravatar.com\/avatar\/c7850e06d3ff63cdbaee88b7fc16e2f0?s=96&d=mm&r=g\",\"contentUrl\":\"https:\/\/secure.gravatar.com\/avatar\/c7850e06d3ff63cdbaee88b7fc16e2f0?s=96&d=mm&r=g\",\"caption\":\"Damien Dellerba\"},\"url\":\"https:\/\/www.ladiagonale.net\/index.php\/author\/damien\/\"}]}<\/script>\n<!-- \/ Yoast SEO plugin. -->","yoast_head_json":{"title":"Sarr : \u00ab\u00a0Rageant d\u2019\u00eatre \u00e9limin\u00e9 aussi vite\u00a0\u00bb - La Diagonale","robots":{"index":"index","follow":"follow","max-snippet":"max-snippet:-1","max-image-preview":"max-image-preview:large","max-video-preview":"max-video-preview:-1"},"canonical":"https:\/\/www.ladiagonale.net\/index.php\/2023\/02\/24\/sarr-rageant-detre-elimine-aussi-vite\/","og_locale":"fr_FR","og_type":"article","og_title":"Sarr : \u00ab\u00a0Rageant d\u2019\u00eatre \u00e9limin\u00e9 aussi vite\u00a0\u00bb - La Diagonale","og_description":"M\u00eame si Monaco a r\u00e9alis\u00e9 un barrage d\u2019un bon niveau contre le Bayern Leverkusen, Malang Sarr s\u2019est montr\u00e9 tr\u00e8s d\u00e9\u00e7u de l\u2019\u00e9limination : \u00ab\u00a0Il y a beaucoup de d\u00e9ception avec ce que l\u2019on a propos\u00e9 au cours de cette double confrontation. Avec la physionomie du match ce soir, je pense que l\u2019on a montr\u00e9 nos [...]","og_url":"https:\/\/www.ladiagonale.net\/index.php\/2023\/02\/24\/sarr-rageant-detre-elimine-aussi-vite\/","og_site_name":"La Diagonale","article_published_time":"2023-02-24T00:18:01+00:00","article_modified_time":"2023-02-24T00:18:04+00:00","og_image":[{"width":1160,"height":650,"url":"https:\/\/www.ladiagonale.net\/wp-content\/uploads\/2023\/01\/sarr2.png","type":"image\/png"}],"author":"Damien Dellerba","twitter_card":"summary_large_image","twitter_image":"https:\/\/www.ladiagonale.net\/wp-content\/uploads\/2023\/01\/sarr2.png","twitter_misc":{"\u00c9crit par":"Damien Dellerba","Dur\u00e9e de lecture estim\u00e9e":"2 minutes"},"schema":{"@context":"https:\/\/schema.org","@graph":[{"@type":"WebPage","@id":"https:\/\/www.ladiagonale.net\/index.php\/2023\/02\/24\/sarr-rageant-detre-elimine-aussi-vite\/","url":"https:\/\/www.ladiagonale.net\/index.php\/2023\/02\/24\/sarr-rageant-detre-elimine-aussi-vite\/","name":"Sarr : \u00ab\u00a0Rageant d\u2019\u00eatre \u00e9limin\u00e9 aussi vite\u00a0\u00bb - La Diagonale","isPartOf":{"@id":"https:\/\/www.ladiagonale.net\/#website"},"datePublished":"2023-02-24T00:18:01+00:00","dateModified":"2023-02-24T00:18:04+00:00","author":{"@id":"https:\/\/www.ladiagonale.net\/#\/schema\/person\/79ff1e7b0853ed01b2aa26e64ad300bf"},"breadcrumb":{"@id":"https:\/\/www.ladiagonale.net\/index.php\/2023\/02\/24\/sarr-rageant-detre-elimine-aussi-vite\/#breadcrumb"},"inLanguage":"fr-FR","potentialAction":[{"@type":"ReadAction","target":["https:\/\/www.ladiagonale.net\/index.php\/2023\/02\/24\/sarr-rageant-detre-elimine-aussi-vite\/"]}]},{"@type":"BreadcrumbList","@id":"https:\/\/www.ladiagonale.net\/index.php\/2023\/02\/24\/sarr-rageant-detre-elimine-aussi-vite\/#breadcrumb","itemListElement":[{"@type":"ListItem","position":1,"name":"Accueil","item":"https:\/\/www.ladiagonale.net\/"},{"@type":"ListItem","position":2,"name":"Sarr : \u00ab\u00a0Rageant d\u2019\u00eatre \u00e9limin\u00e9 aussi vite\u00a0\u00bb"}]},{"@type":"WebSite","@id":"https:\/\/www.ladiagonale.net\/#website","url":"https:\/\/www.ladiagonale.net\/","name":"La Diagonale","description":"Le site des supporters de l&#039;AS Monaco FC","potentialAction":[{"@type":"SearchAction","target":{"@type":"EntryPoint","urlTemplate":"https:\/\/www.ladiagonale.net\/?s={search_term_string}"},"query-input":"required name=search_term_string"}],"inLanguage":"fr-FR"},{"@type":"Person","@id":"https:\/\/www.ladiagonale.net\/#\/schema\/person\/79ff1e7b0853ed01b2aa26e64ad300bf","name":"Damien Dellerba","image":{"@type":"ImageObject","inLanguage":"fr-FR","@id":"https:\/\/www.ladiagonale.net\/#\/schema\/person\/image\/","url":"https:\/\/secure.gravatar.com\/avatar\/c7850e06d3ff63cdbaee88b7fc16e2f0?s=96&d=mm&r=g","contentUrl":"https:\/\/secure.gravatar.com\/avatar\/c7850e06d3ff63cdbaee88b7fc16e2f0?s=96&d=mm&r=g","caption":"Damien Dellerba"},"url":"https:\/\/www.ladiagonale.net\/index.php\/author\/damien\/"}]}},"_links":{"self":[{"href":"https:\/\/www.ladiagonale.net\/index.php\/wp-json\/wp\/v2\/posts\/10098"}],"collection":[{"href":"https:\/\/www.ladiagonale.net\/index.php\/wp-json\/wp\/v2\/posts"}],"about":[{"href":"https:\/\/www.ladiagonale.net\/index.php\/wp-json\/wp\/v2\/types\/post"}],"author":[{"embeddable":true,"href":"https:\/\/www.ladiagonale.net\/index.php\/wp-json\/wp\/v2\/users\/2"}],"replies":[{"embeddable":true,"href":"https:\/\/www.ladiagonale.net\/index.php\/wp-json\/wp\/v2\/comments?post=10098"}],"version-history":[{"count":1,"href":"https:\/\/www.ladiagonale.net\/index.php\/wp-json\/wp\/v2\/posts\/10098\/revisions"}],"predecessor-version":[{"id":10099,"href":"https:\/\/www.ladiagonale.net\/index.php\/wp-json\/wp\/v2\/posts\/10098\/revisions\/10099"}],"wp:attachment":[{"href":"https:\/\/www.ladiagonale.net\/index.php\/wp-json\/wp\/v2\/media?parent=10098"}],"wp:term":[{"taxonomy":"category","embeddable":true,"href":"https:\/\/www.ladiagonale.net\/index.php\/wp-json\/wp\/v2\/categories?post=10098"},{"taxonomy":"post_tag","embeddable":true,"href":"https:\/\/www.ladiagonale.net\/index.php\/wp-json\/wp\/v2\/tags?post=10098"}],"curies":[{"name":"wp","href":"https:\/\/api.w.org\/{rel}","templated":true}]}}