{"id":10274,"date":"2023-02-27T19:59:17","date_gmt":"2023-02-27T18:59:17","guid":{"rendered":"https:\/\/www.ladiagonale.net\/?p=10274"},"modified":"2023-02-27T20:01:46","modified_gmt":"2023-02-27T19:01:46","slug":"officiel-golovin-prolonge-a-monaco","status":"publish","type":"post","link":"https:\/\/www.ladiagonale.net\/index.php\/2023\/02\/27\/officiel-golovin-prolonge-a-monaco\/","title":{"rendered":"Officiel : Golovin prolonge \u00e0 Monaco"},"content":{"rendered":"\n\n\n<p>L&rsquo;AS Monaco vient d&rsquo;officialiser la prolongation de contrat d&rsquo;Aleksandr Golovin pour deux saisons suppl\u00e9mentaires. Le milieu de terrain russe, arriv\u00e9 sur le Rocher \u00e0 l&rsquo;\u00e9t\u00e9 2018 en provenance du CSKA Moscou, \u00e9tait en fin de contrat en juin 2024. Il est d\u00e9sormais li\u00e9 au club de la Principaut\u00e9 jusqu&rsquo;en juin 2026.<\/p>\n\n\n\n<p>Depuis ses d\u00e9buts \u00e0 Monaco, le joueur de 26 ans a disput\u00e9 166 rencontres avec le maillot \u00e0 la diagonale. Cette saison, il a particip\u00e9 \u00e0 toutes les rencontres, \u00e0 l&rsquo;exception de la 1<sup>re<\/sup> journ\u00e9e de Ligue 1 contre Strasbourg, en raison d&rsquo;une suspension, et marqu\u00e9 six buts. Souvent frein\u00e9 par des p\u00e9pins physiques, l&rsquo;international russe a beaucoup \u00e9volu\u00e9 sur ce plan et est d\u00e9sormais en mesure d&rsquo;encha\u00eener les matchs.<\/p>\n\n\n\n<figure class=\"wp-block-embed is-type-rich is-provider-twitter wp-block-embed-twitter\"><div class=\"wp-block-embed__wrapper\">\n<blockquote class=\"twitter-tweet\" data-width=\"550\" data-dnt=\"true\"><p lang=\"it\" dir=\"ltr\">\ud835\udddf\ud835\uddf2 \ud835\udde7\ud835\ude00\ud835\uddee\ud835\uddff \ud835\uddfd\ud835\uddff\ud835\uddfc\ud835\uddf9\ud835\uddfc\ud835\uddfb\ud835\uddf4\ud835\uddf2 \ud835\uddf9&#39;\ud835\uddee\ud835\ude03\ud835\uddf2\ud835\uddfb\ud835\ude01\ud835\ude02\ud835\uddff\ud835\uddf2 \u270d\ufe0f<br><br>\u2764\ufe0f DAGHE MUNEGU \ud83e\udd0d<a href=\"https:\/\/twitter.com\/hashtag\/Golo2026?src=hash&amp;ref_src=twsrc%5Etfw\">#Golo2026<\/a> <a href=\"https:\/\/t.co\/GihvUuA2gK\">pic.twitter.com\/GihvUuA2gK<\/a><\/p>&mdash; AS Monaco \ud83c\uddf2\ud83c\udde8 (@AS_Monaco) <a href=\"https:\/\/twitter.com\/AS_Monaco\/status\/1630278030009442305?ref_src=twsrc%5Etfw\">February 27, 2023<\/a><\/blockquote><script async src=\"https:\/\/platform.twitter.com\/widgets.js\" charset=\"utf-8\"><\/script>\n<\/div><\/figure>\n\n\n\n<p>\u00ab&nbsp;<em>Je suis tr\u00e8s heureux de poursuivre mon aventure avec l\u2019AS Monaco et je remercie le Club de cette marque de confiance<\/em>, a comment\u00e9 Golovin au site officiel du club. <em>Cette opportunit\u00e9 qui m\u2019est offerte de pouvoir m\u2019inscrire dans la dur\u00e9e et de poursuivre ma progression ici repr\u00e9sente une grande satisfaction.<\/em>&nbsp;\u00bb<\/p>\n\n\n\n<p>\u00ab <em>Aleksandr est un cadre du groupe<\/em>, <em>dont il est l\u2019un des joueurs les plus exp\u00e9riment\u00e9s<\/em>, a confi\u00e9 le Directeur sportif Paul Mitchell. <em>Cette prolongation t\u00e9moigne d\u2019une volont\u00e9 de conserver les joueurs performants pour nous aider \u00e0 atteindre nos objectifs. Son travail et sa progression ces deux derni\u00e8res saisons, notamment sur le plan athl\u00e9tique, en font un atout majeur du Club. Nous sommes heureux qu\u2019il poursuive l\u2019aventure sur le long terme avec l\u2019AS Monaco et sommes certains qu\u2019il sera un \u00e9l\u00e9ment important pour le sprint final de la saison.<\/em> \u00bb<\/p>\n","protected":false},"excerpt":{"rendered":"<p>L&rsquo;AS Monaco vient d&rsquo;officialiser la prolongation de contrat d&rsquo;Aleksandr Golovin pour deux saisons suppl\u00e9mentaires. Le milieu de terrain russe, arriv\u00e9 sur le Rocher \u00e0 l&rsquo;\u00e9t\u00e9 2018 en provenance du CSKA Moscou, \u00e9tait en fin de contrat en juin 2024. Il est d\u00e9sormais li\u00e9 au club de la Principaut\u00e9 jusqu&rsquo;en juin 2026. Depuis ses d\u00e9buts \u00e0 [&#8230;]\n","protected":false},"author":2,"featured_media":0,"comment_status":"open","ping_status":"open","sticky":false,"template":"","format":"standard","meta":[],"categories":[4,6],"tags":[184,86,186],"yoast_head":"<!-- This site is optimized with the Yoast SEO plugin v19.8 - https:\/\/yoast.com\/wordpress\/plugins\/seo\/ -->\n<title>Officiel : Golovin prolonge \u00e0 Monaco - La Diagonale<\/title>\n<meta name=\"robots\" content=\"index, follow, max-snippet:-1, max-image-preview:large, max-video-preview:-1\" \/>\n<link rel=\"canonical\" href=\"https:\/\/www.ladiagonale.net\/index.php\/2023\/02\/27\/officiel-golovin-prolonge-a-monaco\/\" \/>\n<meta property=\"og:locale\" content=\"fr_FR\" \/>\n<meta property=\"og:type\" content=\"article\" \/>\n<meta property=\"og:title\" content=\"Officiel : Golovin prolonge \u00e0 Monaco - La Diagonale\" \/>\n<meta property=\"og:description\" content=\"L&rsquo;AS Monaco vient d&rsquo;officialiser la prolongation de contrat d&rsquo;Aleksandr Golovin pour deux saisons suppl\u00e9mentaires. Le milieu de terrain russe, arriv\u00e9 sur le Rocher \u00e0 l&rsquo;\u00e9t\u00e9 2018 en provenance du CSKA Moscou, \u00e9tait en fin de contrat en juin 2024. Il est d\u00e9sormais li\u00e9 au club de la Principaut\u00e9 jusqu&rsquo;en juin 2026. Depuis ses d\u00e9buts \u00e0 [...]\" \/>\n<meta property=\"og:url\" content=\"https:\/\/www.ladiagonale.net\/index.php\/2023\/02\/27\/officiel-golovin-prolonge-a-monaco\/\" \/>\n<meta property=\"og:site_name\" content=\"La Diagonale\" \/>\n<meta property=\"article:published_time\" content=\"2023-02-27T18:59:17+00:00\" \/>\n<meta property=\"article:modified_time\" content=\"2023-02-27T19:01:46+00:00\" \/>\n<meta property=\"og:image\" content=\"https:\/\/www.ladiagonale.net\/wp-content\/uploads\/2022\/10\/golovin.png\" \/>\n\t<meta property=\"og:image:width\" content=\"1160\" \/>\n\t<meta property=\"og:image:height\" content=\"650\" \/>\n\t<meta property=\"og:image:type\" content=\"image\/png\" \/>\n<meta name=\"author\" content=\"Damien Dellerba\" \/>\n<meta name=\"twitter:card\" content=\"summary_large_image\" \/>\n<meta name=\"twitter:image\" content=\"https:\/\/www.ladiagonale.net\/wp-content\/uploads\/2022\/10\/golovin.png\" \/>\n<meta name=\"twitter:label1\" content=\"\u00c9crit par\" \/>\n\t<meta name=\"twitter:data1\" content=\"Damien Dellerba\" \/>\n\t<meta name=\"twitter:label2\" content=\"Dur\u00e9e de lecture estim\u00e9e\" \/>\n\t<meta name=\"twitter:data2\" content=\"2 minutes\" \/>\n<script type=\"application\/ld+json\" class=\"yoast-schema-graph\">{\"@context\":\"https:\/\/schema.org\",\"@graph\":[{\"@type\":\"WebPage\",\"@id\":\"https:\/\/www.ladiagonale.net\/index.php\/2023\/02\/27\/officiel-golovin-prolonge-a-monaco\/\",\"url\":\"https:\/\/www.ladiagonale.net\/index.php\/2023\/02\/27\/officiel-golovin-prolonge-a-monaco\/\",\"name\":\"Officiel : Golovin prolonge \u00e0 Monaco - La Diagonale\",\"isPartOf\":{\"@id\":\"https:\/\/www.ladiagonale.net\/#website\"},\"datePublished\":\"2023-02-27T18:59:17+00:00\",\"dateModified\":\"2023-02-27T19:01:46+00:00\",\"author\":{\"@id\":\"https:\/\/www.ladiagonale.net\/#\/schema\/person\/79ff1e7b0853ed01b2aa26e64ad300bf\"},\"breadcrumb\":{\"@id\":\"https:\/\/www.ladiagonale.net\/index.php\/2023\/02\/27\/officiel-golovin-prolonge-a-monaco\/#breadcrumb\"},\"inLanguage\":\"fr-FR\",\"potentialAction\":[{\"@type\":\"ReadAction\",\"target\":[\"https:\/\/www.ladiagonale.net\/index.php\/2023\/02\/27\/officiel-golovin-prolonge-a-monaco\/\"]}]},{\"@type\":\"BreadcrumbList\",\"@id\":\"https:\/\/www.ladiagonale.net\/index.php\/2023\/02\/27\/officiel-golovin-prolonge-a-monaco\/#breadcrumb\",\"itemListElement\":[{\"@type\":\"ListItem\",\"position\":1,\"name\":\"Accueil\",\"item\":\"https:\/\/www.ladiagonale.net\/\"},{\"@type\":\"ListItem\",\"position\":2,\"name\":\"Officiel : Golovin prolonge \u00e0 Monaco\"}]},{\"@type\":\"WebSite\",\"@id\":\"https:\/\/www.ladiagonale.net\/#website\",\"url\":\"https:\/\/www.ladiagonale.net\/\",\"name\":\"La Diagonale\",\"description\":\"Le site des supporters de l&#039;AS Monaco FC\",\"potentialAction\":[{\"@type\":\"SearchAction\",\"target\":{\"@type\":\"EntryPoint\",\"urlTemplate\":\"https:\/\/www.ladiagonale.net\/?s={search_term_string}\"},\"query-input\":\"required name=search_term_string\"}],\"inLanguage\":\"fr-FR\"},{\"@type\":\"Person\",\"@id\":\"https:\/\/www.ladiagonale.net\/#\/schema\/person\/79ff1e7b0853ed01b2aa26e64ad300bf\",\"name\":\"Damien Dellerba\",\"image\":{\"@type\":\"ImageObject\",\"inLanguage\":\"fr-FR\",\"@id\":\"https:\/\/www.ladiagonale.net\/#\/schema\/person\/image\/\",\"url\":\"https:\/\/secure.gravatar.com\/avatar\/c7850e06d3ff63cdbaee88b7fc16e2f0?s=96&d=mm&r=g\",\"contentUrl\":\"https:\/\/secure.gravatar.com\/avatar\/c7850e06d3ff63cdbaee88b7fc16e2f0?s=96&d=mm&r=g\",\"caption\":\"Damien Dellerba\"},\"url\":\"https:\/\/www.ladiagonale.net\/index.php\/author\/damien\/\"}]}<\/script>\n<!-- \/ Yoast SEO plugin. -->","yoast_head_json":{"title":"Officiel : Golovin prolonge \u00e0 Monaco - La Diagonale","robots":{"index":"index","follow":"follow","max-snippet":"max-snippet:-1","max-image-preview":"max-image-preview:large","max-video-preview":"max-video-preview:-1"},"canonical":"https:\/\/www.ladiagonale.net\/index.php\/2023\/02\/27\/officiel-golovin-prolonge-a-monaco\/","og_locale":"fr_FR","og_type":"article","og_title":"Officiel : Golovin prolonge \u00e0 Monaco - La Diagonale","og_description":"L&rsquo;AS Monaco vient d&rsquo;officialiser la prolongation de contrat d&rsquo;Aleksandr Golovin pour deux saisons suppl\u00e9mentaires. Le milieu de terrain russe, arriv\u00e9 sur le Rocher \u00e0 l&rsquo;\u00e9t\u00e9 2018 en provenance du CSKA Moscou, \u00e9tait en fin de contrat en juin 2024. Il est d\u00e9sormais li\u00e9 au club de la Principaut\u00e9 jusqu&rsquo;en juin 2026. Depuis ses d\u00e9buts \u00e0 [...]","og_url":"https:\/\/www.ladiagonale.net\/index.php\/2023\/02\/27\/officiel-golovin-prolonge-a-monaco\/","og_site_name":"La Diagonale","article_published_time":"2023-02-27T18:59:17+00:00","article_modified_time":"2023-02-27T19:01:46+00:00","og_image":[{"width":1160,"height":650,"url":"https:\/\/www.ladiagonale.net\/wp-content\/uploads\/2022\/10\/golovin.png","type":"image\/png"}],"author":"Damien Dellerba","twitter_card":"summary_large_image","twitter_image":"https:\/\/www.ladiagonale.net\/wp-content\/uploads\/2022\/10\/golovin.png","twitter_misc":{"\u00c9crit par":"Damien Dellerba","Dur\u00e9e de lecture estim\u00e9e":"2 minutes"},"schema":{"@context":"https:\/\/schema.org","@graph":[{"@type":"WebPage","@id":"https:\/\/www.ladiagonale.net\/index.php\/2023\/02\/27\/officiel-golovin-prolonge-a-monaco\/","url":"https:\/\/www.ladiagonale.net\/index.php\/2023\/02\/27\/officiel-golovin-prolonge-a-monaco\/","name":"Officiel : Golovin prolonge \u00e0 Monaco - La Diagonale","isPartOf":{"@id":"https:\/\/www.ladiagonale.net\/#website"},"datePublished":"2023-02-27T18:59:17+00:00","dateModified":"2023-02-27T19:01:46+00:00","author":{"@id":"https:\/\/www.ladiagonale.net\/#\/schema\/person\/79ff1e7b0853ed01b2aa26e64ad300bf"},"breadcrumb":{"@id":"https:\/\/www.ladiagonale.net\/index.php\/2023\/02\/27\/officiel-golovin-prolonge-a-monaco\/#breadcrumb"},"inLanguage":"fr-FR","potentialAction":[{"@type":"ReadAction","target":["https:\/\/www.ladiagonale.net\/index.php\/2023\/02\/27\/officiel-golovin-prolonge-a-monaco\/"]}]},{"@type":"BreadcrumbList","@id":"https:\/\/www.ladiagonale.net\/index.php\/2023\/02\/27\/officiel-golovin-prolonge-a-monaco\/#breadcrumb","itemListElement":[{"@type":"ListItem","position":1,"name":"Accueil","item":"https:\/\/www.ladiagonale.net\/"},{"@type":"ListItem","position":2,"name":"Officiel : Golovin prolonge \u00e0 Monaco"}]},{"@type":"WebSite","@id":"https:\/\/www.ladiagonale.net\/#website","url":"https:\/\/www.ladiagonale.net\/","name":"La Diagonale","description":"Le site des supporters de l&#039;AS Monaco FC","potentialAction":[{"@type":"SearchAction","target":{"@type":"EntryPoint","urlTemplate":"https:\/\/www.ladiagonale.net\/?s={search_term_string}"},"query-input":"required name=search_term_string"}],"inLanguage":"fr-FR"},{"@type":"Person","@id":"https:\/\/www.ladiagonale.net\/#\/schema\/person\/79ff1e7b0853ed01b2aa26e64ad300bf","name":"Damien Dellerba","image":{"@type":"ImageObject","inLanguage":"fr-FR","@id":"https:\/\/www.ladiagonale.net\/#\/schema\/person\/image\/","url":"https:\/\/secure.gravatar.com\/avatar\/c7850e06d3ff63cdbaee88b7fc16e2f0?s=96&d=mm&r=g","contentUrl":"https:\/\/secure.gravatar.com\/avatar\/c7850e06d3ff63cdbaee88b7fc16e2f0?s=96&d=mm&r=g","caption":"Damien Dellerba"},"url":"https:\/\/www.ladiagonale.net\/index.php\/author\/damien\/"}]}},"_links":{"self":[{"href":"https:\/\/www.ladiagonale.net\/index.php\/wp-json\/wp\/v2\/posts\/10274"}],"collection":[{"href":"https:\/\/www.ladiagonale.net\/index.php\/wp-json\/wp\/v2\/posts"}],"about":[{"href":"https:\/\/www.ladiagonale.net\/index.php\/wp-json\/wp\/v2\/types\/post"}],"author":[{"embeddable":true,"href":"https:\/\/www.ladiagonale.net\/index.php\/wp-json\/wp\/v2\/users\/2"}],"replies":[{"embeddable":true,"href":"https:\/\/www.ladiagonale.net\/index.php\/wp-json\/wp\/v2\/comments?post=10274"}],"version-history":[{"count":4,"href":"https:\/\/www.ladiagonale.net\/index.php\/wp-json\/wp\/v2\/posts\/10274\/revisions"}],"predecessor-version":[{"id":10278,"href":"https:\/\/www.ladiagonale.net\/index.php\/wp-json\/wp\/v2\/posts\/10274\/revisions\/10278"}],"wp:attachment":[{"href":"https:\/\/www.ladiagonale.net\/index.php\/wp-json\/wp\/v2\/media?parent=10274"}],"wp:term":[{"taxonomy":"category","embeddable":true,"href":"https:\/\/www.ladiagonale.net\/index.php\/wp-json\/wp\/v2\/categories?post=10274"},{"taxonomy":"post_tag","embeddable":true,"href":"https:\/\/www.ladiagonale.net\/index.php\/wp-json\/wp\/v2\/tags?post=10274"}],"curies":[{"name":"wp","href":"https:\/\/api.w.org\/{rel}","templated":true}]}}