{"id":10465,"date":"2023-03-07T14:35:54","date_gmt":"2023-03-07T13:35:54","guid":{"rendered":"https:\/\/www.ladiagonale.net\/?p=10465"},"modified":"2023-03-07T14:35:57","modified_gmt":"2023-03-07T13:35:57","slug":"fair-play-financier-monaco-epargne-pour-la-saison-prochaine","status":"publish","type":"post","link":"https:\/\/www.ladiagonale.net\/index.php\/2023\/03\/07\/fair-play-financier-monaco-epargne-pour-la-saison-prochaine\/","title":{"rendered":"Fair-play financier : Monaco \u00e9pargn\u00e9 pour la saison prochaine"},"content":{"rendered":"\n\n\n<p>L&rsquo;AS Monaco ne sera pas sanctionn\u00e9e pour la saison prochaine par l&rsquo;UEFA. C&rsquo;est le quotidien <em>L&rsquo;\u00c9quipe<\/em>, qui a confirm\u00e9 dans son \u00e9dition du jour, que le club de la Principaut\u00e9 \u00e9tait suffisamment revenu dans les clous pour ne pas recevoir une sanction de la part de l&rsquo;institution europ\u00e9enne. <\/p>\n\n\n\n<p>L&rsquo;\u00e9t\u00e9 dernier, l&rsquo;ASM avait \u00e9t\u00e9 \u00e9pingl\u00e9e par l&rsquo;UEFA pour ses comptes des trois derni\u00e8res saisons et un d\u00e9ficit sup\u00e9rieur \u00e0 30 millions d&rsquo;euros, comme le stipule la r\u00e9glementation. En cons\u00e9quence, Monaco avait sign\u00e9 un accord de r\u00e8glement qui lui imposait <a href=\"https:\/\/www.uefa.com\/insideuefa\/news\/0279-1603e68faca4-8a20edf89532-1000--the-cfcb-first-chamber-finalises-the-monitoring-of-clubs-hav\/\">une amende de 2M\u20ac, dont 0,3M\u20ac ferme<\/a>.<\/p>\n\n\n\n<p>Le quotidien pr\u00e9cise toutefois que la situation de l&rsquo;ASM doit encore \u00eatre surveill\u00e9e \u00e9troitement afin de parvenir \u00e0 un retour \u00e0 l&rsquo;\u00e9quilibre dans ses finances et satisfaire pleinement l\u2019instance de contr\u00f4le financier des clubs de l\u2019UEFA.<\/p>\n","protected":false},"excerpt":{"rendered":"<p>L&rsquo;AS Monaco ne sera pas sanctionn\u00e9e pour la saison prochaine par l&rsquo;UEFA. C&rsquo;est le quotidien L&rsquo;\u00c9quipe, qui a confirm\u00e9 dans son \u00e9dition du jour, que le club de la Principaut\u00e9 \u00e9tait suffisamment revenu dans les clous pour ne pas recevoir une sanction de la part de l&rsquo;institution europ\u00e9enne. L&rsquo;\u00e9t\u00e9 dernier, l&rsquo;ASM avait \u00e9t\u00e9 \u00e9pingl\u00e9e par [&#8230;]\n","protected":false},"author":2,"featured_media":0,"comment_status":"open","ping_status":"open","sticky":false,"template":"","format":"standard","meta":[],"categories":[6],"tags":[86,435,434],"yoast_head":"<!-- This site is optimized with the Yoast SEO plugin v19.8 - https:\/\/yoast.com\/wordpress\/plugins\/seo\/ -->\n<title>Fair-play financier : Monaco \u00e9pargn\u00e9 pour la saison prochaine - La Diagonale<\/title>\n<meta name=\"robots\" content=\"index, follow, max-snippet:-1, max-image-preview:large, max-video-preview:-1\" \/>\n<link rel=\"canonical\" href=\"https:\/\/www.ladiagonale.net\/index.php\/2023\/03\/07\/fair-play-financier-monaco-epargne-pour-la-saison-prochaine\/\" \/>\n<meta property=\"og:locale\" content=\"fr_FR\" \/>\n<meta property=\"og:type\" content=\"article\" \/>\n<meta property=\"og:title\" content=\"Fair-play financier : Monaco \u00e9pargn\u00e9 pour la saison prochaine - La Diagonale\" \/>\n<meta property=\"og:description\" content=\"L&rsquo;AS Monaco ne sera pas sanctionn\u00e9e pour la saison prochaine par l&rsquo;UEFA. C&rsquo;est le quotidien L&rsquo;\u00c9quipe, qui a confirm\u00e9 dans son \u00e9dition du jour, que le club de la Principaut\u00e9 \u00e9tait suffisamment revenu dans les clous pour ne pas recevoir une sanction de la part de l&rsquo;institution europ\u00e9enne. L&rsquo;\u00e9t\u00e9 dernier, l&rsquo;ASM avait \u00e9t\u00e9 \u00e9pingl\u00e9e par [...]\" \/>\n<meta property=\"og:url\" content=\"https:\/\/www.ladiagonale.net\/index.php\/2023\/03\/07\/fair-play-financier-monaco-epargne-pour-la-saison-prochaine\/\" \/>\n<meta property=\"og:site_name\" content=\"La Diagonale\" \/>\n<meta property=\"article:published_time\" content=\"2023-03-07T13:35:54+00:00\" \/>\n<meta property=\"article:modified_time\" content=\"2023-03-07T13:35:57+00:00\" \/>\n<meta property=\"og:image\" content=\"https:\/\/www.ladiagonale.net\/wp-content\/uploads\/2023\/03\/uefa-1.png\" \/>\n\t<meta property=\"og:image:width\" content=\"1160\" \/>\n\t<meta property=\"og:image:height\" content=\"650\" \/>\n\t<meta property=\"og:image:type\" content=\"image\/png\" \/>\n<meta name=\"author\" content=\"Damien Dellerba\" \/>\n<meta name=\"twitter:card\" content=\"summary_large_image\" \/>\n<meta name=\"twitter:image\" content=\"https:\/\/www.ladiagonale.net\/wp-content\/uploads\/2023\/03\/uefa-1.png\" \/>\n<meta name=\"twitter:label1\" content=\"\u00c9crit par\" \/>\n\t<meta name=\"twitter:data1\" content=\"Damien Dellerba\" \/>\n\t<meta name=\"twitter:label2\" content=\"Dur\u00e9e de lecture estim\u00e9e\" \/>\n\t<meta name=\"twitter:data2\" content=\"1 minute\" \/>\n<script type=\"application\/ld+json\" class=\"yoast-schema-graph\">{\"@context\":\"https:\/\/schema.org\",\"@graph\":[{\"@type\":\"WebPage\",\"@id\":\"https:\/\/www.ladiagonale.net\/index.php\/2023\/03\/07\/fair-play-financier-monaco-epargne-pour-la-saison-prochaine\/\",\"url\":\"https:\/\/www.ladiagonale.net\/index.php\/2023\/03\/07\/fair-play-financier-monaco-epargne-pour-la-saison-prochaine\/\",\"name\":\"Fair-play financier : Monaco \u00e9pargn\u00e9 pour la saison prochaine - La Diagonale\",\"isPartOf\":{\"@id\":\"https:\/\/www.ladiagonale.net\/#website\"},\"datePublished\":\"2023-03-07T13:35:54+00:00\",\"dateModified\":\"2023-03-07T13:35:57+00:00\",\"author\":{\"@id\":\"https:\/\/www.ladiagonale.net\/#\/schema\/person\/79ff1e7b0853ed01b2aa26e64ad300bf\"},\"breadcrumb\":{\"@id\":\"https:\/\/www.ladiagonale.net\/index.php\/2023\/03\/07\/fair-play-financier-monaco-epargne-pour-la-saison-prochaine\/#breadcrumb\"},\"inLanguage\":\"fr-FR\",\"potentialAction\":[{\"@type\":\"ReadAction\",\"target\":[\"https:\/\/www.ladiagonale.net\/index.php\/2023\/03\/07\/fair-play-financier-monaco-epargne-pour-la-saison-prochaine\/\"]}]},{\"@type\":\"BreadcrumbList\",\"@id\":\"https:\/\/www.ladiagonale.net\/index.php\/2023\/03\/07\/fair-play-financier-monaco-epargne-pour-la-saison-prochaine\/#breadcrumb\",\"itemListElement\":[{\"@type\":\"ListItem\",\"position\":1,\"name\":\"Accueil\",\"item\":\"https:\/\/www.ladiagonale.net\/\"},{\"@type\":\"ListItem\",\"position\":2,\"name\":\"Fair-play financier : Monaco \u00e9pargn\u00e9 pour la saison prochaine\"}]},{\"@type\":\"WebSite\",\"@id\":\"https:\/\/www.ladiagonale.net\/#website\",\"url\":\"https:\/\/www.ladiagonale.net\/\",\"name\":\"La Diagonale\",\"description\":\"Le site des supporters de l&#039;AS Monaco FC\",\"potentialAction\":[{\"@type\":\"SearchAction\",\"target\":{\"@type\":\"EntryPoint\",\"urlTemplate\":\"https:\/\/www.ladiagonale.net\/?s={search_term_string}\"},\"query-input\":\"required name=search_term_string\"}],\"inLanguage\":\"fr-FR\"},{\"@type\":\"Person\",\"@id\":\"https:\/\/www.ladiagonale.net\/#\/schema\/person\/79ff1e7b0853ed01b2aa26e64ad300bf\",\"name\":\"Damien Dellerba\",\"image\":{\"@type\":\"ImageObject\",\"inLanguage\":\"fr-FR\",\"@id\":\"https:\/\/www.ladiagonale.net\/#\/schema\/person\/image\/\",\"url\":\"https:\/\/secure.gravatar.com\/avatar\/c7850e06d3ff63cdbaee88b7fc16e2f0?s=96&d=mm&r=g\",\"contentUrl\":\"https:\/\/secure.gravatar.com\/avatar\/c7850e06d3ff63cdbaee88b7fc16e2f0?s=96&d=mm&r=g\",\"caption\":\"Damien Dellerba\"},\"url\":\"https:\/\/www.ladiagonale.net\/index.php\/author\/damien\/\"}]}<\/script>\n<!-- \/ Yoast SEO plugin. -->","yoast_head_json":{"title":"Fair-play financier : Monaco \u00e9pargn\u00e9 pour la saison prochaine - La Diagonale","robots":{"index":"index","follow":"follow","max-snippet":"max-snippet:-1","max-image-preview":"max-image-preview:large","max-video-preview":"max-video-preview:-1"},"canonical":"https:\/\/www.ladiagonale.net\/index.php\/2023\/03\/07\/fair-play-financier-monaco-epargne-pour-la-saison-prochaine\/","og_locale":"fr_FR","og_type":"article","og_title":"Fair-play financier : Monaco \u00e9pargn\u00e9 pour la saison prochaine - La Diagonale","og_description":"L&rsquo;AS Monaco ne sera pas sanctionn\u00e9e pour la saison prochaine par l&rsquo;UEFA. C&rsquo;est le quotidien L&rsquo;\u00c9quipe, qui a confirm\u00e9 dans son \u00e9dition du jour, que le club de la Principaut\u00e9 \u00e9tait suffisamment revenu dans les clous pour ne pas recevoir une sanction de la part de l&rsquo;institution europ\u00e9enne. L&rsquo;\u00e9t\u00e9 dernier, l&rsquo;ASM avait \u00e9t\u00e9 \u00e9pingl\u00e9e par [...]","og_url":"https:\/\/www.ladiagonale.net\/index.php\/2023\/03\/07\/fair-play-financier-monaco-epargne-pour-la-saison-prochaine\/","og_site_name":"La Diagonale","article_published_time":"2023-03-07T13:35:54+00:00","article_modified_time":"2023-03-07T13:35:57+00:00","og_image":[{"width":1160,"height":650,"url":"https:\/\/www.ladiagonale.net\/wp-content\/uploads\/2023\/03\/uefa-1.png","type":"image\/png"}],"author":"Damien Dellerba","twitter_card":"summary_large_image","twitter_image":"https:\/\/www.ladiagonale.net\/wp-content\/uploads\/2023\/03\/uefa-1.png","twitter_misc":{"\u00c9crit par":"Damien Dellerba","Dur\u00e9e de lecture estim\u00e9e":"1 minute"},"schema":{"@context":"https:\/\/schema.org","@graph":[{"@type":"WebPage","@id":"https:\/\/www.ladiagonale.net\/index.php\/2023\/03\/07\/fair-play-financier-monaco-epargne-pour-la-saison-prochaine\/","url":"https:\/\/www.ladiagonale.net\/index.php\/2023\/03\/07\/fair-play-financier-monaco-epargne-pour-la-saison-prochaine\/","name":"Fair-play financier : Monaco \u00e9pargn\u00e9 pour la saison prochaine - La Diagonale","isPartOf":{"@id":"https:\/\/www.ladiagonale.net\/#website"},"datePublished":"2023-03-07T13:35:54+00:00","dateModified":"2023-03-07T13:35:57+00:00","author":{"@id":"https:\/\/www.ladiagonale.net\/#\/schema\/person\/79ff1e7b0853ed01b2aa26e64ad300bf"},"breadcrumb":{"@id":"https:\/\/www.ladiagonale.net\/index.php\/2023\/03\/07\/fair-play-financier-monaco-epargne-pour-la-saison-prochaine\/#breadcrumb"},"inLanguage":"fr-FR","potentialAction":[{"@type":"ReadAction","target":["https:\/\/www.ladiagonale.net\/index.php\/2023\/03\/07\/fair-play-financier-monaco-epargne-pour-la-saison-prochaine\/"]}]},{"@type":"BreadcrumbList","@id":"https:\/\/www.ladiagonale.net\/index.php\/2023\/03\/07\/fair-play-financier-monaco-epargne-pour-la-saison-prochaine\/#breadcrumb","itemListElement":[{"@type":"ListItem","position":1,"name":"Accueil","item":"https:\/\/www.ladiagonale.net\/"},{"@type":"ListItem","position":2,"name":"Fair-play financier : Monaco \u00e9pargn\u00e9 pour la saison prochaine"}]},{"@type":"WebSite","@id":"https:\/\/www.ladiagonale.net\/#website","url":"https:\/\/www.ladiagonale.net\/","name":"La Diagonale","description":"Le site des supporters de l&#039;AS Monaco FC","potentialAction":[{"@type":"SearchAction","target":{"@type":"EntryPoint","urlTemplate":"https:\/\/www.ladiagonale.net\/?s={search_term_string}"},"query-input":"required name=search_term_string"}],"inLanguage":"fr-FR"},{"@type":"Person","@id":"https:\/\/www.ladiagonale.net\/#\/schema\/person\/79ff1e7b0853ed01b2aa26e64ad300bf","name":"Damien Dellerba","image":{"@type":"ImageObject","inLanguage":"fr-FR","@id":"https:\/\/www.ladiagonale.net\/#\/schema\/person\/image\/","url":"https:\/\/secure.gravatar.com\/avatar\/c7850e06d3ff63cdbaee88b7fc16e2f0?s=96&d=mm&r=g","contentUrl":"https:\/\/secure.gravatar.com\/avatar\/c7850e06d3ff63cdbaee88b7fc16e2f0?s=96&d=mm&r=g","caption":"Damien Dellerba"},"url":"https:\/\/www.ladiagonale.net\/index.php\/author\/damien\/"}]}},"_links":{"self":[{"href":"https:\/\/www.ladiagonale.net\/index.php\/wp-json\/wp\/v2\/posts\/10465"}],"collection":[{"href":"https:\/\/www.ladiagonale.net\/index.php\/wp-json\/wp\/v2\/posts"}],"about":[{"href":"https:\/\/www.ladiagonale.net\/index.php\/wp-json\/wp\/v2\/types\/post"}],"author":[{"embeddable":true,"href":"https:\/\/www.ladiagonale.net\/index.php\/wp-json\/wp\/v2\/users\/2"}],"replies":[{"embeddable":true,"href":"https:\/\/www.ladiagonale.net\/index.php\/wp-json\/wp\/v2\/comments?post=10465"}],"version-history":[{"count":1,"href":"https:\/\/www.ladiagonale.net\/index.php\/wp-json\/wp\/v2\/posts\/10465\/revisions"}],"predecessor-version":[{"id":10468,"href":"https:\/\/www.ladiagonale.net\/index.php\/wp-json\/wp\/v2\/posts\/10465\/revisions\/10468"}],"wp:attachment":[{"href":"https:\/\/www.ladiagonale.net\/index.php\/wp-json\/wp\/v2\/media?parent=10465"}],"wp:term":[{"taxonomy":"category","embeddable":true,"href":"https:\/\/www.ladiagonale.net\/index.php\/wp-json\/wp\/v2\/categories?post=10465"},{"taxonomy":"post_tag","embeddable":true,"href":"https:\/\/www.ladiagonale.net\/index.php\/wp-json\/wp\/v2\/tags?post=10465"}],"curies":[{"name":"wp","href":"https:\/\/api.w.org\/{rel}","templated":true}]}}