{"id":10475,"date":"2023-03-07T16:49:30","date_gmt":"2023-03-07T15:49:30","guid":{"rendered":"https:\/\/www.ladiagonale.net\/?p=10475"},"modified":"2023-03-07T16:50:01","modified_gmt":"2023-03-07T15:50:01","slug":"larbitre-de-monaco-reims-est-connu","status":"publish","type":"post","link":"https:\/\/www.ladiagonale.net\/index.php\/2023\/03\/07\/larbitre-de-monaco-reims-est-connu\/","title":{"rendered":"L&rsquo;arbitre de Monaco-Reims est connu"},"content":{"rendered":"\n\n\n<p>La LFP a d\u00e9voil\u00e9 l&rsquo;arbitre qui officiera pour la rencontre de ce dimanche (17h05) entre Monaco et Reims, dans le cadre de le 27<sup>e<\/sup> journ\u00e9e de Ligue 1. C&rsquo;est Thomas Leonard qui a \u00e9t\u00e9 d\u00e9sign\u00e9 et il sera assist\u00e9 de Mehdi Rahmouni et C\u00e9dric Favre sur la touche et de Beno\u00eet Millot et Christian Guillard \u00e0 la vid\u00e9o. Micka\u00ebl Leleu sera la quatri\u00e8me arbitre.<\/p>\n\n\n\n<p>Cette saison, Thomas Leonard a d\u00e9j\u00e0 dirig\u00e9 une rencontre de l&rsquo;AS Monaco et cela reste un bon souvenir pour les Rouge et Blanc. C&rsquo;\u00e9tait lors de la 9<sup>e<\/sup> journ\u00e9e de championnat et Monaco s&rsquo;\u00e9tait impos\u00e9 nettement contre Nantes (4-1), avec un tripl\u00e9 de Wissam Ben Yedder \u00e0 la cl\u00e9. L&rsquo;homme en noir avait notamment accord\u00e9 un p\u00e9nalty au club de la Principaut\u00e9. <\/p>\n","protected":false},"excerpt":{"rendered":"<p>La LFP a d\u00e9voil\u00e9 l&rsquo;arbitre qui officiera pour la rencontre de ce dimanche (17h05) entre Monaco et Reims, dans le cadre de le 27e journ\u00e9e de Ligue 1. C&rsquo;est Thomas Leonard qui a \u00e9t\u00e9 d\u00e9sign\u00e9 et il sera assist\u00e9 de Mehdi Rahmouni et C\u00e9dric Favre sur la touche et de Beno\u00eet Millot et Christian Guillard [&#8230;]\n","protected":false},"author":2,"featured_media":0,"comment_status":"open","ping_status":"open","sticky":false,"template":"","format":"standard","meta":[],"categories":[6],"tags":[156,86,94,436,157],"yoast_head":"<!-- This site is optimized with the Yoast SEO plugin v19.8 - https:\/\/yoast.com\/wordpress\/plugins\/seo\/ -->\n<title>L&#039;arbitre de Monaco-Reims est connu - La Diagonale<\/title>\n<meta name=\"robots\" content=\"index, follow, max-snippet:-1, max-image-preview:large, max-video-preview:-1\" \/>\n<link rel=\"canonical\" href=\"https:\/\/www.ladiagonale.net\/index.php\/2023\/03\/07\/larbitre-de-monaco-reims-est-connu\/\" \/>\n<meta property=\"og:locale\" content=\"fr_FR\" \/>\n<meta property=\"og:type\" content=\"article\" \/>\n<meta property=\"og:title\" content=\"L&#039;arbitre de Monaco-Reims est connu - La Diagonale\" \/>\n<meta property=\"og:description\" content=\"La LFP a d\u00e9voil\u00e9 l&rsquo;arbitre qui officiera pour la rencontre de ce dimanche (17h05) entre Monaco et Reims, dans le cadre de le 27e journ\u00e9e de Ligue 1. C&rsquo;est Thomas Leonard qui a \u00e9t\u00e9 d\u00e9sign\u00e9 et il sera assist\u00e9 de Mehdi Rahmouni et C\u00e9dric Favre sur la touche et de Beno\u00eet Millot et Christian Guillard [...]\" \/>\n<meta property=\"og:url\" content=\"https:\/\/www.ladiagonale.net\/index.php\/2023\/03\/07\/larbitre-de-monaco-reims-est-connu\/\" \/>\n<meta property=\"og:site_name\" content=\"La Diagonale\" \/>\n<meta property=\"article:published_time\" content=\"2023-03-07T15:49:30+00:00\" \/>\n<meta property=\"article:modified_time\" content=\"2023-03-07T15:50:01+00:00\" \/>\n<meta property=\"og:image\" content=\"https:\/\/www.ladiagonale.net\/wp-content\/uploads\/2023\/03\/leonard.png\" \/>\n\t<meta property=\"og:image:width\" content=\"1160\" \/>\n\t<meta property=\"og:image:height\" content=\"650\" \/>\n\t<meta property=\"og:image:type\" content=\"image\/png\" \/>\n<meta name=\"author\" content=\"Damien Dellerba\" \/>\n<meta name=\"twitter:card\" content=\"summary_large_image\" \/>\n<meta name=\"twitter:image\" content=\"https:\/\/www.ladiagonale.net\/wp-content\/uploads\/2023\/03\/leonard.png\" \/>\n<meta name=\"twitter:label1\" content=\"\u00c9crit par\" \/>\n\t<meta name=\"twitter:data1\" content=\"Damien Dellerba\" \/>\n\t<meta name=\"twitter:label2\" content=\"Dur\u00e9e de lecture estim\u00e9e\" \/>\n\t<meta name=\"twitter:data2\" content=\"1 minute\" \/>\n<script type=\"application\/ld+json\" class=\"yoast-schema-graph\">{\"@context\":\"https:\/\/schema.org\",\"@graph\":[{\"@type\":\"WebPage\",\"@id\":\"https:\/\/www.ladiagonale.net\/index.php\/2023\/03\/07\/larbitre-de-monaco-reims-est-connu\/\",\"url\":\"https:\/\/www.ladiagonale.net\/index.php\/2023\/03\/07\/larbitre-de-monaco-reims-est-connu\/\",\"name\":\"L'arbitre de Monaco-Reims est connu - La Diagonale\",\"isPartOf\":{\"@id\":\"https:\/\/www.ladiagonale.net\/#website\"},\"datePublished\":\"2023-03-07T15:49:30+00:00\",\"dateModified\":\"2023-03-07T15:50:01+00:00\",\"author\":{\"@id\":\"https:\/\/www.ladiagonale.net\/#\/schema\/person\/79ff1e7b0853ed01b2aa26e64ad300bf\"},\"breadcrumb\":{\"@id\":\"https:\/\/www.ladiagonale.net\/index.php\/2023\/03\/07\/larbitre-de-monaco-reims-est-connu\/#breadcrumb\"},\"inLanguage\":\"fr-FR\",\"potentialAction\":[{\"@type\":\"ReadAction\",\"target\":[\"https:\/\/www.ladiagonale.net\/index.php\/2023\/03\/07\/larbitre-de-monaco-reims-est-connu\/\"]}]},{\"@type\":\"BreadcrumbList\",\"@id\":\"https:\/\/www.ladiagonale.net\/index.php\/2023\/03\/07\/larbitre-de-monaco-reims-est-connu\/#breadcrumb\",\"itemListElement\":[{\"@type\":\"ListItem\",\"position\":1,\"name\":\"Accueil\",\"item\":\"https:\/\/www.ladiagonale.net\/\"},{\"@type\":\"ListItem\",\"position\":2,\"name\":\"L&rsquo;arbitre de Monaco-Reims est connu\"}]},{\"@type\":\"WebSite\",\"@id\":\"https:\/\/www.ladiagonale.net\/#website\",\"url\":\"https:\/\/www.ladiagonale.net\/\",\"name\":\"La Diagonale\",\"description\":\"Le site des supporters de l&#039;AS Monaco FC\",\"potentialAction\":[{\"@type\":\"SearchAction\",\"target\":{\"@type\":\"EntryPoint\",\"urlTemplate\":\"https:\/\/www.ladiagonale.net\/?s={search_term_string}\"},\"query-input\":\"required name=search_term_string\"}],\"inLanguage\":\"fr-FR\"},{\"@type\":\"Person\",\"@id\":\"https:\/\/www.ladiagonale.net\/#\/schema\/person\/79ff1e7b0853ed01b2aa26e64ad300bf\",\"name\":\"Damien Dellerba\",\"image\":{\"@type\":\"ImageObject\",\"inLanguage\":\"fr-FR\",\"@id\":\"https:\/\/www.ladiagonale.net\/#\/schema\/person\/image\/\",\"url\":\"https:\/\/secure.gravatar.com\/avatar\/c7850e06d3ff63cdbaee88b7fc16e2f0?s=96&d=mm&r=g\",\"contentUrl\":\"https:\/\/secure.gravatar.com\/avatar\/c7850e06d3ff63cdbaee88b7fc16e2f0?s=96&d=mm&r=g\",\"caption\":\"Damien Dellerba\"},\"url\":\"https:\/\/www.ladiagonale.net\/index.php\/author\/damien\/\"}]}<\/script>\n<!-- \/ Yoast SEO plugin. -->","yoast_head_json":{"title":"L'arbitre de Monaco-Reims est connu - La Diagonale","robots":{"index":"index","follow":"follow","max-snippet":"max-snippet:-1","max-image-preview":"max-image-preview:large","max-video-preview":"max-video-preview:-1"},"canonical":"https:\/\/www.ladiagonale.net\/index.php\/2023\/03\/07\/larbitre-de-monaco-reims-est-connu\/","og_locale":"fr_FR","og_type":"article","og_title":"L'arbitre de Monaco-Reims est connu - La Diagonale","og_description":"La LFP a d\u00e9voil\u00e9 l&rsquo;arbitre qui officiera pour la rencontre de ce dimanche (17h05) entre Monaco et Reims, dans le cadre de le 27e journ\u00e9e de Ligue 1. C&rsquo;est Thomas Leonard qui a \u00e9t\u00e9 d\u00e9sign\u00e9 et il sera assist\u00e9 de Mehdi Rahmouni et C\u00e9dric Favre sur la touche et de Beno\u00eet Millot et Christian Guillard [...]","og_url":"https:\/\/www.ladiagonale.net\/index.php\/2023\/03\/07\/larbitre-de-monaco-reims-est-connu\/","og_site_name":"La Diagonale","article_published_time":"2023-03-07T15:49:30+00:00","article_modified_time":"2023-03-07T15:50:01+00:00","og_image":[{"width":1160,"height":650,"url":"https:\/\/www.ladiagonale.net\/wp-content\/uploads\/2023\/03\/leonard.png","type":"image\/png"}],"author":"Damien Dellerba","twitter_card":"summary_large_image","twitter_image":"https:\/\/www.ladiagonale.net\/wp-content\/uploads\/2023\/03\/leonard.png","twitter_misc":{"\u00c9crit par":"Damien Dellerba","Dur\u00e9e de lecture estim\u00e9e":"1 minute"},"schema":{"@context":"https:\/\/schema.org","@graph":[{"@type":"WebPage","@id":"https:\/\/www.ladiagonale.net\/index.php\/2023\/03\/07\/larbitre-de-monaco-reims-est-connu\/","url":"https:\/\/www.ladiagonale.net\/index.php\/2023\/03\/07\/larbitre-de-monaco-reims-est-connu\/","name":"L'arbitre de Monaco-Reims est connu - La Diagonale","isPartOf":{"@id":"https:\/\/www.ladiagonale.net\/#website"},"datePublished":"2023-03-07T15:49:30+00:00","dateModified":"2023-03-07T15:50:01+00:00","author":{"@id":"https:\/\/www.ladiagonale.net\/#\/schema\/person\/79ff1e7b0853ed01b2aa26e64ad300bf"},"breadcrumb":{"@id":"https:\/\/www.ladiagonale.net\/index.php\/2023\/03\/07\/larbitre-de-monaco-reims-est-connu\/#breadcrumb"},"inLanguage":"fr-FR","potentialAction":[{"@type":"ReadAction","target":["https:\/\/www.ladiagonale.net\/index.php\/2023\/03\/07\/larbitre-de-monaco-reims-est-connu\/"]}]},{"@type":"BreadcrumbList","@id":"https:\/\/www.ladiagonale.net\/index.php\/2023\/03\/07\/larbitre-de-monaco-reims-est-connu\/#breadcrumb","itemListElement":[{"@type":"ListItem","position":1,"name":"Accueil","item":"https:\/\/www.ladiagonale.net\/"},{"@type":"ListItem","position":2,"name":"L&rsquo;arbitre de Monaco-Reims est connu"}]},{"@type":"WebSite","@id":"https:\/\/www.ladiagonale.net\/#website","url":"https:\/\/www.ladiagonale.net\/","name":"La Diagonale","description":"Le site des supporters de l&#039;AS Monaco FC","potentialAction":[{"@type":"SearchAction","target":{"@type":"EntryPoint","urlTemplate":"https:\/\/www.ladiagonale.net\/?s={search_term_string}"},"query-input":"required name=search_term_string"}],"inLanguage":"fr-FR"},{"@type":"Person","@id":"https:\/\/www.ladiagonale.net\/#\/schema\/person\/79ff1e7b0853ed01b2aa26e64ad300bf","name":"Damien Dellerba","image":{"@type":"ImageObject","inLanguage":"fr-FR","@id":"https:\/\/www.ladiagonale.net\/#\/schema\/person\/image\/","url":"https:\/\/secure.gravatar.com\/avatar\/c7850e06d3ff63cdbaee88b7fc16e2f0?s=96&d=mm&r=g","contentUrl":"https:\/\/secure.gravatar.com\/avatar\/c7850e06d3ff63cdbaee88b7fc16e2f0?s=96&d=mm&r=g","caption":"Damien Dellerba"},"url":"https:\/\/www.ladiagonale.net\/index.php\/author\/damien\/"}]}},"_links":{"self":[{"href":"https:\/\/www.ladiagonale.net\/index.php\/wp-json\/wp\/v2\/posts\/10475"}],"collection":[{"href":"https:\/\/www.ladiagonale.net\/index.php\/wp-json\/wp\/v2\/posts"}],"about":[{"href":"https:\/\/www.ladiagonale.net\/index.php\/wp-json\/wp\/v2\/types\/post"}],"author":[{"embeddable":true,"href":"https:\/\/www.ladiagonale.net\/index.php\/wp-json\/wp\/v2\/users\/2"}],"replies":[{"embeddable":true,"href":"https:\/\/www.ladiagonale.net\/index.php\/wp-json\/wp\/v2\/comments?post=10475"}],"version-history":[{"count":2,"href":"https:\/\/www.ladiagonale.net\/index.php\/wp-json\/wp\/v2\/posts\/10475\/revisions"}],"predecessor-version":[{"id":10478,"href":"https:\/\/www.ladiagonale.net\/index.php\/wp-json\/wp\/v2\/posts\/10475\/revisions\/10478"}],"wp:attachment":[{"href":"https:\/\/www.ladiagonale.net\/index.php\/wp-json\/wp\/v2\/media?parent=10475"}],"wp:term":[{"taxonomy":"category","embeddable":true,"href":"https:\/\/www.ladiagonale.net\/index.php\/wp-json\/wp\/v2\/categories?post=10475"},{"taxonomy":"post_tag","embeddable":true,"href":"https:\/\/www.ladiagonale.net\/index.php\/wp-json\/wp\/v2\/tags?post=10475"}],"curies":[{"name":"wp","href":"https:\/\/api.w.org\/{rel}","templated":true}]}}