{"id":10492,"date":"2023-03-09T18:03:26","date_gmt":"2023-03-09T17:03:26","guid":{"rendered":"https:\/\/www.ladiagonale.net\/?p=10492"},"modified":"2023-03-09T18:14:14","modified_gmt":"2023-03-09T17:14:14","slug":"ben-seghir-en-lice-pour-le-but-du-mois-de-fevrier","status":"publish","type":"post","link":"https:\/\/www.ladiagonale.net\/index.php\/2023\/03\/09\/ben-seghir-en-lice-pour-le-but-du-mois-de-fevrier\/","title":{"rendered":"Ben Seghir en lice pour le but du mois de f\u00e9vrier"},"content":{"rendered":"\n<p>Le but d&rsquo;Eliesse Ben Seghir contre Auxerre, lors de la 21<sup>e<\/sup> journ\u00e9e de Ligue 1 (le 1<sup>er<\/sup> f\u00e9vrier) a \u00e9t\u00e9 retenu avec quatre autres buts parmi les plus belles r\u00e9alisations du mois de f\u00e9vrier en championnat. Une nomination qui lui permet de pr\u00e9tendre au plus beau but du mois pr\u00e9c\u00e9dent. Face au club bourguignon, Ben Seghir avait marqu\u00e9 d&rsquo;une superbe frappe de l&rsquo;ext\u00e9rieur de la surface, apr\u00e8s un crochet sur Birama Tour\u00e9. <\/p>\n\n\n\n<p>Kylian Mbapp\u00e9 (PSG), Billal Brahimi (OGC Nice), Deiver Machado (RC Lens) ou Florent Mollet (FC Nantes) sont les autres joueurs en lice pour cette distinction.<\/p>\n\n\n\n<p>Pour voter pour le but d&rsquo;Eliesse Ben Seghir, cliquez sur le <a href=\"https:\/\/www.ligue1.fr\/Articles\/Actu\/2023\/03\/09\/votez-pour-le-but-du-mois-de-fevrier\">lien<\/a><\/p>\n\n\n\n<p class=\"has-white-color has-text-color has-background\" style=\"background-color:#303030\"><a href=\"https:\/\/www.ladiagonale.net\/index.php\/player\/eliesse-ben-seghir\/\">Voir la fiche d&rsquo;Eliesse Ben Seghir<\/a><\/p>\n","protected":false},"excerpt":{"rendered":"<p>Le but d&rsquo;Eliesse Ben Seghir contre Auxerre, lors de la 21e journ\u00e9e de Ligue 1 (le 1er f\u00e9vrier) a \u00e9t\u00e9 retenu avec quatre autres buts parmi les plus belles r\u00e9alisations du mois de f\u00e9vrier en championnat. Une nomination qui lui permet de pr\u00e9tendre au plus beau but du mois pr\u00e9c\u00e9dent. Face au club bourguignon, Ben [&#8230;]\n","protected":false},"author":2,"featured_media":0,"comment_status":"open","ping_status":"open","sticky":false,"template":"","format":"standard","meta":[],"categories":[6],"tags":[86,286,94,357],"yoast_head":"<!-- This site is optimized with the Yoast SEO plugin v19.8 - https:\/\/yoast.com\/wordpress\/plugins\/seo\/ -->\n<title>Ben Seghir en lice pour le but du mois de f\u00e9vrier - La Diagonale<\/title>\n<meta name=\"robots\" content=\"index, follow, max-snippet:-1, max-image-preview:large, max-video-preview:-1\" \/>\n<link rel=\"canonical\" href=\"https:\/\/www.ladiagonale.net\/index.php\/2023\/03\/09\/ben-seghir-en-lice-pour-le-but-du-mois-de-fevrier\/\" \/>\n<meta property=\"og:locale\" content=\"fr_FR\" \/>\n<meta property=\"og:type\" content=\"article\" \/>\n<meta property=\"og:title\" content=\"Ben Seghir en lice pour le but du mois de f\u00e9vrier - La Diagonale\" \/>\n<meta property=\"og:description\" content=\"Le but d&rsquo;Eliesse Ben Seghir contre Auxerre, lors de la 21e journ\u00e9e de Ligue 1 (le 1er f\u00e9vrier) a \u00e9t\u00e9 retenu avec quatre autres buts parmi les plus belles r\u00e9alisations du mois de f\u00e9vrier en championnat. Une nomination qui lui permet de pr\u00e9tendre au plus beau but du mois pr\u00e9c\u00e9dent. Face au club bourguignon, Ben [...]\" \/>\n<meta property=\"og:url\" content=\"https:\/\/www.ladiagonale.net\/index.php\/2023\/03\/09\/ben-seghir-en-lice-pour-le-but-du-mois-de-fevrier\/\" \/>\n<meta property=\"og:site_name\" content=\"La Diagonale\" \/>\n<meta property=\"article:published_time\" content=\"2023-03-09T17:03:26+00:00\" \/>\n<meta property=\"article:modified_time\" content=\"2023-03-09T17:14:14+00:00\" \/>\n<meta property=\"og:image\" content=\"https:\/\/www.ladiagonale.net\/wp-content\/uploads\/2023\/01\/ben-seghir3.png\" \/>\n\t<meta property=\"og:image:width\" content=\"1160\" \/>\n\t<meta property=\"og:image:height\" content=\"650\" \/>\n\t<meta property=\"og:image:type\" content=\"image\/png\" \/>\n<meta name=\"author\" content=\"Damien Dellerba\" \/>\n<meta name=\"twitter:card\" content=\"summary_large_image\" \/>\n<meta name=\"twitter:image\" content=\"https:\/\/www.ladiagonale.net\/wp-content\/uploads\/2023\/01\/ben-seghir3.png\" \/>\n<meta name=\"twitter:label1\" content=\"\u00c9crit par\" \/>\n\t<meta name=\"twitter:data1\" content=\"Damien Dellerba\" \/>\n\t<meta name=\"twitter:label2\" content=\"Dur\u00e9e de lecture estim\u00e9e\" \/>\n\t<meta name=\"twitter:data2\" content=\"1 minute\" \/>\n<script type=\"application\/ld+json\" class=\"yoast-schema-graph\">{\"@context\":\"https:\/\/schema.org\",\"@graph\":[{\"@type\":\"WebPage\",\"@id\":\"https:\/\/www.ladiagonale.net\/index.php\/2023\/03\/09\/ben-seghir-en-lice-pour-le-but-du-mois-de-fevrier\/\",\"url\":\"https:\/\/www.ladiagonale.net\/index.php\/2023\/03\/09\/ben-seghir-en-lice-pour-le-but-du-mois-de-fevrier\/\",\"name\":\"Ben Seghir en lice pour le but du mois de f\u00e9vrier - La Diagonale\",\"isPartOf\":{\"@id\":\"https:\/\/www.ladiagonale.net\/#website\"},\"datePublished\":\"2023-03-09T17:03:26+00:00\",\"dateModified\":\"2023-03-09T17:14:14+00:00\",\"author\":{\"@id\":\"https:\/\/www.ladiagonale.net\/#\/schema\/person\/79ff1e7b0853ed01b2aa26e64ad300bf\"},\"breadcrumb\":{\"@id\":\"https:\/\/www.ladiagonale.net\/index.php\/2023\/03\/09\/ben-seghir-en-lice-pour-le-but-du-mois-de-fevrier\/#breadcrumb\"},\"inLanguage\":\"fr-FR\",\"potentialAction\":[{\"@type\":\"ReadAction\",\"target\":[\"https:\/\/www.ladiagonale.net\/index.php\/2023\/03\/09\/ben-seghir-en-lice-pour-le-but-du-mois-de-fevrier\/\"]}]},{\"@type\":\"BreadcrumbList\",\"@id\":\"https:\/\/www.ladiagonale.net\/index.php\/2023\/03\/09\/ben-seghir-en-lice-pour-le-but-du-mois-de-fevrier\/#breadcrumb\",\"itemListElement\":[{\"@type\":\"ListItem\",\"position\":1,\"name\":\"Accueil\",\"item\":\"https:\/\/www.ladiagonale.net\/\"},{\"@type\":\"ListItem\",\"position\":2,\"name\":\"Ben Seghir en lice pour le but du mois de f\u00e9vrier\"}]},{\"@type\":\"WebSite\",\"@id\":\"https:\/\/www.ladiagonale.net\/#website\",\"url\":\"https:\/\/www.ladiagonale.net\/\",\"name\":\"La Diagonale\",\"description\":\"Le site des supporters de l&#039;AS Monaco FC\",\"potentialAction\":[{\"@type\":\"SearchAction\",\"target\":{\"@type\":\"EntryPoint\",\"urlTemplate\":\"https:\/\/www.ladiagonale.net\/?s={search_term_string}\"},\"query-input\":\"required name=search_term_string\"}],\"inLanguage\":\"fr-FR\"},{\"@type\":\"Person\",\"@id\":\"https:\/\/www.ladiagonale.net\/#\/schema\/person\/79ff1e7b0853ed01b2aa26e64ad300bf\",\"name\":\"Damien Dellerba\",\"image\":{\"@type\":\"ImageObject\",\"inLanguage\":\"fr-FR\",\"@id\":\"https:\/\/www.ladiagonale.net\/#\/schema\/person\/image\/\",\"url\":\"https:\/\/secure.gravatar.com\/avatar\/c7850e06d3ff63cdbaee88b7fc16e2f0?s=96&d=mm&r=g\",\"contentUrl\":\"https:\/\/secure.gravatar.com\/avatar\/c7850e06d3ff63cdbaee88b7fc16e2f0?s=96&d=mm&r=g\",\"caption\":\"Damien Dellerba\"},\"url\":\"https:\/\/www.ladiagonale.net\/index.php\/author\/damien\/\"}]}<\/script>\n<!-- \/ Yoast SEO plugin. -->","yoast_head_json":{"title":"Ben Seghir en lice pour le but du mois de f\u00e9vrier - La Diagonale","robots":{"index":"index","follow":"follow","max-snippet":"max-snippet:-1","max-image-preview":"max-image-preview:large","max-video-preview":"max-video-preview:-1"},"canonical":"https:\/\/www.ladiagonale.net\/index.php\/2023\/03\/09\/ben-seghir-en-lice-pour-le-but-du-mois-de-fevrier\/","og_locale":"fr_FR","og_type":"article","og_title":"Ben Seghir en lice pour le but du mois de f\u00e9vrier - La Diagonale","og_description":"Le but d&rsquo;Eliesse Ben Seghir contre Auxerre, lors de la 21e journ\u00e9e de Ligue 1 (le 1er f\u00e9vrier) a \u00e9t\u00e9 retenu avec quatre autres buts parmi les plus belles r\u00e9alisations du mois de f\u00e9vrier en championnat. Une nomination qui lui permet de pr\u00e9tendre au plus beau but du mois pr\u00e9c\u00e9dent. Face au club bourguignon, Ben [...]","og_url":"https:\/\/www.ladiagonale.net\/index.php\/2023\/03\/09\/ben-seghir-en-lice-pour-le-but-du-mois-de-fevrier\/","og_site_name":"La Diagonale","article_published_time":"2023-03-09T17:03:26+00:00","article_modified_time":"2023-03-09T17:14:14+00:00","og_image":[{"width":1160,"height":650,"url":"https:\/\/www.ladiagonale.net\/wp-content\/uploads\/2023\/01\/ben-seghir3.png","type":"image\/png"}],"author":"Damien Dellerba","twitter_card":"summary_large_image","twitter_image":"https:\/\/www.ladiagonale.net\/wp-content\/uploads\/2023\/01\/ben-seghir3.png","twitter_misc":{"\u00c9crit par":"Damien Dellerba","Dur\u00e9e de lecture estim\u00e9e":"1 minute"},"schema":{"@context":"https:\/\/schema.org","@graph":[{"@type":"WebPage","@id":"https:\/\/www.ladiagonale.net\/index.php\/2023\/03\/09\/ben-seghir-en-lice-pour-le-but-du-mois-de-fevrier\/","url":"https:\/\/www.ladiagonale.net\/index.php\/2023\/03\/09\/ben-seghir-en-lice-pour-le-but-du-mois-de-fevrier\/","name":"Ben Seghir en lice pour le but du mois de f\u00e9vrier - La Diagonale","isPartOf":{"@id":"https:\/\/www.ladiagonale.net\/#website"},"datePublished":"2023-03-09T17:03:26+00:00","dateModified":"2023-03-09T17:14:14+00:00","author":{"@id":"https:\/\/www.ladiagonale.net\/#\/schema\/person\/79ff1e7b0853ed01b2aa26e64ad300bf"},"breadcrumb":{"@id":"https:\/\/www.ladiagonale.net\/index.php\/2023\/03\/09\/ben-seghir-en-lice-pour-le-but-du-mois-de-fevrier\/#breadcrumb"},"inLanguage":"fr-FR","potentialAction":[{"@type":"ReadAction","target":["https:\/\/www.ladiagonale.net\/index.php\/2023\/03\/09\/ben-seghir-en-lice-pour-le-but-du-mois-de-fevrier\/"]}]},{"@type":"BreadcrumbList","@id":"https:\/\/www.ladiagonale.net\/index.php\/2023\/03\/09\/ben-seghir-en-lice-pour-le-but-du-mois-de-fevrier\/#breadcrumb","itemListElement":[{"@type":"ListItem","position":1,"name":"Accueil","item":"https:\/\/www.ladiagonale.net\/"},{"@type":"ListItem","position":2,"name":"Ben Seghir en lice pour le but du mois de f\u00e9vrier"}]},{"@type":"WebSite","@id":"https:\/\/www.ladiagonale.net\/#website","url":"https:\/\/www.ladiagonale.net\/","name":"La Diagonale","description":"Le site des supporters de l&#039;AS Monaco FC","potentialAction":[{"@type":"SearchAction","target":{"@type":"EntryPoint","urlTemplate":"https:\/\/www.ladiagonale.net\/?s={search_term_string}"},"query-input":"required name=search_term_string"}],"inLanguage":"fr-FR"},{"@type":"Person","@id":"https:\/\/www.ladiagonale.net\/#\/schema\/person\/79ff1e7b0853ed01b2aa26e64ad300bf","name":"Damien Dellerba","image":{"@type":"ImageObject","inLanguage":"fr-FR","@id":"https:\/\/www.ladiagonale.net\/#\/schema\/person\/image\/","url":"https:\/\/secure.gravatar.com\/avatar\/c7850e06d3ff63cdbaee88b7fc16e2f0?s=96&d=mm&r=g","contentUrl":"https:\/\/secure.gravatar.com\/avatar\/c7850e06d3ff63cdbaee88b7fc16e2f0?s=96&d=mm&r=g","caption":"Damien Dellerba"},"url":"https:\/\/www.ladiagonale.net\/index.php\/author\/damien\/"}]}},"_links":{"self":[{"href":"https:\/\/www.ladiagonale.net\/index.php\/wp-json\/wp\/v2\/posts\/10492"}],"collection":[{"href":"https:\/\/www.ladiagonale.net\/index.php\/wp-json\/wp\/v2\/posts"}],"about":[{"href":"https:\/\/www.ladiagonale.net\/index.php\/wp-json\/wp\/v2\/types\/post"}],"author":[{"embeddable":true,"href":"https:\/\/www.ladiagonale.net\/index.php\/wp-json\/wp\/v2\/users\/2"}],"replies":[{"embeddable":true,"href":"https:\/\/www.ladiagonale.net\/index.php\/wp-json\/wp\/v2\/comments?post=10492"}],"version-history":[{"count":2,"href":"https:\/\/www.ladiagonale.net\/index.php\/wp-json\/wp\/v2\/posts\/10492\/revisions"}],"predecessor-version":[{"id":10494,"href":"https:\/\/www.ladiagonale.net\/index.php\/wp-json\/wp\/v2\/posts\/10492\/revisions\/10494"}],"wp:attachment":[{"href":"https:\/\/www.ladiagonale.net\/index.php\/wp-json\/wp\/v2\/media?parent=10492"}],"wp:term":[{"taxonomy":"category","embeddable":true,"href":"https:\/\/www.ladiagonale.net\/index.php\/wp-json\/wp\/v2\/categories?post=10492"},{"taxonomy":"post_tag","embeddable":true,"href":"https:\/\/www.ladiagonale.net\/index.php\/wp-json\/wp\/v2\/tags?post=10492"}],"curies":[{"name":"wp","href":"https:\/\/api.w.org\/{rel}","templated":true}]}}