{"id":10557,"date":"2023-03-13T19:00:00","date_gmt":"2023-03-13T18:00:00","guid":{"rendered":"https:\/\/www.ladiagonale.net\/?p=10557"},"modified":"2023-03-13T19:47:38","modified_gmt":"2023-03-13T18:47:38","slug":"embolo-face-a-la-justice-baloise-en-juin","status":"publish","type":"post","link":"https:\/\/www.ladiagonale.net\/index.php\/2023\/03\/13\/embolo-face-a-la-justice-baloise-en-juin\/","title":{"rendered":"Embolo face \u00e0 la justice b\u00e2loise en juin, risque jusqu&rsquo;\u00e0 trois ans de prison (Actualis\u00e9)"},"content":{"rendered":"\n<p>Apr\u00e8s Wissam Ben Yedder, qui devait compara\u00eetre devant la justice espagnole <a href=\"https:\/\/www.ladiagonale.net\/index.php\/2023\/02\/08\/ben-yedder-poursuivi-pour-fraude-fiscale-risque-gros\/\">pour fraude fiscale<\/a> (l\u2019audience a finalement \u00e9t\u00e9 ajourn\u00e9e en raison d\u2019une gr\u00e8ve du personnel judiciaire espagnol), c\u2019est Breel Embolo qui se retrouve dans l\u2019\u0153il du cyclone. Selon les informations rapport\u00e9es par<em> 20 minuten<\/em>, l&rsquo;attaquant suisse de l&rsquo;AS Monaco devra r\u00e9pondre devant la justice suisse en juin prochain pour des faits survenus \u00e0 B\u00e2le le 27 mai 2018.<\/p>\n\n\n\n<p>\u00c2g\u00e9 de 21 ans et alors qu&rsquo;il \u00e9voluait \u00e0 Schalke 04, Embolo et deux amis ont \u00e9t\u00e9 m\u00eal\u00e9s \u00e0 une altercation avec un autre groupe d&rsquo;individus vers 5 heures du matin. L&rsquo;attaquant de la <em>Nati<\/em> aurait notamment prof\u00e9r\u00e9 des menaces et aurait eu une attitude jug\u00e9e \u00ab <em>effrayant<\/em>e \u00bb par les plaignants, selon des informations rapport\u00e9es par le journal. L&rsquo;un d&rsquo;eux en serait m\u00eame sorti avec un nez cass\u00e9, mais le coup n&rsquo;aurait pas \u00e9t\u00e9 port\u00e9 par l&rsquo;attaquant mon\u00e9gasque. <\/p>\n\n\n\n<p>Contact\u00e9s par le quotidien, Embolo et son entourage n&rsquo;ont pas souhait\u00e9 s&rsquo;exprimer sur cette affaire.  <\/p>\n\n\n\n<p><strong>Actualisation :<\/strong> Les informations publi\u00e9es par le quotidien suisse <em>Blick<\/em> d\u00e9peignent une situation un peu plus compromettante pour Breel Embolo. S&rsquo;il venait \u00e0 \u00eatre condamn\u00e9 pour les menaces dont il est accus\u00e9, il pourrait recevoir une simple amende comme une peine de trois ans d&#8217;emprisonnement. Mais l\u00e0 o\u00f9 le cas du joueur de l&rsquo;ASM se complique, c&rsquo;est qu&rsquo;Embolo \u00e9tait encore en p\u00e9riode probatoire au moment des faits, rapporte <em>Blick<\/em>. En effet, il avait \u00e9t\u00e9 condamn\u00e9 en mars 2017 \u00e0 une peine de dix jours-amende \u00e0 1000 francs notamment pour conduite sans permis.<\/p>\n","protected":false},"excerpt":{"rendered":"<p>Apr\u00e8s Wissam Ben Yedder, qui devait compara\u00eetre devant la justice espagnole pour fraude fiscale (l\u2019audience a finalement \u00e9t\u00e9 ajourn\u00e9e en raison d\u2019une gr\u00e8ve du personnel judiciaire espagnol), c\u2019est Breel Embolo qui se retrouve dans l\u2019\u0153il du cyclone. Selon les informations rapport\u00e9es par 20 minuten, l&rsquo;attaquant suisse de l&rsquo;AS Monaco devra r\u00e9pondre devant la justice suisse [&#8230;]\n","protected":false},"author":2,"featured_media":0,"comment_status":"open","ping_status":"open","sticky":false,"template":"","format":"standard","meta":[],"categories":[6],"tags":[86,161,352,401],"yoast_head":"<!-- This site is optimized with the Yoast SEO plugin v19.8 - https:\/\/yoast.com\/wordpress\/plugins\/seo\/ -->\n<title>Embolo face \u00e0 la justice b\u00e2loise en juin, risque jusqu&#039;\u00e0 trois ans de prison (Actualis\u00e9) - La Diagonale<\/title>\n<meta name=\"robots\" content=\"index, follow, max-snippet:-1, max-image-preview:large, max-video-preview:-1\" \/>\n<link rel=\"canonical\" href=\"https:\/\/www.ladiagonale.net\/index.php\/2023\/03\/13\/embolo-face-a-la-justice-baloise-en-juin\/\" \/>\n<meta property=\"og:locale\" content=\"fr_FR\" \/>\n<meta property=\"og:type\" content=\"article\" \/>\n<meta property=\"og:title\" content=\"Embolo face \u00e0 la justice b\u00e2loise en juin, risque jusqu&#039;\u00e0 trois ans de prison (Actualis\u00e9) - La Diagonale\" \/>\n<meta property=\"og:description\" content=\"Apr\u00e8s Wissam Ben Yedder, qui devait compara\u00eetre devant la justice espagnole pour fraude fiscale (l\u2019audience a finalement \u00e9t\u00e9 ajourn\u00e9e en raison d\u2019une gr\u00e8ve du personnel judiciaire espagnol), c\u2019est Breel Embolo qui se retrouve dans l\u2019\u0153il du cyclone. Selon les informations rapport\u00e9es par 20 minuten, l&rsquo;attaquant suisse de l&rsquo;AS Monaco devra r\u00e9pondre devant la justice suisse [...]\" \/>\n<meta property=\"og:url\" content=\"https:\/\/www.ladiagonale.net\/index.php\/2023\/03\/13\/embolo-face-a-la-justice-baloise-en-juin\/\" \/>\n<meta property=\"og:site_name\" content=\"La Diagonale\" \/>\n<meta property=\"article:published_time\" content=\"2023-03-13T18:00:00+00:00\" \/>\n<meta property=\"article:modified_time\" content=\"2023-03-13T18:47:38+00:00\" \/>\n<meta property=\"og:image\" content=\"https:\/\/www.ladiagonale.net\/wp-content\/uploads\/2023\/01\/embolo.png\" \/>\n\t<meta property=\"og:image:width\" content=\"1160\" \/>\n\t<meta property=\"og:image:height\" content=\"650\" \/>\n\t<meta property=\"og:image:type\" content=\"image\/png\" \/>\n<meta name=\"author\" content=\"Damien Dellerba\" \/>\n<meta name=\"twitter:card\" content=\"summary_large_image\" \/>\n<meta name=\"twitter:image\" content=\"https:\/\/www.ladiagonale.net\/wp-content\/uploads\/2023\/01\/embolo.png\" \/>\n<meta name=\"twitter:label1\" content=\"\u00c9crit par\" \/>\n\t<meta name=\"twitter:data1\" content=\"Damien Dellerba\" \/>\n\t<meta name=\"twitter:label2\" content=\"Dur\u00e9e de lecture estim\u00e9e\" \/>\n\t<meta name=\"twitter:data2\" content=\"2 minutes\" \/>\n<script type=\"application\/ld+json\" class=\"yoast-schema-graph\">{\"@context\":\"https:\/\/schema.org\",\"@graph\":[{\"@type\":\"WebPage\",\"@id\":\"https:\/\/www.ladiagonale.net\/index.php\/2023\/03\/13\/embolo-face-a-la-justice-baloise-en-juin\/\",\"url\":\"https:\/\/www.ladiagonale.net\/index.php\/2023\/03\/13\/embolo-face-a-la-justice-baloise-en-juin\/\",\"name\":\"Embolo face \u00e0 la justice b\u00e2loise en juin, risque jusqu'\u00e0 trois ans de prison (Actualis\u00e9) - La Diagonale\",\"isPartOf\":{\"@id\":\"https:\/\/www.ladiagonale.net\/#website\"},\"datePublished\":\"2023-03-13T18:00:00+00:00\",\"dateModified\":\"2023-03-13T18:47:38+00:00\",\"author\":{\"@id\":\"https:\/\/www.ladiagonale.net\/#\/schema\/person\/79ff1e7b0853ed01b2aa26e64ad300bf\"},\"breadcrumb\":{\"@id\":\"https:\/\/www.ladiagonale.net\/index.php\/2023\/03\/13\/embolo-face-a-la-justice-baloise-en-juin\/#breadcrumb\"},\"inLanguage\":\"fr-FR\",\"potentialAction\":[{\"@type\":\"ReadAction\",\"target\":[\"https:\/\/www.ladiagonale.net\/index.php\/2023\/03\/13\/embolo-face-a-la-justice-baloise-en-juin\/\"]}]},{\"@type\":\"BreadcrumbList\",\"@id\":\"https:\/\/www.ladiagonale.net\/index.php\/2023\/03\/13\/embolo-face-a-la-justice-baloise-en-juin\/#breadcrumb\",\"itemListElement\":[{\"@type\":\"ListItem\",\"position\":1,\"name\":\"Accueil\",\"item\":\"https:\/\/www.ladiagonale.net\/\"},{\"@type\":\"ListItem\",\"position\":2,\"name\":\"Embolo face \u00e0 la justice b\u00e2loise en juin, risque jusqu&rsquo;\u00e0 trois ans de prison (Actualis\u00e9)\"}]},{\"@type\":\"WebSite\",\"@id\":\"https:\/\/www.ladiagonale.net\/#website\",\"url\":\"https:\/\/www.ladiagonale.net\/\",\"name\":\"La Diagonale\",\"description\":\"Le site des supporters de l&#039;AS Monaco FC\",\"potentialAction\":[{\"@type\":\"SearchAction\",\"target\":{\"@type\":\"EntryPoint\",\"urlTemplate\":\"https:\/\/www.ladiagonale.net\/?s={search_term_string}\"},\"query-input\":\"required name=search_term_string\"}],\"inLanguage\":\"fr-FR\"},{\"@type\":\"Person\",\"@id\":\"https:\/\/www.ladiagonale.net\/#\/schema\/person\/79ff1e7b0853ed01b2aa26e64ad300bf\",\"name\":\"Damien Dellerba\",\"image\":{\"@type\":\"ImageObject\",\"inLanguage\":\"fr-FR\",\"@id\":\"https:\/\/www.ladiagonale.net\/#\/schema\/person\/image\/\",\"url\":\"https:\/\/secure.gravatar.com\/avatar\/c7850e06d3ff63cdbaee88b7fc16e2f0?s=96&d=mm&r=g\",\"contentUrl\":\"https:\/\/secure.gravatar.com\/avatar\/c7850e06d3ff63cdbaee88b7fc16e2f0?s=96&d=mm&r=g\",\"caption\":\"Damien Dellerba\"},\"url\":\"https:\/\/www.ladiagonale.net\/index.php\/author\/damien\/\"}]}<\/script>\n<!-- \/ Yoast SEO plugin. -->","yoast_head_json":{"title":"Embolo face \u00e0 la justice b\u00e2loise en juin, risque jusqu'\u00e0 trois ans de prison (Actualis\u00e9) - La Diagonale","robots":{"index":"index","follow":"follow","max-snippet":"max-snippet:-1","max-image-preview":"max-image-preview:large","max-video-preview":"max-video-preview:-1"},"canonical":"https:\/\/www.ladiagonale.net\/index.php\/2023\/03\/13\/embolo-face-a-la-justice-baloise-en-juin\/","og_locale":"fr_FR","og_type":"article","og_title":"Embolo face \u00e0 la justice b\u00e2loise en juin, risque jusqu'\u00e0 trois ans de prison (Actualis\u00e9) - La Diagonale","og_description":"Apr\u00e8s Wissam Ben Yedder, qui devait compara\u00eetre devant la justice espagnole pour fraude fiscale (l\u2019audience a finalement \u00e9t\u00e9 ajourn\u00e9e en raison d\u2019une gr\u00e8ve du personnel judiciaire espagnol), c\u2019est Breel Embolo qui se retrouve dans l\u2019\u0153il du cyclone. Selon les informations rapport\u00e9es par 20 minuten, l&rsquo;attaquant suisse de l&rsquo;AS Monaco devra r\u00e9pondre devant la justice suisse [...]","og_url":"https:\/\/www.ladiagonale.net\/index.php\/2023\/03\/13\/embolo-face-a-la-justice-baloise-en-juin\/","og_site_name":"La Diagonale","article_published_time":"2023-03-13T18:00:00+00:00","article_modified_time":"2023-03-13T18:47:38+00:00","og_image":[{"width":1160,"height":650,"url":"https:\/\/www.ladiagonale.net\/wp-content\/uploads\/2023\/01\/embolo.png","type":"image\/png"}],"author":"Damien Dellerba","twitter_card":"summary_large_image","twitter_image":"https:\/\/www.ladiagonale.net\/wp-content\/uploads\/2023\/01\/embolo.png","twitter_misc":{"\u00c9crit par":"Damien Dellerba","Dur\u00e9e de lecture estim\u00e9e":"2 minutes"},"schema":{"@context":"https:\/\/schema.org","@graph":[{"@type":"WebPage","@id":"https:\/\/www.ladiagonale.net\/index.php\/2023\/03\/13\/embolo-face-a-la-justice-baloise-en-juin\/","url":"https:\/\/www.ladiagonale.net\/index.php\/2023\/03\/13\/embolo-face-a-la-justice-baloise-en-juin\/","name":"Embolo face \u00e0 la justice b\u00e2loise en juin, risque jusqu'\u00e0 trois ans de prison (Actualis\u00e9) - La Diagonale","isPartOf":{"@id":"https:\/\/www.ladiagonale.net\/#website"},"datePublished":"2023-03-13T18:00:00+00:00","dateModified":"2023-03-13T18:47:38+00:00","author":{"@id":"https:\/\/www.ladiagonale.net\/#\/schema\/person\/79ff1e7b0853ed01b2aa26e64ad300bf"},"breadcrumb":{"@id":"https:\/\/www.ladiagonale.net\/index.php\/2023\/03\/13\/embolo-face-a-la-justice-baloise-en-juin\/#breadcrumb"},"inLanguage":"fr-FR","potentialAction":[{"@type":"ReadAction","target":["https:\/\/www.ladiagonale.net\/index.php\/2023\/03\/13\/embolo-face-a-la-justice-baloise-en-juin\/"]}]},{"@type":"BreadcrumbList","@id":"https:\/\/www.ladiagonale.net\/index.php\/2023\/03\/13\/embolo-face-a-la-justice-baloise-en-juin\/#breadcrumb","itemListElement":[{"@type":"ListItem","position":1,"name":"Accueil","item":"https:\/\/www.ladiagonale.net\/"},{"@type":"ListItem","position":2,"name":"Embolo face \u00e0 la justice b\u00e2loise en juin, risque jusqu&rsquo;\u00e0 trois ans de prison (Actualis\u00e9)"}]},{"@type":"WebSite","@id":"https:\/\/www.ladiagonale.net\/#website","url":"https:\/\/www.ladiagonale.net\/","name":"La Diagonale","description":"Le site des supporters de l&#039;AS Monaco FC","potentialAction":[{"@type":"SearchAction","target":{"@type":"EntryPoint","urlTemplate":"https:\/\/www.ladiagonale.net\/?s={search_term_string}"},"query-input":"required name=search_term_string"}],"inLanguage":"fr-FR"},{"@type":"Person","@id":"https:\/\/www.ladiagonale.net\/#\/schema\/person\/79ff1e7b0853ed01b2aa26e64ad300bf","name":"Damien Dellerba","image":{"@type":"ImageObject","inLanguage":"fr-FR","@id":"https:\/\/www.ladiagonale.net\/#\/schema\/person\/image\/","url":"https:\/\/secure.gravatar.com\/avatar\/c7850e06d3ff63cdbaee88b7fc16e2f0?s=96&d=mm&r=g","contentUrl":"https:\/\/secure.gravatar.com\/avatar\/c7850e06d3ff63cdbaee88b7fc16e2f0?s=96&d=mm&r=g","caption":"Damien Dellerba"},"url":"https:\/\/www.ladiagonale.net\/index.php\/author\/damien\/"}]}},"_links":{"self":[{"href":"https:\/\/www.ladiagonale.net\/index.php\/wp-json\/wp\/v2\/posts\/10557"}],"collection":[{"href":"https:\/\/www.ladiagonale.net\/index.php\/wp-json\/wp\/v2\/posts"}],"about":[{"href":"https:\/\/www.ladiagonale.net\/index.php\/wp-json\/wp\/v2\/types\/post"}],"author":[{"embeddable":true,"href":"https:\/\/www.ladiagonale.net\/index.php\/wp-json\/wp\/v2\/users\/2"}],"replies":[{"embeddable":true,"href":"https:\/\/www.ladiagonale.net\/index.php\/wp-json\/wp\/v2\/comments?post=10557"}],"version-history":[{"count":4,"href":"https:\/\/www.ladiagonale.net\/index.php\/wp-json\/wp\/v2\/posts\/10557\/revisions"}],"predecessor-version":[{"id":10677,"href":"https:\/\/www.ladiagonale.net\/index.php\/wp-json\/wp\/v2\/posts\/10557\/revisions\/10677"}],"wp:attachment":[{"href":"https:\/\/www.ladiagonale.net\/index.php\/wp-json\/wp\/v2\/media?parent=10557"}],"wp:term":[{"taxonomy":"category","embeddable":true,"href":"https:\/\/www.ladiagonale.net\/index.php\/wp-json\/wp\/v2\/categories?post=10557"},{"taxonomy":"post_tag","embeddable":true,"href":"https:\/\/www.ladiagonale.net\/index.php\/wp-json\/wp\/v2\/tags?post=10557"}],"curies":[{"name":"wp","href":"https:\/\/api.w.org\/{rel}","templated":true}]}}