{"id":10661,"date":"2023-03-13T13:12:00","date_gmt":"2023-03-13T12:12:00","guid":{"rendered":"https:\/\/www.ladiagonale.net\/?p=10661"},"modified":"2023-03-13T16:22:59","modified_gmt":"2023-03-13T15:22:59","slug":"les-notes-de-la-presse-vanderson-fait-oublier-diatta","status":"publish","type":"post","link":"https:\/\/www.ladiagonale.net\/index.php\/2023\/03\/13\/les-notes-de-la-presse-vanderson-fait-oublier-diatta\/","title":{"rendered":"Les notes de la presse : Vanderson fait oublier Diatta"},"content":{"rendered":"\n\n\n<p>Vanderson a fait son retour apr\u00e8s six semaines d&rsquo;absence. Son entr\u00e9e en jeu \u00e0 la mi-temps a permis de bonifier quelques bons mouvements du collectif as\u00e9miste, ce que n&rsquo;avais jamais r\u00e9ussi \u00e0 faire Diatta en 45 minutes de jeu. C&rsquo;est fort logiquement que le lat\u00e9ral br\u00e9silien, reconverti comme ailier pour l&rsquo;occasion, a re\u00e7u la meilleure note de l&rsquo;\u00e9quipe de la part de <em>L&rsquo;\u00c9quipe<\/em> et de <em>Nice-Matin<\/em> (6\/10). <\/p>\n\n\n\n<p>\u00c0 l&rsquo;inverse, l&rsquo;international s\u00e9n\u00e9galais continue de s&rsquo;enfoncer et a absolument tout rat\u00e9. Dans son \u00e9valuation, <em>Nice-Matin<\/em> parle d&rsquo;un niveau \u00ab&nbsp;<em>consternant<\/em>&nbsp;\u00bb tandis que L&rsquo;\u00c9quipe souligne son faible taux de passes r\u00e9ussies (35,7%). Il a re\u00e7u un 2\/10 pour l&rsquo;ensemble de son \u0153uvre.<\/p>\n\n\n\n<figure class=\"wp-block-table is-style-regular\"><table><thead><tr><th class=\"has-text-align-center\" data-align=\"center\">JOUEUR<\/th><th class=\"has-text-align-center\" data-align=\"center\"><em>L&rsquo;\u00c9quipe<\/em><\/th><th class=\"has-text-align-center\" data-align=\"center\"><em>Nice-Matin<\/em><\/th><\/tr><\/thead><tbody><tr><td class=\"has-text-align-center\" data-align=\"center\"><strong>N\u00dcBEL<\/strong><\/td><td class=\"has-text-align-center\" data-align=\"center\">4<\/td><td class=\"has-text-align-center\" data-align=\"center\">4<\/td><\/tr><tr><td class=\"has-text-align-center\" data-align=\"center\"><strong>AGUILAR<\/strong><\/td><td class=\"has-text-align-center\" data-align=\"center\">4<\/td><td class=\"has-text-align-center\" data-align=\"center\">4<\/td><\/tr><tr><td class=\"has-text-align-center\" data-align=\"center\"><strong>DISASI<\/strong><\/td><td class=\"has-text-align-center\" data-align=\"center\">3<\/td><td class=\"has-text-align-center\" data-align=\"center\">3<\/td><\/tr><tr><td class=\"has-text-align-center\" data-align=\"center\"><strong>SARR<\/strong><\/td><td class=\"has-text-align-center\" data-align=\"center\">4<\/td><td class=\"has-text-align-center\" data-align=\"center\">3<\/td><\/tr><tr><td class=\"has-text-align-center\" data-align=\"center\"><strong><strong>C. HENRIQUE<\/strong><\/strong><\/td><td class=\"has-text-align-center\" data-align=\"center\">4<\/td><td class=\"has-text-align-center\" data-align=\"center\">4<\/td><\/tr><tr><td class=\"has-text-align-center\" data-align=\"center\"><strong>DIATTA<\/strong><\/td><td class=\"has-text-align-center\" data-align=\"center\"><strong>2<\/strong><\/td><td class=\"has-text-align-center\" data-align=\"center\"><strong>2<\/strong><\/td><\/tr><tr><td class=\"has-text-align-center\" data-align=\"center\"><strong>MATAZO<\/strong><\/td><td class=\"has-text-align-center\" data-align=\"center\">5<\/td><td class=\"has-text-align-center\" data-align=\"center\">5<\/td><\/tr><tr><td class=\"has-text-align-center\" data-align=\"center\"><strong>FOFANA<\/strong><\/td><td class=\"has-text-align-center\" data-align=\"center\">5<\/td><td class=\"has-text-align-center\" data-align=\"center\">5<\/td><\/tr><tr><td class=\"has-text-align-center\" data-align=\"center\"><strong>GOLOVIN<\/strong><\/td><td class=\"has-text-align-center\" data-align=\"center\">4<\/td><td class=\"has-text-align-center\" data-align=\"center\">4<\/td><\/tr><tr><td class=\"has-text-align-center\" data-align=\"center\"><strong>AKLIOUCHE<\/strong><\/td><td class=\"has-text-align-center\" data-align=\"center\">5<\/td><td class=\"has-text-align-center\" data-align=\"center\">5<\/td><\/tr><tr><td class=\"has-text-align-center\" data-align=\"center\"><strong>BEN YEDDER<\/strong><\/td><td class=\"has-text-align-center\" data-align=\"center\">6<\/td><td class=\"has-text-align-center\" data-align=\"center\">5<\/td><\/tr><tr><td class=\"has-text-align-center\" data-align=\"center\"><strong>VANDERSON<\/strong><\/td><td class=\"has-text-align-center\" data-align=\"center\"><strong>6<\/strong><\/td><td class=\"has-text-align-center\" data-align=\"center\"><strong>6<\/strong><\/td><\/tr><tr><td class=\"has-text-align-center\" data-align=\"center\"><strong>Ph. CLEMENT<\/strong><\/td><td class=\"has-text-align-center\" data-align=\"center\">4<\/td><td class=\"has-text-align-center\" data-align=\"center\">4<\/td><\/tr><\/tbody><\/table><\/figure>\n","protected":false},"excerpt":{"rendered":"<p>Vanderson a fait son retour apr\u00e8s six semaines d&rsquo;absence. Son entr\u00e9e en jeu \u00e0 la mi-temps a permis de bonifier quelques bons mouvements du collectif as\u00e9miste, ce que n&rsquo;avais jamais r\u00e9ussi \u00e0 faire Diatta en 45 minutes de jeu. C&rsquo;est fort logiquement que le lat\u00e9ral br\u00e9silien, reconverti comme ailier pour l&rsquo;occasion, a re\u00e7u la meilleure [&#8230;]\n","protected":false},"author":2,"featured_media":0,"comment_status":"open","ping_status":"open","sticky":false,"template":"","format":"standard","meta":[],"categories":[6],"tags":[86,94,436,248],"yoast_head":"<!-- This site is optimized with the Yoast SEO plugin v19.8 - https:\/\/yoast.com\/wordpress\/plugins\/seo\/ -->\n<title>Les notes de la presse : Vanderson fait oublier Diatta - La Diagonale<\/title>\n<meta name=\"robots\" content=\"index, follow, max-snippet:-1, max-image-preview:large, max-video-preview:-1\" \/>\n<link rel=\"canonical\" href=\"https:\/\/www.ladiagonale.net\/index.php\/2023\/03\/13\/les-notes-de-la-presse-vanderson-fait-oublier-diatta\/\" \/>\n<meta property=\"og:locale\" content=\"fr_FR\" \/>\n<meta property=\"og:type\" content=\"article\" \/>\n<meta property=\"og:title\" content=\"Les notes de la presse : Vanderson fait oublier Diatta - La Diagonale\" \/>\n<meta property=\"og:description\" content=\"Vanderson a fait son retour apr\u00e8s six semaines d&rsquo;absence. Son entr\u00e9e en jeu \u00e0 la mi-temps a permis de bonifier quelques bons mouvements du collectif as\u00e9miste, ce que n&rsquo;avais jamais r\u00e9ussi \u00e0 faire Diatta en 45 minutes de jeu. C&rsquo;est fort logiquement que le lat\u00e9ral br\u00e9silien, reconverti comme ailier pour l&rsquo;occasion, a re\u00e7u la meilleure [...]\" \/>\n<meta property=\"og:url\" content=\"https:\/\/www.ladiagonale.net\/index.php\/2023\/03\/13\/les-notes-de-la-presse-vanderson-fait-oublier-diatta\/\" \/>\n<meta property=\"og:site_name\" content=\"La Diagonale\" \/>\n<meta property=\"article:published_time\" content=\"2023-03-13T12:12:00+00:00\" \/>\n<meta property=\"article:modified_time\" content=\"2023-03-13T15:22:59+00:00\" \/>\n<meta property=\"og:image\" content=\"https:\/\/www.ladiagonale.net\/wp-content\/uploads\/2023\/01\/vanderson2.png\" \/>\n\t<meta property=\"og:image:width\" content=\"1160\" \/>\n\t<meta property=\"og:image:height\" content=\"650\" \/>\n\t<meta property=\"og:image:type\" content=\"image\/png\" \/>\n<meta name=\"author\" content=\"Damien Dellerba\" \/>\n<meta name=\"twitter:card\" content=\"summary_large_image\" \/>\n<meta name=\"twitter:image\" content=\"https:\/\/www.ladiagonale.net\/wp-content\/uploads\/2023\/01\/vanderson2.png\" \/>\n<meta name=\"twitter:label1\" content=\"\u00c9crit par\" \/>\n\t<meta name=\"twitter:data1\" content=\"Damien Dellerba\" \/>\n\t<meta name=\"twitter:label2\" content=\"Dur\u00e9e de lecture estim\u00e9e\" \/>\n\t<meta name=\"twitter:data2\" content=\"1 minute\" \/>\n<script type=\"application\/ld+json\" class=\"yoast-schema-graph\">{\"@context\":\"https:\/\/schema.org\",\"@graph\":[{\"@type\":\"WebPage\",\"@id\":\"https:\/\/www.ladiagonale.net\/index.php\/2023\/03\/13\/les-notes-de-la-presse-vanderson-fait-oublier-diatta\/\",\"url\":\"https:\/\/www.ladiagonale.net\/index.php\/2023\/03\/13\/les-notes-de-la-presse-vanderson-fait-oublier-diatta\/\",\"name\":\"Les notes de la presse : Vanderson fait oublier Diatta - La Diagonale\",\"isPartOf\":{\"@id\":\"https:\/\/www.ladiagonale.net\/#website\"},\"datePublished\":\"2023-03-13T12:12:00+00:00\",\"dateModified\":\"2023-03-13T15:22:59+00:00\",\"author\":{\"@id\":\"https:\/\/www.ladiagonale.net\/#\/schema\/person\/79ff1e7b0853ed01b2aa26e64ad300bf\"},\"breadcrumb\":{\"@id\":\"https:\/\/www.ladiagonale.net\/index.php\/2023\/03\/13\/les-notes-de-la-presse-vanderson-fait-oublier-diatta\/#breadcrumb\"},\"inLanguage\":\"fr-FR\",\"potentialAction\":[{\"@type\":\"ReadAction\",\"target\":[\"https:\/\/www.ladiagonale.net\/index.php\/2023\/03\/13\/les-notes-de-la-presse-vanderson-fait-oublier-diatta\/\"]}]},{\"@type\":\"BreadcrumbList\",\"@id\":\"https:\/\/www.ladiagonale.net\/index.php\/2023\/03\/13\/les-notes-de-la-presse-vanderson-fait-oublier-diatta\/#breadcrumb\",\"itemListElement\":[{\"@type\":\"ListItem\",\"position\":1,\"name\":\"Accueil\",\"item\":\"https:\/\/www.ladiagonale.net\/\"},{\"@type\":\"ListItem\",\"position\":2,\"name\":\"Les notes de la presse : Vanderson fait oublier Diatta\"}]},{\"@type\":\"WebSite\",\"@id\":\"https:\/\/www.ladiagonale.net\/#website\",\"url\":\"https:\/\/www.ladiagonale.net\/\",\"name\":\"La Diagonale\",\"description\":\"Le site des supporters de l&#039;AS Monaco FC\",\"potentialAction\":[{\"@type\":\"SearchAction\",\"target\":{\"@type\":\"EntryPoint\",\"urlTemplate\":\"https:\/\/www.ladiagonale.net\/?s={search_term_string}\"},\"query-input\":\"required name=search_term_string\"}],\"inLanguage\":\"fr-FR\"},{\"@type\":\"Person\",\"@id\":\"https:\/\/www.ladiagonale.net\/#\/schema\/person\/79ff1e7b0853ed01b2aa26e64ad300bf\",\"name\":\"Damien Dellerba\",\"image\":{\"@type\":\"ImageObject\",\"inLanguage\":\"fr-FR\",\"@id\":\"https:\/\/www.ladiagonale.net\/#\/schema\/person\/image\/\",\"url\":\"https:\/\/secure.gravatar.com\/avatar\/c7850e06d3ff63cdbaee88b7fc16e2f0?s=96&d=mm&r=g\",\"contentUrl\":\"https:\/\/secure.gravatar.com\/avatar\/c7850e06d3ff63cdbaee88b7fc16e2f0?s=96&d=mm&r=g\",\"caption\":\"Damien Dellerba\"},\"url\":\"https:\/\/www.ladiagonale.net\/index.php\/author\/damien\/\"}]}<\/script>\n<!-- \/ Yoast SEO plugin. -->","yoast_head_json":{"title":"Les notes de la presse : Vanderson fait oublier Diatta - La Diagonale","robots":{"index":"index","follow":"follow","max-snippet":"max-snippet:-1","max-image-preview":"max-image-preview:large","max-video-preview":"max-video-preview:-1"},"canonical":"https:\/\/www.ladiagonale.net\/index.php\/2023\/03\/13\/les-notes-de-la-presse-vanderson-fait-oublier-diatta\/","og_locale":"fr_FR","og_type":"article","og_title":"Les notes de la presse : Vanderson fait oublier Diatta - La Diagonale","og_description":"Vanderson a fait son retour apr\u00e8s six semaines d&rsquo;absence. Son entr\u00e9e en jeu \u00e0 la mi-temps a permis de bonifier quelques bons mouvements du collectif as\u00e9miste, ce que n&rsquo;avais jamais r\u00e9ussi \u00e0 faire Diatta en 45 minutes de jeu. C&rsquo;est fort logiquement que le lat\u00e9ral br\u00e9silien, reconverti comme ailier pour l&rsquo;occasion, a re\u00e7u la meilleure [...]","og_url":"https:\/\/www.ladiagonale.net\/index.php\/2023\/03\/13\/les-notes-de-la-presse-vanderson-fait-oublier-diatta\/","og_site_name":"La Diagonale","article_published_time":"2023-03-13T12:12:00+00:00","article_modified_time":"2023-03-13T15:22:59+00:00","og_image":[{"width":1160,"height":650,"url":"https:\/\/www.ladiagonale.net\/wp-content\/uploads\/2023\/01\/vanderson2.png","type":"image\/png"}],"author":"Damien Dellerba","twitter_card":"summary_large_image","twitter_image":"https:\/\/www.ladiagonale.net\/wp-content\/uploads\/2023\/01\/vanderson2.png","twitter_misc":{"\u00c9crit par":"Damien Dellerba","Dur\u00e9e de lecture estim\u00e9e":"1 minute"},"schema":{"@context":"https:\/\/schema.org","@graph":[{"@type":"WebPage","@id":"https:\/\/www.ladiagonale.net\/index.php\/2023\/03\/13\/les-notes-de-la-presse-vanderson-fait-oublier-diatta\/","url":"https:\/\/www.ladiagonale.net\/index.php\/2023\/03\/13\/les-notes-de-la-presse-vanderson-fait-oublier-diatta\/","name":"Les notes de la presse : Vanderson fait oublier Diatta - La Diagonale","isPartOf":{"@id":"https:\/\/www.ladiagonale.net\/#website"},"datePublished":"2023-03-13T12:12:00+00:00","dateModified":"2023-03-13T15:22:59+00:00","author":{"@id":"https:\/\/www.ladiagonale.net\/#\/schema\/person\/79ff1e7b0853ed01b2aa26e64ad300bf"},"breadcrumb":{"@id":"https:\/\/www.ladiagonale.net\/index.php\/2023\/03\/13\/les-notes-de-la-presse-vanderson-fait-oublier-diatta\/#breadcrumb"},"inLanguage":"fr-FR","potentialAction":[{"@type":"ReadAction","target":["https:\/\/www.ladiagonale.net\/index.php\/2023\/03\/13\/les-notes-de-la-presse-vanderson-fait-oublier-diatta\/"]}]},{"@type":"BreadcrumbList","@id":"https:\/\/www.ladiagonale.net\/index.php\/2023\/03\/13\/les-notes-de-la-presse-vanderson-fait-oublier-diatta\/#breadcrumb","itemListElement":[{"@type":"ListItem","position":1,"name":"Accueil","item":"https:\/\/www.ladiagonale.net\/"},{"@type":"ListItem","position":2,"name":"Les notes de la presse : Vanderson fait oublier Diatta"}]},{"@type":"WebSite","@id":"https:\/\/www.ladiagonale.net\/#website","url":"https:\/\/www.ladiagonale.net\/","name":"La Diagonale","description":"Le site des supporters de l&#039;AS Monaco FC","potentialAction":[{"@type":"SearchAction","target":{"@type":"EntryPoint","urlTemplate":"https:\/\/www.ladiagonale.net\/?s={search_term_string}"},"query-input":"required name=search_term_string"}],"inLanguage":"fr-FR"},{"@type":"Person","@id":"https:\/\/www.ladiagonale.net\/#\/schema\/person\/79ff1e7b0853ed01b2aa26e64ad300bf","name":"Damien Dellerba","image":{"@type":"ImageObject","inLanguage":"fr-FR","@id":"https:\/\/www.ladiagonale.net\/#\/schema\/person\/image\/","url":"https:\/\/secure.gravatar.com\/avatar\/c7850e06d3ff63cdbaee88b7fc16e2f0?s=96&d=mm&r=g","contentUrl":"https:\/\/secure.gravatar.com\/avatar\/c7850e06d3ff63cdbaee88b7fc16e2f0?s=96&d=mm&r=g","caption":"Damien Dellerba"},"url":"https:\/\/www.ladiagonale.net\/index.php\/author\/damien\/"}]}},"_links":{"self":[{"href":"https:\/\/www.ladiagonale.net\/index.php\/wp-json\/wp\/v2\/posts\/10661"}],"collection":[{"href":"https:\/\/www.ladiagonale.net\/index.php\/wp-json\/wp\/v2\/posts"}],"about":[{"href":"https:\/\/www.ladiagonale.net\/index.php\/wp-json\/wp\/v2\/types\/post"}],"author":[{"embeddable":true,"href":"https:\/\/www.ladiagonale.net\/index.php\/wp-json\/wp\/v2\/users\/2"}],"replies":[{"embeddable":true,"href":"https:\/\/www.ladiagonale.net\/index.php\/wp-json\/wp\/v2\/comments?post=10661"}],"version-history":[{"count":3,"href":"https:\/\/www.ladiagonale.net\/index.php\/wp-json\/wp\/v2\/posts\/10661\/revisions"}],"predecessor-version":[{"id":10671,"href":"https:\/\/www.ladiagonale.net\/index.php\/wp-json\/wp\/v2\/posts\/10661\/revisions\/10671"}],"wp:attachment":[{"href":"https:\/\/www.ladiagonale.net\/index.php\/wp-json\/wp\/v2\/media?parent=10661"}],"wp:term":[{"taxonomy":"category","embeddable":true,"href":"https:\/\/www.ladiagonale.net\/index.php\/wp-json\/wp\/v2\/categories?post=10661"},{"taxonomy":"post_tag","embeddable":true,"href":"https:\/\/www.ladiagonale.net\/index.php\/wp-json\/wp\/v2\/tags?post=10661"}],"curies":[{"name":"wp","href":"https:\/\/api.w.org\/{rel}","templated":true}]}}