{"id":10678,"date":"2023-03-13T19:47:00","date_gmt":"2023-03-13T18:47:00","guid":{"rendered":"https:\/\/www.ladiagonale.net\/?p=10678"},"modified":"2023-03-13T20:19:59","modified_gmt":"2023-03-13T19:19:59","slug":"santos-revient-a-la-charge-pour-jean-lucas","status":"publish","type":"post","link":"https:\/\/www.ladiagonale.net\/index.php\/2023\/03\/13\/santos-revient-a-la-charge-pour-jean-lucas\/","title":{"rendered":"Santos revient \u00e0 la charge pour Jean Lucas"},"content":{"rendered":"\n\n\n<p>Devenu ind\u00e9sirable \u00e0 l&rsquo;AS Monaco depuis le d\u00e9but de l&rsquo;ann\u00e9e, Jean Lucas n&rsquo;\u00e9tait pas parvenu \u00e0 trouver un nouveau point de chute lors du dernier mercato hivernal, malgr\u00e9 quelques propositions \u00e9manant notamment de l&rsquo;Espanyol Barcelone pour le faire venir en pr\u00eat. Une responsabilit\u00e9 qui incombe \u00e9galement au club de la Principaut\u00e9, qui privil\u00e9giait alors un transfert sec pour un montant sup\u00e9rieur \u00e0 six millions d&rsquo;euros, ce qui a refroidi plusieurs pr\u00e9tendants.<\/p>\n\n\n\n<p>Le club br\u00e9silien de Santos, au sein duquel Jean Lucas a \u00e9volu\u00e9 entre f\u00e9vrier et juin 2019, en faisait justement partie. Mais selon les informations d&rsquo;<em>UOL<\/em>, Santos n&rsquo;aurait pas renonc\u00e9 \u00e0 r\u00e9cup\u00e9rer le milieu de terrain de 24 ans, dont le contrat sur le Rocher court jusqu&rsquo;en juin 2026. D&rsquo;apr\u00e8s le m\u00e9dia br\u00e9silien, le club voudrait obtenir un pr\u00eat avec une obligation d&rsquo;achat.<\/p>\n\n\n\n<p>Reste encore \u00e0 convaincre Monaco de laisser Jean Lucas partir apr\u00e8s l&rsquo;avoir retenu en janvier. Pour <em>Globo<\/em>, les discussions entre les clubs avancent peu. De son c\u00f4t\u00e9, le journaliste br\u00e9silien Ademir Quintino \u00e9voque d\u00e9j\u00e0 un accord entre le club et le joueur pour un pr\u00eat jusqu&rsquo;\u00e0 la fin de l&rsquo;ann\u00e9e 2023, afin qu&rsquo;il puisse disputer le championnat br\u00e9silien dans son enti\u00e8ret\u00e9, mais Monaco ne serait pas enclin \u00e0 accepter la proposition.<\/p>\n","protected":false},"excerpt":{"rendered":"<p>Devenu ind\u00e9sirable \u00e0 l&rsquo;AS Monaco depuis le d\u00e9but de l&rsquo;ann\u00e9e, Jean Lucas n&rsquo;\u00e9tait pas parvenu \u00e0 trouver un nouveau point de chute lors du dernier mercato hivernal, malgr\u00e9 quelques propositions \u00e9manant notamment de l&rsquo;Espanyol Barcelone pour le faire venir en pr\u00eat. Une responsabilit\u00e9 qui incombe \u00e9galement au club de la Principaut\u00e9, qui privil\u00e9giait alors un [&#8230;]\n","protected":false},"author":2,"featured_media":0,"comment_status":"open","ping_status":"open","sticky":false,"template":"","format":"standard","meta":[],"categories":[6],"tags":[86,231,135,134,262,111,110],"yoast_head":"<!-- This site is optimized with the Yoast SEO plugin v19.8 - https:\/\/yoast.com\/wordpress\/plugins\/seo\/ -->\n<title>Santos revient \u00e0 la charge pour Jean Lucas - La Diagonale<\/title>\n<meta name=\"robots\" content=\"index, follow, max-snippet:-1, max-image-preview:large, max-video-preview:-1\" \/>\n<link rel=\"canonical\" href=\"https:\/\/www.ladiagonale.net\/index.php\/2023\/03\/13\/santos-revient-a-la-charge-pour-jean-lucas\/\" \/>\n<meta property=\"og:locale\" content=\"fr_FR\" \/>\n<meta property=\"og:type\" content=\"article\" \/>\n<meta property=\"og:title\" content=\"Santos revient \u00e0 la charge pour Jean Lucas - La Diagonale\" \/>\n<meta property=\"og:description\" content=\"Devenu ind\u00e9sirable \u00e0 l&rsquo;AS Monaco depuis le d\u00e9but de l&rsquo;ann\u00e9e, Jean Lucas n&rsquo;\u00e9tait pas parvenu \u00e0 trouver un nouveau point de chute lors du dernier mercato hivernal, malgr\u00e9 quelques propositions \u00e9manant notamment de l&rsquo;Espanyol Barcelone pour le faire venir en pr\u00eat. Une responsabilit\u00e9 qui incombe \u00e9galement au club de la Principaut\u00e9, qui privil\u00e9giait alors un [...]\" \/>\n<meta property=\"og:url\" content=\"https:\/\/www.ladiagonale.net\/index.php\/2023\/03\/13\/santos-revient-a-la-charge-pour-jean-lucas\/\" \/>\n<meta property=\"og:site_name\" content=\"La Diagonale\" \/>\n<meta property=\"article:published_time\" content=\"2023-03-13T18:47:00+00:00\" \/>\n<meta property=\"article:modified_time\" content=\"2023-03-13T19:19:59+00:00\" \/>\n<meta property=\"og:image\" content=\"https:\/\/www.ladiagonale.net\/wp-content\/uploads\/2022\/12\/jlucas.png\" \/>\n\t<meta property=\"og:image:width\" content=\"1160\" \/>\n\t<meta property=\"og:image:height\" content=\"650\" \/>\n\t<meta property=\"og:image:type\" content=\"image\/png\" \/>\n<meta name=\"author\" content=\"Damien Dellerba\" \/>\n<meta name=\"twitter:card\" content=\"summary_large_image\" \/>\n<meta name=\"twitter:image\" content=\"https:\/\/www.ladiagonale.net\/wp-content\/uploads\/2022\/12\/jlucas.png\" \/>\n<meta name=\"twitter:label1\" content=\"\u00c9crit par\" \/>\n\t<meta name=\"twitter:data1\" content=\"Damien Dellerba\" \/>\n\t<meta name=\"twitter:label2\" content=\"Dur\u00e9e de lecture estim\u00e9e\" \/>\n\t<meta name=\"twitter:data2\" content=\"2 minutes\" \/>\n<script type=\"application\/ld+json\" class=\"yoast-schema-graph\">{\"@context\":\"https:\/\/schema.org\",\"@graph\":[{\"@type\":\"WebPage\",\"@id\":\"https:\/\/www.ladiagonale.net\/index.php\/2023\/03\/13\/santos-revient-a-la-charge-pour-jean-lucas\/\",\"url\":\"https:\/\/www.ladiagonale.net\/index.php\/2023\/03\/13\/santos-revient-a-la-charge-pour-jean-lucas\/\",\"name\":\"Santos revient \u00e0 la charge pour Jean Lucas - La Diagonale\",\"isPartOf\":{\"@id\":\"https:\/\/www.ladiagonale.net\/#website\"},\"datePublished\":\"2023-03-13T18:47:00+00:00\",\"dateModified\":\"2023-03-13T19:19:59+00:00\",\"author\":{\"@id\":\"https:\/\/www.ladiagonale.net\/#\/schema\/person\/79ff1e7b0853ed01b2aa26e64ad300bf\"},\"breadcrumb\":{\"@id\":\"https:\/\/www.ladiagonale.net\/index.php\/2023\/03\/13\/santos-revient-a-la-charge-pour-jean-lucas\/#breadcrumb\"},\"inLanguage\":\"fr-FR\",\"potentialAction\":[{\"@type\":\"ReadAction\",\"target\":[\"https:\/\/www.ladiagonale.net\/index.php\/2023\/03\/13\/santos-revient-a-la-charge-pour-jean-lucas\/\"]}]},{\"@type\":\"BreadcrumbList\",\"@id\":\"https:\/\/www.ladiagonale.net\/index.php\/2023\/03\/13\/santos-revient-a-la-charge-pour-jean-lucas\/#breadcrumb\",\"itemListElement\":[{\"@type\":\"ListItem\",\"position\":1,\"name\":\"Accueil\",\"item\":\"https:\/\/www.ladiagonale.net\/\"},{\"@type\":\"ListItem\",\"position\":2,\"name\":\"Santos revient \u00e0 la charge pour Jean Lucas\"}]},{\"@type\":\"WebSite\",\"@id\":\"https:\/\/www.ladiagonale.net\/#website\",\"url\":\"https:\/\/www.ladiagonale.net\/\",\"name\":\"La Diagonale\",\"description\":\"Le site des supporters de l&#039;AS Monaco FC\",\"potentialAction\":[{\"@type\":\"SearchAction\",\"target\":{\"@type\":\"EntryPoint\",\"urlTemplate\":\"https:\/\/www.ladiagonale.net\/?s={search_term_string}\"},\"query-input\":\"required name=search_term_string\"}],\"inLanguage\":\"fr-FR\"},{\"@type\":\"Person\",\"@id\":\"https:\/\/www.ladiagonale.net\/#\/schema\/person\/79ff1e7b0853ed01b2aa26e64ad300bf\",\"name\":\"Damien Dellerba\",\"image\":{\"@type\":\"ImageObject\",\"inLanguage\":\"fr-FR\",\"@id\":\"https:\/\/www.ladiagonale.net\/#\/schema\/person\/image\/\",\"url\":\"https:\/\/secure.gravatar.com\/avatar\/c7850e06d3ff63cdbaee88b7fc16e2f0?s=96&d=mm&r=g\",\"contentUrl\":\"https:\/\/secure.gravatar.com\/avatar\/c7850e06d3ff63cdbaee88b7fc16e2f0?s=96&d=mm&r=g\",\"caption\":\"Damien Dellerba\"},\"url\":\"https:\/\/www.ladiagonale.net\/index.php\/author\/damien\/\"}]}<\/script>\n<!-- \/ Yoast SEO plugin. -->","yoast_head_json":{"title":"Santos revient \u00e0 la charge pour Jean Lucas - La Diagonale","robots":{"index":"index","follow":"follow","max-snippet":"max-snippet:-1","max-image-preview":"max-image-preview:large","max-video-preview":"max-video-preview:-1"},"canonical":"https:\/\/www.ladiagonale.net\/index.php\/2023\/03\/13\/santos-revient-a-la-charge-pour-jean-lucas\/","og_locale":"fr_FR","og_type":"article","og_title":"Santos revient \u00e0 la charge pour Jean Lucas - La Diagonale","og_description":"Devenu ind\u00e9sirable \u00e0 l&rsquo;AS Monaco depuis le d\u00e9but de l&rsquo;ann\u00e9e, Jean Lucas n&rsquo;\u00e9tait pas parvenu \u00e0 trouver un nouveau point de chute lors du dernier mercato hivernal, malgr\u00e9 quelques propositions \u00e9manant notamment de l&rsquo;Espanyol Barcelone pour le faire venir en pr\u00eat. Une responsabilit\u00e9 qui incombe \u00e9galement au club de la Principaut\u00e9, qui privil\u00e9giait alors un [...]","og_url":"https:\/\/www.ladiagonale.net\/index.php\/2023\/03\/13\/santos-revient-a-la-charge-pour-jean-lucas\/","og_site_name":"La Diagonale","article_published_time":"2023-03-13T18:47:00+00:00","article_modified_time":"2023-03-13T19:19:59+00:00","og_image":[{"width":1160,"height":650,"url":"https:\/\/www.ladiagonale.net\/wp-content\/uploads\/2022\/12\/jlucas.png","type":"image\/png"}],"author":"Damien Dellerba","twitter_card":"summary_large_image","twitter_image":"https:\/\/www.ladiagonale.net\/wp-content\/uploads\/2022\/12\/jlucas.png","twitter_misc":{"\u00c9crit par":"Damien Dellerba","Dur\u00e9e de lecture estim\u00e9e":"2 minutes"},"schema":{"@context":"https:\/\/schema.org","@graph":[{"@type":"WebPage","@id":"https:\/\/www.ladiagonale.net\/index.php\/2023\/03\/13\/santos-revient-a-la-charge-pour-jean-lucas\/","url":"https:\/\/www.ladiagonale.net\/index.php\/2023\/03\/13\/santos-revient-a-la-charge-pour-jean-lucas\/","name":"Santos revient \u00e0 la charge pour Jean Lucas - La Diagonale","isPartOf":{"@id":"https:\/\/www.ladiagonale.net\/#website"},"datePublished":"2023-03-13T18:47:00+00:00","dateModified":"2023-03-13T19:19:59+00:00","author":{"@id":"https:\/\/www.ladiagonale.net\/#\/schema\/person\/79ff1e7b0853ed01b2aa26e64ad300bf"},"breadcrumb":{"@id":"https:\/\/www.ladiagonale.net\/index.php\/2023\/03\/13\/santos-revient-a-la-charge-pour-jean-lucas\/#breadcrumb"},"inLanguage":"fr-FR","potentialAction":[{"@type":"ReadAction","target":["https:\/\/www.ladiagonale.net\/index.php\/2023\/03\/13\/santos-revient-a-la-charge-pour-jean-lucas\/"]}]},{"@type":"BreadcrumbList","@id":"https:\/\/www.ladiagonale.net\/index.php\/2023\/03\/13\/santos-revient-a-la-charge-pour-jean-lucas\/#breadcrumb","itemListElement":[{"@type":"ListItem","position":1,"name":"Accueil","item":"https:\/\/www.ladiagonale.net\/"},{"@type":"ListItem","position":2,"name":"Santos revient \u00e0 la charge pour Jean Lucas"}]},{"@type":"WebSite","@id":"https:\/\/www.ladiagonale.net\/#website","url":"https:\/\/www.ladiagonale.net\/","name":"La Diagonale","description":"Le site des supporters de l&#039;AS Monaco FC","potentialAction":[{"@type":"SearchAction","target":{"@type":"EntryPoint","urlTemplate":"https:\/\/www.ladiagonale.net\/?s={search_term_string}"},"query-input":"required name=search_term_string"}],"inLanguage":"fr-FR"},{"@type":"Person","@id":"https:\/\/www.ladiagonale.net\/#\/schema\/person\/79ff1e7b0853ed01b2aa26e64ad300bf","name":"Damien Dellerba","image":{"@type":"ImageObject","inLanguage":"fr-FR","@id":"https:\/\/www.ladiagonale.net\/#\/schema\/person\/image\/","url":"https:\/\/secure.gravatar.com\/avatar\/c7850e06d3ff63cdbaee88b7fc16e2f0?s=96&d=mm&r=g","contentUrl":"https:\/\/secure.gravatar.com\/avatar\/c7850e06d3ff63cdbaee88b7fc16e2f0?s=96&d=mm&r=g","caption":"Damien Dellerba"},"url":"https:\/\/www.ladiagonale.net\/index.php\/author\/damien\/"}]}},"_links":{"self":[{"href":"https:\/\/www.ladiagonale.net\/index.php\/wp-json\/wp\/v2\/posts\/10678"}],"collection":[{"href":"https:\/\/www.ladiagonale.net\/index.php\/wp-json\/wp\/v2\/posts"}],"about":[{"href":"https:\/\/www.ladiagonale.net\/index.php\/wp-json\/wp\/v2\/types\/post"}],"author":[{"embeddable":true,"href":"https:\/\/www.ladiagonale.net\/index.php\/wp-json\/wp\/v2\/users\/2"}],"replies":[{"embeddable":true,"href":"https:\/\/www.ladiagonale.net\/index.php\/wp-json\/wp\/v2\/comments?post=10678"}],"version-history":[{"count":2,"href":"https:\/\/www.ladiagonale.net\/index.php\/wp-json\/wp\/v2\/posts\/10678\/revisions"}],"predecessor-version":[{"id":10680,"href":"https:\/\/www.ladiagonale.net\/index.php\/wp-json\/wp\/v2\/posts\/10678\/revisions\/10680"}],"wp:attachment":[{"href":"https:\/\/www.ladiagonale.net\/index.php\/wp-json\/wp\/v2\/media?parent=10678"}],"wp:term":[{"taxonomy":"category","embeddable":true,"href":"https:\/\/www.ladiagonale.net\/index.php\/wp-json\/wp\/v2\/categories?post=10678"},{"taxonomy":"post_tag","embeddable":true,"href":"https:\/\/www.ladiagonale.net\/index.php\/wp-json\/wp\/v2\/tags?post=10678"}],"curies":[{"name":"wp","href":"https:\/\/api.w.org\/{rel}","templated":true}]}}