{"id":10714,"date":"2023-03-16T13:22:51","date_gmt":"2023-03-16T12:22:51","guid":{"rendered":"https:\/\/www.ladiagonale.net\/?p=10714"},"modified":"2023-03-16T17:51:53","modified_gmt":"2023-03-16T16:51:53","slug":"fofana-appele-en-equipe-de-france-pas-disasi","status":"publish","type":"post","link":"https:\/\/www.ladiagonale.net\/index.php\/2023\/03\/16\/fofana-appele-en-equipe-de-france-pas-disasi\/","title":{"rendered":"Fofana appel\u00e9 en \u00e9quipe de France, pas Disasi"},"content":{"rendered":"\n<p>Youssouf Fofana (8 s\u00e9lections) a \u00e9t\u00e9 convoqu\u00e9 par Didier Deschamps pour les deux premi\u00e8res rencontres des \u00e9liminatoires de l\u2019Euro 2024. Axel Disasi (3 s\u00e9lections), qui a particip\u00e9 \u00e0 l\u2019aventure des Bleus jusqu\u2019en finale de la Coupe du monde 2022 et qui traverse une p\u00e9riode plus d\u00e9licate en ce moment, n\u2019a pas \u00e9t\u00e9 retenu. Wissam Ben Yedder, en forme depuis la reprise fin d\u00e9cembre, n\u2019est pas non plus dans le groupe, ce qui confirme pour lui que le train est d\u00e9sormais pass\u00e9. <\/p>\n\n\n\n<p>Un ancien Mon\u00e9gasque, Khephren Thuram, va conna\u00eetre son premier rassemblement avec les A tricolores. Il retrouvera d&rsquo;autres anciens as\u00e9mistes, tels que Kylian Mbapp\u00e9 et Aur\u00e9lien Tchouam\u00e9ni.<\/p>\n\n\n\n<p>La France affrontera les Pays-Bas le mardi 24 mars (20h45) puis l\u2019Irlande le 27 mars (20h45).<\/p>\n","protected":false},"excerpt":{"rendered":"<p>Youssouf Fofana (8 s\u00e9lections) a \u00e9t\u00e9 convoqu\u00e9 par Didier Deschamps pour les deux premi\u00e8res rencontres des \u00e9liminatoires de l\u2019Euro 2024. Axel Disasi (3 s\u00e9lections), qui a particip\u00e9 \u00e0 l\u2019aventure des Bleus jusqu\u2019en finale de la Coupe du monde 2022 et qui traverse une p\u00e9riode plus d\u00e9licate en ce moment, n\u2019a pas \u00e9t\u00e9 retenu. Wissam Ben [&#8230;]\n","protected":false},"author":2,"featured_media":0,"comment_status":"open","ping_status":"open","sticky":false,"template":"","format":"standard","meta":[],"categories":[4,6],"tags":[86,178,83,116,176],"yoast_head":"<!-- This site is optimized with the Yoast SEO plugin v19.8 - https:\/\/yoast.com\/wordpress\/plugins\/seo\/ -->\n<title>Fofana appel\u00e9 en \u00e9quipe de France, pas Disasi - La Diagonale<\/title>\n<meta name=\"robots\" content=\"index, follow, max-snippet:-1, max-image-preview:large, max-video-preview:-1\" \/>\n<link rel=\"canonical\" href=\"https:\/\/www.ladiagonale.net\/index.php\/2023\/03\/16\/fofana-appele-en-equipe-de-france-pas-disasi\/\" \/>\n<meta property=\"og:locale\" content=\"fr_FR\" \/>\n<meta property=\"og:type\" content=\"article\" \/>\n<meta property=\"og:title\" content=\"Fofana appel\u00e9 en \u00e9quipe de France, pas Disasi - La Diagonale\" \/>\n<meta property=\"og:description\" content=\"Youssouf Fofana (8 s\u00e9lections) a \u00e9t\u00e9 convoqu\u00e9 par Didier Deschamps pour les deux premi\u00e8res rencontres des \u00e9liminatoires de l\u2019Euro 2024. Axel Disasi (3 s\u00e9lections), qui a particip\u00e9 \u00e0 l\u2019aventure des Bleus jusqu\u2019en finale de la Coupe du monde 2022 et qui traverse une p\u00e9riode plus d\u00e9licate en ce moment, n\u2019a pas \u00e9t\u00e9 retenu. Wissam Ben [...]\" \/>\n<meta property=\"og:url\" content=\"https:\/\/www.ladiagonale.net\/index.php\/2023\/03\/16\/fofana-appele-en-equipe-de-france-pas-disasi\/\" \/>\n<meta property=\"og:site_name\" content=\"La Diagonale\" \/>\n<meta property=\"article:published_time\" content=\"2023-03-16T12:22:51+00:00\" \/>\n<meta property=\"article:modified_time\" content=\"2023-03-16T16:51:53+00:00\" \/>\n<meta property=\"og:image\" content=\"https:\/\/www.ladiagonale.net\/wp-content\/uploads\/2022\/11\/fofana-edf.png\" \/>\n\t<meta property=\"og:image:width\" content=\"1160\" \/>\n\t<meta property=\"og:image:height\" content=\"650\" \/>\n\t<meta property=\"og:image:type\" content=\"image\/png\" \/>\n<meta name=\"author\" content=\"Damien Dellerba\" \/>\n<meta name=\"twitter:card\" content=\"summary_large_image\" \/>\n<meta name=\"twitter:image\" content=\"https:\/\/www.ladiagonale.net\/wp-content\/uploads\/2022\/11\/fofana-edf.png\" \/>\n<meta name=\"twitter:label1\" content=\"\u00c9crit par\" \/>\n\t<meta name=\"twitter:data1\" content=\"Damien Dellerba\" \/>\n\t<meta name=\"twitter:label2\" content=\"Dur\u00e9e de lecture estim\u00e9e\" \/>\n\t<meta name=\"twitter:data2\" content=\"1 minute\" \/>\n<script type=\"application\/ld+json\" class=\"yoast-schema-graph\">{\"@context\":\"https:\/\/schema.org\",\"@graph\":[{\"@type\":\"WebPage\",\"@id\":\"https:\/\/www.ladiagonale.net\/index.php\/2023\/03\/16\/fofana-appele-en-equipe-de-france-pas-disasi\/\",\"url\":\"https:\/\/www.ladiagonale.net\/index.php\/2023\/03\/16\/fofana-appele-en-equipe-de-france-pas-disasi\/\",\"name\":\"Fofana appel\u00e9 en \u00e9quipe de France, pas Disasi - La Diagonale\",\"isPartOf\":{\"@id\":\"https:\/\/www.ladiagonale.net\/#website\"},\"datePublished\":\"2023-03-16T12:22:51+00:00\",\"dateModified\":\"2023-03-16T16:51:53+00:00\",\"author\":{\"@id\":\"https:\/\/www.ladiagonale.net\/#\/schema\/person\/79ff1e7b0853ed01b2aa26e64ad300bf\"},\"breadcrumb\":{\"@id\":\"https:\/\/www.ladiagonale.net\/index.php\/2023\/03\/16\/fofana-appele-en-equipe-de-france-pas-disasi\/#breadcrumb\"},\"inLanguage\":\"fr-FR\",\"potentialAction\":[{\"@type\":\"ReadAction\",\"target\":[\"https:\/\/www.ladiagonale.net\/index.php\/2023\/03\/16\/fofana-appele-en-equipe-de-france-pas-disasi\/\"]}]},{\"@type\":\"BreadcrumbList\",\"@id\":\"https:\/\/www.ladiagonale.net\/index.php\/2023\/03\/16\/fofana-appele-en-equipe-de-france-pas-disasi\/#breadcrumb\",\"itemListElement\":[{\"@type\":\"ListItem\",\"position\":1,\"name\":\"Accueil\",\"item\":\"https:\/\/www.ladiagonale.net\/\"},{\"@type\":\"ListItem\",\"position\":2,\"name\":\"Fofana appel\u00e9 en \u00e9quipe de France, pas Disasi\"}]},{\"@type\":\"WebSite\",\"@id\":\"https:\/\/www.ladiagonale.net\/#website\",\"url\":\"https:\/\/www.ladiagonale.net\/\",\"name\":\"La Diagonale\",\"description\":\"Le site des supporters de l&#039;AS Monaco FC\",\"potentialAction\":[{\"@type\":\"SearchAction\",\"target\":{\"@type\":\"EntryPoint\",\"urlTemplate\":\"https:\/\/www.ladiagonale.net\/?s={search_term_string}\"},\"query-input\":\"required name=search_term_string\"}],\"inLanguage\":\"fr-FR\"},{\"@type\":\"Person\",\"@id\":\"https:\/\/www.ladiagonale.net\/#\/schema\/person\/79ff1e7b0853ed01b2aa26e64ad300bf\",\"name\":\"Damien Dellerba\",\"image\":{\"@type\":\"ImageObject\",\"inLanguage\":\"fr-FR\",\"@id\":\"https:\/\/www.ladiagonale.net\/#\/schema\/person\/image\/\",\"url\":\"https:\/\/secure.gravatar.com\/avatar\/c7850e06d3ff63cdbaee88b7fc16e2f0?s=96&d=mm&r=g\",\"contentUrl\":\"https:\/\/secure.gravatar.com\/avatar\/c7850e06d3ff63cdbaee88b7fc16e2f0?s=96&d=mm&r=g\",\"caption\":\"Damien Dellerba\"},\"url\":\"https:\/\/www.ladiagonale.net\/index.php\/author\/damien\/\"}]}<\/script>\n<!-- \/ Yoast SEO plugin. -->","yoast_head_json":{"title":"Fofana appel\u00e9 en \u00e9quipe de France, pas Disasi - La Diagonale","robots":{"index":"index","follow":"follow","max-snippet":"max-snippet:-1","max-image-preview":"max-image-preview:large","max-video-preview":"max-video-preview:-1"},"canonical":"https:\/\/www.ladiagonale.net\/index.php\/2023\/03\/16\/fofana-appele-en-equipe-de-france-pas-disasi\/","og_locale":"fr_FR","og_type":"article","og_title":"Fofana appel\u00e9 en \u00e9quipe de France, pas Disasi - La Diagonale","og_description":"Youssouf Fofana (8 s\u00e9lections) a \u00e9t\u00e9 convoqu\u00e9 par Didier Deschamps pour les deux premi\u00e8res rencontres des \u00e9liminatoires de l\u2019Euro 2024. Axel Disasi (3 s\u00e9lections), qui a particip\u00e9 \u00e0 l\u2019aventure des Bleus jusqu\u2019en finale de la Coupe du monde 2022 et qui traverse une p\u00e9riode plus d\u00e9licate en ce moment, n\u2019a pas \u00e9t\u00e9 retenu. Wissam Ben [...]","og_url":"https:\/\/www.ladiagonale.net\/index.php\/2023\/03\/16\/fofana-appele-en-equipe-de-france-pas-disasi\/","og_site_name":"La Diagonale","article_published_time":"2023-03-16T12:22:51+00:00","article_modified_time":"2023-03-16T16:51:53+00:00","og_image":[{"width":1160,"height":650,"url":"https:\/\/www.ladiagonale.net\/wp-content\/uploads\/2022\/11\/fofana-edf.png","type":"image\/png"}],"author":"Damien Dellerba","twitter_card":"summary_large_image","twitter_image":"https:\/\/www.ladiagonale.net\/wp-content\/uploads\/2022\/11\/fofana-edf.png","twitter_misc":{"\u00c9crit par":"Damien Dellerba","Dur\u00e9e de lecture estim\u00e9e":"1 minute"},"schema":{"@context":"https:\/\/schema.org","@graph":[{"@type":"WebPage","@id":"https:\/\/www.ladiagonale.net\/index.php\/2023\/03\/16\/fofana-appele-en-equipe-de-france-pas-disasi\/","url":"https:\/\/www.ladiagonale.net\/index.php\/2023\/03\/16\/fofana-appele-en-equipe-de-france-pas-disasi\/","name":"Fofana appel\u00e9 en \u00e9quipe de France, pas Disasi - La Diagonale","isPartOf":{"@id":"https:\/\/www.ladiagonale.net\/#website"},"datePublished":"2023-03-16T12:22:51+00:00","dateModified":"2023-03-16T16:51:53+00:00","author":{"@id":"https:\/\/www.ladiagonale.net\/#\/schema\/person\/79ff1e7b0853ed01b2aa26e64ad300bf"},"breadcrumb":{"@id":"https:\/\/www.ladiagonale.net\/index.php\/2023\/03\/16\/fofana-appele-en-equipe-de-france-pas-disasi\/#breadcrumb"},"inLanguage":"fr-FR","potentialAction":[{"@type":"ReadAction","target":["https:\/\/www.ladiagonale.net\/index.php\/2023\/03\/16\/fofana-appele-en-equipe-de-france-pas-disasi\/"]}]},{"@type":"BreadcrumbList","@id":"https:\/\/www.ladiagonale.net\/index.php\/2023\/03\/16\/fofana-appele-en-equipe-de-france-pas-disasi\/#breadcrumb","itemListElement":[{"@type":"ListItem","position":1,"name":"Accueil","item":"https:\/\/www.ladiagonale.net\/"},{"@type":"ListItem","position":2,"name":"Fofana appel\u00e9 en \u00e9quipe de France, pas Disasi"}]},{"@type":"WebSite","@id":"https:\/\/www.ladiagonale.net\/#website","url":"https:\/\/www.ladiagonale.net\/","name":"La Diagonale","description":"Le site des supporters de l&#039;AS Monaco FC","potentialAction":[{"@type":"SearchAction","target":{"@type":"EntryPoint","urlTemplate":"https:\/\/www.ladiagonale.net\/?s={search_term_string}"},"query-input":"required name=search_term_string"}],"inLanguage":"fr-FR"},{"@type":"Person","@id":"https:\/\/www.ladiagonale.net\/#\/schema\/person\/79ff1e7b0853ed01b2aa26e64ad300bf","name":"Damien Dellerba","image":{"@type":"ImageObject","inLanguage":"fr-FR","@id":"https:\/\/www.ladiagonale.net\/#\/schema\/person\/image\/","url":"https:\/\/secure.gravatar.com\/avatar\/c7850e06d3ff63cdbaee88b7fc16e2f0?s=96&d=mm&r=g","contentUrl":"https:\/\/secure.gravatar.com\/avatar\/c7850e06d3ff63cdbaee88b7fc16e2f0?s=96&d=mm&r=g","caption":"Damien Dellerba"},"url":"https:\/\/www.ladiagonale.net\/index.php\/author\/damien\/"}]}},"_links":{"self":[{"href":"https:\/\/www.ladiagonale.net\/index.php\/wp-json\/wp\/v2\/posts\/10714"}],"collection":[{"href":"https:\/\/www.ladiagonale.net\/index.php\/wp-json\/wp\/v2\/posts"}],"about":[{"href":"https:\/\/www.ladiagonale.net\/index.php\/wp-json\/wp\/v2\/types\/post"}],"author":[{"embeddable":true,"href":"https:\/\/www.ladiagonale.net\/index.php\/wp-json\/wp\/v2\/users\/2"}],"replies":[{"embeddable":true,"href":"https:\/\/www.ladiagonale.net\/index.php\/wp-json\/wp\/v2\/comments?post=10714"}],"version-history":[{"count":3,"href":"https:\/\/www.ladiagonale.net\/index.php\/wp-json\/wp\/v2\/posts\/10714\/revisions"}],"predecessor-version":[{"id":10725,"href":"https:\/\/www.ladiagonale.net\/index.php\/wp-json\/wp\/v2\/posts\/10714\/revisions\/10725"}],"wp:attachment":[{"href":"https:\/\/www.ladiagonale.net\/index.php\/wp-json\/wp\/v2\/media?parent=10714"}],"wp:term":[{"taxonomy":"category","embeddable":true,"href":"https:\/\/www.ladiagonale.net\/index.php\/wp-json\/wp\/v2\/categories?post=10714"},{"taxonomy":"post_tag","embeddable":true,"href":"https:\/\/www.ladiagonale.net\/index.php\/wp-json\/wp\/v2\/tags?post=10714"}],"curies":[{"name":"wp","href":"https:\/\/api.w.org\/{rel}","templated":true}]}}