{"id":10798,"date":"2023-03-18T17:51:54","date_gmt":"2023-03-18T16:51:54","guid":{"rendered":"https:\/\/www.ladiagonale.net\/?p=10798"},"modified":"2023-04-01T15:40:02","modified_gmt":"2023-04-01T13:40:02","slug":"le-groupe-monegasque-golovin-absent","status":"publish","type":"post","link":"https:\/\/www.ladiagonale.net\/index.php\/2023\/03\/18\/le-groupe-monegasque-golovin-absent\/","title":{"rendered":"Le groupe mon\u00e9gasque : Golovin absent"},"content":{"rendered":"\n\n\n<p>Philippe Clement ne va pas pouvoir compter sur Aleksandr Golovin pour le d\u00e9placement \u00e0 Ajaccio ce dimanche (13h) \u00e0 l&rsquo;occasion de la 28<sup>e<\/sup> journ\u00e9e de Ligue 1. Le milieu de terrain russe pr\u00e9sente une g\u00eane \u00e0 l\u2019adducteur droit. Ismail Jakobs est \u00e9galement forfait en raison d\u2019une g\u00eane \u00e0 la hanche. Ces deux absences s\u2019ajoutent \u00e0 celle de Kevin Volland.<\/p>\n\n\n\n<p>Eliesse Ben Seghir, Mohamed Camara et Gelson Martins sont bien pr\u00e9sents dans le groupe malgr\u00e9 les quelques doutes qui entouraient leur pr\u00e9sence dans les rangs as\u00e9mistes.<\/p>\n\n\n\n<p>L&rsquo;entra\u00eeneur de l&rsquo;AS Monaco a convoqu\u00e9 un groupe \u00e9largi de 23 joueurs ce qui aura pour cons\u00e9quence de laisser trois joueurs en tribune.<\/p>\n\n\n\n<p><strong>Le groupe mon\u00e9gasque<\/strong><\/p>\n\n\n\n<ul>\n\n<li><strong>Gardiens :<\/strong> Didillon, Lienard, N\u00fcbel.<\/li>\n\n\n<li><strong>D\u00e9fenseurs :<\/strong> Aguilar, C. Henrique, Disasi, Maripan, Matsima, Okou, Sarr, Vanderson.<\/li>\n\n\n<li><strong>Milieux :<\/strong> Akliouche, Ben Seghir, Camara, Diatta, Diop, Fofana, G. Martins, Matazo, Minamino.<\/li>\n\n\n<li><strong>Attaquants :<\/strong> Ben Yedder, Boadu, Embolo.<\/li>\n\n<\/ul>\n\n\n\n<p><em>Absents :<\/em> Volland (bless\u00e9), Golovin, Jakobs (g\u00eane), J. Lucas, Magassa (choix).<\/p>\n","protected":false},"excerpt":{"rendered":"<p>Philippe Clement ne va pas pouvoir compter sur Aleksandr Golovin pour le d\u00e9placement \u00e0 Ajaccio ce dimanche (13h) \u00e0 l&rsquo;occasion de la 28e journ\u00e9e de Ligue 1. Le milieu de terrain russe pr\u00e9sente une g\u00eane \u00e0 l\u2019adducteur droit. Ismail Jakobs est \u00e9galement forfait en raison d\u2019une g\u00eane \u00e0 la hanche. Ces deux absences s\u2019ajoutent \u00e0 [&#8230;]\n","protected":false},"author":2,"featured_media":0,"comment_status":"open","ping_status":"open","sticky":false,"template":"","format":"standard","meta":[],"categories":[4,6],"tags":[443,86,225,94],"yoast_head":"<!-- This site is optimized with the Yoast SEO plugin v19.8 - https:\/\/yoast.com\/wordpress\/plugins\/seo\/ -->\n<title>Le groupe mon\u00e9gasque : Golovin absent - La Diagonale<\/title>\n<meta name=\"robots\" content=\"index, follow, max-snippet:-1, max-image-preview:large, max-video-preview:-1\" \/>\n<link rel=\"canonical\" href=\"https:\/\/www.ladiagonale.net\/index.php\/2023\/03\/18\/le-groupe-monegasque-golovin-absent\/\" \/>\n<meta property=\"og:locale\" content=\"fr_FR\" \/>\n<meta property=\"og:type\" content=\"article\" \/>\n<meta property=\"og:title\" content=\"Le groupe mon\u00e9gasque : Golovin absent - La Diagonale\" \/>\n<meta property=\"og:description\" content=\"Philippe Clement ne va pas pouvoir compter sur Aleksandr Golovin pour le d\u00e9placement \u00e0 Ajaccio ce dimanche (13h) \u00e0 l&rsquo;occasion de la 28e journ\u00e9e de Ligue 1. Le milieu de terrain russe pr\u00e9sente une g\u00eane \u00e0 l\u2019adducteur droit. Ismail Jakobs est \u00e9galement forfait en raison d\u2019une g\u00eane \u00e0 la hanche. Ces deux absences s\u2019ajoutent \u00e0 [...]\" \/>\n<meta property=\"og:url\" content=\"https:\/\/www.ladiagonale.net\/index.php\/2023\/03\/18\/le-groupe-monegasque-golovin-absent\/\" \/>\n<meta property=\"og:site_name\" content=\"La Diagonale\" \/>\n<meta property=\"article:published_time\" content=\"2023-03-18T16:51:54+00:00\" \/>\n<meta property=\"article:modified_time\" content=\"2023-04-01T13:40:02+00:00\" \/>\n<meta property=\"og:image\" content=\"https:\/\/www.ladiagonale.net\/wp-content\/uploads\/2022\/10\/golovin.png\" \/>\n\t<meta property=\"og:image:width\" content=\"1160\" \/>\n\t<meta property=\"og:image:height\" content=\"650\" \/>\n\t<meta property=\"og:image:type\" content=\"image\/png\" \/>\n<meta name=\"author\" content=\"Damien Dellerba\" \/>\n<meta name=\"twitter:card\" content=\"summary_large_image\" \/>\n<meta name=\"twitter:image\" content=\"https:\/\/www.ladiagonale.net\/wp-content\/uploads\/2022\/10\/golovin.png\" \/>\n<meta name=\"twitter:label1\" content=\"\u00c9crit par\" \/>\n\t<meta name=\"twitter:data1\" content=\"Damien Dellerba\" \/>\n\t<meta name=\"twitter:label2\" content=\"Dur\u00e9e de lecture estim\u00e9e\" \/>\n\t<meta name=\"twitter:data2\" content=\"1 minute\" \/>\n<script type=\"application\/ld+json\" class=\"yoast-schema-graph\">{\"@context\":\"https:\/\/schema.org\",\"@graph\":[{\"@type\":\"WebPage\",\"@id\":\"https:\/\/www.ladiagonale.net\/index.php\/2023\/03\/18\/le-groupe-monegasque-golovin-absent\/\",\"url\":\"https:\/\/www.ladiagonale.net\/index.php\/2023\/03\/18\/le-groupe-monegasque-golovin-absent\/\",\"name\":\"Le groupe mon\u00e9gasque : Golovin absent - La Diagonale\",\"isPartOf\":{\"@id\":\"https:\/\/www.ladiagonale.net\/#website\"},\"datePublished\":\"2023-03-18T16:51:54+00:00\",\"dateModified\":\"2023-04-01T13:40:02+00:00\",\"author\":{\"@id\":\"https:\/\/www.ladiagonale.net\/#\/schema\/person\/79ff1e7b0853ed01b2aa26e64ad300bf\"},\"breadcrumb\":{\"@id\":\"https:\/\/www.ladiagonale.net\/index.php\/2023\/03\/18\/le-groupe-monegasque-golovin-absent\/#breadcrumb\"},\"inLanguage\":\"fr-FR\",\"potentialAction\":[{\"@type\":\"ReadAction\",\"target\":[\"https:\/\/www.ladiagonale.net\/index.php\/2023\/03\/18\/le-groupe-monegasque-golovin-absent\/\"]}]},{\"@type\":\"BreadcrumbList\",\"@id\":\"https:\/\/www.ladiagonale.net\/index.php\/2023\/03\/18\/le-groupe-monegasque-golovin-absent\/#breadcrumb\",\"itemListElement\":[{\"@type\":\"ListItem\",\"position\":1,\"name\":\"Accueil\",\"item\":\"https:\/\/www.ladiagonale.net\/\"},{\"@type\":\"ListItem\",\"position\":2,\"name\":\"Le groupe mon\u00e9gasque : Golovin absent\"}]},{\"@type\":\"WebSite\",\"@id\":\"https:\/\/www.ladiagonale.net\/#website\",\"url\":\"https:\/\/www.ladiagonale.net\/\",\"name\":\"La Diagonale\",\"description\":\"Le site des supporters de l&#039;AS Monaco FC\",\"potentialAction\":[{\"@type\":\"SearchAction\",\"target\":{\"@type\":\"EntryPoint\",\"urlTemplate\":\"https:\/\/www.ladiagonale.net\/?s={search_term_string}\"},\"query-input\":\"required name=search_term_string\"}],\"inLanguage\":\"fr-FR\"},{\"@type\":\"Person\",\"@id\":\"https:\/\/www.ladiagonale.net\/#\/schema\/person\/79ff1e7b0853ed01b2aa26e64ad300bf\",\"name\":\"Damien Dellerba\",\"image\":{\"@type\":\"ImageObject\",\"inLanguage\":\"fr-FR\",\"@id\":\"https:\/\/www.ladiagonale.net\/#\/schema\/person\/image\/\",\"url\":\"https:\/\/secure.gravatar.com\/avatar\/c7850e06d3ff63cdbaee88b7fc16e2f0?s=96&d=mm&r=g\",\"contentUrl\":\"https:\/\/secure.gravatar.com\/avatar\/c7850e06d3ff63cdbaee88b7fc16e2f0?s=96&d=mm&r=g\",\"caption\":\"Damien Dellerba\"},\"url\":\"https:\/\/www.ladiagonale.net\/index.php\/author\/damien\/\"}]}<\/script>\n<!-- \/ Yoast SEO plugin. -->","yoast_head_json":{"title":"Le groupe mon\u00e9gasque : Golovin absent - La Diagonale","robots":{"index":"index","follow":"follow","max-snippet":"max-snippet:-1","max-image-preview":"max-image-preview:large","max-video-preview":"max-video-preview:-1"},"canonical":"https:\/\/www.ladiagonale.net\/index.php\/2023\/03\/18\/le-groupe-monegasque-golovin-absent\/","og_locale":"fr_FR","og_type":"article","og_title":"Le groupe mon\u00e9gasque : Golovin absent - La Diagonale","og_description":"Philippe Clement ne va pas pouvoir compter sur Aleksandr Golovin pour le d\u00e9placement \u00e0 Ajaccio ce dimanche (13h) \u00e0 l&rsquo;occasion de la 28e journ\u00e9e de Ligue 1. Le milieu de terrain russe pr\u00e9sente une g\u00eane \u00e0 l\u2019adducteur droit. Ismail Jakobs est \u00e9galement forfait en raison d\u2019une g\u00eane \u00e0 la hanche. Ces deux absences s\u2019ajoutent \u00e0 [...]","og_url":"https:\/\/www.ladiagonale.net\/index.php\/2023\/03\/18\/le-groupe-monegasque-golovin-absent\/","og_site_name":"La Diagonale","article_published_time":"2023-03-18T16:51:54+00:00","article_modified_time":"2023-04-01T13:40:02+00:00","og_image":[{"width":1160,"height":650,"url":"https:\/\/www.ladiagonale.net\/wp-content\/uploads\/2022\/10\/golovin.png","type":"image\/png"}],"author":"Damien Dellerba","twitter_card":"summary_large_image","twitter_image":"https:\/\/www.ladiagonale.net\/wp-content\/uploads\/2022\/10\/golovin.png","twitter_misc":{"\u00c9crit par":"Damien Dellerba","Dur\u00e9e de lecture estim\u00e9e":"1 minute"},"schema":{"@context":"https:\/\/schema.org","@graph":[{"@type":"WebPage","@id":"https:\/\/www.ladiagonale.net\/index.php\/2023\/03\/18\/le-groupe-monegasque-golovin-absent\/","url":"https:\/\/www.ladiagonale.net\/index.php\/2023\/03\/18\/le-groupe-monegasque-golovin-absent\/","name":"Le groupe mon\u00e9gasque : Golovin absent - La Diagonale","isPartOf":{"@id":"https:\/\/www.ladiagonale.net\/#website"},"datePublished":"2023-03-18T16:51:54+00:00","dateModified":"2023-04-01T13:40:02+00:00","author":{"@id":"https:\/\/www.ladiagonale.net\/#\/schema\/person\/79ff1e7b0853ed01b2aa26e64ad300bf"},"breadcrumb":{"@id":"https:\/\/www.ladiagonale.net\/index.php\/2023\/03\/18\/le-groupe-monegasque-golovin-absent\/#breadcrumb"},"inLanguage":"fr-FR","potentialAction":[{"@type":"ReadAction","target":["https:\/\/www.ladiagonale.net\/index.php\/2023\/03\/18\/le-groupe-monegasque-golovin-absent\/"]}]},{"@type":"BreadcrumbList","@id":"https:\/\/www.ladiagonale.net\/index.php\/2023\/03\/18\/le-groupe-monegasque-golovin-absent\/#breadcrumb","itemListElement":[{"@type":"ListItem","position":1,"name":"Accueil","item":"https:\/\/www.ladiagonale.net\/"},{"@type":"ListItem","position":2,"name":"Le groupe mon\u00e9gasque : Golovin absent"}]},{"@type":"WebSite","@id":"https:\/\/www.ladiagonale.net\/#website","url":"https:\/\/www.ladiagonale.net\/","name":"La Diagonale","description":"Le site des supporters de l&#039;AS Monaco FC","potentialAction":[{"@type":"SearchAction","target":{"@type":"EntryPoint","urlTemplate":"https:\/\/www.ladiagonale.net\/?s={search_term_string}"},"query-input":"required name=search_term_string"}],"inLanguage":"fr-FR"},{"@type":"Person","@id":"https:\/\/www.ladiagonale.net\/#\/schema\/person\/79ff1e7b0853ed01b2aa26e64ad300bf","name":"Damien Dellerba","image":{"@type":"ImageObject","inLanguage":"fr-FR","@id":"https:\/\/www.ladiagonale.net\/#\/schema\/person\/image\/","url":"https:\/\/secure.gravatar.com\/avatar\/c7850e06d3ff63cdbaee88b7fc16e2f0?s=96&d=mm&r=g","contentUrl":"https:\/\/secure.gravatar.com\/avatar\/c7850e06d3ff63cdbaee88b7fc16e2f0?s=96&d=mm&r=g","caption":"Damien Dellerba"},"url":"https:\/\/www.ladiagonale.net\/index.php\/author\/damien\/"}]}},"_links":{"self":[{"href":"https:\/\/www.ladiagonale.net\/index.php\/wp-json\/wp\/v2\/posts\/10798"}],"collection":[{"href":"https:\/\/www.ladiagonale.net\/index.php\/wp-json\/wp\/v2\/posts"}],"about":[{"href":"https:\/\/www.ladiagonale.net\/index.php\/wp-json\/wp\/v2\/types\/post"}],"author":[{"embeddable":true,"href":"https:\/\/www.ladiagonale.net\/index.php\/wp-json\/wp\/v2\/users\/2"}],"replies":[{"embeddable":true,"href":"https:\/\/www.ladiagonale.net\/index.php\/wp-json\/wp\/v2\/comments?post=10798"}],"version-history":[{"count":6,"href":"https:\/\/www.ladiagonale.net\/index.php\/wp-json\/wp\/v2\/posts\/10798\/revisions"}],"predecessor-version":[{"id":11177,"href":"https:\/\/www.ladiagonale.net\/index.php\/wp-json\/wp\/v2\/posts\/10798\/revisions\/11177"}],"wp:attachment":[{"href":"https:\/\/www.ladiagonale.net\/index.php\/wp-json\/wp\/v2\/media?parent=10798"}],"wp:term":[{"taxonomy":"category","embeddable":true,"href":"https:\/\/www.ladiagonale.net\/index.php\/wp-json\/wp\/v2\/categories?post=10798"},{"taxonomy":"post_tag","embeddable":true,"href":"https:\/\/www.ladiagonale.net\/index.php\/wp-json\/wp\/v2\/tags?post=10798"}],"curies":[{"name":"wp","href":"https:\/\/api.w.org\/{rel}","templated":true}]}}