{"id":10881,"date":"2023-03-20T16:59:21","date_gmt":"2023-03-20T15:59:21","guid":{"rendered":"https:\/\/www.ladiagonale.net\/?p=10881"},"modified":"2023-03-20T16:59:25","modified_gmt":"2023-03-20T15:59:25","slug":"joueurs-pretes-zagre-dans-lequipe-type-des-francais-du-week-end","status":"publish","type":"post","link":"https:\/\/www.ladiagonale.net\/index.php\/2023\/03\/20\/joueurs-pretes-zagre-dans-lequipe-type-des-francais-du-week-end\/","title":{"rendered":"Joueurs pr\u00eat\u00e9s : Zagr\u00e9 dans l&rsquo;\u00e9quipe-type des Fran\u00e7ais du week-end"},"content":{"rendered":"\n\n\n<p>Si Guillermo Maripan a \u00e9t\u00e9 distingu\u00e9 par le quotidien <em>L&rsquo;\u00c9quipe<\/em> <a href=\"https:\/\/www.ladiagonale.net\/index.php\/2023\/03\/20\/lequipe-type-maripan-retour-gagnant\/\">dans le onze type de la 28<sup>e<\/sup> journ\u00e9e<\/a> de Ligue 1, un autre Mon\u00e9gasque s&rsquo;est d\u00e9marqu\u00e9 lors du dernier week-end. Arthur Zagr\u00e9, qui a disput\u00e9 sa deuxi\u00e8me rencontre seulement avec l&rsquo;Excelsior Rotterdam depuis qu&rsquo;il l&rsquo;a rejoint au mois de janvier, fait partie de l&rsquo;\u00e9quipe-type des Fran\u00e7ais du week-end, au milieu notamment d&rsquo;Antoine Griezmann, Adrien Rabiot ou encore Jules Kound\u00e9. <\/p>\n\n\n\n<p>Pour l&rsquo;ancien Parisien, il s&rsquo;agissait de sa premi\u00e8re titularisation avec le club n\u00e9erlandais et il a disput\u00e9 l&rsquo;int\u00e9gralit\u00e9 de la rencontre contre Cambuur, avec une belle victoire \u00e0 la cl\u00e9 (4-1). Zagr\u00e9 a \u00e9t\u00e9 \u00ab\u00a0<em>costaud<\/em> \u00bb et a \u00ab <em>contribu\u00e9 au large succ\u00e8s<\/em> \u00bb de son \u00e9quipe, peut-on lire sur le site du quotidien. <\/p>\n\n\n\n<p>Initialement pr\u00eat\u00e9 pour deux saisons au FC Utrecht en juillet 2021, Zagr\u00e9 \u00e9tait en situation d&rsquo;\u00e9chec, frein\u00e9 notamment par des blessures. Cet hiver, il a trouv\u00e9 un nouveau point de chute pour terminer la saison avant de revenir en Principaut\u00e9 en juin prochain, o\u00f9 il est li\u00e9 avec l&rsquo;ASM jusqu&rsquo;en 2024.    <\/p>\n\n\n\n<figure class=\"wp-block-embed is-type-rich is-provider-twitter wp-block-embed-twitter\"><div class=\"wp-block-embed__wrapper\">\n<blockquote class=\"twitter-tweet\" data-width=\"550\" data-dnt=\"true\"><p lang=\"fr\" dir=\"ltr\">L&#39;\u00e9quipe type des Fran\u00e7ais du week-end : Rabiot d\u00e9cisif, Lacroix imp\u00e9rial ! Votre avis sur cette \u00e9quipe ? <br>&gt; <a href=\"https:\/\/t.co\/xQvQy5iKMz\">https:\/\/t.co\/xQvQy5iKMz<\/a> <a href=\"https:\/\/t.co\/fn3z70mFae\">pic.twitter.com\/fn3z70mFae<\/a><\/p>&mdash; L&#39;\u00c9QUIPE (@lequipe) <a href=\"https:\/\/twitter.com\/lequipe\/status\/1637784824738881537?ref_src=twsrc%5Etfw\">March 20, 2023<\/a><\/blockquote><script async src=\"https:\/\/platform.twitter.com\/widgets.js\" charset=\"utf-8\"><\/script>\n<\/div><\/figure>\n","protected":false},"excerpt":{"rendered":"<p>Si Guillermo Maripan a \u00e9t\u00e9 distingu\u00e9 par le quotidien L&rsquo;\u00c9quipe dans le onze type de la 28e journ\u00e9e de Ligue 1, un autre Mon\u00e9gasque s&rsquo;est d\u00e9marqu\u00e9 lors du dernier week-end. Arthur Zagr\u00e9, qui a disput\u00e9 sa deuxi\u00e8me rencontre seulement avec l&rsquo;Excelsior Rotterdam depuis qu&rsquo;il l&rsquo;a rejoint au mois de janvier, fait partie de l&rsquo;\u00e9quipe-type des [&#8230;]\n","protected":false},"author":2,"featured_media":0,"comment_status":"open","ping_status":"open","sticky":false,"template":"","format":"standard","meta":[],"categories":[6],"tags":[393,86,219],"yoast_head":"<!-- This site is optimized with the Yoast SEO plugin v19.8 - https:\/\/yoast.com\/wordpress\/plugins\/seo\/ -->\n<title>Joueurs pr\u00eat\u00e9s : Zagr\u00e9 dans l&#039;\u00e9quipe-type des Fran\u00e7ais du week-end - La Diagonale<\/title>\n<meta name=\"robots\" content=\"index, follow, max-snippet:-1, max-image-preview:large, max-video-preview:-1\" \/>\n<link rel=\"canonical\" href=\"https:\/\/www.ladiagonale.net\/index.php\/2023\/03\/20\/joueurs-pretes-zagre-dans-lequipe-type-des-francais-du-week-end\/\" \/>\n<meta property=\"og:locale\" content=\"fr_FR\" \/>\n<meta property=\"og:type\" content=\"article\" \/>\n<meta property=\"og:title\" content=\"Joueurs pr\u00eat\u00e9s : Zagr\u00e9 dans l&#039;\u00e9quipe-type des Fran\u00e7ais du week-end - La Diagonale\" \/>\n<meta property=\"og:description\" content=\"Si Guillermo Maripan a \u00e9t\u00e9 distingu\u00e9 par le quotidien L&rsquo;\u00c9quipe dans le onze type de la 28e journ\u00e9e de Ligue 1, un autre Mon\u00e9gasque s&rsquo;est d\u00e9marqu\u00e9 lors du dernier week-end. Arthur Zagr\u00e9, qui a disput\u00e9 sa deuxi\u00e8me rencontre seulement avec l&rsquo;Excelsior Rotterdam depuis qu&rsquo;il l&rsquo;a rejoint au mois de janvier, fait partie de l&rsquo;\u00e9quipe-type des [...]\" \/>\n<meta property=\"og:url\" content=\"https:\/\/www.ladiagonale.net\/index.php\/2023\/03\/20\/joueurs-pretes-zagre-dans-lequipe-type-des-francais-du-week-end\/\" \/>\n<meta property=\"og:site_name\" content=\"La Diagonale\" \/>\n<meta property=\"article:published_time\" content=\"2023-03-20T15:59:21+00:00\" \/>\n<meta property=\"article:modified_time\" content=\"2023-03-20T15:59:25+00:00\" \/>\n<meta property=\"og:image\" content=\"https:\/\/www.ladiagonale.net\/wp-content\/uploads\/2023\/03\/zagre\u0301-rotterdam.png\" \/>\n\t<meta property=\"og:image:width\" content=\"1160\" \/>\n\t<meta property=\"og:image:height\" content=\"650\" \/>\n\t<meta property=\"og:image:type\" content=\"image\/png\" \/>\n<meta name=\"author\" content=\"Damien Dellerba\" \/>\n<meta name=\"twitter:card\" content=\"summary_large_image\" \/>\n<meta name=\"twitter:image\" content=\"https:\/\/www.ladiagonale.net\/wp-content\/uploads\/2023\/03\/zagre\u0301-rotterdam.png\" \/>\n<meta name=\"twitter:label1\" content=\"\u00c9crit par\" \/>\n\t<meta name=\"twitter:data1\" content=\"Damien Dellerba\" \/>\n\t<meta name=\"twitter:label2\" content=\"Dur\u00e9e de lecture estim\u00e9e\" \/>\n\t<meta name=\"twitter:data2\" content=\"1 minute\" \/>\n<script type=\"application\/ld+json\" class=\"yoast-schema-graph\">{\"@context\":\"https:\/\/schema.org\",\"@graph\":[{\"@type\":\"WebPage\",\"@id\":\"https:\/\/www.ladiagonale.net\/index.php\/2023\/03\/20\/joueurs-pretes-zagre-dans-lequipe-type-des-francais-du-week-end\/\",\"url\":\"https:\/\/www.ladiagonale.net\/index.php\/2023\/03\/20\/joueurs-pretes-zagre-dans-lequipe-type-des-francais-du-week-end\/\",\"name\":\"Joueurs pr\u00eat\u00e9s : Zagr\u00e9 dans l'\u00e9quipe-type des Fran\u00e7ais du week-end - La Diagonale\",\"isPartOf\":{\"@id\":\"https:\/\/www.ladiagonale.net\/#website\"},\"datePublished\":\"2023-03-20T15:59:21+00:00\",\"dateModified\":\"2023-03-20T15:59:25+00:00\",\"author\":{\"@id\":\"https:\/\/www.ladiagonale.net\/#\/schema\/person\/79ff1e7b0853ed01b2aa26e64ad300bf\"},\"breadcrumb\":{\"@id\":\"https:\/\/www.ladiagonale.net\/index.php\/2023\/03\/20\/joueurs-pretes-zagre-dans-lequipe-type-des-francais-du-week-end\/#breadcrumb\"},\"inLanguage\":\"fr-FR\",\"potentialAction\":[{\"@type\":\"ReadAction\",\"target\":[\"https:\/\/www.ladiagonale.net\/index.php\/2023\/03\/20\/joueurs-pretes-zagre-dans-lequipe-type-des-francais-du-week-end\/\"]}]},{\"@type\":\"BreadcrumbList\",\"@id\":\"https:\/\/www.ladiagonale.net\/index.php\/2023\/03\/20\/joueurs-pretes-zagre-dans-lequipe-type-des-francais-du-week-end\/#breadcrumb\",\"itemListElement\":[{\"@type\":\"ListItem\",\"position\":1,\"name\":\"Accueil\",\"item\":\"https:\/\/www.ladiagonale.net\/\"},{\"@type\":\"ListItem\",\"position\":2,\"name\":\"Joueurs pr\u00eat\u00e9s : Zagr\u00e9 dans l&rsquo;\u00e9quipe-type des Fran\u00e7ais du week-end\"}]},{\"@type\":\"WebSite\",\"@id\":\"https:\/\/www.ladiagonale.net\/#website\",\"url\":\"https:\/\/www.ladiagonale.net\/\",\"name\":\"La Diagonale\",\"description\":\"Le site des supporters de l&#039;AS Monaco FC\",\"potentialAction\":[{\"@type\":\"SearchAction\",\"target\":{\"@type\":\"EntryPoint\",\"urlTemplate\":\"https:\/\/www.ladiagonale.net\/?s={search_term_string}\"},\"query-input\":\"required name=search_term_string\"}],\"inLanguage\":\"fr-FR\"},{\"@type\":\"Person\",\"@id\":\"https:\/\/www.ladiagonale.net\/#\/schema\/person\/79ff1e7b0853ed01b2aa26e64ad300bf\",\"name\":\"Damien Dellerba\",\"image\":{\"@type\":\"ImageObject\",\"inLanguage\":\"fr-FR\",\"@id\":\"https:\/\/www.ladiagonale.net\/#\/schema\/person\/image\/\",\"url\":\"https:\/\/secure.gravatar.com\/avatar\/c7850e06d3ff63cdbaee88b7fc16e2f0?s=96&d=mm&r=g\",\"contentUrl\":\"https:\/\/secure.gravatar.com\/avatar\/c7850e06d3ff63cdbaee88b7fc16e2f0?s=96&d=mm&r=g\",\"caption\":\"Damien Dellerba\"},\"url\":\"https:\/\/www.ladiagonale.net\/index.php\/author\/damien\/\"}]}<\/script>\n<!-- \/ Yoast SEO plugin. -->","yoast_head_json":{"title":"Joueurs pr\u00eat\u00e9s : Zagr\u00e9 dans l'\u00e9quipe-type des Fran\u00e7ais du week-end - La Diagonale","robots":{"index":"index","follow":"follow","max-snippet":"max-snippet:-1","max-image-preview":"max-image-preview:large","max-video-preview":"max-video-preview:-1"},"canonical":"https:\/\/www.ladiagonale.net\/index.php\/2023\/03\/20\/joueurs-pretes-zagre-dans-lequipe-type-des-francais-du-week-end\/","og_locale":"fr_FR","og_type":"article","og_title":"Joueurs pr\u00eat\u00e9s : Zagr\u00e9 dans l'\u00e9quipe-type des Fran\u00e7ais du week-end - La Diagonale","og_description":"Si Guillermo Maripan a \u00e9t\u00e9 distingu\u00e9 par le quotidien L&rsquo;\u00c9quipe dans le onze type de la 28e journ\u00e9e de Ligue 1, un autre Mon\u00e9gasque s&rsquo;est d\u00e9marqu\u00e9 lors du dernier week-end. Arthur Zagr\u00e9, qui a disput\u00e9 sa deuxi\u00e8me rencontre seulement avec l&rsquo;Excelsior Rotterdam depuis qu&rsquo;il l&rsquo;a rejoint au mois de janvier, fait partie de l&rsquo;\u00e9quipe-type des [...]","og_url":"https:\/\/www.ladiagonale.net\/index.php\/2023\/03\/20\/joueurs-pretes-zagre-dans-lequipe-type-des-francais-du-week-end\/","og_site_name":"La Diagonale","article_published_time":"2023-03-20T15:59:21+00:00","article_modified_time":"2023-03-20T15:59:25+00:00","og_image":[{"width":1160,"height":650,"url":"https:\/\/www.ladiagonale.net\/wp-content\/uploads\/2023\/03\/zagre\u0301-rotterdam.png","type":"image\/png"}],"author":"Damien Dellerba","twitter_card":"summary_large_image","twitter_image":"https:\/\/www.ladiagonale.net\/wp-content\/uploads\/2023\/03\/zagre\u0301-rotterdam.png","twitter_misc":{"\u00c9crit par":"Damien Dellerba","Dur\u00e9e de lecture estim\u00e9e":"1 minute"},"schema":{"@context":"https:\/\/schema.org","@graph":[{"@type":"WebPage","@id":"https:\/\/www.ladiagonale.net\/index.php\/2023\/03\/20\/joueurs-pretes-zagre-dans-lequipe-type-des-francais-du-week-end\/","url":"https:\/\/www.ladiagonale.net\/index.php\/2023\/03\/20\/joueurs-pretes-zagre-dans-lequipe-type-des-francais-du-week-end\/","name":"Joueurs pr\u00eat\u00e9s : Zagr\u00e9 dans l'\u00e9quipe-type des Fran\u00e7ais du week-end - La Diagonale","isPartOf":{"@id":"https:\/\/www.ladiagonale.net\/#website"},"datePublished":"2023-03-20T15:59:21+00:00","dateModified":"2023-03-20T15:59:25+00:00","author":{"@id":"https:\/\/www.ladiagonale.net\/#\/schema\/person\/79ff1e7b0853ed01b2aa26e64ad300bf"},"breadcrumb":{"@id":"https:\/\/www.ladiagonale.net\/index.php\/2023\/03\/20\/joueurs-pretes-zagre-dans-lequipe-type-des-francais-du-week-end\/#breadcrumb"},"inLanguage":"fr-FR","potentialAction":[{"@type":"ReadAction","target":["https:\/\/www.ladiagonale.net\/index.php\/2023\/03\/20\/joueurs-pretes-zagre-dans-lequipe-type-des-francais-du-week-end\/"]}]},{"@type":"BreadcrumbList","@id":"https:\/\/www.ladiagonale.net\/index.php\/2023\/03\/20\/joueurs-pretes-zagre-dans-lequipe-type-des-francais-du-week-end\/#breadcrumb","itemListElement":[{"@type":"ListItem","position":1,"name":"Accueil","item":"https:\/\/www.ladiagonale.net\/"},{"@type":"ListItem","position":2,"name":"Joueurs pr\u00eat\u00e9s : Zagr\u00e9 dans l&rsquo;\u00e9quipe-type des Fran\u00e7ais du week-end"}]},{"@type":"WebSite","@id":"https:\/\/www.ladiagonale.net\/#website","url":"https:\/\/www.ladiagonale.net\/","name":"La Diagonale","description":"Le site des supporters de l&#039;AS Monaco FC","potentialAction":[{"@type":"SearchAction","target":{"@type":"EntryPoint","urlTemplate":"https:\/\/www.ladiagonale.net\/?s={search_term_string}"},"query-input":"required name=search_term_string"}],"inLanguage":"fr-FR"},{"@type":"Person","@id":"https:\/\/www.ladiagonale.net\/#\/schema\/person\/79ff1e7b0853ed01b2aa26e64ad300bf","name":"Damien Dellerba","image":{"@type":"ImageObject","inLanguage":"fr-FR","@id":"https:\/\/www.ladiagonale.net\/#\/schema\/person\/image\/","url":"https:\/\/secure.gravatar.com\/avatar\/c7850e06d3ff63cdbaee88b7fc16e2f0?s=96&d=mm&r=g","contentUrl":"https:\/\/secure.gravatar.com\/avatar\/c7850e06d3ff63cdbaee88b7fc16e2f0?s=96&d=mm&r=g","caption":"Damien Dellerba"},"url":"https:\/\/www.ladiagonale.net\/index.php\/author\/damien\/"}]}},"_links":{"self":[{"href":"https:\/\/www.ladiagonale.net\/index.php\/wp-json\/wp\/v2\/posts\/10881"}],"collection":[{"href":"https:\/\/www.ladiagonale.net\/index.php\/wp-json\/wp\/v2\/posts"}],"about":[{"href":"https:\/\/www.ladiagonale.net\/index.php\/wp-json\/wp\/v2\/types\/post"}],"author":[{"embeddable":true,"href":"https:\/\/www.ladiagonale.net\/index.php\/wp-json\/wp\/v2\/users\/2"}],"replies":[{"embeddable":true,"href":"https:\/\/www.ladiagonale.net\/index.php\/wp-json\/wp\/v2\/comments?post=10881"}],"version-history":[{"count":1,"href":"https:\/\/www.ladiagonale.net\/index.php\/wp-json\/wp\/v2\/posts\/10881\/revisions"}],"predecessor-version":[{"id":10883,"href":"https:\/\/www.ladiagonale.net\/index.php\/wp-json\/wp\/v2\/posts\/10881\/revisions\/10883"}],"wp:attachment":[{"href":"https:\/\/www.ladiagonale.net\/index.php\/wp-json\/wp\/v2\/media?parent=10881"}],"wp:term":[{"taxonomy":"category","embeddable":true,"href":"https:\/\/www.ladiagonale.net\/index.php\/wp-json\/wp\/v2\/categories?post=10881"},{"taxonomy":"post_tag","embeddable":true,"href":"https:\/\/www.ladiagonale.net\/index.php\/wp-json\/wp\/v2\/tags?post=10881"}],"curies":[{"name":"wp","href":"https:\/\/api.w.org\/{rel}","templated":true}]}}