{"id":11010,"date":"2023-03-26T13:52:55","date_gmt":"2023-03-26T11:52:55","guid":{"rendered":"https:\/\/www.ladiagonale.net\/?p=11010"},"modified":"2023-03-26T13:53:00","modified_gmt":"2023-03-26T11:53:00","slug":"disasi-met-la-pression-pour-la-qualification-en-ligue-des-champions","status":"publish","type":"post","link":"https:\/\/www.ladiagonale.net\/index.php\/2023\/03\/26\/disasi-met-la-pression-pour-la-qualification-en-ligue-des-champions\/","title":{"rendered":"Disasi met la pression pour la qualification en Ligue des Champions"},"content":{"rendered":"\n\n\n<p>Dans un entretien donn\u00e9 \u00e0 <em>Goal.com<\/em>, Axel Disasi a expliqu\u00e9 que le fait de pouvoir jouer la Ligue des champions la saison prochaine allait avoir une influence sur son avenir \u00e0 l\u2019AS Monaco : \u00ab\u00a0<em>Je sens que je passe des caps, je viens d&rsquo;avoir 25 ans, j&rsquo;ai envie de conna\u00eetre le tr\u00e8s, tr\u00e8s haut niveau et je suis toujours \u00e0 fond dans ce que j&rsquo;entreprends. Les objectifs de l&rsquo;AS Monaco concordent pour l&rsquo;instant avec les miens, \u00e0 savoir se qualifier directement pour la Ligue des champions. On verra ce qu&rsquo;il se passe pour la fin de saison et en fonction des r\u00e9sultats du club ma r\u00e9flexion se posera.<\/em>\u00a0\u00bb<\/p>\n\n\n\n<p>Si les objectifs de Monaco et les siens sont align\u00e9s pour l\u2019heure, un nouvel \u00e9chec \u00e0 rejoindre la comp\u00e9tition aux \u00e9toiles le fera r\u00e9fl\u00e9chir sur la suite \u00e0 donner \u00e0 son aventure en Principaut\u00e9 : \u00ab\u00a0<em>L&rsquo;Europa League, je connais. Mais c&rsquo;est vrai que quand j&rsquo;en parle avec Dayot (Upamecano) ou Ibrahima (Konat\u00e9), j&rsquo;ai envie d&rsquo;y go\u00fbter (\u00e0 la Ligue des Champions) et je veux me donner les moyens d&rsquo;y \u00eatre. (\u2026) Eux ont l&rsquo;habitude de jouer la Ligue des champions avec leur club et \u00e7a fait partie des meilleures comp\u00e9titions au monde. C&rsquo;est la cr\u00e8me qui y participe et forc\u00e9ment c&rsquo;est une vitrine pour la s\u00e9lection. Oui c&rsquo;est une r\u00e9flexion que j\u2019aurai.<\/em>\u00a0\u00bb<\/p>\n\n\n\n<p>Pour le vice-champion du monde, c\u2019est aussi une place en \u00e9quipe de France qui se joue, m\u00eame s\u2019il est reconnaissant envers l\u2019ASM de lui avoir permis de devenir international :\u00a0\u00ab\u00a0<em>Il faut \u00eatre performant en club pour pouvoir revenir ici (en \u00e9quipe de France, ndlr) surtout qu&rsquo;en s\u00e9lection, il y a beaucoup de concurrence \u00e0 mon poste. D\u00e9j\u00e0 gr\u00e2ce \u00e0 Monaco, j&rsquo;ai pu atteindre la s\u00e9lection. Donc sur ce point-l\u00e0, je suis reconnaissant envers le club. Pour la suite, il y aura une r\u00e9flexion qui se fera. Pour \u00eatre appel\u00e9 ici, il faut jouer l&rsquo;Europe r\u00e9guli\u00e8rement et faire partie des meilleurs. C&rsquo;est notre ambition aussi avec l&rsquo;AS Monaco donc il faudra se qualifier pour l&rsquo;Europe et ensuite on verra ce qu&rsquo;il va se passer.<\/em>\u00a0\u00bb<\/p>\n","protected":false},"excerpt":{"rendered":"<p>Dans un entretien donn\u00e9 \u00e0 Goal.com, Axel Disasi a expliqu\u00e9 que le fait de pouvoir jouer la Ligue des champions la saison prochaine allait avoir une influence sur son avenir \u00e0 l\u2019AS Monaco : \u00ab\u00a0Je sens que je passe des caps, je viens d&rsquo;avoir 25 ans, j&rsquo;ai envie de conna\u00eetre le tr\u00e8s, tr\u00e8s haut niveau [&#8230;]\n","protected":false},"author":2,"featured_media":0,"comment_status":"open","ping_status":"open","sticky":false,"template":"","format":"standard","meta":[],"categories":[6],"tags":[86,178,94,287,111,110],"yoast_head":"<!-- This site is optimized with the Yoast SEO plugin v19.8 - https:\/\/yoast.com\/wordpress\/plugins\/seo\/ -->\n<title>Disasi met la pression pour la qualification en Ligue des Champions - La Diagonale<\/title>\n<meta name=\"robots\" content=\"index, follow, max-snippet:-1, max-image-preview:large, max-video-preview:-1\" \/>\n<link rel=\"canonical\" href=\"https:\/\/www.ladiagonale.net\/index.php\/2023\/03\/26\/disasi-met-la-pression-pour-la-qualification-en-ligue-des-champions\/\" \/>\n<meta property=\"og:locale\" content=\"fr_FR\" \/>\n<meta property=\"og:type\" content=\"article\" \/>\n<meta property=\"og:title\" content=\"Disasi met la pression pour la qualification en Ligue des Champions - La Diagonale\" \/>\n<meta property=\"og:description\" content=\"Dans un entretien donn\u00e9 \u00e0 Goal.com, Axel Disasi a expliqu\u00e9 que le fait de pouvoir jouer la Ligue des champions la saison prochaine allait avoir une influence sur son avenir \u00e0 l\u2019AS Monaco : \u00ab\u00a0Je sens que je passe des caps, je viens d&rsquo;avoir 25 ans, j&rsquo;ai envie de conna\u00eetre le tr\u00e8s, tr\u00e8s haut niveau [...]\" \/>\n<meta property=\"og:url\" content=\"https:\/\/www.ladiagonale.net\/index.php\/2023\/03\/26\/disasi-met-la-pression-pour-la-qualification-en-ligue-des-champions\/\" \/>\n<meta property=\"og:site_name\" content=\"La Diagonale\" \/>\n<meta property=\"article:published_time\" content=\"2023-03-26T11:52:55+00:00\" \/>\n<meta property=\"article:modified_time\" content=\"2023-03-26T11:53:00+00:00\" \/>\n<meta property=\"og:image\" content=\"https:\/\/www.ladiagonale.net\/wp-content\/uploads\/2023\/01\/disasi2.png\" \/>\n\t<meta property=\"og:image:width\" content=\"1160\" \/>\n\t<meta property=\"og:image:height\" content=\"650\" \/>\n\t<meta property=\"og:image:type\" content=\"image\/png\" \/>\n<meta name=\"author\" content=\"Damien Dellerba\" \/>\n<meta name=\"twitter:card\" content=\"summary_large_image\" \/>\n<meta name=\"twitter:image\" content=\"https:\/\/www.ladiagonale.net\/wp-content\/uploads\/2023\/01\/disasi2.png\" \/>\n<meta name=\"twitter:label1\" content=\"\u00c9crit par\" \/>\n\t<meta name=\"twitter:data1\" content=\"Damien Dellerba\" \/>\n\t<meta name=\"twitter:label2\" content=\"Dur\u00e9e de lecture estim\u00e9e\" \/>\n\t<meta name=\"twitter:data2\" content=\"2 minutes\" \/>\n<script type=\"application\/ld+json\" class=\"yoast-schema-graph\">{\"@context\":\"https:\/\/schema.org\",\"@graph\":[{\"@type\":\"WebPage\",\"@id\":\"https:\/\/www.ladiagonale.net\/index.php\/2023\/03\/26\/disasi-met-la-pression-pour-la-qualification-en-ligue-des-champions\/\",\"url\":\"https:\/\/www.ladiagonale.net\/index.php\/2023\/03\/26\/disasi-met-la-pression-pour-la-qualification-en-ligue-des-champions\/\",\"name\":\"Disasi met la pression pour la qualification en Ligue des Champions - La Diagonale\",\"isPartOf\":{\"@id\":\"https:\/\/www.ladiagonale.net\/#website\"},\"datePublished\":\"2023-03-26T11:52:55+00:00\",\"dateModified\":\"2023-03-26T11:53:00+00:00\",\"author\":{\"@id\":\"https:\/\/www.ladiagonale.net\/#\/schema\/person\/79ff1e7b0853ed01b2aa26e64ad300bf\"},\"breadcrumb\":{\"@id\":\"https:\/\/www.ladiagonale.net\/index.php\/2023\/03\/26\/disasi-met-la-pression-pour-la-qualification-en-ligue-des-champions\/#breadcrumb\"},\"inLanguage\":\"fr-FR\",\"potentialAction\":[{\"@type\":\"ReadAction\",\"target\":[\"https:\/\/www.ladiagonale.net\/index.php\/2023\/03\/26\/disasi-met-la-pression-pour-la-qualification-en-ligue-des-champions\/\"]}]},{\"@type\":\"BreadcrumbList\",\"@id\":\"https:\/\/www.ladiagonale.net\/index.php\/2023\/03\/26\/disasi-met-la-pression-pour-la-qualification-en-ligue-des-champions\/#breadcrumb\",\"itemListElement\":[{\"@type\":\"ListItem\",\"position\":1,\"name\":\"Accueil\",\"item\":\"https:\/\/www.ladiagonale.net\/\"},{\"@type\":\"ListItem\",\"position\":2,\"name\":\"Disasi met la pression pour la qualification en Ligue des Champions\"}]},{\"@type\":\"WebSite\",\"@id\":\"https:\/\/www.ladiagonale.net\/#website\",\"url\":\"https:\/\/www.ladiagonale.net\/\",\"name\":\"La Diagonale\",\"description\":\"Le site des supporters de l&#039;AS Monaco FC\",\"potentialAction\":[{\"@type\":\"SearchAction\",\"target\":{\"@type\":\"EntryPoint\",\"urlTemplate\":\"https:\/\/www.ladiagonale.net\/?s={search_term_string}\"},\"query-input\":\"required name=search_term_string\"}],\"inLanguage\":\"fr-FR\"},{\"@type\":\"Person\",\"@id\":\"https:\/\/www.ladiagonale.net\/#\/schema\/person\/79ff1e7b0853ed01b2aa26e64ad300bf\",\"name\":\"Damien Dellerba\",\"image\":{\"@type\":\"ImageObject\",\"inLanguage\":\"fr-FR\",\"@id\":\"https:\/\/www.ladiagonale.net\/#\/schema\/person\/image\/\",\"url\":\"https:\/\/secure.gravatar.com\/avatar\/c7850e06d3ff63cdbaee88b7fc16e2f0?s=96&d=mm&r=g\",\"contentUrl\":\"https:\/\/secure.gravatar.com\/avatar\/c7850e06d3ff63cdbaee88b7fc16e2f0?s=96&d=mm&r=g\",\"caption\":\"Damien Dellerba\"},\"url\":\"https:\/\/www.ladiagonale.net\/index.php\/author\/damien\/\"}]}<\/script>\n<!-- \/ Yoast SEO plugin. -->","yoast_head_json":{"title":"Disasi met la pression pour la qualification en Ligue des Champions - La Diagonale","robots":{"index":"index","follow":"follow","max-snippet":"max-snippet:-1","max-image-preview":"max-image-preview:large","max-video-preview":"max-video-preview:-1"},"canonical":"https:\/\/www.ladiagonale.net\/index.php\/2023\/03\/26\/disasi-met-la-pression-pour-la-qualification-en-ligue-des-champions\/","og_locale":"fr_FR","og_type":"article","og_title":"Disasi met la pression pour la qualification en Ligue des Champions - La Diagonale","og_description":"Dans un entretien donn\u00e9 \u00e0 Goal.com, Axel Disasi a expliqu\u00e9 que le fait de pouvoir jouer la Ligue des champions la saison prochaine allait avoir une influence sur son avenir \u00e0 l\u2019AS Monaco : \u00ab\u00a0Je sens que je passe des caps, je viens d&rsquo;avoir 25 ans, j&rsquo;ai envie de conna\u00eetre le tr\u00e8s, tr\u00e8s haut niveau [...]","og_url":"https:\/\/www.ladiagonale.net\/index.php\/2023\/03\/26\/disasi-met-la-pression-pour-la-qualification-en-ligue-des-champions\/","og_site_name":"La Diagonale","article_published_time":"2023-03-26T11:52:55+00:00","article_modified_time":"2023-03-26T11:53:00+00:00","og_image":[{"width":1160,"height":650,"url":"https:\/\/www.ladiagonale.net\/wp-content\/uploads\/2023\/01\/disasi2.png","type":"image\/png"}],"author":"Damien Dellerba","twitter_card":"summary_large_image","twitter_image":"https:\/\/www.ladiagonale.net\/wp-content\/uploads\/2023\/01\/disasi2.png","twitter_misc":{"\u00c9crit par":"Damien Dellerba","Dur\u00e9e de lecture estim\u00e9e":"2 minutes"},"schema":{"@context":"https:\/\/schema.org","@graph":[{"@type":"WebPage","@id":"https:\/\/www.ladiagonale.net\/index.php\/2023\/03\/26\/disasi-met-la-pression-pour-la-qualification-en-ligue-des-champions\/","url":"https:\/\/www.ladiagonale.net\/index.php\/2023\/03\/26\/disasi-met-la-pression-pour-la-qualification-en-ligue-des-champions\/","name":"Disasi met la pression pour la qualification en Ligue des Champions - La Diagonale","isPartOf":{"@id":"https:\/\/www.ladiagonale.net\/#website"},"datePublished":"2023-03-26T11:52:55+00:00","dateModified":"2023-03-26T11:53:00+00:00","author":{"@id":"https:\/\/www.ladiagonale.net\/#\/schema\/person\/79ff1e7b0853ed01b2aa26e64ad300bf"},"breadcrumb":{"@id":"https:\/\/www.ladiagonale.net\/index.php\/2023\/03\/26\/disasi-met-la-pression-pour-la-qualification-en-ligue-des-champions\/#breadcrumb"},"inLanguage":"fr-FR","potentialAction":[{"@type":"ReadAction","target":["https:\/\/www.ladiagonale.net\/index.php\/2023\/03\/26\/disasi-met-la-pression-pour-la-qualification-en-ligue-des-champions\/"]}]},{"@type":"BreadcrumbList","@id":"https:\/\/www.ladiagonale.net\/index.php\/2023\/03\/26\/disasi-met-la-pression-pour-la-qualification-en-ligue-des-champions\/#breadcrumb","itemListElement":[{"@type":"ListItem","position":1,"name":"Accueil","item":"https:\/\/www.ladiagonale.net\/"},{"@type":"ListItem","position":2,"name":"Disasi met la pression pour la qualification en Ligue des Champions"}]},{"@type":"WebSite","@id":"https:\/\/www.ladiagonale.net\/#website","url":"https:\/\/www.ladiagonale.net\/","name":"La Diagonale","description":"Le site des supporters de l&#039;AS Monaco FC","potentialAction":[{"@type":"SearchAction","target":{"@type":"EntryPoint","urlTemplate":"https:\/\/www.ladiagonale.net\/?s={search_term_string}"},"query-input":"required name=search_term_string"}],"inLanguage":"fr-FR"},{"@type":"Person","@id":"https:\/\/www.ladiagonale.net\/#\/schema\/person\/79ff1e7b0853ed01b2aa26e64ad300bf","name":"Damien Dellerba","image":{"@type":"ImageObject","inLanguage":"fr-FR","@id":"https:\/\/www.ladiagonale.net\/#\/schema\/person\/image\/","url":"https:\/\/secure.gravatar.com\/avatar\/c7850e06d3ff63cdbaee88b7fc16e2f0?s=96&d=mm&r=g","contentUrl":"https:\/\/secure.gravatar.com\/avatar\/c7850e06d3ff63cdbaee88b7fc16e2f0?s=96&d=mm&r=g","caption":"Damien Dellerba"},"url":"https:\/\/www.ladiagonale.net\/index.php\/author\/damien\/"}]}},"_links":{"self":[{"href":"https:\/\/www.ladiagonale.net\/index.php\/wp-json\/wp\/v2\/posts\/11010"}],"collection":[{"href":"https:\/\/www.ladiagonale.net\/index.php\/wp-json\/wp\/v2\/posts"}],"about":[{"href":"https:\/\/www.ladiagonale.net\/index.php\/wp-json\/wp\/v2\/types\/post"}],"author":[{"embeddable":true,"href":"https:\/\/www.ladiagonale.net\/index.php\/wp-json\/wp\/v2\/users\/2"}],"replies":[{"embeddable":true,"href":"https:\/\/www.ladiagonale.net\/index.php\/wp-json\/wp\/v2\/comments?post=11010"}],"version-history":[{"count":1,"href":"https:\/\/www.ladiagonale.net\/index.php\/wp-json\/wp\/v2\/posts\/11010\/revisions"}],"predecessor-version":[{"id":11011,"href":"https:\/\/www.ladiagonale.net\/index.php\/wp-json\/wp\/v2\/posts\/11010\/revisions\/11011"}],"wp:attachment":[{"href":"https:\/\/www.ladiagonale.net\/index.php\/wp-json\/wp\/v2\/media?parent=11010"}],"wp:term":[{"taxonomy":"category","embeddable":true,"href":"https:\/\/www.ladiagonale.net\/index.php\/wp-json\/wp\/v2\/categories?post=11010"},{"taxonomy":"post_tag","embeddable":true,"href":"https:\/\/www.ladiagonale.net\/index.php\/wp-json\/wp\/v2\/tags?post=11010"}],"curies":[{"name":"wp","href":"https:\/\/api.w.org\/{rel}","templated":true}]}}