{"id":11012,"date":"2023-03-29T10:14:00","date_gmt":"2023-03-29T08:14:00","guid":{"rendered":"https:\/\/www.ladiagonale.net\/?p=11012"},"modified":"2023-03-31T19:15:23","modified_gmt":"2023-03-31T17:15:23","slug":"une-deuxieme-place-si-necessaire","status":"publish","type":"post","link":"https:\/\/www.ladiagonale.net\/index.php\/2023\/03\/29\/une-deuxieme-place-si-necessaire\/","title":{"rendered":"Une deuxi\u00e8me place si n\u00e9cessaire"},"content":{"rendered":"\n\n\n<p>L\u2019AS Monaco finira-t-elle la saison 2022-2023 \u00e0 la deuxi\u00e8me place ? Difficile de r\u00e9pondre, alors que la fin de championnat arrive \u00e0 grands pas et qu\u2019il ne reste que dix rencontres \u00e0 disputer. \u00c0 la 28<sup>e<\/sup> journ\u00e9e, Monaco se retrouve au pied du podium, trois points derri\u00e8re Lens, troisi\u00e8me, et \u00e0 cinq longueurs de l\u2019OM, qui d\u00e9tient le pr\u00e9cieux s\u00e9same. Dans l\u2019entretien donn\u00e9 \u00e0 <em>Nice-Matin<\/em> et \u00e0 <em>L\u2019\u00c9quipe<\/em>, Paul Mitchell a assur\u00e9 que les Rouge et Blanc avaient les ressources pour finir sur le podium : \u00ab&nbsp;<em>L\u2019\u00e9cart de points n\u2019est pas impossible \u00e0 surmonter. On a les armes pour mettre la pression sur les \u00e9quipes devant nous. On l\u2019a prouv\u00e9 depuis novembre et jusqu\u2019\u00e0 ces derni\u00e8res semaines. Le groupe est tr\u00e8s d\u00e9termin\u00e9.<\/em>&nbsp;\u00bb<\/p>\n\n\n\n<p>Finir sur le podium n&rsquo;a rien d&rsquo;incommensurable pour l&rsquo;ASM car l&rsquo;\u00e9cart avec Lens est faible. Mais finir troisi\u00e8me n\u2019offre aucune garantie de participer aux poules de la C1, et \u00e7a, Monaco ne le sait que trop bien, apr\u00e8s s\u2019\u00eatre cass\u00e9 les dents en barrages et en tour pr\u00e9liminaire deux saisons de suite, mais \u00e9galement lors de la saison 2015-2016, \u00e9limin\u00e9 par Valence. Pour l\u2019heure, la troisi\u00e8me place n\u2019est pas encore directement qualificative pour la Ligue des champions et il n\u2019est pas du tout certain qu\u2019elle le devienne \u00e0 partir de la saison prochaine, puisque la 5<sup>e<\/sup> place de la France \u00e0 l\u2019indice UEFA est de plus en plus menac\u00e9e par les Pays-Bas. \u00c0 cet \u00e9gard, la fin de saison sera cruciale et les performances de l\u2019OGC Nice en C4 constitueront le seul salut de la France, sans aucune garantie. C&rsquo;est donc par rapport \u00e0 la deuxi\u00e8me place que les Mon\u00e9gasques doivent placer le curseur.<\/p>\n\n\n\n<h4 class=\"has-vivid-red-color has-text-color\" style=\"font-style:normal;font-weight:400;text-transform:uppercase\">Des remont\u00e9es insuffisantes <\/h4>\n\n\n\n<p>Si l&rsquo;on excepte les saisons 2018-2019 et 2019-2020, qui n&rsquo;ont pas \u00e9t\u00e9 bonnes voire tronqu\u00e9es, l&rsquo;AS Monaco a plus souvent \u00e9chou\u00e9 \u00e0 terminer <em>a minima<\/em> \u00e0 la seconde place que l&rsquo;inverse. Elle y est parvenue lors de son retour dans l&rsquo;\u00e9lite, avec un recrutement XXL, lors de la saison 2013-2014, puis en 2016-2017 avec le titre au bout, et en 2017-2018. \u00c0 travers le graphique ci-dessous, on peut observer que le club de la Principaut\u00e9 aurait pu et sans doute d\u00fb finir deuxi\u00e8me lors de la saison 2015-2016, o\u00f9 il comptait une avance confortable sur Lyon (+8 points) \u00e0 dix journ\u00e9es du terme. L&rsquo;an dernier, Monaco a \u00e9galement craqu\u00e9 \u00e0 quelques encablures de l&rsquo;arriv\u00e9e contre Lens (2-2) alors qu&rsquo;il avait abord\u00e9 la derni\u00e8re journ\u00e9e en deuxi\u00e8me position.<\/p>\n\n\n\n<figure class=\"wp-block-image size-full\"><img loading=\"lazy\" width=\"1920\" height=\"1080\" src=\"https:\/\/www.ladiagonale.net\/wp-content\/uploads\/2023\/03\/Stat-P2.png\" alt=\"\" class=\"wp-image-11013\"\/><figcaption>Position de l&rsquo;AS Monaco par rapport \u00e0 la deuxi\u00e8me place apr\u00e8s la 28e journ\u00e9e. Conception : La Diagonale<\/figcaption><\/figure>\n\n\n\n<p>L&rsquo;ASM affiche cependant une r\u00e9gularit\u00e9 remarquable pour ce qui est de finir sur le podium, sept fois en neuf saisons, et souvent gr\u00e2ce \u00e0 des deuxi\u00e8mes parties de saisons tr\u00e8s solides. Cela s&rsquo;est encore v\u00e9rifi\u00e9 lors des deux derni\u00e8res saisons. Pour celle actuelle, Monaco paye surtout un mois d&rsquo;aout rat\u00e9 dans les grandes largeurs pour diverses raisons. Si le bilan statistique de Philippe Clement en championnat demeure positif, il est quasiment similaire \u00e0 celui de Niko Kovac lors de la saison 2020-2021. L&rsquo;entra\u00eeneur flamand compte 54 points (contre 55 pour Kovac) et accuse un retard identique sur la deuxi\u00e8me place (-5 points) au m\u00eame stade du championnat, ce qui d\u00e9montre que les \u00e9quipes de t\u00eate que sont Marseille et Lens n&rsquo;avancent finalement pas plus vite que Paris et Lyon il y a deux ans.<\/p>\n\n\n\n<p>Mais ces belles remont\u00e9es se sont pour la plupart r\u00e9v\u00e9l\u00e9es insuffisantes, apportant une nouvelle preuve que les points perdus en d\u00e9but de saison ne se rattrapent jamais. \u00c0 ce titre, la spirale n\u00e9gative par laquelle sont pass\u00e9s les As\u00e9mistes ces derni\u00e8res semaines, et endigu\u00e9e contre Ajaccio, a caus\u00e9 du tort \u00e0 la formation entra\u00een\u00e9e par Philippe Clement, m\u00eame si, comme se plait \u00e0 le rappeler l&rsquo;entra\u00eeneur belge, aucune \u00e9quipe en football ne traverse une saison sans conna\u00eetre de creux. Les Lensois, qui ont sembl\u00e9 retrouver un second souffle avant la tr\u00eave, peuvent en t\u00e9moigner apr\u00e8s plusieurs rat\u00e9s en 2023.<\/p>\n\n\n\n<h4 class=\"has-vivid-red-color has-text-color\" style=\"font-style:normal;font-weight:400;text-transform:uppercase\">Des pr\u00e9dictions peu OPTIMISTES<\/h4>\n\n\n\n<p>\u00c0 la conclusion de la 27<sup>e<\/sup> journ\u00e9e, <em>Opta<\/em> a publi\u00e9 ses pr\u00e9dictions quant au classement final de la Ligue 1. Une journ\u00e9e plus tard, et avec un classement identique pour les trois \u00e9quipes en lutte pour la deuxi\u00e8me place qui ont toutes gagn\u00e9, on peut imaginer que les pr\u00e9dictions devraient peu ou prou rester identiques. Ainsi, selon le mod\u00e8le pr\u00e9dictif d&rsquo;<em>Opta<\/em>, Monaco avait, au soir de la 27<sup>e<\/sup> journ\u00e9e, 7,9% de chances de terminer \u00e0 la deuxi\u00e8me place, contre 75,2% pour Marseille et 15,1% pour Lens. En revanche, la lutte pour la troisi\u00e8me place est beaucoup plus ouverte entre Lens et Monaco. Les <em>Sang et Or<\/em> gardent encore l&rsquo;avantage avec 39,7% de chances de prendre la derni\u00e8re place pour la C1 par rapport \u00e0 l&rsquo;ASM (30,4%).<\/p>\n\n\n\n<figure class=\"wp-block-image size-full\"><img loading=\"lazy\" width=\"4096\" height=\"2633\" src=\"https:\/\/www.ladiagonale.net\/wp-content\/uploads\/2023\/03\/FrGV_s_XsAAiof4.jpg\" alt=\"\" class=\"wp-image-11025\"\/><figcaption>Source : Opta<\/figcaption><\/figure>\n\n\n\n<p>SI le mod\u00e8le n&rsquo;est pas particuli\u00e8rement explicit\u00e9 dans sa m\u00e9thodologie, on peut supposer que la question des confrontations directes entre en bonne place dans celui-ci et Monaco ne s&rsquo;est pas vraiment montr\u00e9 conqu\u00e9rant face \u00e0 Marseille ou Lens (2\/9 points pris), tandis que Marseille n&rsquo;a pas fait mieux. C&rsquo;est le contraire de Lens, qui a gagn\u00e9 \u00e0 chaque fois contre Marseille et Monaco (6\/6) mais qui doit encore se frotter \u00e0 ces deux formations sur la phase retour, plus Rennes et Paris. Le calendrier de l&rsquo;ASM ne sera pas non plus \u00e9vident, m\u00eame s&rsquo;il semble moins terrible. Des trois \u00e9quipes, c&rsquo;est Marseille qui est la mieux lotie avec seulement Lens et Lille \u00e0 rencontrer sur les matchs restants.<\/p>\n\n\n\n<h4 class=\"has-vivid-red-color has-text-color\" style=\"font-style:normal;font-weight:400;text-transform:uppercase\">Monaco a besoin de finir deuxi\u00e8me<\/h4>\n\n\n\n<p>Depuis quelques saisons, les ambitions de l\u2019AS Monaco semblent se limiter \u00e0 assurer une qualification europ\u00e9enne via le championnat et de pr\u00e9f\u00e9rence en Ligue des Champions. Une ambition r\u00e9affirm\u00e9e ce dimanche par Axel Disasi dans un entretien au site <em>goal.com<\/em> : \u00ab&nbsp;<em>Les objectifs de l\u2019AS Monaco concordent pour l\u2019instant avec les miens, \u00e0 savoir se qualifier directement pour la Ligue des champions.<\/em>&nbsp;\u00bb Il faut dire que cela fait un moment que la sono du stade Louis-II n&rsquo;a plus crach\u00e9 l&rsquo;hymne de la comp\u00e9titions aux \u00e9toiles. Les deux derni\u00e8res campagnes avaient en outre \u00e9t\u00e9 calamiteuses (<em>deux point pris en 2017-2018, un en 2018-2019<\/em>) et celles men\u00e9es en C3 depuis deux ans n&rsquo;ont pas du tout convaincu. <\/p>\n\n\n\n<p>Monaco a pourtant un besoin vital de retrouver la Ligue des champions pour deux raisons. D&rsquo;abord pour les primes beaucoup plus cons\u00e9quentes sur la seule phase de poules que pour la majeure partie de la C3. \u00c0 titre de comparaison, la phase de poules de C1 (hors bonus de r\u00e9sultats et droits TV) rapportait 15,64 millions d&rsquo;euros aux \u00e9quipes engag\u00e9es contre 3,63 millions d&rsquo;euros pour la C3 la saison derni\u00e8re. Ensuite pour l&rsquo;exposition qu&rsquo;elle peut offrir, \u00e0 condition d&rsquo;y briller, et ainsi mettre en valeur les joueurs susceptibles de lui permettre de r\u00e9aliser de juteuses plus-values afin de p\u00e9renniser son mod\u00e8le \u00e9conomique. <\/p>\n\n\n\n<p>C&rsquo;est en raison de ce manque \u00e0 gagner que l&rsquo;ASM a \u00e9t\u00e9 \u00e9pingl\u00e9e par le fair-play financier en septembre dernier, et la vente de Badiashile et son non remplacement s&rsquo;inscrivent aussi dans un temps o\u00f9 la ceinture semble devoir se serrer d&rsquo;un cran ou deux. \u00c0 moins que Monaco ne r\u00e9alise un sprint final quasi parfait comme la saison derni\u00e8re. Au moins, il part de moins loin cette ann\u00e9e.<\/p>\n","protected":false},"excerpt":{"rendered":"<p>L\u2019AS Monaco finira-t-elle la saison 2022-2023 \u00e0 la deuxi\u00e8me place ? Difficile de r\u00e9pondre, alors que la fin de championnat arrive \u00e0 grands pas et qu\u2019il ne reste que dix rencontres \u00e0 disputer. \u00c0 la 28e journ\u00e9e, Monaco se retrouve au pied du podium, trois points derri\u00e8re Lens, troisi\u00e8me, et \u00e0 cinq longueurs de l\u2019OM, [&#8230;]\n","protected":false},"author":2,"featured_media":11033,"comment_status":"open","ping_status":"open","sticky":false,"template":"","format":"standard","meta":[],"categories":[5,6],"tags":[416,86,94,215],"yoast_head":"<!-- This site is optimized with the Yoast SEO plugin v19.8 - https:\/\/yoast.com\/wordpress\/plugins\/seo\/ -->\n<title>Une deuxi\u00e8me place si n\u00e9cessaire - La Diagonale<\/title>\n<meta name=\"robots\" content=\"index, follow, max-snippet:-1, max-image-preview:large, max-video-preview:-1\" \/>\n<link rel=\"canonical\" href=\"https:\/\/www.ladiagonale.net\/index.php\/2023\/03\/29\/une-deuxieme-place-si-necessaire\/\" \/>\n<meta property=\"og:locale\" content=\"fr_FR\" \/>\n<meta property=\"og:type\" content=\"article\" \/>\n<meta property=\"og:title\" content=\"Une deuxi\u00e8me place si n\u00e9cessaire - La Diagonale\" \/>\n<meta property=\"og:description\" content=\"L\u2019AS Monaco finira-t-elle la saison 2022-2023 \u00e0 la deuxi\u00e8me place ? Difficile de r\u00e9pondre, alors que la fin de championnat arrive \u00e0 grands pas et qu\u2019il ne reste que dix rencontres \u00e0 disputer. \u00c0 la 28e journ\u00e9e, Monaco se retrouve au pied du podium, trois points derri\u00e8re Lens, troisi\u00e8me, et \u00e0 cinq longueurs de l\u2019OM, [...]\" \/>\n<meta property=\"og:url\" content=\"https:\/\/www.ladiagonale.net\/index.php\/2023\/03\/29\/une-deuxieme-place-si-necessaire\/\" \/>\n<meta property=\"og:site_name\" content=\"La Diagonale\" \/>\n<meta property=\"article:published_time\" content=\"2023-03-29T08:14:00+00:00\" \/>\n<meta property=\"article:modified_time\" content=\"2023-03-31T17:15:23+00:00\" \/>\n<meta property=\"og:image\" content=\"https:\/\/www.ladiagonale.net\/wp-content\/uploads\/2023\/03\/statP2-1.png\" \/>\n\t<meta property=\"og:image:width\" content=\"1160\" \/>\n\t<meta property=\"og:image:height\" content=\"650\" \/>\n\t<meta property=\"og:image:type\" content=\"image\/png\" \/>\n<meta name=\"author\" content=\"Damien Dellerba\" \/>\n<meta name=\"twitter:card\" content=\"summary_large_image\" \/>\n<meta name=\"twitter:image\" content=\"https:\/\/www.ladiagonale.net\/wp-content\/uploads\/2023\/03\/statP2-1.png\" \/>\n<meta name=\"twitter:label1\" content=\"\u00c9crit par\" \/>\n\t<meta name=\"twitter:data1\" content=\"Damien Dellerba\" \/>\n\t<meta name=\"twitter:label2\" content=\"Dur\u00e9e de lecture estim\u00e9e\" \/>\n\t<meta name=\"twitter:data2\" content=\"7 minutes\" \/>\n<script type=\"application\/ld+json\" class=\"yoast-schema-graph\">{\"@context\":\"https:\/\/schema.org\",\"@graph\":[{\"@type\":\"WebPage\",\"@id\":\"https:\/\/www.ladiagonale.net\/index.php\/2023\/03\/29\/une-deuxieme-place-si-necessaire\/\",\"url\":\"https:\/\/www.ladiagonale.net\/index.php\/2023\/03\/29\/une-deuxieme-place-si-necessaire\/\",\"name\":\"Une deuxi\u00e8me place si n\u00e9cessaire - La Diagonale\",\"isPartOf\":{\"@id\":\"https:\/\/www.ladiagonale.net\/#website\"},\"datePublished\":\"2023-03-29T08:14:00+00:00\",\"dateModified\":\"2023-03-31T17:15:23+00:00\",\"author\":{\"@id\":\"https:\/\/www.ladiagonale.net\/#\/schema\/person\/79ff1e7b0853ed01b2aa26e64ad300bf\"},\"breadcrumb\":{\"@id\":\"https:\/\/www.ladiagonale.net\/index.php\/2023\/03\/29\/une-deuxieme-place-si-necessaire\/#breadcrumb\"},\"inLanguage\":\"fr-FR\",\"potentialAction\":[{\"@type\":\"ReadAction\",\"target\":[\"https:\/\/www.ladiagonale.net\/index.php\/2023\/03\/29\/une-deuxieme-place-si-necessaire\/\"]}]},{\"@type\":\"BreadcrumbList\",\"@id\":\"https:\/\/www.ladiagonale.net\/index.php\/2023\/03\/29\/une-deuxieme-place-si-necessaire\/#breadcrumb\",\"itemListElement\":[{\"@type\":\"ListItem\",\"position\":1,\"name\":\"Accueil\",\"item\":\"https:\/\/www.ladiagonale.net\/\"},{\"@type\":\"ListItem\",\"position\":2,\"name\":\"Une deuxi\u00e8me place si n\u00e9cessaire\"}]},{\"@type\":\"WebSite\",\"@id\":\"https:\/\/www.ladiagonale.net\/#website\",\"url\":\"https:\/\/www.ladiagonale.net\/\",\"name\":\"La Diagonale\",\"description\":\"Le site des supporters de l&#039;AS Monaco FC\",\"potentialAction\":[{\"@type\":\"SearchAction\",\"target\":{\"@type\":\"EntryPoint\",\"urlTemplate\":\"https:\/\/www.ladiagonale.net\/?s={search_term_string}\"},\"query-input\":\"required name=search_term_string\"}],\"inLanguage\":\"fr-FR\"},{\"@type\":\"Person\",\"@id\":\"https:\/\/www.ladiagonale.net\/#\/schema\/person\/79ff1e7b0853ed01b2aa26e64ad300bf\",\"name\":\"Damien Dellerba\",\"image\":{\"@type\":\"ImageObject\",\"inLanguage\":\"fr-FR\",\"@id\":\"https:\/\/www.ladiagonale.net\/#\/schema\/person\/image\/\",\"url\":\"https:\/\/secure.gravatar.com\/avatar\/c7850e06d3ff63cdbaee88b7fc16e2f0?s=96&d=mm&r=g\",\"contentUrl\":\"https:\/\/secure.gravatar.com\/avatar\/c7850e06d3ff63cdbaee88b7fc16e2f0?s=96&d=mm&r=g\",\"caption\":\"Damien Dellerba\"},\"url\":\"https:\/\/www.ladiagonale.net\/index.php\/author\/damien\/\"}]}<\/script>\n<!-- \/ Yoast SEO plugin. -->","yoast_head_json":{"title":"Une deuxi\u00e8me place si n\u00e9cessaire - La Diagonale","robots":{"index":"index","follow":"follow","max-snippet":"max-snippet:-1","max-image-preview":"max-image-preview:large","max-video-preview":"max-video-preview:-1"},"canonical":"https:\/\/www.ladiagonale.net\/index.php\/2023\/03\/29\/une-deuxieme-place-si-necessaire\/","og_locale":"fr_FR","og_type":"article","og_title":"Une deuxi\u00e8me place si n\u00e9cessaire - La Diagonale","og_description":"L\u2019AS Monaco finira-t-elle la saison 2022-2023 \u00e0 la deuxi\u00e8me place ? Difficile de r\u00e9pondre, alors que la fin de championnat arrive \u00e0 grands pas et qu\u2019il ne reste que dix rencontres \u00e0 disputer. \u00c0 la 28e journ\u00e9e, Monaco se retrouve au pied du podium, trois points derri\u00e8re Lens, troisi\u00e8me, et \u00e0 cinq longueurs de l\u2019OM, [...]","og_url":"https:\/\/www.ladiagonale.net\/index.php\/2023\/03\/29\/une-deuxieme-place-si-necessaire\/","og_site_name":"La Diagonale","article_published_time":"2023-03-29T08:14:00+00:00","article_modified_time":"2023-03-31T17:15:23+00:00","og_image":[{"width":1160,"height":650,"url":"https:\/\/www.ladiagonale.net\/wp-content\/uploads\/2023\/03\/statP2-1.png","type":"image\/png"}],"author":"Damien Dellerba","twitter_card":"summary_large_image","twitter_image":"https:\/\/www.ladiagonale.net\/wp-content\/uploads\/2023\/03\/statP2-1.png","twitter_misc":{"\u00c9crit par":"Damien Dellerba","Dur\u00e9e de lecture estim\u00e9e":"7 minutes"},"schema":{"@context":"https:\/\/schema.org","@graph":[{"@type":"WebPage","@id":"https:\/\/www.ladiagonale.net\/index.php\/2023\/03\/29\/une-deuxieme-place-si-necessaire\/","url":"https:\/\/www.ladiagonale.net\/index.php\/2023\/03\/29\/une-deuxieme-place-si-necessaire\/","name":"Une deuxi\u00e8me place si n\u00e9cessaire - La Diagonale","isPartOf":{"@id":"https:\/\/www.ladiagonale.net\/#website"},"datePublished":"2023-03-29T08:14:00+00:00","dateModified":"2023-03-31T17:15:23+00:00","author":{"@id":"https:\/\/www.ladiagonale.net\/#\/schema\/person\/79ff1e7b0853ed01b2aa26e64ad300bf"},"breadcrumb":{"@id":"https:\/\/www.ladiagonale.net\/index.php\/2023\/03\/29\/une-deuxieme-place-si-necessaire\/#breadcrumb"},"inLanguage":"fr-FR","potentialAction":[{"@type":"ReadAction","target":["https:\/\/www.ladiagonale.net\/index.php\/2023\/03\/29\/une-deuxieme-place-si-necessaire\/"]}]},{"@type":"BreadcrumbList","@id":"https:\/\/www.ladiagonale.net\/index.php\/2023\/03\/29\/une-deuxieme-place-si-necessaire\/#breadcrumb","itemListElement":[{"@type":"ListItem","position":1,"name":"Accueil","item":"https:\/\/www.ladiagonale.net\/"},{"@type":"ListItem","position":2,"name":"Une deuxi\u00e8me place si n\u00e9cessaire"}]},{"@type":"WebSite","@id":"https:\/\/www.ladiagonale.net\/#website","url":"https:\/\/www.ladiagonale.net\/","name":"La Diagonale","description":"Le site des supporters de l&#039;AS Monaco FC","potentialAction":[{"@type":"SearchAction","target":{"@type":"EntryPoint","urlTemplate":"https:\/\/www.ladiagonale.net\/?s={search_term_string}"},"query-input":"required name=search_term_string"}],"inLanguage":"fr-FR"},{"@type":"Person","@id":"https:\/\/www.ladiagonale.net\/#\/schema\/person\/79ff1e7b0853ed01b2aa26e64ad300bf","name":"Damien Dellerba","image":{"@type":"ImageObject","inLanguage":"fr-FR","@id":"https:\/\/www.ladiagonale.net\/#\/schema\/person\/image\/","url":"https:\/\/secure.gravatar.com\/avatar\/c7850e06d3ff63cdbaee88b7fc16e2f0?s=96&d=mm&r=g","contentUrl":"https:\/\/secure.gravatar.com\/avatar\/c7850e06d3ff63cdbaee88b7fc16e2f0?s=96&d=mm&r=g","caption":"Damien Dellerba"},"url":"https:\/\/www.ladiagonale.net\/index.php\/author\/damien\/"}]}},"_links":{"self":[{"href":"https:\/\/www.ladiagonale.net\/index.php\/wp-json\/wp\/v2\/posts\/11012"}],"collection":[{"href":"https:\/\/www.ladiagonale.net\/index.php\/wp-json\/wp\/v2\/posts"}],"about":[{"href":"https:\/\/www.ladiagonale.net\/index.php\/wp-json\/wp\/v2\/types\/post"}],"author":[{"embeddable":true,"href":"https:\/\/www.ladiagonale.net\/index.php\/wp-json\/wp\/v2\/users\/2"}],"replies":[{"embeddable":true,"href":"https:\/\/www.ladiagonale.net\/index.php\/wp-json\/wp\/v2\/comments?post=11012"}],"version-history":[{"count":20,"href":"https:\/\/www.ladiagonale.net\/index.php\/wp-json\/wp\/v2\/posts\/11012\/revisions"}],"predecessor-version":[{"id":11045,"href":"https:\/\/www.ladiagonale.net\/index.php\/wp-json\/wp\/v2\/posts\/11012\/revisions\/11045"}],"wp:featuredmedia":[{"embeddable":true,"href":"https:\/\/www.ladiagonale.net\/index.php\/wp-json\/wp\/v2\/media\/11033"}],"wp:attachment":[{"href":"https:\/\/www.ladiagonale.net\/index.php\/wp-json\/wp\/v2\/media?parent=11012"}],"wp:term":[{"taxonomy":"category","embeddable":true,"href":"https:\/\/www.ladiagonale.net\/index.php\/wp-json\/wp\/v2\/categories?post=11012"},{"taxonomy":"post_tag","embeddable":true,"href":"https:\/\/www.ladiagonale.net\/index.php\/wp-json\/wp\/v2\/tags?post=11012"}],"curies":[{"name":"wp","href":"https:\/\/api.w.org\/{rel}","templated":true}]}}