{"id":11074,"date":"2023-03-28T18:18:55","date_gmt":"2023-03-28T16:18:55","guid":{"rendered":"https:\/\/www.ladiagonale.net\/?p=11074"},"modified":"2023-03-28T18:18:59","modified_gmt":"2023-03-28T16:18:59","slug":"la-jeunesse-monegasque-porte-lattaque-de-la-france-u19","status":"publish","type":"post","link":"https:\/\/www.ladiagonale.net\/index.php\/2023\/03\/28\/la-jeunesse-monegasque-porte-lattaque-de-la-france-u19\/","title":{"rendered":"La jeunesse mon\u00e9gasque porte l\u2019attaque de la France U19"},"content":{"rendered":"\n\n\n<p>C\u2019est une grande apr\u00e8s-midi pour la formation as\u00e9miste puisque l\u2019\u00e9quipe de France U19 a align\u00e9 une triplette offensive 100% mon\u00e9gasque, pour son dernier match du tour \u00c9lite U19 contre la Roumanie. Eliesse Ben Seghir, Edan Diop et Malamine Efekele ont \u00e9t\u00e9 titularis\u00e9s par Lionel Rouxel et ont grandement oeuvr\u00e9 au succ\u00e8s des tricolores. C\u2019est Diop qui a ouvert le score durant cette rencontre, suite \u00e0 une pressing efficace de D\u00e9sir\u00e9 Dou\u00e9 (1-0, 13<sup>e<\/sup>).<\/p>\n\n\n\n<figure class=\"wp-block-embed is-type-rich is-provider-twitter wp-block-embed-twitter\"><div class=\"wp-block-embed__wrapper\">\n<blockquote class=\"twitter-tweet\" data-width=\"550\" data-dnt=\"true\"><p lang=\"fr\" dir=\"ltr\">BUT D\u2019EDAN DIOP POUR LA FRANCE\ud83c\uddee\ud83c\udde9\ud83c\uddeb\ud83c\uddf7<a href=\"https:\/\/t.co\/QmzWtPsOQG\">pic.twitter.com\/QmzWtPsOQG<\/a><\/p>&mdash; La Diagonale (@LaDiagonale_) <a href=\"https:\/\/twitter.com\/LaDiagonale_\/status\/1640705025923063811?ref_src=twsrc%5Etfw\">March 28, 2023<\/a><\/blockquote><script async src=\"https:\/\/platform.twitter.com\/widgets.js\" charset=\"utf-8\"><\/script>\n<\/div><\/figure>\n\n\n\n<p>Les Bleuets ont rapidement fait le break et c\u2019est Efekele qui s\u2019est employ\u00e9, en marquant \u00e0 bout portant d\u2019un ext\u00e9rieur du pied droit (2-0,15<sup>e<\/sup>). L\u2019attaquant du Groupe \u00c9lite s\u2019est r\u00e9v\u00e9l\u00e9 \u00eatre un v\u00e9ritable poison pour la d\u00e9fense roumaine, en \u00e9tant passeur d\u00e9cisif pour Dou\u00e9 sur la troisi\u00e8me r\u00e9alisation fran\u00e7aise (3-1, 43<sup>e<\/sup>), puis en obtenant un p\u00e9nalty en fin de rencontre. C\u2019est Eliesse Ben Seghir qui s\u2019est charg\u00e9 de le transformer et ainsi parachever le succ\u00e8s fran\u00e7ais (4-2, 81<sup>e<\/sup>).<\/p>\n\n\n\n<figure class=\"wp-block-embed is-type-rich is-provider-twitter wp-block-embed-twitter\"><div class=\"wp-block-embed__wrapper\">\n<blockquote class=\"twitter-tweet\" data-width=\"550\" data-dnt=\"true\"><p lang=\"fr\" dir=\"ltr\">BUT D\u2019EFEKELE AVEC LES BLEUS<br><br>LES MON\u00c9GASQUES EN \ud83d\udd25\ud83d\udd25<a href=\"https:\/\/t.co\/Pacqj5qrlO\">pic.twitter.com\/Pacqj5qrlO<\/a><\/p>&mdash; La Diagonale (@LaDiagonale_) <a href=\"https:\/\/twitter.com\/LaDiagonale_\/status\/1640707457004584960?ref_src=twsrc%5Etfw\">March 28, 2023<\/a><\/blockquote><script async src=\"https:\/\/platform.twitter.com\/widgets.js\" charset=\"utf-8\"><\/script>\n<\/div><\/figure>\n\n\n\n<p>Ben Seghir, tr\u00e8s remuant et pr\u00e9sent dans les combinaisons, est finalement sorti dans le temps additionnel en fin de match. Efekele a quant \u00e0 lui disput\u00e9 l\u2019int\u00e9gralit\u00e9 de la rencontre. Edan Diop avait laiss\u00e9 ses partenaires un peu plus t\u00f4t, remplac\u00e9 \u00e0 la 69<sup>e<\/sup> minute. Si les Mon\u00e9gasques ont brill\u00e9, ils n\u2019auront malheureusement pas l\u2019occasion de se montrer davantage lors de l\u2019Euro U19, puisque le France n&rsquo;y participera pas \u00e0 la suite de la d\u00e9faite face \u00e0 la Norv\u00e8ge.<\/p>\n\n\n\n<figure class=\"wp-block-embed is-type-rich is-provider-twitter wp-block-embed-twitter\"><div class=\"wp-block-embed__wrapper\">\n<blockquote class=\"twitter-tweet\" data-width=\"550\" data-dnt=\"true\"><p lang=\"fr\" dir=\"ltr\">L\u2019attaque mon\u00e9gasque qui r\u00e9gale \ud83d\ude0d <a href=\"https:\/\/t.co\/XvanPcroZz\">pic.twitter.com\/XvanPcroZz<\/a><\/p>&mdash; La Diagonale (@LaDiagonale_) <a href=\"https:\/\/twitter.com\/LaDiagonale_\/status\/1640728819555348480?ref_src=twsrc%5Etfw\">March 28, 2023<\/a><\/blockquote><script async src=\"https:\/\/platform.twitter.com\/widgets.js\" charset=\"utf-8\"><\/script>\n<\/div><\/figure>\n","protected":false},"excerpt":{"rendered":"<p>C\u2019est une grande apr\u00e8s-midi pour la formation as\u00e9miste puisque l\u2019\u00e9quipe de France U19 a align\u00e9 une triplette offensive 100% mon\u00e9gasque, pour son dernier match du tour \u00c9lite U19 contre la Roumanie. Eliesse Ben Seghir, Edan Diop et Malamine Efekele ont \u00e9t\u00e9 titularis\u00e9s par Lionel Rouxel et ont grandement oeuvr\u00e9 au succ\u00e8s des tricolores. C\u2019est Diop [&#8230;]\n","protected":false},"author":2,"featured_media":0,"comment_status":"open","ping_status":"open","sticky":false,"template":"","format":"standard","meta":[],"categories":[6],"tags":[76,86,80,286,77,445,116],"yoast_head":"<!-- This site is optimized with the Yoast SEO plugin v19.8 - https:\/\/yoast.com\/wordpress\/plugins\/seo\/ -->\n<title>La jeunesse mon\u00e9gasque porte l\u2019attaque de la France U19 - La Diagonale<\/title>\n<meta name=\"robots\" content=\"index, follow, max-snippet:-1, max-image-preview:large, max-video-preview:-1\" \/>\n<link rel=\"canonical\" href=\"https:\/\/www.ladiagonale.net\/index.php\/2023\/03\/28\/la-jeunesse-monegasque-porte-lattaque-de-la-france-u19\/\" \/>\n<meta property=\"og:locale\" content=\"fr_FR\" \/>\n<meta property=\"og:type\" content=\"article\" \/>\n<meta property=\"og:title\" content=\"La jeunesse mon\u00e9gasque porte l\u2019attaque de la France U19 - La Diagonale\" \/>\n<meta property=\"og:description\" content=\"C\u2019est une grande apr\u00e8s-midi pour la formation as\u00e9miste puisque l\u2019\u00e9quipe de France U19 a align\u00e9 une triplette offensive 100% mon\u00e9gasque, pour son dernier match du tour \u00c9lite U19 contre la Roumanie. Eliesse Ben Seghir, Edan Diop et Malamine Efekele ont \u00e9t\u00e9 titularis\u00e9s par Lionel Rouxel et ont grandement oeuvr\u00e9 au succ\u00e8s des tricolores. C\u2019est Diop [...]\" \/>\n<meta property=\"og:url\" content=\"https:\/\/www.ladiagonale.net\/index.php\/2023\/03\/28\/la-jeunesse-monegasque-porte-lattaque-de-la-france-u19\/\" \/>\n<meta property=\"og:site_name\" content=\"La Diagonale\" \/>\n<meta property=\"article:published_time\" content=\"2023-03-28T16:18:55+00:00\" \/>\n<meta property=\"article:modified_time\" content=\"2023-03-28T16:18:59+00:00\" \/>\n<meta property=\"og:image\" content=\"https:\/\/www.ladiagonale.net\/wp-content\/uploads\/2023\/03\/ben-seghir-france.png\" \/>\n\t<meta property=\"og:image:width\" content=\"1160\" \/>\n\t<meta property=\"og:image:height\" content=\"650\" \/>\n\t<meta property=\"og:image:type\" content=\"image\/png\" \/>\n<meta name=\"author\" content=\"Damien Dellerba\" \/>\n<meta name=\"twitter:card\" content=\"summary_large_image\" \/>\n<meta name=\"twitter:image\" content=\"https:\/\/www.ladiagonale.net\/wp-content\/uploads\/2023\/03\/ben-seghir-france.png\" \/>\n<meta name=\"twitter:label1\" content=\"\u00c9crit par\" \/>\n\t<meta name=\"twitter:data1\" content=\"Damien Dellerba\" \/>\n\t<meta name=\"twitter:label2\" content=\"Dur\u00e9e de lecture estim\u00e9e\" \/>\n\t<meta name=\"twitter:data2\" content=\"2 minutes\" \/>\n<script type=\"application\/ld+json\" class=\"yoast-schema-graph\">{\"@context\":\"https:\/\/schema.org\",\"@graph\":[{\"@type\":\"WebPage\",\"@id\":\"https:\/\/www.ladiagonale.net\/index.php\/2023\/03\/28\/la-jeunesse-monegasque-porte-lattaque-de-la-france-u19\/\",\"url\":\"https:\/\/www.ladiagonale.net\/index.php\/2023\/03\/28\/la-jeunesse-monegasque-porte-lattaque-de-la-france-u19\/\",\"name\":\"La jeunesse mon\u00e9gasque porte l\u2019attaque de la France U19 - La Diagonale\",\"isPartOf\":{\"@id\":\"https:\/\/www.ladiagonale.net\/#website\"},\"datePublished\":\"2023-03-28T16:18:55+00:00\",\"dateModified\":\"2023-03-28T16:18:59+00:00\",\"author\":{\"@id\":\"https:\/\/www.ladiagonale.net\/#\/schema\/person\/79ff1e7b0853ed01b2aa26e64ad300bf\"},\"breadcrumb\":{\"@id\":\"https:\/\/www.ladiagonale.net\/index.php\/2023\/03\/28\/la-jeunesse-monegasque-porte-lattaque-de-la-france-u19\/#breadcrumb\"},\"inLanguage\":\"fr-FR\",\"potentialAction\":[{\"@type\":\"ReadAction\",\"target\":[\"https:\/\/www.ladiagonale.net\/index.php\/2023\/03\/28\/la-jeunesse-monegasque-porte-lattaque-de-la-france-u19\/\"]}]},{\"@type\":\"BreadcrumbList\",\"@id\":\"https:\/\/www.ladiagonale.net\/index.php\/2023\/03\/28\/la-jeunesse-monegasque-porte-lattaque-de-la-france-u19\/#breadcrumb\",\"itemListElement\":[{\"@type\":\"ListItem\",\"position\":1,\"name\":\"Accueil\",\"item\":\"https:\/\/www.ladiagonale.net\/\"},{\"@type\":\"ListItem\",\"position\":2,\"name\":\"La jeunesse mon\u00e9gasque porte l\u2019attaque de la France U19\"}]},{\"@type\":\"WebSite\",\"@id\":\"https:\/\/www.ladiagonale.net\/#website\",\"url\":\"https:\/\/www.ladiagonale.net\/\",\"name\":\"La Diagonale\",\"description\":\"Le site des supporters de l&#039;AS Monaco FC\",\"potentialAction\":[{\"@type\":\"SearchAction\",\"target\":{\"@type\":\"EntryPoint\",\"urlTemplate\":\"https:\/\/www.ladiagonale.net\/?s={search_term_string}\"},\"query-input\":\"required name=search_term_string\"}],\"inLanguage\":\"fr-FR\"},{\"@type\":\"Person\",\"@id\":\"https:\/\/www.ladiagonale.net\/#\/schema\/person\/79ff1e7b0853ed01b2aa26e64ad300bf\",\"name\":\"Damien Dellerba\",\"image\":{\"@type\":\"ImageObject\",\"inLanguage\":\"fr-FR\",\"@id\":\"https:\/\/www.ladiagonale.net\/#\/schema\/person\/image\/\",\"url\":\"https:\/\/secure.gravatar.com\/avatar\/c7850e06d3ff63cdbaee88b7fc16e2f0?s=96&d=mm&r=g\",\"contentUrl\":\"https:\/\/secure.gravatar.com\/avatar\/c7850e06d3ff63cdbaee88b7fc16e2f0?s=96&d=mm&r=g\",\"caption\":\"Damien Dellerba\"},\"url\":\"https:\/\/www.ladiagonale.net\/index.php\/author\/damien\/\"}]}<\/script>\n<!-- \/ Yoast SEO plugin. -->","yoast_head_json":{"title":"La jeunesse mon\u00e9gasque porte l\u2019attaque de la France U19 - La Diagonale","robots":{"index":"index","follow":"follow","max-snippet":"max-snippet:-1","max-image-preview":"max-image-preview:large","max-video-preview":"max-video-preview:-1"},"canonical":"https:\/\/www.ladiagonale.net\/index.php\/2023\/03\/28\/la-jeunesse-monegasque-porte-lattaque-de-la-france-u19\/","og_locale":"fr_FR","og_type":"article","og_title":"La jeunesse mon\u00e9gasque porte l\u2019attaque de la France U19 - La Diagonale","og_description":"C\u2019est une grande apr\u00e8s-midi pour la formation as\u00e9miste puisque l\u2019\u00e9quipe de France U19 a align\u00e9 une triplette offensive 100% mon\u00e9gasque, pour son dernier match du tour \u00c9lite U19 contre la Roumanie. Eliesse Ben Seghir, Edan Diop et Malamine Efekele ont \u00e9t\u00e9 titularis\u00e9s par Lionel Rouxel et ont grandement oeuvr\u00e9 au succ\u00e8s des tricolores. C\u2019est Diop [...]","og_url":"https:\/\/www.ladiagonale.net\/index.php\/2023\/03\/28\/la-jeunesse-monegasque-porte-lattaque-de-la-france-u19\/","og_site_name":"La Diagonale","article_published_time":"2023-03-28T16:18:55+00:00","article_modified_time":"2023-03-28T16:18:59+00:00","og_image":[{"width":1160,"height":650,"url":"https:\/\/www.ladiagonale.net\/wp-content\/uploads\/2023\/03\/ben-seghir-france.png","type":"image\/png"}],"author":"Damien Dellerba","twitter_card":"summary_large_image","twitter_image":"https:\/\/www.ladiagonale.net\/wp-content\/uploads\/2023\/03\/ben-seghir-france.png","twitter_misc":{"\u00c9crit par":"Damien Dellerba","Dur\u00e9e de lecture estim\u00e9e":"2 minutes"},"schema":{"@context":"https:\/\/schema.org","@graph":[{"@type":"WebPage","@id":"https:\/\/www.ladiagonale.net\/index.php\/2023\/03\/28\/la-jeunesse-monegasque-porte-lattaque-de-la-france-u19\/","url":"https:\/\/www.ladiagonale.net\/index.php\/2023\/03\/28\/la-jeunesse-monegasque-porte-lattaque-de-la-france-u19\/","name":"La jeunesse mon\u00e9gasque porte l\u2019attaque de la France U19 - La Diagonale","isPartOf":{"@id":"https:\/\/www.ladiagonale.net\/#website"},"datePublished":"2023-03-28T16:18:55+00:00","dateModified":"2023-03-28T16:18:59+00:00","author":{"@id":"https:\/\/www.ladiagonale.net\/#\/schema\/person\/79ff1e7b0853ed01b2aa26e64ad300bf"},"breadcrumb":{"@id":"https:\/\/www.ladiagonale.net\/index.php\/2023\/03\/28\/la-jeunesse-monegasque-porte-lattaque-de-la-france-u19\/#breadcrumb"},"inLanguage":"fr-FR","potentialAction":[{"@type":"ReadAction","target":["https:\/\/www.ladiagonale.net\/index.php\/2023\/03\/28\/la-jeunesse-monegasque-porte-lattaque-de-la-france-u19\/"]}]},{"@type":"BreadcrumbList","@id":"https:\/\/www.ladiagonale.net\/index.php\/2023\/03\/28\/la-jeunesse-monegasque-porte-lattaque-de-la-france-u19\/#breadcrumb","itemListElement":[{"@type":"ListItem","position":1,"name":"Accueil","item":"https:\/\/www.ladiagonale.net\/"},{"@type":"ListItem","position":2,"name":"La jeunesse mon\u00e9gasque porte l\u2019attaque de la France U19"}]},{"@type":"WebSite","@id":"https:\/\/www.ladiagonale.net\/#website","url":"https:\/\/www.ladiagonale.net\/","name":"La Diagonale","description":"Le site des supporters de l&#039;AS Monaco FC","potentialAction":[{"@type":"SearchAction","target":{"@type":"EntryPoint","urlTemplate":"https:\/\/www.ladiagonale.net\/?s={search_term_string}"},"query-input":"required name=search_term_string"}],"inLanguage":"fr-FR"},{"@type":"Person","@id":"https:\/\/www.ladiagonale.net\/#\/schema\/person\/79ff1e7b0853ed01b2aa26e64ad300bf","name":"Damien Dellerba","image":{"@type":"ImageObject","inLanguage":"fr-FR","@id":"https:\/\/www.ladiagonale.net\/#\/schema\/person\/image\/","url":"https:\/\/secure.gravatar.com\/avatar\/c7850e06d3ff63cdbaee88b7fc16e2f0?s=96&d=mm&r=g","contentUrl":"https:\/\/secure.gravatar.com\/avatar\/c7850e06d3ff63cdbaee88b7fc16e2f0?s=96&d=mm&r=g","caption":"Damien Dellerba"},"url":"https:\/\/www.ladiagonale.net\/index.php\/author\/damien\/"}]}},"_links":{"self":[{"href":"https:\/\/www.ladiagonale.net\/index.php\/wp-json\/wp\/v2\/posts\/11074"}],"collection":[{"href":"https:\/\/www.ladiagonale.net\/index.php\/wp-json\/wp\/v2\/posts"}],"about":[{"href":"https:\/\/www.ladiagonale.net\/index.php\/wp-json\/wp\/v2\/types\/post"}],"author":[{"embeddable":true,"href":"https:\/\/www.ladiagonale.net\/index.php\/wp-json\/wp\/v2\/users\/2"}],"replies":[{"embeddable":true,"href":"https:\/\/www.ladiagonale.net\/index.php\/wp-json\/wp\/v2\/comments?post=11074"}],"version-history":[{"count":1,"href":"https:\/\/www.ladiagonale.net\/index.php\/wp-json\/wp\/v2\/posts\/11074\/revisions"}],"predecessor-version":[{"id":11076,"href":"https:\/\/www.ladiagonale.net\/index.php\/wp-json\/wp\/v2\/posts\/11074\/revisions\/11076"}],"wp:attachment":[{"href":"https:\/\/www.ladiagonale.net\/index.php\/wp-json\/wp\/v2\/media?parent=11074"}],"wp:term":[{"taxonomy":"category","embeddable":true,"href":"https:\/\/www.ladiagonale.net\/index.php\/wp-json\/wp\/v2\/categories?post=11074"},{"taxonomy":"post_tag","embeddable":true,"href":"https:\/\/www.ladiagonale.net\/index.php\/wp-json\/wp\/v2\/tags?post=11074"}],"curies":[{"name":"wp","href":"https:\/\/api.w.org\/{rel}","templated":true}]}}