{"id":11077,"date":"2023-03-28T19:11:41","date_gmt":"2023-03-28T17:11:41","guid":{"rendered":"https:\/\/www.ladiagonale.net\/?p=11077"},"modified":"2023-03-28T19:11:46","modified_gmt":"2023-03-28T17:11:46","slug":"un-nul-contre-langleterre-pour-semedo-varela-et-la-france-u20","status":"publish","type":"post","link":"https:\/\/www.ladiagonale.net\/index.php\/2023\/03\/28\/un-nul-contre-langleterre-pour-semedo-varela-et-la-france-u20\/","title":{"rendered":"Un nul contre l&rsquo;Angleterre pour Semedo Varela et la France U20"},"content":{"rendered":"\n\n\n<p>La s\u00e9lection U20 de l&rsquo;\u00e9quipe de France a achev\u00e9 son rassemblement en Espagne sur un nul lors d&rsquo;une rencontre amicale contre l&rsquo;Angleterre (1-1). Jordan Semedo Varela a disput\u00e9 l&rsquo;int\u00e9gralit\u00e9 de la rencontre et n&rsquo;a pas \u00e9t\u00e9 tr\u00e8s en vue. Il a aussi souffert par moments face \u00e0 la vitesse des anglais. Yann Lienard est rest\u00e9 sur le banc.<\/p>\n\n\n\n<p>Les Bleuets terminent leur p\u00e9riode de pr\u00e9paration pour la Coupe du monde U20 avec une victoire, un nul et une d\u00e9faite. Ils auraient d\u00fb conna\u00eetre leurs adversaires pour la comp\u00e9tition ce vendredi, mais le tirage au sort, qui devait se d\u00e9rouler en Indon\u00e9sie, a finalement \u00e9t\u00e9 annul\u00e9 sur fond de tensions quant \u00e0 l&rsquo;accueil de la d\u00e9l\u00e9gation isra\u00e9lienne pour cette comp\u00e9tition.<\/p>\n","protected":false},"excerpt":{"rendered":"<p>La s\u00e9lection U20 de l&rsquo;\u00e9quipe de France a achev\u00e9 son rassemblement en Espagne sur un nul lors d&rsquo;une rencontre amicale contre l&rsquo;Angleterre (1-1). Jordan Semedo Varela a disput\u00e9 l&rsquo;int\u00e9gralit\u00e9 de la rencontre et n&rsquo;a pas \u00e9t\u00e9 tr\u00e8s en vue. Il a aussi souffert par moments face \u00e0 la vitesse des anglais. Yann Lienard est rest\u00e9 [&#8230;]\n","protected":false},"author":2,"featured_media":0,"comment_status":"open","ping_status":"open","sticky":false,"template":"","format":"standard","meta":[],"categories":[6],"tags":[76,86,457,116,146],"yoast_head":"<!-- This site is optimized with the Yoast SEO plugin v19.8 - https:\/\/yoast.com\/wordpress\/plugins\/seo\/ -->\n<title>Un nul contre l&#039;Angleterre pour Semedo Varela et la France U20 - La Diagonale<\/title>\n<meta name=\"robots\" content=\"index, follow, max-snippet:-1, max-image-preview:large, max-video-preview:-1\" \/>\n<link rel=\"canonical\" href=\"https:\/\/www.ladiagonale.net\/index.php\/2023\/03\/28\/un-nul-contre-langleterre-pour-semedo-varela-et-la-france-u20\/\" \/>\n<meta property=\"og:locale\" content=\"fr_FR\" \/>\n<meta property=\"og:type\" content=\"article\" \/>\n<meta property=\"og:title\" content=\"Un nul contre l&#039;Angleterre pour Semedo Varela et la France U20 - La Diagonale\" \/>\n<meta property=\"og:description\" content=\"La s\u00e9lection U20 de l&rsquo;\u00e9quipe de France a achev\u00e9 son rassemblement en Espagne sur un nul lors d&rsquo;une rencontre amicale contre l&rsquo;Angleterre (1-1). Jordan Semedo Varela a disput\u00e9 l&rsquo;int\u00e9gralit\u00e9 de la rencontre et n&rsquo;a pas \u00e9t\u00e9 tr\u00e8s en vue. Il a aussi souffert par moments face \u00e0 la vitesse des anglais. Yann Lienard est rest\u00e9 [...]\" \/>\n<meta property=\"og:url\" content=\"https:\/\/www.ladiagonale.net\/index.php\/2023\/03\/28\/un-nul-contre-langleterre-pour-semedo-varela-et-la-france-u20\/\" \/>\n<meta property=\"og:site_name\" content=\"La Diagonale\" \/>\n<meta property=\"article:published_time\" content=\"2023-03-28T17:11:41+00:00\" \/>\n<meta property=\"article:modified_time\" content=\"2023-03-28T17:11:46+00:00\" \/>\n<meta property=\"og:image\" content=\"https:\/\/www.ladiagonale.net\/wp-content\/uploads\/2022\/11\/semedo-france.png\" \/>\n\t<meta property=\"og:image:width\" content=\"1160\" \/>\n\t<meta property=\"og:image:height\" content=\"650\" \/>\n\t<meta property=\"og:image:type\" content=\"image\/png\" \/>\n<meta name=\"author\" content=\"Damien Dellerba\" \/>\n<meta name=\"twitter:card\" content=\"summary_large_image\" \/>\n<meta name=\"twitter:image\" content=\"https:\/\/www.ladiagonale.net\/wp-content\/uploads\/2022\/11\/semedo-france.png\" \/>\n<meta name=\"twitter:label1\" content=\"\u00c9crit par\" \/>\n\t<meta name=\"twitter:data1\" content=\"Damien Dellerba\" \/>\n\t<meta name=\"twitter:label2\" content=\"Dur\u00e9e de lecture estim\u00e9e\" \/>\n\t<meta name=\"twitter:data2\" content=\"1 minute\" \/>\n<script type=\"application\/ld+json\" class=\"yoast-schema-graph\">{\"@context\":\"https:\/\/schema.org\",\"@graph\":[{\"@type\":\"WebPage\",\"@id\":\"https:\/\/www.ladiagonale.net\/index.php\/2023\/03\/28\/un-nul-contre-langleterre-pour-semedo-varela-et-la-france-u20\/\",\"url\":\"https:\/\/www.ladiagonale.net\/index.php\/2023\/03\/28\/un-nul-contre-langleterre-pour-semedo-varela-et-la-france-u20\/\",\"name\":\"Un nul contre l'Angleterre pour Semedo Varela et la France U20 - La Diagonale\",\"isPartOf\":{\"@id\":\"https:\/\/www.ladiagonale.net\/#website\"},\"datePublished\":\"2023-03-28T17:11:41+00:00\",\"dateModified\":\"2023-03-28T17:11:46+00:00\",\"author\":{\"@id\":\"https:\/\/www.ladiagonale.net\/#\/schema\/person\/79ff1e7b0853ed01b2aa26e64ad300bf\"},\"breadcrumb\":{\"@id\":\"https:\/\/www.ladiagonale.net\/index.php\/2023\/03\/28\/un-nul-contre-langleterre-pour-semedo-varela-et-la-france-u20\/#breadcrumb\"},\"inLanguage\":\"fr-FR\",\"potentialAction\":[{\"@type\":\"ReadAction\",\"target\":[\"https:\/\/www.ladiagonale.net\/index.php\/2023\/03\/28\/un-nul-contre-langleterre-pour-semedo-varela-et-la-france-u20\/\"]}]},{\"@type\":\"BreadcrumbList\",\"@id\":\"https:\/\/www.ladiagonale.net\/index.php\/2023\/03\/28\/un-nul-contre-langleterre-pour-semedo-varela-et-la-france-u20\/#breadcrumb\",\"itemListElement\":[{\"@type\":\"ListItem\",\"position\":1,\"name\":\"Accueil\",\"item\":\"https:\/\/www.ladiagonale.net\/\"},{\"@type\":\"ListItem\",\"position\":2,\"name\":\"Un nul contre l&rsquo;Angleterre pour Semedo Varela et la France U20\"}]},{\"@type\":\"WebSite\",\"@id\":\"https:\/\/www.ladiagonale.net\/#website\",\"url\":\"https:\/\/www.ladiagonale.net\/\",\"name\":\"La Diagonale\",\"description\":\"Le site des supporters de l&#039;AS Monaco FC\",\"potentialAction\":[{\"@type\":\"SearchAction\",\"target\":{\"@type\":\"EntryPoint\",\"urlTemplate\":\"https:\/\/www.ladiagonale.net\/?s={search_term_string}\"},\"query-input\":\"required name=search_term_string\"}],\"inLanguage\":\"fr-FR\"},{\"@type\":\"Person\",\"@id\":\"https:\/\/www.ladiagonale.net\/#\/schema\/person\/79ff1e7b0853ed01b2aa26e64ad300bf\",\"name\":\"Damien Dellerba\",\"image\":{\"@type\":\"ImageObject\",\"inLanguage\":\"fr-FR\",\"@id\":\"https:\/\/www.ladiagonale.net\/#\/schema\/person\/image\/\",\"url\":\"https:\/\/secure.gravatar.com\/avatar\/c7850e06d3ff63cdbaee88b7fc16e2f0?s=96&d=mm&r=g\",\"contentUrl\":\"https:\/\/secure.gravatar.com\/avatar\/c7850e06d3ff63cdbaee88b7fc16e2f0?s=96&d=mm&r=g\",\"caption\":\"Damien Dellerba\"},\"url\":\"https:\/\/www.ladiagonale.net\/index.php\/author\/damien\/\"}]}<\/script>\n<!-- \/ Yoast SEO plugin. -->","yoast_head_json":{"title":"Un nul contre l'Angleterre pour Semedo Varela et la France U20 - La Diagonale","robots":{"index":"index","follow":"follow","max-snippet":"max-snippet:-1","max-image-preview":"max-image-preview:large","max-video-preview":"max-video-preview:-1"},"canonical":"https:\/\/www.ladiagonale.net\/index.php\/2023\/03\/28\/un-nul-contre-langleterre-pour-semedo-varela-et-la-france-u20\/","og_locale":"fr_FR","og_type":"article","og_title":"Un nul contre l'Angleterre pour Semedo Varela et la France U20 - La Diagonale","og_description":"La s\u00e9lection U20 de l&rsquo;\u00e9quipe de France a achev\u00e9 son rassemblement en Espagne sur un nul lors d&rsquo;une rencontre amicale contre l&rsquo;Angleterre (1-1). Jordan Semedo Varela a disput\u00e9 l&rsquo;int\u00e9gralit\u00e9 de la rencontre et n&rsquo;a pas \u00e9t\u00e9 tr\u00e8s en vue. Il a aussi souffert par moments face \u00e0 la vitesse des anglais. Yann Lienard est rest\u00e9 [...]","og_url":"https:\/\/www.ladiagonale.net\/index.php\/2023\/03\/28\/un-nul-contre-langleterre-pour-semedo-varela-et-la-france-u20\/","og_site_name":"La Diagonale","article_published_time":"2023-03-28T17:11:41+00:00","article_modified_time":"2023-03-28T17:11:46+00:00","og_image":[{"width":1160,"height":650,"url":"https:\/\/www.ladiagonale.net\/wp-content\/uploads\/2022\/11\/semedo-france.png","type":"image\/png"}],"author":"Damien Dellerba","twitter_card":"summary_large_image","twitter_image":"https:\/\/www.ladiagonale.net\/wp-content\/uploads\/2022\/11\/semedo-france.png","twitter_misc":{"\u00c9crit par":"Damien Dellerba","Dur\u00e9e de lecture estim\u00e9e":"1 minute"},"schema":{"@context":"https:\/\/schema.org","@graph":[{"@type":"WebPage","@id":"https:\/\/www.ladiagonale.net\/index.php\/2023\/03\/28\/un-nul-contre-langleterre-pour-semedo-varela-et-la-france-u20\/","url":"https:\/\/www.ladiagonale.net\/index.php\/2023\/03\/28\/un-nul-contre-langleterre-pour-semedo-varela-et-la-france-u20\/","name":"Un nul contre l'Angleterre pour Semedo Varela et la France U20 - La Diagonale","isPartOf":{"@id":"https:\/\/www.ladiagonale.net\/#website"},"datePublished":"2023-03-28T17:11:41+00:00","dateModified":"2023-03-28T17:11:46+00:00","author":{"@id":"https:\/\/www.ladiagonale.net\/#\/schema\/person\/79ff1e7b0853ed01b2aa26e64ad300bf"},"breadcrumb":{"@id":"https:\/\/www.ladiagonale.net\/index.php\/2023\/03\/28\/un-nul-contre-langleterre-pour-semedo-varela-et-la-france-u20\/#breadcrumb"},"inLanguage":"fr-FR","potentialAction":[{"@type":"ReadAction","target":["https:\/\/www.ladiagonale.net\/index.php\/2023\/03\/28\/un-nul-contre-langleterre-pour-semedo-varela-et-la-france-u20\/"]}]},{"@type":"BreadcrumbList","@id":"https:\/\/www.ladiagonale.net\/index.php\/2023\/03\/28\/un-nul-contre-langleterre-pour-semedo-varela-et-la-france-u20\/#breadcrumb","itemListElement":[{"@type":"ListItem","position":1,"name":"Accueil","item":"https:\/\/www.ladiagonale.net\/"},{"@type":"ListItem","position":2,"name":"Un nul contre l&rsquo;Angleterre pour Semedo Varela et la France U20"}]},{"@type":"WebSite","@id":"https:\/\/www.ladiagonale.net\/#website","url":"https:\/\/www.ladiagonale.net\/","name":"La Diagonale","description":"Le site des supporters de l&#039;AS Monaco FC","potentialAction":[{"@type":"SearchAction","target":{"@type":"EntryPoint","urlTemplate":"https:\/\/www.ladiagonale.net\/?s={search_term_string}"},"query-input":"required name=search_term_string"}],"inLanguage":"fr-FR"},{"@type":"Person","@id":"https:\/\/www.ladiagonale.net\/#\/schema\/person\/79ff1e7b0853ed01b2aa26e64ad300bf","name":"Damien Dellerba","image":{"@type":"ImageObject","inLanguage":"fr-FR","@id":"https:\/\/www.ladiagonale.net\/#\/schema\/person\/image\/","url":"https:\/\/secure.gravatar.com\/avatar\/c7850e06d3ff63cdbaee88b7fc16e2f0?s=96&d=mm&r=g","contentUrl":"https:\/\/secure.gravatar.com\/avatar\/c7850e06d3ff63cdbaee88b7fc16e2f0?s=96&d=mm&r=g","caption":"Damien Dellerba"},"url":"https:\/\/www.ladiagonale.net\/index.php\/author\/damien\/"}]}},"_links":{"self":[{"href":"https:\/\/www.ladiagonale.net\/index.php\/wp-json\/wp\/v2\/posts\/11077"}],"collection":[{"href":"https:\/\/www.ladiagonale.net\/index.php\/wp-json\/wp\/v2\/posts"}],"about":[{"href":"https:\/\/www.ladiagonale.net\/index.php\/wp-json\/wp\/v2\/types\/post"}],"author":[{"embeddable":true,"href":"https:\/\/www.ladiagonale.net\/index.php\/wp-json\/wp\/v2\/users\/2"}],"replies":[{"embeddable":true,"href":"https:\/\/www.ladiagonale.net\/index.php\/wp-json\/wp\/v2\/comments?post=11077"}],"version-history":[{"count":1,"href":"https:\/\/www.ladiagonale.net\/index.php\/wp-json\/wp\/v2\/posts\/11077\/revisions"}],"predecessor-version":[{"id":11078,"href":"https:\/\/www.ladiagonale.net\/index.php\/wp-json\/wp\/v2\/posts\/11077\/revisions\/11078"}],"wp:attachment":[{"href":"https:\/\/www.ladiagonale.net\/index.php\/wp-json\/wp\/v2\/media?parent=11077"}],"wp:term":[{"taxonomy":"category","embeddable":true,"href":"https:\/\/www.ladiagonale.net\/index.php\/wp-json\/wp\/v2\/categories?post=11077"},{"taxonomy":"post_tag","embeddable":true,"href":"https:\/\/www.ladiagonale.net\/index.php\/wp-json\/wp\/v2\/tags?post=11077"}],"curies":[{"name":"wp","href":"https:\/\/api.w.org\/{rel}","templated":true}]}}