{"id":11079,"date":"2023-03-28T20:08:51","date_gmt":"2023-03-28T18:08:51","guid":{"rendered":"https:\/\/www.ladiagonale.net\/?p=11079"},"modified":"2023-03-28T20:08:55","modified_gmt":"2023-03-28T18:08:55","slug":"bouabre-decisif-qualifie-pour-leuro-u17-avec-les-bleuets","status":"publish","type":"post","link":"https:\/\/www.ladiagonale.net\/index.php\/2023\/03\/28\/bouabre-decisif-qualifie-pour-leuro-u17-avec-les-bleuets\/","title":{"rendered":"Bouabr\u00e9, d\u00e9cisif, qualifi\u00e9 pour l&rsquo;Euro U17 avec les Bleuets"},"content":{"rendered":"\n\n\n<p>Sa\u00efmon Bouabr\u00e9 a encore \u00e9t\u00e9 \u00e0 son avantage lors de la troisi\u00e8me rencontre du tour \u00c9lite U17 contre la Suisse. La s\u00e9lection tricolore des U17 a battu la <em>Nati<\/em> (1-2) et le milieu offensif mon\u00e9gasque a contribu\u00e9 \u00e0 ce succ\u00e8s, avec une passe d\u00e9cisive sur corner en d\u00e9but de match (7<sup>e<\/sup>). Repositionn\u00e9 dans le c\u0153ur du jeu, et non ailier comme lors des deux premi\u00e8res rencontres, Bouabr\u00e9 a livr\u00e9 une copie de grande qualit\u00e9. Seul point n\u00e9gatif, un avertissement re\u00e7u \u00e0 la 44<sup>e<\/sup> minute.<\/p>\n\n\n\n<figure class=\"wp-block-embed is-type-rich is-provider-twitter wp-block-embed-twitter\"><div class=\"wp-block-embed__wrapper\">\n<blockquote class=\"twitter-tweet\" data-width=\"550\" data-dnt=\"true\"><p lang=\"und\" dir=\"ltr\">Yvann Titi \ud83c\uddeb\ud83c\uddf7(2006) heads France U17 into the lead!!!<br>Sa\u00efmon Bouabr\u00e9 \ud83c\uddeb\ud83c\uddf7(2006) with the assist!!!<a href=\"https:\/\/twitter.com\/hashtag\/U17EURO?src=hash&amp;ref_src=twsrc%5Etfw\">#U17EURO<\/a> <a href=\"https:\/\/t.co\/sMtk74HNbd\">pic.twitter.com\/sMtk74HNbd<\/a><\/p>&mdash; Football Report (@FootballReprt) <a href=\"https:\/\/twitter.com\/FootballReprt\/status\/1640733934584471553?ref_src=twsrc%5Etfw\">March 28, 2023<\/a><\/blockquote><script async src=\"https:\/\/platform.twitter.com\/widgets.js\" charset=\"utf-8\"><\/script>\n<\/div><\/figure>\n\n\n\n<p>Si l&rsquo;\u00e9quipe de France U19 a \u00e9chou\u00e9 \u00e0 se qualifier pour le championnat d&rsquo;Europe, leurs cadets de la s\u00e9lection U17, eux, y seront bien pr\u00e9sents. Les hommes de Jean-Luc Vannuchi ont donc valid\u00e9 leur ticket apr\u00e8s ce tour \u00c9lite rondement men\u00e9 et trois victoires en trois matchs. Apr\u00e8s Lisandru Olmeta, titr\u00e9 l&rsquo;an dernier, un autre joueur de l&rsquo;Academy as\u00e9miste pourrait donc \u00eatre amen\u00e9 \u00e0 repr\u00e9senter la France lors de ce championnat d&rsquo;Europe des moins de 17 ans, qui se tiendra en Hongrie du 17 mai au 2 juin.<\/p>\n","protected":false},"excerpt":{"rendered":"<p>Sa\u00efmon Bouabr\u00e9 a encore \u00e9t\u00e9 \u00e0 son avantage lors de la troisi\u00e8me rencontre du tour \u00c9lite U17 contre la Suisse. La s\u00e9lection tricolore des U17 a battu la Nati (1-2) et le milieu offensif mon\u00e9gasque a contribu\u00e9 \u00e0 ce succ\u00e8s, avec une passe d\u00e9cisive sur corner en d\u00e9but de match (7e). Repositionn\u00e9 dans le c\u0153ur [&#8230;]\n","protected":false},"author":2,"featured_media":0,"comment_status":"open","ping_status":"open","sticky":false,"template":"","format":"standard","meta":[],"categories":[6],"tags":[76,86,93,413,116],"yoast_head":"<!-- This site is optimized with the Yoast SEO plugin v19.8 - https:\/\/yoast.com\/wordpress\/plugins\/seo\/ -->\n<title>Bouabr\u00e9, d\u00e9cisif, qualifi\u00e9 pour l&#039;Euro U17 avec les Bleuets - La Diagonale<\/title>\n<meta name=\"robots\" content=\"index, follow, max-snippet:-1, max-image-preview:large, max-video-preview:-1\" \/>\n<link rel=\"canonical\" href=\"https:\/\/www.ladiagonale.net\/index.php\/2023\/03\/28\/bouabre-decisif-qualifie-pour-leuro-u17-avec-les-bleuets\/\" \/>\n<meta property=\"og:locale\" content=\"fr_FR\" \/>\n<meta property=\"og:type\" content=\"article\" \/>\n<meta property=\"og:title\" content=\"Bouabr\u00e9, d\u00e9cisif, qualifi\u00e9 pour l&#039;Euro U17 avec les Bleuets - La Diagonale\" \/>\n<meta property=\"og:description\" content=\"Sa\u00efmon Bouabr\u00e9 a encore \u00e9t\u00e9 \u00e0 son avantage lors de la troisi\u00e8me rencontre du tour \u00c9lite U17 contre la Suisse. La s\u00e9lection tricolore des U17 a battu la Nati (1-2) et le milieu offensif mon\u00e9gasque a contribu\u00e9 \u00e0 ce succ\u00e8s, avec une passe d\u00e9cisive sur corner en d\u00e9but de match (7e). Repositionn\u00e9 dans le c\u0153ur [...]\" \/>\n<meta property=\"og:url\" content=\"https:\/\/www.ladiagonale.net\/index.php\/2023\/03\/28\/bouabre-decisif-qualifie-pour-leuro-u17-avec-les-bleuets\/\" \/>\n<meta property=\"og:site_name\" content=\"La Diagonale\" \/>\n<meta property=\"article:published_time\" content=\"2023-03-28T18:08:51+00:00\" \/>\n<meta property=\"article:modified_time\" content=\"2023-03-28T18:08:55+00:00\" \/>\n<meta property=\"og:image\" content=\"https:\/\/www.ladiagonale.net\/wp-content\/uploads\/2022\/11\/bouabre\u0301.png\" \/>\n\t<meta property=\"og:image:width\" content=\"1160\" \/>\n\t<meta property=\"og:image:height\" content=\"650\" \/>\n\t<meta property=\"og:image:type\" content=\"image\/png\" \/>\n<meta name=\"author\" content=\"Damien Dellerba\" \/>\n<meta name=\"twitter:card\" content=\"summary_large_image\" \/>\n<meta name=\"twitter:image\" content=\"https:\/\/www.ladiagonale.net\/wp-content\/uploads\/2022\/11\/bouabre\u0301.png\" \/>\n<meta name=\"twitter:label1\" content=\"\u00c9crit par\" \/>\n\t<meta name=\"twitter:data1\" content=\"Damien Dellerba\" \/>\n\t<meta name=\"twitter:label2\" content=\"Dur\u00e9e de lecture estim\u00e9e\" \/>\n\t<meta name=\"twitter:data2\" content=\"1 minute\" \/>\n<script type=\"application\/ld+json\" class=\"yoast-schema-graph\">{\"@context\":\"https:\/\/schema.org\",\"@graph\":[{\"@type\":\"WebPage\",\"@id\":\"https:\/\/www.ladiagonale.net\/index.php\/2023\/03\/28\/bouabre-decisif-qualifie-pour-leuro-u17-avec-les-bleuets\/\",\"url\":\"https:\/\/www.ladiagonale.net\/index.php\/2023\/03\/28\/bouabre-decisif-qualifie-pour-leuro-u17-avec-les-bleuets\/\",\"name\":\"Bouabr\u00e9, d\u00e9cisif, qualifi\u00e9 pour l'Euro U17 avec les Bleuets - La Diagonale\",\"isPartOf\":{\"@id\":\"https:\/\/www.ladiagonale.net\/#website\"},\"datePublished\":\"2023-03-28T18:08:51+00:00\",\"dateModified\":\"2023-03-28T18:08:55+00:00\",\"author\":{\"@id\":\"https:\/\/www.ladiagonale.net\/#\/schema\/person\/79ff1e7b0853ed01b2aa26e64ad300bf\"},\"breadcrumb\":{\"@id\":\"https:\/\/www.ladiagonale.net\/index.php\/2023\/03\/28\/bouabre-decisif-qualifie-pour-leuro-u17-avec-les-bleuets\/#breadcrumb\"},\"inLanguage\":\"fr-FR\",\"potentialAction\":[{\"@type\":\"ReadAction\",\"target\":[\"https:\/\/www.ladiagonale.net\/index.php\/2023\/03\/28\/bouabre-decisif-qualifie-pour-leuro-u17-avec-les-bleuets\/\"]}]},{\"@type\":\"BreadcrumbList\",\"@id\":\"https:\/\/www.ladiagonale.net\/index.php\/2023\/03\/28\/bouabre-decisif-qualifie-pour-leuro-u17-avec-les-bleuets\/#breadcrumb\",\"itemListElement\":[{\"@type\":\"ListItem\",\"position\":1,\"name\":\"Accueil\",\"item\":\"https:\/\/www.ladiagonale.net\/\"},{\"@type\":\"ListItem\",\"position\":2,\"name\":\"Bouabr\u00e9, d\u00e9cisif, qualifi\u00e9 pour l&rsquo;Euro U17 avec les Bleuets\"}]},{\"@type\":\"WebSite\",\"@id\":\"https:\/\/www.ladiagonale.net\/#website\",\"url\":\"https:\/\/www.ladiagonale.net\/\",\"name\":\"La Diagonale\",\"description\":\"Le site des supporters de l&#039;AS Monaco FC\",\"potentialAction\":[{\"@type\":\"SearchAction\",\"target\":{\"@type\":\"EntryPoint\",\"urlTemplate\":\"https:\/\/www.ladiagonale.net\/?s={search_term_string}\"},\"query-input\":\"required name=search_term_string\"}],\"inLanguage\":\"fr-FR\"},{\"@type\":\"Person\",\"@id\":\"https:\/\/www.ladiagonale.net\/#\/schema\/person\/79ff1e7b0853ed01b2aa26e64ad300bf\",\"name\":\"Damien Dellerba\",\"image\":{\"@type\":\"ImageObject\",\"inLanguage\":\"fr-FR\",\"@id\":\"https:\/\/www.ladiagonale.net\/#\/schema\/person\/image\/\",\"url\":\"https:\/\/secure.gravatar.com\/avatar\/c7850e06d3ff63cdbaee88b7fc16e2f0?s=96&d=mm&r=g\",\"contentUrl\":\"https:\/\/secure.gravatar.com\/avatar\/c7850e06d3ff63cdbaee88b7fc16e2f0?s=96&d=mm&r=g\",\"caption\":\"Damien Dellerba\"},\"url\":\"https:\/\/www.ladiagonale.net\/index.php\/author\/damien\/\"}]}<\/script>\n<!-- \/ Yoast SEO plugin. -->","yoast_head_json":{"title":"Bouabr\u00e9, d\u00e9cisif, qualifi\u00e9 pour l'Euro U17 avec les Bleuets - La Diagonale","robots":{"index":"index","follow":"follow","max-snippet":"max-snippet:-1","max-image-preview":"max-image-preview:large","max-video-preview":"max-video-preview:-1"},"canonical":"https:\/\/www.ladiagonale.net\/index.php\/2023\/03\/28\/bouabre-decisif-qualifie-pour-leuro-u17-avec-les-bleuets\/","og_locale":"fr_FR","og_type":"article","og_title":"Bouabr\u00e9, d\u00e9cisif, qualifi\u00e9 pour l'Euro U17 avec les Bleuets - La Diagonale","og_description":"Sa\u00efmon Bouabr\u00e9 a encore \u00e9t\u00e9 \u00e0 son avantage lors de la troisi\u00e8me rencontre du tour \u00c9lite U17 contre la Suisse. La s\u00e9lection tricolore des U17 a battu la Nati (1-2) et le milieu offensif mon\u00e9gasque a contribu\u00e9 \u00e0 ce succ\u00e8s, avec une passe d\u00e9cisive sur corner en d\u00e9but de match (7e). Repositionn\u00e9 dans le c\u0153ur [...]","og_url":"https:\/\/www.ladiagonale.net\/index.php\/2023\/03\/28\/bouabre-decisif-qualifie-pour-leuro-u17-avec-les-bleuets\/","og_site_name":"La Diagonale","article_published_time":"2023-03-28T18:08:51+00:00","article_modified_time":"2023-03-28T18:08:55+00:00","og_image":[{"width":1160,"height":650,"url":"https:\/\/www.ladiagonale.net\/wp-content\/uploads\/2022\/11\/bouabre\u0301.png","type":"image\/png"}],"author":"Damien Dellerba","twitter_card":"summary_large_image","twitter_image":"https:\/\/www.ladiagonale.net\/wp-content\/uploads\/2022\/11\/bouabre\u0301.png","twitter_misc":{"\u00c9crit par":"Damien Dellerba","Dur\u00e9e de lecture estim\u00e9e":"1 minute"},"schema":{"@context":"https:\/\/schema.org","@graph":[{"@type":"WebPage","@id":"https:\/\/www.ladiagonale.net\/index.php\/2023\/03\/28\/bouabre-decisif-qualifie-pour-leuro-u17-avec-les-bleuets\/","url":"https:\/\/www.ladiagonale.net\/index.php\/2023\/03\/28\/bouabre-decisif-qualifie-pour-leuro-u17-avec-les-bleuets\/","name":"Bouabr\u00e9, d\u00e9cisif, qualifi\u00e9 pour l'Euro U17 avec les Bleuets - La Diagonale","isPartOf":{"@id":"https:\/\/www.ladiagonale.net\/#website"},"datePublished":"2023-03-28T18:08:51+00:00","dateModified":"2023-03-28T18:08:55+00:00","author":{"@id":"https:\/\/www.ladiagonale.net\/#\/schema\/person\/79ff1e7b0853ed01b2aa26e64ad300bf"},"breadcrumb":{"@id":"https:\/\/www.ladiagonale.net\/index.php\/2023\/03\/28\/bouabre-decisif-qualifie-pour-leuro-u17-avec-les-bleuets\/#breadcrumb"},"inLanguage":"fr-FR","potentialAction":[{"@type":"ReadAction","target":["https:\/\/www.ladiagonale.net\/index.php\/2023\/03\/28\/bouabre-decisif-qualifie-pour-leuro-u17-avec-les-bleuets\/"]}]},{"@type":"BreadcrumbList","@id":"https:\/\/www.ladiagonale.net\/index.php\/2023\/03\/28\/bouabre-decisif-qualifie-pour-leuro-u17-avec-les-bleuets\/#breadcrumb","itemListElement":[{"@type":"ListItem","position":1,"name":"Accueil","item":"https:\/\/www.ladiagonale.net\/"},{"@type":"ListItem","position":2,"name":"Bouabr\u00e9, d\u00e9cisif, qualifi\u00e9 pour l&rsquo;Euro U17 avec les Bleuets"}]},{"@type":"WebSite","@id":"https:\/\/www.ladiagonale.net\/#website","url":"https:\/\/www.ladiagonale.net\/","name":"La Diagonale","description":"Le site des supporters de l&#039;AS Monaco FC","potentialAction":[{"@type":"SearchAction","target":{"@type":"EntryPoint","urlTemplate":"https:\/\/www.ladiagonale.net\/?s={search_term_string}"},"query-input":"required name=search_term_string"}],"inLanguage":"fr-FR"},{"@type":"Person","@id":"https:\/\/www.ladiagonale.net\/#\/schema\/person\/79ff1e7b0853ed01b2aa26e64ad300bf","name":"Damien Dellerba","image":{"@type":"ImageObject","inLanguage":"fr-FR","@id":"https:\/\/www.ladiagonale.net\/#\/schema\/person\/image\/","url":"https:\/\/secure.gravatar.com\/avatar\/c7850e06d3ff63cdbaee88b7fc16e2f0?s=96&d=mm&r=g","contentUrl":"https:\/\/secure.gravatar.com\/avatar\/c7850e06d3ff63cdbaee88b7fc16e2f0?s=96&d=mm&r=g","caption":"Damien Dellerba"},"url":"https:\/\/www.ladiagonale.net\/index.php\/author\/damien\/"}]}},"_links":{"self":[{"href":"https:\/\/www.ladiagonale.net\/index.php\/wp-json\/wp\/v2\/posts\/11079"}],"collection":[{"href":"https:\/\/www.ladiagonale.net\/index.php\/wp-json\/wp\/v2\/posts"}],"about":[{"href":"https:\/\/www.ladiagonale.net\/index.php\/wp-json\/wp\/v2\/types\/post"}],"author":[{"embeddable":true,"href":"https:\/\/www.ladiagonale.net\/index.php\/wp-json\/wp\/v2\/users\/2"}],"replies":[{"embeddable":true,"href":"https:\/\/www.ladiagonale.net\/index.php\/wp-json\/wp\/v2\/comments?post=11079"}],"version-history":[{"count":2,"href":"https:\/\/www.ladiagonale.net\/index.php\/wp-json\/wp\/v2\/posts\/11079\/revisions"}],"predecessor-version":[{"id":11085,"href":"https:\/\/www.ladiagonale.net\/index.php\/wp-json\/wp\/v2\/posts\/11079\/revisions\/11085"}],"wp:attachment":[{"href":"https:\/\/www.ladiagonale.net\/index.php\/wp-json\/wp\/v2\/media?parent=11079"}],"wp:term":[{"taxonomy":"category","embeddable":true,"href":"https:\/\/www.ladiagonale.net\/index.php\/wp-json\/wp\/v2\/categories?post=11079"},{"taxonomy":"post_tag","embeddable":true,"href":"https:\/\/www.ladiagonale.net\/index.php\/wp-json\/wp\/v2\/tags?post=11079"}],"curies":[{"name":"wp","href":"https:\/\/api.w.org\/{rel}","templated":true}]}}