{"id":11081,"date":"2023-03-28T19:31:52","date_gmt":"2023-03-28T17:31:52","guid":{"rendered":"https:\/\/www.ladiagonale.net\/?p=11081"},"modified":"2023-03-29T01:59:27","modified_gmt":"2023-03-28T23:59:27","slug":"plusieurs-semaines-dabsences-pour-embolo","status":"publish","type":"post","link":"https:\/\/www.ladiagonale.net\/index.php\/2023\/03\/28\/plusieurs-semaines-dabsences-pour-embolo\/","title":{"rendered":"Plusieurs semaines d&rsquo;absences pour Embolo ?"},"content":{"rendered":"\n\n\n<p>La semaine derni\u00e8re, Breel Embolo avait d\u00fb <a href=\"https:\/\/www.ladiagonale.net\/index.php\/2023\/03\/23\/embolo-doit-quitter-sa-selection\/\">quitter le rassemblement de sa s\u00e9lection<\/a> en raison de douleurs \u00e0 un genou et les informations r\u00e9v\u00e9l\u00e9es par Nice-Matin ne sont pas tr\u00e8s rassurantes pour le joueur de l&rsquo;AS Monaco. Selon le quotidien azur\u00e9en, l&rsquo;attaquant suisse souffrirait d&rsquo;une entorse et se retrouverait ainsi sur le flanc pour plusieurs semaines.<\/p>\n\n\n\n<p>Selon toute vraisemblance, la blessure serait li\u00e9e \u00e0 un coup re\u00e7u contre l&rsquo;AC Ajaccio, lors de la 28<sup>e<\/sup> journ\u00e9e de Ligue 1. La formation corse avait commis de nombreuses fautes sur l&rsquo;athl\u00e9tique attaquant mon\u00e9gasque dont une lourde par Oumar Gonzalez. Un contact qui avait laiss\u00e9 craindre le pire pour Embolo, qui \u00e9tait rest\u00e9 au sol de longues minutes avant de se relever et de terminer la rencontre. <\/p>\n","protected":false},"excerpt":{"rendered":"<p>La semaine derni\u00e8re, Breel Embolo avait d\u00fb quitter le rassemblement de sa s\u00e9lection en raison de douleurs \u00e0 un genou et les informations r\u00e9v\u00e9l\u00e9es par Nice-Matin ne sont pas tr\u00e8s rassurantes pour le joueur de l&rsquo;AS Monaco. Selon le quotidien azur\u00e9en, l&rsquo;attaquant suisse souffrirait d&rsquo;une entorse et se retrouverait ainsi sur le flanc pour plusieurs [&#8230;]\n","protected":false},"author":2,"featured_media":0,"comment_status":"open","ping_status":"open","sticky":false,"template":"","format":"standard","meta":[],"categories":[4,6],"tags":[86,161,196,94],"yoast_head":"<!-- This site is optimized with the Yoast SEO plugin v19.8 - https:\/\/yoast.com\/wordpress\/plugins\/seo\/ -->\n<title>Plusieurs semaines d&#039;absences pour Embolo ? - La Diagonale<\/title>\n<meta name=\"robots\" content=\"index, follow, max-snippet:-1, max-image-preview:large, max-video-preview:-1\" \/>\n<link rel=\"canonical\" href=\"https:\/\/www.ladiagonale.net\/index.php\/2023\/03\/28\/plusieurs-semaines-dabsences-pour-embolo\/\" \/>\n<meta property=\"og:locale\" content=\"fr_FR\" \/>\n<meta property=\"og:type\" content=\"article\" \/>\n<meta property=\"og:title\" content=\"Plusieurs semaines d&#039;absences pour Embolo ? - La Diagonale\" \/>\n<meta property=\"og:description\" content=\"La semaine derni\u00e8re, Breel Embolo avait d\u00fb quitter le rassemblement de sa s\u00e9lection en raison de douleurs \u00e0 un genou et les informations r\u00e9v\u00e9l\u00e9es par Nice-Matin ne sont pas tr\u00e8s rassurantes pour le joueur de l&rsquo;AS Monaco. Selon le quotidien azur\u00e9en, l&rsquo;attaquant suisse souffrirait d&rsquo;une entorse et se retrouverait ainsi sur le flanc pour plusieurs [...]\" \/>\n<meta property=\"og:url\" content=\"https:\/\/www.ladiagonale.net\/index.php\/2023\/03\/28\/plusieurs-semaines-dabsences-pour-embolo\/\" \/>\n<meta property=\"og:site_name\" content=\"La Diagonale\" \/>\n<meta property=\"article:published_time\" content=\"2023-03-28T17:31:52+00:00\" \/>\n<meta property=\"article:modified_time\" content=\"2023-03-28T23:59:27+00:00\" \/>\n<meta property=\"og:image\" content=\"https:\/\/www.ladiagonale.net\/wp-content\/uploads\/2023\/02\/embolo.png\" \/>\n\t<meta property=\"og:image:width\" content=\"1160\" \/>\n\t<meta property=\"og:image:height\" content=\"650\" \/>\n\t<meta property=\"og:image:type\" content=\"image\/png\" \/>\n<meta name=\"author\" content=\"Damien Dellerba\" \/>\n<meta name=\"twitter:card\" content=\"summary_large_image\" \/>\n<meta name=\"twitter:image\" content=\"https:\/\/www.ladiagonale.net\/wp-content\/uploads\/2023\/02\/embolo.png\" \/>\n<meta name=\"twitter:label1\" content=\"\u00c9crit par\" \/>\n\t<meta name=\"twitter:data1\" content=\"Damien Dellerba\" \/>\n\t<meta name=\"twitter:label2\" content=\"Dur\u00e9e de lecture estim\u00e9e\" \/>\n\t<meta name=\"twitter:data2\" content=\"1 minute\" \/>\n<script type=\"application\/ld+json\" class=\"yoast-schema-graph\">{\"@context\":\"https:\/\/schema.org\",\"@graph\":[{\"@type\":\"WebPage\",\"@id\":\"https:\/\/www.ladiagonale.net\/index.php\/2023\/03\/28\/plusieurs-semaines-dabsences-pour-embolo\/\",\"url\":\"https:\/\/www.ladiagonale.net\/index.php\/2023\/03\/28\/plusieurs-semaines-dabsences-pour-embolo\/\",\"name\":\"Plusieurs semaines d'absences pour Embolo ? - La Diagonale\",\"isPartOf\":{\"@id\":\"https:\/\/www.ladiagonale.net\/#website\"},\"datePublished\":\"2023-03-28T17:31:52+00:00\",\"dateModified\":\"2023-03-28T23:59:27+00:00\",\"author\":{\"@id\":\"https:\/\/www.ladiagonale.net\/#\/schema\/person\/79ff1e7b0853ed01b2aa26e64ad300bf\"},\"breadcrumb\":{\"@id\":\"https:\/\/www.ladiagonale.net\/index.php\/2023\/03\/28\/plusieurs-semaines-dabsences-pour-embolo\/#breadcrumb\"},\"inLanguage\":\"fr-FR\",\"potentialAction\":[{\"@type\":\"ReadAction\",\"target\":[\"https:\/\/www.ladiagonale.net\/index.php\/2023\/03\/28\/plusieurs-semaines-dabsences-pour-embolo\/\"]}]},{\"@type\":\"BreadcrumbList\",\"@id\":\"https:\/\/www.ladiagonale.net\/index.php\/2023\/03\/28\/plusieurs-semaines-dabsences-pour-embolo\/#breadcrumb\",\"itemListElement\":[{\"@type\":\"ListItem\",\"position\":1,\"name\":\"Accueil\",\"item\":\"https:\/\/www.ladiagonale.net\/\"},{\"@type\":\"ListItem\",\"position\":2,\"name\":\"Plusieurs semaines d&rsquo;absences pour Embolo ?\"}]},{\"@type\":\"WebSite\",\"@id\":\"https:\/\/www.ladiagonale.net\/#website\",\"url\":\"https:\/\/www.ladiagonale.net\/\",\"name\":\"La Diagonale\",\"description\":\"Le site des supporters de l&#039;AS Monaco FC\",\"potentialAction\":[{\"@type\":\"SearchAction\",\"target\":{\"@type\":\"EntryPoint\",\"urlTemplate\":\"https:\/\/www.ladiagonale.net\/?s={search_term_string}\"},\"query-input\":\"required name=search_term_string\"}],\"inLanguage\":\"fr-FR\"},{\"@type\":\"Person\",\"@id\":\"https:\/\/www.ladiagonale.net\/#\/schema\/person\/79ff1e7b0853ed01b2aa26e64ad300bf\",\"name\":\"Damien Dellerba\",\"image\":{\"@type\":\"ImageObject\",\"inLanguage\":\"fr-FR\",\"@id\":\"https:\/\/www.ladiagonale.net\/#\/schema\/person\/image\/\",\"url\":\"https:\/\/secure.gravatar.com\/avatar\/c7850e06d3ff63cdbaee88b7fc16e2f0?s=96&d=mm&r=g\",\"contentUrl\":\"https:\/\/secure.gravatar.com\/avatar\/c7850e06d3ff63cdbaee88b7fc16e2f0?s=96&d=mm&r=g\",\"caption\":\"Damien Dellerba\"},\"url\":\"https:\/\/www.ladiagonale.net\/index.php\/author\/damien\/\"}]}<\/script>\n<!-- \/ Yoast SEO plugin. -->","yoast_head_json":{"title":"Plusieurs semaines d'absences pour Embolo ? - La Diagonale","robots":{"index":"index","follow":"follow","max-snippet":"max-snippet:-1","max-image-preview":"max-image-preview:large","max-video-preview":"max-video-preview:-1"},"canonical":"https:\/\/www.ladiagonale.net\/index.php\/2023\/03\/28\/plusieurs-semaines-dabsences-pour-embolo\/","og_locale":"fr_FR","og_type":"article","og_title":"Plusieurs semaines d'absences pour Embolo ? - La Diagonale","og_description":"La semaine derni\u00e8re, Breel Embolo avait d\u00fb quitter le rassemblement de sa s\u00e9lection en raison de douleurs \u00e0 un genou et les informations r\u00e9v\u00e9l\u00e9es par Nice-Matin ne sont pas tr\u00e8s rassurantes pour le joueur de l&rsquo;AS Monaco. Selon le quotidien azur\u00e9en, l&rsquo;attaquant suisse souffrirait d&rsquo;une entorse et se retrouverait ainsi sur le flanc pour plusieurs [...]","og_url":"https:\/\/www.ladiagonale.net\/index.php\/2023\/03\/28\/plusieurs-semaines-dabsences-pour-embolo\/","og_site_name":"La Diagonale","article_published_time":"2023-03-28T17:31:52+00:00","article_modified_time":"2023-03-28T23:59:27+00:00","og_image":[{"width":1160,"height":650,"url":"https:\/\/www.ladiagonale.net\/wp-content\/uploads\/2023\/02\/embolo.png","type":"image\/png"}],"author":"Damien Dellerba","twitter_card":"summary_large_image","twitter_image":"https:\/\/www.ladiagonale.net\/wp-content\/uploads\/2023\/02\/embolo.png","twitter_misc":{"\u00c9crit par":"Damien Dellerba","Dur\u00e9e de lecture estim\u00e9e":"1 minute"},"schema":{"@context":"https:\/\/schema.org","@graph":[{"@type":"WebPage","@id":"https:\/\/www.ladiagonale.net\/index.php\/2023\/03\/28\/plusieurs-semaines-dabsences-pour-embolo\/","url":"https:\/\/www.ladiagonale.net\/index.php\/2023\/03\/28\/plusieurs-semaines-dabsences-pour-embolo\/","name":"Plusieurs semaines d'absences pour Embolo ? - La Diagonale","isPartOf":{"@id":"https:\/\/www.ladiagonale.net\/#website"},"datePublished":"2023-03-28T17:31:52+00:00","dateModified":"2023-03-28T23:59:27+00:00","author":{"@id":"https:\/\/www.ladiagonale.net\/#\/schema\/person\/79ff1e7b0853ed01b2aa26e64ad300bf"},"breadcrumb":{"@id":"https:\/\/www.ladiagonale.net\/index.php\/2023\/03\/28\/plusieurs-semaines-dabsences-pour-embolo\/#breadcrumb"},"inLanguage":"fr-FR","potentialAction":[{"@type":"ReadAction","target":["https:\/\/www.ladiagonale.net\/index.php\/2023\/03\/28\/plusieurs-semaines-dabsences-pour-embolo\/"]}]},{"@type":"BreadcrumbList","@id":"https:\/\/www.ladiagonale.net\/index.php\/2023\/03\/28\/plusieurs-semaines-dabsences-pour-embolo\/#breadcrumb","itemListElement":[{"@type":"ListItem","position":1,"name":"Accueil","item":"https:\/\/www.ladiagonale.net\/"},{"@type":"ListItem","position":2,"name":"Plusieurs semaines d&rsquo;absences pour Embolo ?"}]},{"@type":"WebSite","@id":"https:\/\/www.ladiagonale.net\/#website","url":"https:\/\/www.ladiagonale.net\/","name":"La Diagonale","description":"Le site des supporters de l&#039;AS Monaco FC","potentialAction":[{"@type":"SearchAction","target":{"@type":"EntryPoint","urlTemplate":"https:\/\/www.ladiagonale.net\/?s={search_term_string}"},"query-input":"required name=search_term_string"}],"inLanguage":"fr-FR"},{"@type":"Person","@id":"https:\/\/www.ladiagonale.net\/#\/schema\/person\/79ff1e7b0853ed01b2aa26e64ad300bf","name":"Damien Dellerba","image":{"@type":"ImageObject","inLanguage":"fr-FR","@id":"https:\/\/www.ladiagonale.net\/#\/schema\/person\/image\/","url":"https:\/\/secure.gravatar.com\/avatar\/c7850e06d3ff63cdbaee88b7fc16e2f0?s=96&d=mm&r=g","contentUrl":"https:\/\/secure.gravatar.com\/avatar\/c7850e06d3ff63cdbaee88b7fc16e2f0?s=96&d=mm&r=g","caption":"Damien Dellerba"},"url":"https:\/\/www.ladiagonale.net\/index.php\/author\/damien\/"}]}},"_links":{"self":[{"href":"https:\/\/www.ladiagonale.net\/index.php\/wp-json\/wp\/v2\/posts\/11081"}],"collection":[{"href":"https:\/\/www.ladiagonale.net\/index.php\/wp-json\/wp\/v2\/posts"}],"about":[{"href":"https:\/\/www.ladiagonale.net\/index.php\/wp-json\/wp\/v2\/types\/post"}],"author":[{"embeddable":true,"href":"https:\/\/www.ladiagonale.net\/index.php\/wp-json\/wp\/v2\/users\/2"}],"replies":[{"embeddable":true,"href":"https:\/\/www.ladiagonale.net\/index.php\/wp-json\/wp\/v2\/comments?post=11081"}],"version-history":[{"count":3,"href":"https:\/\/www.ladiagonale.net\/index.php\/wp-json\/wp\/v2\/posts\/11081\/revisions"}],"predecessor-version":[{"id":11091,"href":"https:\/\/www.ladiagonale.net\/index.php\/wp-json\/wp\/v2\/posts\/11081\/revisions\/11091"}],"wp:attachment":[{"href":"https:\/\/www.ladiagonale.net\/index.php\/wp-json\/wp\/v2\/media?parent=11081"}],"wp:term":[{"taxonomy":"category","embeddable":true,"href":"https:\/\/www.ladiagonale.net\/index.php\/wp-json\/wp\/v2\/categories?post=11081"},{"taxonomy":"post_tag","embeddable":true,"href":"https:\/\/www.ladiagonale.net\/index.php\/wp-json\/wp\/v2\/tags?post=11081"}],"curies":[{"name":"wp","href":"https:\/\/api.w.org\/{rel}","templated":true}]}}