{"id":11086,"date":"2023-03-28T20:35:13","date_gmt":"2023-03-28T18:35:13","guid":{"rendered":"https:\/\/www.ladiagonale.net\/?p=11086"},"modified":"2023-03-28T20:35:17","modified_gmt":"2023-03-28T18:35:17","slug":"diatta-et-jakobs-se-qualifient-pour-la-can-camara-doit-encore-patienter","status":"publish","type":"post","link":"https:\/\/www.ladiagonale.net\/index.php\/2023\/03\/28\/diatta-et-jakobs-se-qualifient-pour-la-can-camara-doit-encore-patienter\/","title":{"rendered":"Diatta et Jakobs se qualifient pour la CAN, Camara doit encore patienter"},"content":{"rendered":"\n\n\n<p>Le champion d&rsquo;Afrique en titre va pouvoir d\u00e9fendre son titre lors de la prochaine Coupe d&rsquo;Afrique des Nations. Le S\u00e9n\u00e9gal de Kr\u00e9pin Diatta et d&rsquo;Ismail Jakobs s&rsquo;est qualifi\u00e9 pour la comp\u00e9tition majeure du continent africain en battant le Mozambique sur la plus petite des marges (0-1). Un quatri\u00e8me succ\u00e8s en autant de matchs qui permet donc aux <em>Lions de la Teranga<\/em> de composter leur billet pour la CAN 2023, qui aura lieu en janvier 2024. Kr\u00e9pin Diatta n&rsquo;a disput\u00e9 que cinq minutes lors de cette rencontre tandis qu&rsquo;Ismail Jakobs \u00e9tait de nouveau forfait.<\/p>\n\n\n\n<p>Si le S\u00e9n\u00e9gal n&rsquo;a rien laiss\u00e9 au hasard pour d\u00e9crocher sa qualification, le Mali s&rsquo;est mis dans une position moins confortable, m\u00eame s&rsquo;il garde trois points d&rsquo;avance sur ses poursuivants. Apr\u00e8s trois succ\u00e8s, les <em>Aigles<\/em> ont chut\u00e9 face \u00e0 la Gambie (1-0). Sur le banc lors de la premi\u00e8re confrontation entre les deux \u00e9quipes, Mohamed Camara \u00e9tait cette fois titulaire et a disput\u00e9 58 minutes. Le milieu de terrain de l&rsquo;AS Monaco devra attendre les prochaines \u00e9ch\u00e9ances pour esp\u00e9rer valider son ticket pour la CAN.<\/p>\n","protected":false},"excerpt":{"rendered":"<p>Le champion d&rsquo;Afrique en titre va pouvoir d\u00e9fendre son titre lors de la prochaine Coupe d&rsquo;Afrique des Nations. Le S\u00e9n\u00e9gal de Kr\u00e9pin Diatta et d&rsquo;Ismail Jakobs s&rsquo;est qualifi\u00e9 pour la comp\u00e9tition majeure du continent africain en battant le Mozambique sur la plus petite des marges (0-1). Un quatri\u00e8me succ\u00e8s en autant de matchs qui permet [&#8230;]\n","protected":false},"author":2,"featured_media":0,"comment_status":"open","ping_status":"open","sticky":false,"template":"","format":"standard","meta":[],"categories":[6],"tags":[86,162,163,144,143,116,121],"yoast_head":"<!-- This site is optimized with the Yoast SEO plugin v19.8 - https:\/\/yoast.com\/wordpress\/plugins\/seo\/ -->\n<title>Diatta et Jakobs se qualifient pour la CAN, Camara doit encore patienter - La Diagonale<\/title>\n<meta name=\"robots\" content=\"index, follow, max-snippet:-1, max-image-preview:large, max-video-preview:-1\" \/>\n<link rel=\"canonical\" href=\"https:\/\/www.ladiagonale.net\/index.php\/2023\/03\/28\/diatta-et-jakobs-se-qualifient-pour-la-can-camara-doit-encore-patienter\/\" \/>\n<meta property=\"og:locale\" content=\"fr_FR\" \/>\n<meta property=\"og:type\" content=\"article\" \/>\n<meta property=\"og:title\" content=\"Diatta et Jakobs se qualifient pour la CAN, Camara doit encore patienter - La Diagonale\" \/>\n<meta property=\"og:description\" content=\"Le champion d&rsquo;Afrique en titre va pouvoir d\u00e9fendre son titre lors de la prochaine Coupe d&rsquo;Afrique des Nations. Le S\u00e9n\u00e9gal de Kr\u00e9pin Diatta et d&rsquo;Ismail Jakobs s&rsquo;est qualifi\u00e9 pour la comp\u00e9tition majeure du continent africain en battant le Mozambique sur la plus petite des marges (0-1). Un quatri\u00e8me succ\u00e8s en autant de matchs qui permet [...]\" \/>\n<meta property=\"og:url\" content=\"https:\/\/www.ladiagonale.net\/index.php\/2023\/03\/28\/diatta-et-jakobs-se-qualifient-pour-la-can-camara-doit-encore-patienter\/\" \/>\n<meta property=\"og:site_name\" content=\"La Diagonale\" \/>\n<meta property=\"article:published_time\" content=\"2023-03-28T18:35:13+00:00\" \/>\n<meta property=\"article:modified_time\" content=\"2023-03-28T18:35:17+00:00\" \/>\n<meta property=\"og:image\" content=\"https:\/\/www.ladiagonale.net\/wp-content\/uploads\/2022\/12\/diatta-se\u0301ne\u0301gal.png\" \/>\n\t<meta property=\"og:image:width\" content=\"1160\" \/>\n\t<meta property=\"og:image:height\" content=\"650\" \/>\n\t<meta property=\"og:image:type\" content=\"image\/png\" \/>\n<meta name=\"author\" content=\"Damien Dellerba\" \/>\n<meta name=\"twitter:card\" content=\"summary_large_image\" \/>\n<meta name=\"twitter:image\" content=\"https:\/\/www.ladiagonale.net\/wp-content\/uploads\/2022\/12\/diatta-se\u0301ne\u0301gal.png\" \/>\n<meta name=\"twitter:label1\" content=\"\u00c9crit par\" \/>\n\t<meta name=\"twitter:data1\" content=\"Damien Dellerba\" \/>\n\t<meta name=\"twitter:label2\" content=\"Dur\u00e9e de lecture estim\u00e9e\" \/>\n\t<meta name=\"twitter:data2\" content=\"1 minute\" \/>\n<script type=\"application\/ld+json\" class=\"yoast-schema-graph\">{\"@context\":\"https:\/\/schema.org\",\"@graph\":[{\"@type\":\"WebPage\",\"@id\":\"https:\/\/www.ladiagonale.net\/index.php\/2023\/03\/28\/diatta-et-jakobs-se-qualifient-pour-la-can-camara-doit-encore-patienter\/\",\"url\":\"https:\/\/www.ladiagonale.net\/index.php\/2023\/03\/28\/diatta-et-jakobs-se-qualifient-pour-la-can-camara-doit-encore-patienter\/\",\"name\":\"Diatta et Jakobs se qualifient pour la CAN, Camara doit encore patienter - La Diagonale\",\"isPartOf\":{\"@id\":\"https:\/\/www.ladiagonale.net\/#website\"},\"datePublished\":\"2023-03-28T18:35:13+00:00\",\"dateModified\":\"2023-03-28T18:35:17+00:00\",\"author\":{\"@id\":\"https:\/\/www.ladiagonale.net\/#\/schema\/person\/79ff1e7b0853ed01b2aa26e64ad300bf\"},\"breadcrumb\":{\"@id\":\"https:\/\/www.ladiagonale.net\/index.php\/2023\/03\/28\/diatta-et-jakobs-se-qualifient-pour-la-can-camara-doit-encore-patienter\/#breadcrumb\"},\"inLanguage\":\"fr-FR\",\"potentialAction\":[{\"@type\":\"ReadAction\",\"target\":[\"https:\/\/www.ladiagonale.net\/index.php\/2023\/03\/28\/diatta-et-jakobs-se-qualifient-pour-la-can-camara-doit-encore-patienter\/\"]}]},{\"@type\":\"BreadcrumbList\",\"@id\":\"https:\/\/www.ladiagonale.net\/index.php\/2023\/03\/28\/diatta-et-jakobs-se-qualifient-pour-la-can-camara-doit-encore-patienter\/#breadcrumb\",\"itemListElement\":[{\"@type\":\"ListItem\",\"position\":1,\"name\":\"Accueil\",\"item\":\"https:\/\/www.ladiagonale.net\/\"},{\"@type\":\"ListItem\",\"position\":2,\"name\":\"Diatta et Jakobs se qualifient pour la CAN, Camara doit encore patienter\"}]},{\"@type\":\"WebSite\",\"@id\":\"https:\/\/www.ladiagonale.net\/#website\",\"url\":\"https:\/\/www.ladiagonale.net\/\",\"name\":\"La Diagonale\",\"description\":\"Le site des supporters de l&#039;AS Monaco FC\",\"potentialAction\":[{\"@type\":\"SearchAction\",\"target\":{\"@type\":\"EntryPoint\",\"urlTemplate\":\"https:\/\/www.ladiagonale.net\/?s={search_term_string}\"},\"query-input\":\"required name=search_term_string\"}],\"inLanguage\":\"fr-FR\"},{\"@type\":\"Person\",\"@id\":\"https:\/\/www.ladiagonale.net\/#\/schema\/person\/79ff1e7b0853ed01b2aa26e64ad300bf\",\"name\":\"Damien Dellerba\",\"image\":{\"@type\":\"ImageObject\",\"inLanguage\":\"fr-FR\",\"@id\":\"https:\/\/www.ladiagonale.net\/#\/schema\/person\/image\/\",\"url\":\"https:\/\/secure.gravatar.com\/avatar\/c7850e06d3ff63cdbaee88b7fc16e2f0?s=96&d=mm&r=g\",\"contentUrl\":\"https:\/\/secure.gravatar.com\/avatar\/c7850e06d3ff63cdbaee88b7fc16e2f0?s=96&d=mm&r=g\",\"caption\":\"Damien Dellerba\"},\"url\":\"https:\/\/www.ladiagonale.net\/index.php\/author\/damien\/\"}]}<\/script>\n<!-- \/ Yoast SEO plugin. -->","yoast_head_json":{"title":"Diatta et Jakobs se qualifient pour la CAN, Camara doit encore patienter - La Diagonale","robots":{"index":"index","follow":"follow","max-snippet":"max-snippet:-1","max-image-preview":"max-image-preview:large","max-video-preview":"max-video-preview:-1"},"canonical":"https:\/\/www.ladiagonale.net\/index.php\/2023\/03\/28\/diatta-et-jakobs-se-qualifient-pour-la-can-camara-doit-encore-patienter\/","og_locale":"fr_FR","og_type":"article","og_title":"Diatta et Jakobs se qualifient pour la CAN, Camara doit encore patienter - La Diagonale","og_description":"Le champion d&rsquo;Afrique en titre va pouvoir d\u00e9fendre son titre lors de la prochaine Coupe d&rsquo;Afrique des Nations. Le S\u00e9n\u00e9gal de Kr\u00e9pin Diatta et d&rsquo;Ismail Jakobs s&rsquo;est qualifi\u00e9 pour la comp\u00e9tition majeure du continent africain en battant le Mozambique sur la plus petite des marges (0-1). Un quatri\u00e8me succ\u00e8s en autant de matchs qui permet [...]","og_url":"https:\/\/www.ladiagonale.net\/index.php\/2023\/03\/28\/diatta-et-jakobs-se-qualifient-pour-la-can-camara-doit-encore-patienter\/","og_site_name":"La Diagonale","article_published_time":"2023-03-28T18:35:13+00:00","article_modified_time":"2023-03-28T18:35:17+00:00","og_image":[{"width":1160,"height":650,"url":"https:\/\/www.ladiagonale.net\/wp-content\/uploads\/2022\/12\/diatta-se\u0301ne\u0301gal.png","type":"image\/png"}],"author":"Damien Dellerba","twitter_card":"summary_large_image","twitter_image":"https:\/\/www.ladiagonale.net\/wp-content\/uploads\/2022\/12\/diatta-se\u0301ne\u0301gal.png","twitter_misc":{"\u00c9crit par":"Damien Dellerba","Dur\u00e9e de lecture estim\u00e9e":"1 minute"},"schema":{"@context":"https:\/\/schema.org","@graph":[{"@type":"WebPage","@id":"https:\/\/www.ladiagonale.net\/index.php\/2023\/03\/28\/diatta-et-jakobs-se-qualifient-pour-la-can-camara-doit-encore-patienter\/","url":"https:\/\/www.ladiagonale.net\/index.php\/2023\/03\/28\/diatta-et-jakobs-se-qualifient-pour-la-can-camara-doit-encore-patienter\/","name":"Diatta et Jakobs se qualifient pour la CAN, Camara doit encore patienter - La Diagonale","isPartOf":{"@id":"https:\/\/www.ladiagonale.net\/#website"},"datePublished":"2023-03-28T18:35:13+00:00","dateModified":"2023-03-28T18:35:17+00:00","author":{"@id":"https:\/\/www.ladiagonale.net\/#\/schema\/person\/79ff1e7b0853ed01b2aa26e64ad300bf"},"breadcrumb":{"@id":"https:\/\/www.ladiagonale.net\/index.php\/2023\/03\/28\/diatta-et-jakobs-se-qualifient-pour-la-can-camara-doit-encore-patienter\/#breadcrumb"},"inLanguage":"fr-FR","potentialAction":[{"@type":"ReadAction","target":["https:\/\/www.ladiagonale.net\/index.php\/2023\/03\/28\/diatta-et-jakobs-se-qualifient-pour-la-can-camara-doit-encore-patienter\/"]}]},{"@type":"BreadcrumbList","@id":"https:\/\/www.ladiagonale.net\/index.php\/2023\/03\/28\/diatta-et-jakobs-se-qualifient-pour-la-can-camara-doit-encore-patienter\/#breadcrumb","itemListElement":[{"@type":"ListItem","position":1,"name":"Accueil","item":"https:\/\/www.ladiagonale.net\/"},{"@type":"ListItem","position":2,"name":"Diatta et Jakobs se qualifient pour la CAN, Camara doit encore patienter"}]},{"@type":"WebSite","@id":"https:\/\/www.ladiagonale.net\/#website","url":"https:\/\/www.ladiagonale.net\/","name":"La Diagonale","description":"Le site des supporters de l&#039;AS Monaco FC","potentialAction":[{"@type":"SearchAction","target":{"@type":"EntryPoint","urlTemplate":"https:\/\/www.ladiagonale.net\/?s={search_term_string}"},"query-input":"required name=search_term_string"}],"inLanguage":"fr-FR"},{"@type":"Person","@id":"https:\/\/www.ladiagonale.net\/#\/schema\/person\/79ff1e7b0853ed01b2aa26e64ad300bf","name":"Damien Dellerba","image":{"@type":"ImageObject","inLanguage":"fr-FR","@id":"https:\/\/www.ladiagonale.net\/#\/schema\/person\/image\/","url":"https:\/\/secure.gravatar.com\/avatar\/c7850e06d3ff63cdbaee88b7fc16e2f0?s=96&d=mm&r=g","contentUrl":"https:\/\/secure.gravatar.com\/avatar\/c7850e06d3ff63cdbaee88b7fc16e2f0?s=96&d=mm&r=g","caption":"Damien Dellerba"},"url":"https:\/\/www.ladiagonale.net\/index.php\/author\/damien\/"}]}},"_links":{"self":[{"href":"https:\/\/www.ladiagonale.net\/index.php\/wp-json\/wp\/v2\/posts\/11086"}],"collection":[{"href":"https:\/\/www.ladiagonale.net\/index.php\/wp-json\/wp\/v2\/posts"}],"about":[{"href":"https:\/\/www.ladiagonale.net\/index.php\/wp-json\/wp\/v2\/types\/post"}],"author":[{"embeddable":true,"href":"https:\/\/www.ladiagonale.net\/index.php\/wp-json\/wp\/v2\/users\/2"}],"replies":[{"embeddable":true,"href":"https:\/\/www.ladiagonale.net\/index.php\/wp-json\/wp\/v2\/comments?post=11086"}],"version-history":[{"count":1,"href":"https:\/\/www.ladiagonale.net\/index.php\/wp-json\/wp\/v2\/posts\/11086\/revisions"}],"predecessor-version":[{"id":11087,"href":"https:\/\/www.ladiagonale.net\/index.php\/wp-json\/wp\/v2\/posts\/11086\/revisions\/11087"}],"wp:attachment":[{"href":"https:\/\/www.ladiagonale.net\/index.php\/wp-json\/wp\/v2\/media?parent=11086"}],"wp:term":[{"taxonomy":"category","embeddable":true,"href":"https:\/\/www.ladiagonale.net\/index.php\/wp-json\/wp\/v2\/categories?post=11086"},{"taxonomy":"post_tag","embeddable":true,"href":"https:\/\/www.ladiagonale.net\/index.php\/wp-json\/wp\/v2\/tags?post=11086"}],"curies":[{"name":"wp","href":"https:\/\/api.w.org\/{rel}","templated":true}]}}