{"id":11089,"date":"2023-03-29T07:11:00","date_gmt":"2023-03-29T05:11:00","guid":{"rendered":"https:\/\/www.ladiagonale.net\/?p=11089"},"modified":"2023-03-29T15:16:33","modified_gmt":"2023-03-29T13:16:33","slug":"feminines-monaco-atomise-bouc-bel-air","status":"publish","type":"post","link":"https:\/\/www.ladiagonale.net\/index.php\/2023\/03\/29\/feminines-monaco-atomise-bouc-bel-air\/","title":{"rendered":"F\u00e9minines : Monaco atomise Bouc-Bel-Air"},"content":{"rendered":"\n\n\n<p>Apr\u00e8s s&rsquo;\u00eatre qualifi\u00e9e en demi-finale de la Coupe de la C\u00f4te d&rsquo;Azur f\u00e9minine en milieu de semaine derni\u00e8re, pour la premi\u00e8re rencontre de Tony Ribeiro sur le banc apr\u00e8s le d\u00e9part de Laurent Banide, l&rsquo;ASM FF a retrouv\u00e9 le championnat de R\u00e9gional 1 dimanche dernier et s&rsquo;est impos\u00e9e sans forcer contre Bouc-Bel-Air (8-0). Moeko Morse et Jade Miriel ont notamment inscrit un doubl\u00e9.<\/p>\n\n\n\n<p>Au classement, le mano \u00e0 mano entre Monaco et Cannes se poursuit. Les deux \u00e9quipes sont toujours \u00e0 \u00e9galit\u00e9 en t\u00eate, avec 49 points, mais les Cannoises ont toujours un match \u00e0 rattraper, alors qu&rsquo;il ne reste que quatre journ\u00e9es jusqu&rsquo;au terme du championnat. Ce dimanche (15h), les Mon\u00e9gasques iront d\u00e9fier l&rsquo;ASPTT Marseille. <\/p>\n\n\n\n<p><strong>Composition :<\/strong> Templier &#8211; Ferreira, Deme, M&rsquo;bassidj\u00e9, Da Cruz &#8211; Niang, Malaret, Morse &#8211; Florencio Paulos, Miriel, Benkouider.<\/p>\n\n\n\n<p><em>Rempla\u00e7antes :<\/em> Fornaguera, Ribeiro, Besseige.<\/p>\n","protected":false},"excerpt":{"rendered":"<p>Apr\u00e8s s&rsquo;\u00eatre qualifi\u00e9e en demi-finale de la Coupe de la C\u00f4te d&rsquo;Azur f\u00e9minine en milieu de semaine derni\u00e8re, pour la premi\u00e8re rencontre de Tony Ribeiro sur le banc apr\u00e8s le d\u00e9part de Laurent Banide, l&rsquo;ASM FF a retrouv\u00e9 le championnat de R\u00e9gional 1 dimanche dernier et s&rsquo;est impos\u00e9e sans forcer contre Bouc-Bel-Air (8-0). Moeko Morse [&#8230;]\n","protected":false},"author":2,"featured_media":0,"comment_status":"open","ping_status":"open","sticky":false,"template":"","format":"standard","meta":[],"categories":[6],"tags":[86,231,135,134],"yoast_head":"<!-- This site is optimized with the Yoast SEO plugin v19.8 - https:\/\/yoast.com\/wordpress\/plugins\/seo\/ -->\n<title>F\u00e9minines : Monaco atomise Bouc-Bel-Air - La Diagonale<\/title>\n<meta name=\"robots\" content=\"index, follow, max-snippet:-1, max-image-preview:large, max-video-preview:-1\" \/>\n<link rel=\"canonical\" href=\"https:\/\/www.ladiagonale.net\/index.php\/2023\/03\/29\/feminines-monaco-atomise-bouc-bel-air\/\" \/>\n<meta property=\"og:locale\" content=\"fr_FR\" \/>\n<meta property=\"og:type\" content=\"article\" \/>\n<meta property=\"og:title\" content=\"F\u00e9minines : Monaco atomise Bouc-Bel-Air - La Diagonale\" \/>\n<meta property=\"og:description\" content=\"Apr\u00e8s s&rsquo;\u00eatre qualifi\u00e9e en demi-finale de la Coupe de la C\u00f4te d&rsquo;Azur f\u00e9minine en milieu de semaine derni\u00e8re, pour la premi\u00e8re rencontre de Tony Ribeiro sur le banc apr\u00e8s le d\u00e9part de Laurent Banide, l&rsquo;ASM FF a retrouv\u00e9 le championnat de R\u00e9gional 1 dimanche dernier et s&rsquo;est impos\u00e9e sans forcer contre Bouc-Bel-Air (8-0). Moeko Morse [...]\" \/>\n<meta property=\"og:url\" content=\"https:\/\/www.ladiagonale.net\/index.php\/2023\/03\/29\/feminines-monaco-atomise-bouc-bel-air\/\" \/>\n<meta property=\"og:site_name\" content=\"La Diagonale\" \/>\n<meta property=\"article:published_time\" content=\"2023-03-29T05:11:00+00:00\" \/>\n<meta property=\"article:modified_time\" content=\"2023-03-29T13:16:33+00:00\" \/>\n<meta property=\"og:image\" content=\"https:\/\/www.ladiagonale.net\/wp-content\/uploads\/2022\/11\/feminines.png\" \/>\n\t<meta property=\"og:image:width\" content=\"1160\" \/>\n\t<meta property=\"og:image:height\" content=\"650\" \/>\n\t<meta property=\"og:image:type\" content=\"image\/png\" \/>\n<meta name=\"author\" content=\"Damien Dellerba\" \/>\n<meta name=\"twitter:card\" content=\"summary_large_image\" \/>\n<meta name=\"twitter:image\" content=\"https:\/\/www.ladiagonale.net\/wp-content\/uploads\/2022\/11\/feminines.png\" \/>\n<meta name=\"twitter:label1\" content=\"\u00c9crit par\" \/>\n\t<meta name=\"twitter:data1\" content=\"Damien Dellerba\" \/>\n\t<meta name=\"twitter:label2\" content=\"Dur\u00e9e de lecture estim\u00e9e\" \/>\n\t<meta name=\"twitter:data2\" content=\"1 minute\" \/>\n<script type=\"application\/ld+json\" class=\"yoast-schema-graph\">{\"@context\":\"https:\/\/schema.org\",\"@graph\":[{\"@type\":\"WebPage\",\"@id\":\"https:\/\/www.ladiagonale.net\/index.php\/2023\/03\/29\/feminines-monaco-atomise-bouc-bel-air\/\",\"url\":\"https:\/\/www.ladiagonale.net\/index.php\/2023\/03\/29\/feminines-monaco-atomise-bouc-bel-air\/\",\"name\":\"F\u00e9minines : Monaco atomise Bouc-Bel-Air - La Diagonale\",\"isPartOf\":{\"@id\":\"https:\/\/www.ladiagonale.net\/#website\"},\"datePublished\":\"2023-03-29T05:11:00+00:00\",\"dateModified\":\"2023-03-29T13:16:33+00:00\",\"author\":{\"@id\":\"https:\/\/www.ladiagonale.net\/#\/schema\/person\/79ff1e7b0853ed01b2aa26e64ad300bf\"},\"breadcrumb\":{\"@id\":\"https:\/\/www.ladiagonale.net\/index.php\/2023\/03\/29\/feminines-monaco-atomise-bouc-bel-air\/#breadcrumb\"},\"inLanguage\":\"fr-FR\",\"potentialAction\":[{\"@type\":\"ReadAction\",\"target\":[\"https:\/\/www.ladiagonale.net\/index.php\/2023\/03\/29\/feminines-monaco-atomise-bouc-bel-air\/\"]}]},{\"@type\":\"BreadcrumbList\",\"@id\":\"https:\/\/www.ladiagonale.net\/index.php\/2023\/03\/29\/feminines-monaco-atomise-bouc-bel-air\/#breadcrumb\",\"itemListElement\":[{\"@type\":\"ListItem\",\"position\":1,\"name\":\"Accueil\",\"item\":\"https:\/\/www.ladiagonale.net\/\"},{\"@type\":\"ListItem\",\"position\":2,\"name\":\"F\u00e9minines : Monaco atomise Bouc-Bel-Air\"}]},{\"@type\":\"WebSite\",\"@id\":\"https:\/\/www.ladiagonale.net\/#website\",\"url\":\"https:\/\/www.ladiagonale.net\/\",\"name\":\"La Diagonale\",\"description\":\"Le site des supporters de l&#039;AS Monaco FC\",\"potentialAction\":[{\"@type\":\"SearchAction\",\"target\":{\"@type\":\"EntryPoint\",\"urlTemplate\":\"https:\/\/www.ladiagonale.net\/?s={search_term_string}\"},\"query-input\":\"required name=search_term_string\"}],\"inLanguage\":\"fr-FR\"},{\"@type\":\"Person\",\"@id\":\"https:\/\/www.ladiagonale.net\/#\/schema\/person\/79ff1e7b0853ed01b2aa26e64ad300bf\",\"name\":\"Damien Dellerba\",\"image\":{\"@type\":\"ImageObject\",\"inLanguage\":\"fr-FR\",\"@id\":\"https:\/\/www.ladiagonale.net\/#\/schema\/person\/image\/\",\"url\":\"https:\/\/secure.gravatar.com\/avatar\/c7850e06d3ff63cdbaee88b7fc16e2f0?s=96&d=mm&r=g\",\"contentUrl\":\"https:\/\/secure.gravatar.com\/avatar\/c7850e06d3ff63cdbaee88b7fc16e2f0?s=96&d=mm&r=g\",\"caption\":\"Damien Dellerba\"},\"url\":\"https:\/\/www.ladiagonale.net\/index.php\/author\/damien\/\"}]}<\/script>\n<!-- \/ Yoast SEO plugin. -->","yoast_head_json":{"title":"F\u00e9minines : Monaco atomise Bouc-Bel-Air - La Diagonale","robots":{"index":"index","follow":"follow","max-snippet":"max-snippet:-1","max-image-preview":"max-image-preview:large","max-video-preview":"max-video-preview:-1"},"canonical":"https:\/\/www.ladiagonale.net\/index.php\/2023\/03\/29\/feminines-monaco-atomise-bouc-bel-air\/","og_locale":"fr_FR","og_type":"article","og_title":"F\u00e9minines : Monaco atomise Bouc-Bel-Air - La Diagonale","og_description":"Apr\u00e8s s&rsquo;\u00eatre qualifi\u00e9e en demi-finale de la Coupe de la C\u00f4te d&rsquo;Azur f\u00e9minine en milieu de semaine derni\u00e8re, pour la premi\u00e8re rencontre de Tony Ribeiro sur le banc apr\u00e8s le d\u00e9part de Laurent Banide, l&rsquo;ASM FF a retrouv\u00e9 le championnat de R\u00e9gional 1 dimanche dernier et s&rsquo;est impos\u00e9e sans forcer contre Bouc-Bel-Air (8-0). Moeko Morse [...]","og_url":"https:\/\/www.ladiagonale.net\/index.php\/2023\/03\/29\/feminines-monaco-atomise-bouc-bel-air\/","og_site_name":"La Diagonale","article_published_time":"2023-03-29T05:11:00+00:00","article_modified_time":"2023-03-29T13:16:33+00:00","og_image":[{"width":1160,"height":650,"url":"https:\/\/www.ladiagonale.net\/wp-content\/uploads\/2022\/11\/feminines.png","type":"image\/png"}],"author":"Damien Dellerba","twitter_card":"summary_large_image","twitter_image":"https:\/\/www.ladiagonale.net\/wp-content\/uploads\/2022\/11\/feminines.png","twitter_misc":{"\u00c9crit par":"Damien Dellerba","Dur\u00e9e de lecture estim\u00e9e":"1 minute"},"schema":{"@context":"https:\/\/schema.org","@graph":[{"@type":"WebPage","@id":"https:\/\/www.ladiagonale.net\/index.php\/2023\/03\/29\/feminines-monaco-atomise-bouc-bel-air\/","url":"https:\/\/www.ladiagonale.net\/index.php\/2023\/03\/29\/feminines-monaco-atomise-bouc-bel-air\/","name":"F\u00e9minines : Monaco atomise Bouc-Bel-Air - La Diagonale","isPartOf":{"@id":"https:\/\/www.ladiagonale.net\/#website"},"datePublished":"2023-03-29T05:11:00+00:00","dateModified":"2023-03-29T13:16:33+00:00","author":{"@id":"https:\/\/www.ladiagonale.net\/#\/schema\/person\/79ff1e7b0853ed01b2aa26e64ad300bf"},"breadcrumb":{"@id":"https:\/\/www.ladiagonale.net\/index.php\/2023\/03\/29\/feminines-monaco-atomise-bouc-bel-air\/#breadcrumb"},"inLanguage":"fr-FR","potentialAction":[{"@type":"ReadAction","target":["https:\/\/www.ladiagonale.net\/index.php\/2023\/03\/29\/feminines-monaco-atomise-bouc-bel-air\/"]}]},{"@type":"BreadcrumbList","@id":"https:\/\/www.ladiagonale.net\/index.php\/2023\/03\/29\/feminines-monaco-atomise-bouc-bel-air\/#breadcrumb","itemListElement":[{"@type":"ListItem","position":1,"name":"Accueil","item":"https:\/\/www.ladiagonale.net\/"},{"@type":"ListItem","position":2,"name":"F\u00e9minines : Monaco atomise Bouc-Bel-Air"}]},{"@type":"WebSite","@id":"https:\/\/www.ladiagonale.net\/#website","url":"https:\/\/www.ladiagonale.net\/","name":"La Diagonale","description":"Le site des supporters de l&#039;AS Monaco FC","potentialAction":[{"@type":"SearchAction","target":{"@type":"EntryPoint","urlTemplate":"https:\/\/www.ladiagonale.net\/?s={search_term_string}"},"query-input":"required name=search_term_string"}],"inLanguage":"fr-FR"},{"@type":"Person","@id":"https:\/\/www.ladiagonale.net\/#\/schema\/person\/79ff1e7b0853ed01b2aa26e64ad300bf","name":"Damien Dellerba","image":{"@type":"ImageObject","inLanguage":"fr-FR","@id":"https:\/\/www.ladiagonale.net\/#\/schema\/person\/image\/","url":"https:\/\/secure.gravatar.com\/avatar\/c7850e06d3ff63cdbaee88b7fc16e2f0?s=96&d=mm&r=g","contentUrl":"https:\/\/secure.gravatar.com\/avatar\/c7850e06d3ff63cdbaee88b7fc16e2f0?s=96&d=mm&r=g","caption":"Damien Dellerba"},"url":"https:\/\/www.ladiagonale.net\/index.php\/author\/damien\/"}]}},"_links":{"self":[{"href":"https:\/\/www.ladiagonale.net\/index.php\/wp-json\/wp\/v2\/posts\/11089"}],"collection":[{"href":"https:\/\/www.ladiagonale.net\/index.php\/wp-json\/wp\/v2\/posts"}],"about":[{"href":"https:\/\/www.ladiagonale.net\/index.php\/wp-json\/wp\/v2\/types\/post"}],"author":[{"embeddable":true,"href":"https:\/\/www.ladiagonale.net\/index.php\/wp-json\/wp\/v2\/users\/2"}],"replies":[{"embeddable":true,"href":"https:\/\/www.ladiagonale.net\/index.php\/wp-json\/wp\/v2\/comments?post=11089"}],"version-history":[{"count":5,"href":"https:\/\/www.ladiagonale.net\/index.php\/wp-json\/wp\/v2\/posts\/11089\/revisions"}],"predecessor-version":[{"id":11104,"href":"https:\/\/www.ladiagonale.net\/index.php\/wp-json\/wp\/v2\/posts\/11089\/revisions\/11104"}],"wp:attachment":[{"href":"https:\/\/www.ladiagonale.net\/index.php\/wp-json\/wp\/v2\/media?parent=11089"}],"wp:term":[{"taxonomy":"category","embeddable":true,"href":"https:\/\/www.ladiagonale.net\/index.php\/wp-json\/wp\/v2\/categories?post=11089"},{"taxonomy":"post_tag","embeddable":true,"href":"https:\/\/www.ladiagonale.net\/index.php\/wp-json\/wp\/v2\/tags?post=11089"}],"curies":[{"name":"wp","href":"https:\/\/api.w.org\/{rel}","templated":true}]}}