{"id":11093,"date":"2023-03-29T07:25:00","date_gmt":"2023-03-29T05:25:00","guid":{"rendered":"https:\/\/www.ladiagonale.net\/?p=11093"},"modified":"2023-03-29T02:22:40","modified_gmt":"2023-03-29T00:22:40","slug":"la-lfp-devoile-les-dates-des-multiplex-des-37e-et-38e-journees-de-ligue-1","status":"publish","type":"post","link":"https:\/\/www.ladiagonale.net\/index.php\/2023\/03\/29\/la-lfp-devoile-les-dates-des-multiplex-des-37e-et-38e-journees-de-ligue-1\/","title":{"rendered":"La LFP d\u00e9voile les dates des multiplex des 37e et 38e journ\u00e9es de Ligue 1"},"content":{"rendered":"\n\n\n<p>Comme il est de tradition, afin de garantir l&rsquo;\u00e9quit\u00e9 sportive entre toutes les \u00e9quipes, le championnat de France se terminera par deux multiplex lors des 37<sup>e<\/sup> et 38<sup>e<\/sup> journ\u00e9es. La Ligue de football professionnel a confirm\u00e9 les dates des rencontres, qui auront donc toutes lieu aux m\u00eames dates et m\u00eames horaires. <\/p>\n\n\n\n<p>La 37<sup>e<\/sup> journ\u00e9e, qui verra Monaco se d\u00e9placer \u00e0 Rennes, se d\u00e9roulera le samedi 27 mai pour un coup d&rsquo;envoi donn\u00e9 \u00e0 21 heures, et la conclusion de ce championnat pour les Mon\u00e9gasques, avec la r\u00e9ception de Toulouse pour la 38<sup>e<\/sup> journ\u00e9e, aura lieu la semaine suivante, le samedi 3 juin 2023, \u00e0 21 heures \u00e9galement. La programmation TV sera \u00ab\u00a0<em>communiqu\u00e9e ult\u00e9rieurement<\/em>\u00a0\u00bb pr\u00e9cise la Ligue.<\/p>\n","protected":false},"excerpt":{"rendered":"<p>Comme il est de tradition, afin de garantir l&rsquo;\u00e9quit\u00e9 sportive entre toutes les \u00e9quipes, le championnat de France se terminera par deux multiplex lors des 37e et 38e journ\u00e9es. La Ligue de football professionnel a confirm\u00e9 les dates des rencontres, qui auront donc toutes lieu aux m\u00eames dates et m\u00eames horaires. La 37e journ\u00e9e, qui [&#8230;]\n","protected":false},"author":2,"featured_media":0,"comment_status":"open","ping_status":"open","sticky":false,"template":"","format":"standard","meta":[],"categories":[6],"tags":[86,461,462,94,463,464],"yoast_head":"<!-- This site is optimized with the Yoast SEO plugin v19.8 - https:\/\/yoast.com\/wordpress\/plugins\/seo\/ -->\n<title>La LFP d\u00e9voile les dates des multiplex des 37e et 38e journ\u00e9es de Ligue 1 - La Diagonale<\/title>\n<meta name=\"robots\" content=\"index, follow, max-snippet:-1, max-image-preview:large, max-video-preview:-1\" \/>\n<link rel=\"canonical\" href=\"https:\/\/www.ladiagonale.net\/index.php\/2023\/03\/29\/la-lfp-devoile-les-dates-des-multiplex-des-37e-et-38e-journees-de-ligue-1\/\" \/>\n<meta property=\"og:locale\" content=\"fr_FR\" \/>\n<meta property=\"og:type\" content=\"article\" \/>\n<meta property=\"og:title\" content=\"La LFP d\u00e9voile les dates des multiplex des 37e et 38e journ\u00e9es de Ligue 1 - La Diagonale\" \/>\n<meta property=\"og:description\" content=\"Comme il est de tradition, afin de garantir l&rsquo;\u00e9quit\u00e9 sportive entre toutes les \u00e9quipes, le championnat de France se terminera par deux multiplex lors des 37e et 38e journ\u00e9es. La Ligue de football professionnel a confirm\u00e9 les dates des rencontres, qui auront donc toutes lieu aux m\u00eames dates et m\u00eames horaires. La 37e journ\u00e9e, qui [...]\" \/>\n<meta property=\"og:url\" content=\"https:\/\/www.ladiagonale.net\/index.php\/2023\/03\/29\/la-lfp-devoile-les-dates-des-multiplex-des-37e-et-38e-journees-de-ligue-1\/\" \/>\n<meta property=\"og:site_name\" content=\"La Diagonale\" \/>\n<meta property=\"article:published_time\" content=\"2023-03-29T05:25:00+00:00\" \/>\n<meta property=\"article:modified_time\" content=\"2023-03-29T00:22:40+00:00\" \/>\n<meta property=\"og:image\" content=\"https:\/\/www.ladiagonale.net\/wp-content\/uploads\/2022\/10\/ligue1.png\" \/>\n\t<meta property=\"og:image:width\" content=\"1160\" \/>\n\t<meta property=\"og:image:height\" content=\"650\" \/>\n\t<meta property=\"og:image:type\" content=\"image\/png\" \/>\n<meta name=\"author\" content=\"Damien Dellerba\" \/>\n<meta name=\"twitter:card\" content=\"summary_large_image\" \/>\n<meta name=\"twitter:image\" content=\"https:\/\/www.ladiagonale.net\/wp-content\/uploads\/2022\/10\/ligue1.png\" \/>\n<meta name=\"twitter:label1\" content=\"\u00c9crit par\" \/>\n\t<meta name=\"twitter:data1\" content=\"Damien Dellerba\" \/>\n\t<meta name=\"twitter:label2\" content=\"Dur\u00e9e de lecture estim\u00e9e\" \/>\n\t<meta name=\"twitter:data2\" content=\"1 minute\" \/>\n<script type=\"application\/ld+json\" class=\"yoast-schema-graph\">{\"@context\":\"https:\/\/schema.org\",\"@graph\":[{\"@type\":\"WebPage\",\"@id\":\"https:\/\/www.ladiagonale.net\/index.php\/2023\/03\/29\/la-lfp-devoile-les-dates-des-multiplex-des-37e-et-38e-journees-de-ligue-1\/\",\"url\":\"https:\/\/www.ladiagonale.net\/index.php\/2023\/03\/29\/la-lfp-devoile-les-dates-des-multiplex-des-37e-et-38e-journees-de-ligue-1\/\",\"name\":\"La LFP d\u00e9voile les dates des multiplex des 37e et 38e journ\u00e9es de Ligue 1 - La Diagonale\",\"isPartOf\":{\"@id\":\"https:\/\/www.ladiagonale.net\/#website\"},\"datePublished\":\"2023-03-29T05:25:00+00:00\",\"dateModified\":\"2023-03-29T00:22:40+00:00\",\"author\":{\"@id\":\"https:\/\/www.ladiagonale.net\/#\/schema\/person\/79ff1e7b0853ed01b2aa26e64ad300bf\"},\"breadcrumb\":{\"@id\":\"https:\/\/www.ladiagonale.net\/index.php\/2023\/03\/29\/la-lfp-devoile-les-dates-des-multiplex-des-37e-et-38e-journees-de-ligue-1\/#breadcrumb\"},\"inLanguage\":\"fr-FR\",\"potentialAction\":[{\"@type\":\"ReadAction\",\"target\":[\"https:\/\/www.ladiagonale.net\/index.php\/2023\/03\/29\/la-lfp-devoile-les-dates-des-multiplex-des-37e-et-38e-journees-de-ligue-1\/\"]}]},{\"@type\":\"BreadcrumbList\",\"@id\":\"https:\/\/www.ladiagonale.net\/index.php\/2023\/03\/29\/la-lfp-devoile-les-dates-des-multiplex-des-37e-et-38e-journees-de-ligue-1\/#breadcrumb\",\"itemListElement\":[{\"@type\":\"ListItem\",\"position\":1,\"name\":\"Accueil\",\"item\":\"https:\/\/www.ladiagonale.net\/\"},{\"@type\":\"ListItem\",\"position\":2,\"name\":\"La LFP d\u00e9voile les dates des multiplex des 37e et 38e journ\u00e9es de Ligue 1\"}]},{\"@type\":\"WebSite\",\"@id\":\"https:\/\/www.ladiagonale.net\/#website\",\"url\":\"https:\/\/www.ladiagonale.net\/\",\"name\":\"La Diagonale\",\"description\":\"Le site des supporters de l&#039;AS Monaco FC\",\"potentialAction\":[{\"@type\":\"SearchAction\",\"target\":{\"@type\":\"EntryPoint\",\"urlTemplate\":\"https:\/\/www.ladiagonale.net\/?s={search_term_string}\"},\"query-input\":\"required name=search_term_string\"}],\"inLanguage\":\"fr-FR\"},{\"@type\":\"Person\",\"@id\":\"https:\/\/www.ladiagonale.net\/#\/schema\/person\/79ff1e7b0853ed01b2aa26e64ad300bf\",\"name\":\"Damien Dellerba\",\"image\":{\"@type\":\"ImageObject\",\"inLanguage\":\"fr-FR\",\"@id\":\"https:\/\/www.ladiagonale.net\/#\/schema\/person\/image\/\",\"url\":\"https:\/\/secure.gravatar.com\/avatar\/c7850e06d3ff63cdbaee88b7fc16e2f0?s=96&d=mm&r=g\",\"contentUrl\":\"https:\/\/secure.gravatar.com\/avatar\/c7850e06d3ff63cdbaee88b7fc16e2f0?s=96&d=mm&r=g\",\"caption\":\"Damien Dellerba\"},\"url\":\"https:\/\/www.ladiagonale.net\/index.php\/author\/damien\/\"}]}<\/script>\n<!-- \/ Yoast SEO plugin. -->","yoast_head_json":{"title":"La LFP d\u00e9voile les dates des multiplex des 37e et 38e journ\u00e9es de Ligue 1 - La Diagonale","robots":{"index":"index","follow":"follow","max-snippet":"max-snippet:-1","max-image-preview":"max-image-preview:large","max-video-preview":"max-video-preview:-1"},"canonical":"https:\/\/www.ladiagonale.net\/index.php\/2023\/03\/29\/la-lfp-devoile-les-dates-des-multiplex-des-37e-et-38e-journees-de-ligue-1\/","og_locale":"fr_FR","og_type":"article","og_title":"La LFP d\u00e9voile les dates des multiplex des 37e et 38e journ\u00e9es de Ligue 1 - La Diagonale","og_description":"Comme il est de tradition, afin de garantir l&rsquo;\u00e9quit\u00e9 sportive entre toutes les \u00e9quipes, le championnat de France se terminera par deux multiplex lors des 37e et 38e journ\u00e9es. La Ligue de football professionnel a confirm\u00e9 les dates des rencontres, qui auront donc toutes lieu aux m\u00eames dates et m\u00eames horaires. La 37e journ\u00e9e, qui [...]","og_url":"https:\/\/www.ladiagonale.net\/index.php\/2023\/03\/29\/la-lfp-devoile-les-dates-des-multiplex-des-37e-et-38e-journees-de-ligue-1\/","og_site_name":"La Diagonale","article_published_time":"2023-03-29T05:25:00+00:00","article_modified_time":"2023-03-29T00:22:40+00:00","og_image":[{"width":1160,"height":650,"url":"https:\/\/www.ladiagonale.net\/wp-content\/uploads\/2022\/10\/ligue1.png","type":"image\/png"}],"author":"Damien Dellerba","twitter_card":"summary_large_image","twitter_image":"https:\/\/www.ladiagonale.net\/wp-content\/uploads\/2022\/10\/ligue1.png","twitter_misc":{"\u00c9crit par":"Damien Dellerba","Dur\u00e9e de lecture estim\u00e9e":"1 minute"},"schema":{"@context":"https:\/\/schema.org","@graph":[{"@type":"WebPage","@id":"https:\/\/www.ladiagonale.net\/index.php\/2023\/03\/29\/la-lfp-devoile-les-dates-des-multiplex-des-37e-et-38e-journees-de-ligue-1\/","url":"https:\/\/www.ladiagonale.net\/index.php\/2023\/03\/29\/la-lfp-devoile-les-dates-des-multiplex-des-37e-et-38e-journees-de-ligue-1\/","name":"La LFP d\u00e9voile les dates des multiplex des 37e et 38e journ\u00e9es de Ligue 1 - La Diagonale","isPartOf":{"@id":"https:\/\/www.ladiagonale.net\/#website"},"datePublished":"2023-03-29T05:25:00+00:00","dateModified":"2023-03-29T00:22:40+00:00","author":{"@id":"https:\/\/www.ladiagonale.net\/#\/schema\/person\/79ff1e7b0853ed01b2aa26e64ad300bf"},"breadcrumb":{"@id":"https:\/\/www.ladiagonale.net\/index.php\/2023\/03\/29\/la-lfp-devoile-les-dates-des-multiplex-des-37e-et-38e-journees-de-ligue-1\/#breadcrumb"},"inLanguage":"fr-FR","potentialAction":[{"@type":"ReadAction","target":["https:\/\/www.ladiagonale.net\/index.php\/2023\/03\/29\/la-lfp-devoile-les-dates-des-multiplex-des-37e-et-38e-journees-de-ligue-1\/"]}]},{"@type":"BreadcrumbList","@id":"https:\/\/www.ladiagonale.net\/index.php\/2023\/03\/29\/la-lfp-devoile-les-dates-des-multiplex-des-37e-et-38e-journees-de-ligue-1\/#breadcrumb","itemListElement":[{"@type":"ListItem","position":1,"name":"Accueil","item":"https:\/\/www.ladiagonale.net\/"},{"@type":"ListItem","position":2,"name":"La LFP d\u00e9voile les dates des multiplex des 37e et 38e journ\u00e9es de Ligue 1"}]},{"@type":"WebSite","@id":"https:\/\/www.ladiagonale.net\/#website","url":"https:\/\/www.ladiagonale.net\/","name":"La Diagonale","description":"Le site des supporters de l&#039;AS Monaco FC","potentialAction":[{"@type":"SearchAction","target":{"@type":"EntryPoint","urlTemplate":"https:\/\/www.ladiagonale.net\/?s={search_term_string}"},"query-input":"required name=search_term_string"}],"inLanguage":"fr-FR"},{"@type":"Person","@id":"https:\/\/www.ladiagonale.net\/#\/schema\/person\/79ff1e7b0853ed01b2aa26e64ad300bf","name":"Damien Dellerba","image":{"@type":"ImageObject","inLanguage":"fr-FR","@id":"https:\/\/www.ladiagonale.net\/#\/schema\/person\/image\/","url":"https:\/\/secure.gravatar.com\/avatar\/c7850e06d3ff63cdbaee88b7fc16e2f0?s=96&d=mm&r=g","contentUrl":"https:\/\/secure.gravatar.com\/avatar\/c7850e06d3ff63cdbaee88b7fc16e2f0?s=96&d=mm&r=g","caption":"Damien Dellerba"},"url":"https:\/\/www.ladiagonale.net\/index.php\/author\/damien\/"}]}},"_links":{"self":[{"href":"https:\/\/www.ladiagonale.net\/index.php\/wp-json\/wp\/v2\/posts\/11093"}],"collection":[{"href":"https:\/\/www.ladiagonale.net\/index.php\/wp-json\/wp\/v2\/posts"}],"about":[{"href":"https:\/\/www.ladiagonale.net\/index.php\/wp-json\/wp\/v2\/types\/post"}],"author":[{"embeddable":true,"href":"https:\/\/www.ladiagonale.net\/index.php\/wp-json\/wp\/v2\/users\/2"}],"replies":[{"embeddable":true,"href":"https:\/\/www.ladiagonale.net\/index.php\/wp-json\/wp\/v2\/comments?post=11093"}],"version-history":[{"count":1,"href":"https:\/\/www.ladiagonale.net\/index.php\/wp-json\/wp\/v2\/posts\/11093\/revisions"}],"predecessor-version":[{"id":11094,"href":"https:\/\/www.ladiagonale.net\/index.php\/wp-json\/wp\/v2\/posts\/11093\/revisions\/11094"}],"wp:attachment":[{"href":"https:\/\/www.ladiagonale.net\/index.php\/wp-json\/wp\/v2\/media?parent=11093"}],"wp:term":[{"taxonomy":"category","embeddable":true,"href":"https:\/\/www.ladiagonale.net\/index.php\/wp-json\/wp\/v2\/categories?post=11093"},{"taxonomy":"post_tag","embeddable":true,"href":"https:\/\/www.ladiagonale.net\/index.php\/wp-json\/wp\/v2\/tags?post=11093"}],"curies":[{"name":"wp","href":"https:\/\/api.w.org\/{rel}","templated":true}]}}