{"id":11105,"date":"2023-03-29T17:24:28","date_gmt":"2023-03-29T15:24:28","guid":{"rendered":"https:\/\/www.ladiagonale.net\/?p=11105"},"modified":"2023-03-29T17:24:38","modified_gmt":"2023-03-29T15:24:38","slug":"la-demi-finale-de-gabardella-deplacee-au-lundi-de-paques","status":"publish","type":"post","link":"https:\/\/www.ladiagonale.net\/index.php\/2023\/03\/29\/la-demi-finale-de-gabardella-deplacee-au-lundi-de-paques\/","title":{"rendered":"La demi-finale de Gambardella d\u00e9plac\u00e9e au lundi de P\u00e2ques"},"content":{"rendered":"\n\n\n<p>Initialement programm\u00e9e le dimanche 9 avril, la demi-finale de la Coupe Gambardella que disputera l&rsquo;AS Monaco \u00e0 Pau se jouera finalement le lundi 10 avril \u00e0 15 heures, soit un jour f\u00e9ri\u00e9 puisqu&rsquo;il s&rsquo;agira du lundi de P\u00e2ques. Elle sera retransmise par la FFF sur sa plateforme vid\u00e9o et sa cha\u00eene Youtube.<\/p>\n\n\n\n<p>Les hommes de Fr\u00e9d\u00e9ric Barilaro tenteront d&rsquo;acc\u00e9der \u00e0 leur premi\u00e8re finale depuis 2016 face \u00e0 une \u00e9quipe paloise qui \u00e9volue \u00e0 l&rsquo;\u00e9chelon inf\u00e9rieur, mais qui s&rsquo;est n\u00e9anmoins offert le scalp du vainqueur de la pr\u00e9c\u00e9dente \u00e9dition, l&rsquo;Olympique lyonnais, en quart de finale. Pour l&rsquo;occasion, le match se d\u00e9roulera sur la pelouse du Nouste Camp, qui accueille \u00e9galement les rencontres de Pau en Ligue 2. <\/p>\n","protected":false},"excerpt":{"rendered":"<p>Initialement programm\u00e9e le dimanche 9 avril, la demi-finale de la Coupe Gambardella que disputera l&rsquo;AS Monaco \u00e0 Pau se jouera finalement le lundi 10 avril \u00e0 15 heures, soit un jour f\u00e9ri\u00e9 puisqu&rsquo;il s&rsquo;agira du lundi de P\u00e2ques. Elle sera retransmise par la FFF sur sa plateforme vid\u00e9o et sa cha\u00eene Youtube. Les hommes de [&#8230;]\n","protected":false},"author":2,"featured_media":0,"comment_status":"open","ping_status":"open","sticky":false,"template":"","format":"standard","meta":[],"categories":[6],"tags":[76,86,321,112],"yoast_head":"<!-- This site is optimized with the Yoast SEO plugin v19.8 - https:\/\/yoast.com\/wordpress\/plugins\/seo\/ -->\n<title>La demi-finale de Gambardella d\u00e9plac\u00e9e au lundi de P\u00e2ques - La Diagonale<\/title>\n<meta name=\"robots\" content=\"index, follow, max-snippet:-1, max-image-preview:large, max-video-preview:-1\" \/>\n<link rel=\"canonical\" href=\"https:\/\/www.ladiagonale.net\/index.php\/2023\/03\/29\/la-demi-finale-de-gabardella-deplacee-au-lundi-de-paques\/\" \/>\n<meta property=\"og:locale\" content=\"fr_FR\" \/>\n<meta property=\"og:type\" content=\"article\" \/>\n<meta property=\"og:title\" content=\"La demi-finale de Gambardella d\u00e9plac\u00e9e au lundi de P\u00e2ques - La Diagonale\" \/>\n<meta property=\"og:description\" content=\"Initialement programm\u00e9e le dimanche 9 avril, la demi-finale de la Coupe Gambardella que disputera l&rsquo;AS Monaco \u00e0 Pau se jouera finalement le lundi 10 avril \u00e0 15 heures, soit un jour f\u00e9ri\u00e9 puisqu&rsquo;il s&rsquo;agira du lundi de P\u00e2ques. Elle sera retransmise par la FFF sur sa plateforme vid\u00e9o et sa cha\u00eene Youtube. Les hommes de [...]\" \/>\n<meta property=\"og:url\" content=\"https:\/\/www.ladiagonale.net\/index.php\/2023\/03\/29\/la-demi-finale-de-gabardella-deplacee-au-lundi-de-paques\/\" \/>\n<meta property=\"og:site_name\" content=\"La Diagonale\" \/>\n<meta property=\"article:published_time\" content=\"2023-03-29T15:24:28+00:00\" \/>\n<meta property=\"article:modified_time\" content=\"2023-03-29T15:24:38+00:00\" \/>\n<meta property=\"og:image\" content=\"https:\/\/www.ladiagonale.net\/wp-content\/uploads\/2023\/02\/sinate-gambardella.png\" \/>\n\t<meta property=\"og:image:width\" content=\"1160\" \/>\n\t<meta property=\"og:image:height\" content=\"650\" \/>\n\t<meta property=\"og:image:type\" content=\"image\/png\" \/>\n<meta name=\"author\" content=\"Damien Dellerba\" \/>\n<meta name=\"twitter:card\" content=\"summary_large_image\" \/>\n<meta name=\"twitter:image\" content=\"https:\/\/www.ladiagonale.net\/wp-content\/uploads\/2023\/02\/sinate-gambardella.png\" \/>\n<meta name=\"twitter:label1\" content=\"\u00c9crit par\" \/>\n\t<meta name=\"twitter:data1\" content=\"Damien Dellerba\" \/>\n\t<meta name=\"twitter:label2\" content=\"Dur\u00e9e de lecture estim\u00e9e\" \/>\n\t<meta name=\"twitter:data2\" content=\"1 minute\" \/>\n<script type=\"application\/ld+json\" class=\"yoast-schema-graph\">{\"@context\":\"https:\/\/schema.org\",\"@graph\":[{\"@type\":\"WebPage\",\"@id\":\"https:\/\/www.ladiagonale.net\/index.php\/2023\/03\/29\/la-demi-finale-de-gabardella-deplacee-au-lundi-de-paques\/\",\"url\":\"https:\/\/www.ladiagonale.net\/index.php\/2023\/03\/29\/la-demi-finale-de-gabardella-deplacee-au-lundi-de-paques\/\",\"name\":\"La demi-finale de Gambardella d\u00e9plac\u00e9e au lundi de P\u00e2ques - La Diagonale\",\"isPartOf\":{\"@id\":\"https:\/\/www.ladiagonale.net\/#website\"},\"datePublished\":\"2023-03-29T15:24:28+00:00\",\"dateModified\":\"2023-03-29T15:24:38+00:00\",\"author\":{\"@id\":\"https:\/\/www.ladiagonale.net\/#\/schema\/person\/79ff1e7b0853ed01b2aa26e64ad300bf\"},\"breadcrumb\":{\"@id\":\"https:\/\/www.ladiagonale.net\/index.php\/2023\/03\/29\/la-demi-finale-de-gabardella-deplacee-au-lundi-de-paques\/#breadcrumb\"},\"inLanguage\":\"fr-FR\",\"potentialAction\":[{\"@type\":\"ReadAction\",\"target\":[\"https:\/\/www.ladiagonale.net\/index.php\/2023\/03\/29\/la-demi-finale-de-gabardella-deplacee-au-lundi-de-paques\/\"]}]},{\"@type\":\"BreadcrumbList\",\"@id\":\"https:\/\/www.ladiagonale.net\/index.php\/2023\/03\/29\/la-demi-finale-de-gabardella-deplacee-au-lundi-de-paques\/#breadcrumb\",\"itemListElement\":[{\"@type\":\"ListItem\",\"position\":1,\"name\":\"Accueil\",\"item\":\"https:\/\/www.ladiagonale.net\/\"},{\"@type\":\"ListItem\",\"position\":2,\"name\":\"La demi-finale de Gambardella d\u00e9plac\u00e9e au lundi de P\u00e2ques\"}]},{\"@type\":\"WebSite\",\"@id\":\"https:\/\/www.ladiagonale.net\/#website\",\"url\":\"https:\/\/www.ladiagonale.net\/\",\"name\":\"La Diagonale\",\"description\":\"Le site des supporters de l&#039;AS Monaco FC\",\"potentialAction\":[{\"@type\":\"SearchAction\",\"target\":{\"@type\":\"EntryPoint\",\"urlTemplate\":\"https:\/\/www.ladiagonale.net\/?s={search_term_string}\"},\"query-input\":\"required name=search_term_string\"}],\"inLanguage\":\"fr-FR\"},{\"@type\":\"Person\",\"@id\":\"https:\/\/www.ladiagonale.net\/#\/schema\/person\/79ff1e7b0853ed01b2aa26e64ad300bf\",\"name\":\"Damien Dellerba\",\"image\":{\"@type\":\"ImageObject\",\"inLanguage\":\"fr-FR\",\"@id\":\"https:\/\/www.ladiagonale.net\/#\/schema\/person\/image\/\",\"url\":\"https:\/\/secure.gravatar.com\/avatar\/c7850e06d3ff63cdbaee88b7fc16e2f0?s=96&d=mm&r=g\",\"contentUrl\":\"https:\/\/secure.gravatar.com\/avatar\/c7850e06d3ff63cdbaee88b7fc16e2f0?s=96&d=mm&r=g\",\"caption\":\"Damien Dellerba\"},\"url\":\"https:\/\/www.ladiagonale.net\/index.php\/author\/damien\/\"}]}<\/script>\n<!-- \/ Yoast SEO plugin. -->","yoast_head_json":{"title":"La demi-finale de Gambardella d\u00e9plac\u00e9e au lundi de P\u00e2ques - La Diagonale","robots":{"index":"index","follow":"follow","max-snippet":"max-snippet:-1","max-image-preview":"max-image-preview:large","max-video-preview":"max-video-preview:-1"},"canonical":"https:\/\/www.ladiagonale.net\/index.php\/2023\/03\/29\/la-demi-finale-de-gabardella-deplacee-au-lundi-de-paques\/","og_locale":"fr_FR","og_type":"article","og_title":"La demi-finale de Gambardella d\u00e9plac\u00e9e au lundi de P\u00e2ques - La Diagonale","og_description":"Initialement programm\u00e9e le dimanche 9 avril, la demi-finale de la Coupe Gambardella que disputera l&rsquo;AS Monaco \u00e0 Pau se jouera finalement le lundi 10 avril \u00e0 15 heures, soit un jour f\u00e9ri\u00e9 puisqu&rsquo;il s&rsquo;agira du lundi de P\u00e2ques. Elle sera retransmise par la FFF sur sa plateforme vid\u00e9o et sa cha\u00eene Youtube. Les hommes de [...]","og_url":"https:\/\/www.ladiagonale.net\/index.php\/2023\/03\/29\/la-demi-finale-de-gabardella-deplacee-au-lundi-de-paques\/","og_site_name":"La Diagonale","article_published_time":"2023-03-29T15:24:28+00:00","article_modified_time":"2023-03-29T15:24:38+00:00","og_image":[{"width":1160,"height":650,"url":"https:\/\/www.ladiagonale.net\/wp-content\/uploads\/2023\/02\/sinate-gambardella.png","type":"image\/png"}],"author":"Damien Dellerba","twitter_card":"summary_large_image","twitter_image":"https:\/\/www.ladiagonale.net\/wp-content\/uploads\/2023\/02\/sinate-gambardella.png","twitter_misc":{"\u00c9crit par":"Damien Dellerba","Dur\u00e9e de lecture estim\u00e9e":"1 minute"},"schema":{"@context":"https:\/\/schema.org","@graph":[{"@type":"WebPage","@id":"https:\/\/www.ladiagonale.net\/index.php\/2023\/03\/29\/la-demi-finale-de-gabardella-deplacee-au-lundi-de-paques\/","url":"https:\/\/www.ladiagonale.net\/index.php\/2023\/03\/29\/la-demi-finale-de-gabardella-deplacee-au-lundi-de-paques\/","name":"La demi-finale de Gambardella d\u00e9plac\u00e9e au lundi de P\u00e2ques - La Diagonale","isPartOf":{"@id":"https:\/\/www.ladiagonale.net\/#website"},"datePublished":"2023-03-29T15:24:28+00:00","dateModified":"2023-03-29T15:24:38+00:00","author":{"@id":"https:\/\/www.ladiagonale.net\/#\/schema\/person\/79ff1e7b0853ed01b2aa26e64ad300bf"},"breadcrumb":{"@id":"https:\/\/www.ladiagonale.net\/index.php\/2023\/03\/29\/la-demi-finale-de-gabardella-deplacee-au-lundi-de-paques\/#breadcrumb"},"inLanguage":"fr-FR","potentialAction":[{"@type":"ReadAction","target":["https:\/\/www.ladiagonale.net\/index.php\/2023\/03\/29\/la-demi-finale-de-gabardella-deplacee-au-lundi-de-paques\/"]}]},{"@type":"BreadcrumbList","@id":"https:\/\/www.ladiagonale.net\/index.php\/2023\/03\/29\/la-demi-finale-de-gabardella-deplacee-au-lundi-de-paques\/#breadcrumb","itemListElement":[{"@type":"ListItem","position":1,"name":"Accueil","item":"https:\/\/www.ladiagonale.net\/"},{"@type":"ListItem","position":2,"name":"La demi-finale de Gambardella d\u00e9plac\u00e9e au lundi de P\u00e2ques"}]},{"@type":"WebSite","@id":"https:\/\/www.ladiagonale.net\/#website","url":"https:\/\/www.ladiagonale.net\/","name":"La Diagonale","description":"Le site des supporters de l&#039;AS Monaco FC","potentialAction":[{"@type":"SearchAction","target":{"@type":"EntryPoint","urlTemplate":"https:\/\/www.ladiagonale.net\/?s={search_term_string}"},"query-input":"required name=search_term_string"}],"inLanguage":"fr-FR"},{"@type":"Person","@id":"https:\/\/www.ladiagonale.net\/#\/schema\/person\/79ff1e7b0853ed01b2aa26e64ad300bf","name":"Damien Dellerba","image":{"@type":"ImageObject","inLanguage":"fr-FR","@id":"https:\/\/www.ladiagonale.net\/#\/schema\/person\/image\/","url":"https:\/\/secure.gravatar.com\/avatar\/c7850e06d3ff63cdbaee88b7fc16e2f0?s=96&d=mm&r=g","contentUrl":"https:\/\/secure.gravatar.com\/avatar\/c7850e06d3ff63cdbaee88b7fc16e2f0?s=96&d=mm&r=g","caption":"Damien Dellerba"},"url":"https:\/\/www.ladiagonale.net\/index.php\/author\/damien\/"}]}},"_links":{"self":[{"href":"https:\/\/www.ladiagonale.net\/index.php\/wp-json\/wp\/v2\/posts\/11105"}],"collection":[{"href":"https:\/\/www.ladiagonale.net\/index.php\/wp-json\/wp\/v2\/posts"}],"about":[{"href":"https:\/\/www.ladiagonale.net\/index.php\/wp-json\/wp\/v2\/types\/post"}],"author":[{"embeddable":true,"href":"https:\/\/www.ladiagonale.net\/index.php\/wp-json\/wp\/v2\/users\/2"}],"replies":[{"embeddable":true,"href":"https:\/\/www.ladiagonale.net\/index.php\/wp-json\/wp\/v2\/comments?post=11105"}],"version-history":[{"count":2,"href":"https:\/\/www.ladiagonale.net\/index.php\/wp-json\/wp\/v2\/posts\/11105\/revisions"}],"predecessor-version":[{"id":11107,"href":"https:\/\/www.ladiagonale.net\/index.php\/wp-json\/wp\/v2\/posts\/11105\/revisions\/11107"}],"wp:attachment":[{"href":"https:\/\/www.ladiagonale.net\/index.php\/wp-json\/wp\/v2\/media?parent=11105"}],"wp:term":[{"taxonomy":"category","embeddable":true,"href":"https:\/\/www.ladiagonale.net\/index.php\/wp-json\/wp\/v2\/categories?post=11105"},{"taxonomy":"post_tag","embeddable":true,"href":"https:\/\/www.ladiagonale.net\/index.php\/wp-json\/wp\/v2\/tags?post=11105"}],"curies":[{"name":"wp","href":"https:\/\/api.w.org\/{rel}","templated":true}]}}