{"id":11108,"date":"2023-03-29T18:38:59","date_gmt":"2023-03-29T16:38:59","guid":{"rendered":"https:\/\/www.ladiagonale.net\/?p=11108"},"modified":"2023-03-29T18:39:02","modified_gmt":"2023-03-29T16:39:02","slug":"las-monaco-lance-son-programme-unseme","status":"publish","type":"post","link":"https:\/\/www.ladiagonale.net\/index.php\/2023\/03\/29\/las-monaco-lance-son-programme-unseme\/","title":{"rendered":"L&rsquo;AS Monaco lance son programme \u00ab\u00a0\u00dcNSEME\u00a0\u00bb"},"content":{"rendered":"\n\n\n<p>L&rsquo;AS Monaco a lanc\u00e9 ce mercredi un programme visant \u00e0 renforcer les liens entre les clubs et les communes environnantes. Ce programme, intitul\u00e9 \u00ab\u00a0\u00dcnseme\u00a0\u00bb, ce qui signifie \u00ab\u00a0Ensemble\u00a0\u00bb en langue mon\u00e9gasque, fera des communes et clubs partenaires les  \u00ab\u00a0<em>ambassadeurs de l\u2019AS Monaco<\/em>\u00a0\u00bb et leur donnera quelques avantages, comme des rencontres de joueurs pour les enfants et des activit\u00e9s les jours de matchs, des \u00e9changes entre formateurs et \u00e9ducateurs ou encore des tarifs pr\u00e9f\u00e9rentiels \u00e0 la boutique officielle du club. Avec dans l&rsquo;espoir de fid\u00e9liser une audience et d&rsquo;en faire les supporters de demain.<\/p>\n\n\n\n<p>Parmi les dix premiers membres, on peut notamment trouver des communes limitrophes \u00e0 la Principaut\u00e9 telles que Cap d&rsquo;Ail, La Turbie et Beausoleil et d&rsquo;autres l\u00e9g\u00e8rement plus \u00e9loign\u00e9es comme, \u00c8ze, Peille, Roquebrune-Cap-Martin et m\u00eame Dolceacqua en Italie. Les signataires de ce nouveau programme se sont r\u00e9unis ce mercredi au stade Louis-II et ont notamment pu rencontrer le nouveau Directeur g\u00e9n\u00e9ral Ben Lambrecht et le pr\u00e9sident de l&rsquo;Association AS Monaco, Michel Aub\u00e9ry, afin de sceller cette future collaboration.<\/p>\n\n\n\n<p>Le directeur g\u00e9n\u00e9ral de l&rsquo;ASM Ben Lambrecht a expliqu\u00e9 que ce partenariat visait \u00e0 recr\u00e9er du lien avec les acteurs locaux :  <em>\u00ab Nous sommes tr\u00e8s heureux de lancer ce programme aux c\u00f4t\u00e9s de ces dix communes et clubs dont l\u2019AS Monaco est historiquement proche. Dans cette p\u00e9riode post-Covid, nous sommes rentr\u00e9s dans une d\u00e9marche consistant pour notre Club d\u2019aller au contact, de recr\u00e9er ou de renforcer la proximit\u00e9 qui existe avec ces diff\u00e9rents acteurs et le programme \u00dcNSEME en est une des illustrations. Nous allons nous atteler \u00e0 construire des bases solides avec les Mairies et les clubs qui nous ont rejoints. \u00bb<\/em><\/p>\n\n\n\n<p>Source : <em>AS Monaco<\/em><\/p>\n","protected":false},"excerpt":{"rendered":"<p>L&rsquo;AS Monaco a lanc\u00e9 ce mercredi un programme visant \u00e0 renforcer les liens entre les clubs et les communes environnantes. Ce programme, intitul\u00e9 \u00ab\u00a0\u00dcnseme\u00a0\u00bb, ce qui signifie \u00ab\u00a0Ensemble\u00a0\u00bb en langue mon\u00e9gasque, fera des communes et clubs partenaires les \u00ab\u00a0ambassadeurs de l\u2019AS Monaco\u00a0\u00bb et leur donnera quelques avantages, comme des rencontres de joueurs pour les enfants [&#8230;]\n","protected":false},"author":2,"featured_media":0,"comment_status":"open","ping_status":"open","sticky":false,"template":"","format":"standard","meta":[],"categories":[6],"tags":[86,465],"yoast_head":"<!-- This site is optimized with the Yoast SEO plugin v19.8 - https:\/\/yoast.com\/wordpress\/plugins\/seo\/ -->\n<title>L&#039;AS Monaco lance son programme \u00ab\u00a0\u00dcNSEME\u00a0\u00bb - La Diagonale<\/title>\n<meta name=\"robots\" content=\"index, follow, max-snippet:-1, max-image-preview:large, max-video-preview:-1\" \/>\n<link rel=\"canonical\" href=\"https:\/\/www.ladiagonale.net\/index.php\/2023\/03\/29\/las-monaco-lance-son-programme-unseme\/\" \/>\n<meta property=\"og:locale\" content=\"fr_FR\" \/>\n<meta property=\"og:type\" content=\"article\" \/>\n<meta property=\"og:title\" content=\"L&#039;AS Monaco lance son programme \u00ab\u00a0\u00dcNSEME\u00a0\u00bb - La Diagonale\" \/>\n<meta property=\"og:description\" content=\"L&rsquo;AS Monaco a lanc\u00e9 ce mercredi un programme visant \u00e0 renforcer les liens entre les clubs et les communes environnantes. Ce programme, intitul\u00e9 \u00ab\u00a0\u00dcnseme\u00a0\u00bb, ce qui signifie \u00ab\u00a0Ensemble\u00a0\u00bb en langue mon\u00e9gasque, fera des communes et clubs partenaires les \u00ab\u00a0ambassadeurs de l\u2019AS Monaco\u00a0\u00bb et leur donnera quelques avantages, comme des rencontres de joueurs pour les enfants [...]\" \/>\n<meta property=\"og:url\" content=\"https:\/\/www.ladiagonale.net\/index.php\/2023\/03\/29\/las-monaco-lance-son-programme-unseme\/\" \/>\n<meta property=\"og:site_name\" content=\"La Diagonale\" \/>\n<meta property=\"article:published_time\" content=\"2023-03-29T16:38:59+00:00\" \/>\n<meta property=\"article:modified_time\" content=\"2023-03-29T16:39:02+00:00\" \/>\n<meta property=\"og:image\" content=\"https:\/\/www.ladiagonale.net\/wp-content\/uploads\/2023\/03\/2023-03-29-unseme-signature-0093-1160x650-1.jpg\" \/>\n\t<meta property=\"og:image:width\" content=\"1160\" \/>\n\t<meta property=\"og:image:height\" content=\"650\" \/>\n\t<meta property=\"og:image:type\" content=\"image\/jpeg\" \/>\n<meta name=\"author\" content=\"Damien Dellerba\" \/>\n<meta name=\"twitter:card\" content=\"summary_large_image\" \/>\n<meta name=\"twitter:image\" content=\"https:\/\/www.ladiagonale.net\/wp-content\/uploads\/2023\/03\/2023-03-29-unseme-signature-0093-1160x650-1.jpg\" \/>\n<meta name=\"twitter:label1\" content=\"\u00c9crit par\" \/>\n\t<meta name=\"twitter:data1\" content=\"Damien Dellerba\" \/>\n\t<meta name=\"twitter:label2\" content=\"Dur\u00e9e de lecture estim\u00e9e\" \/>\n\t<meta name=\"twitter:data2\" content=\"2 minutes\" \/>\n<script type=\"application\/ld+json\" class=\"yoast-schema-graph\">{\"@context\":\"https:\/\/schema.org\",\"@graph\":[{\"@type\":\"WebPage\",\"@id\":\"https:\/\/www.ladiagonale.net\/index.php\/2023\/03\/29\/las-monaco-lance-son-programme-unseme\/\",\"url\":\"https:\/\/www.ladiagonale.net\/index.php\/2023\/03\/29\/las-monaco-lance-son-programme-unseme\/\",\"name\":\"L'AS Monaco lance son programme \u00ab\u00a0\u00dcNSEME\u00a0\u00bb - La Diagonale\",\"isPartOf\":{\"@id\":\"https:\/\/www.ladiagonale.net\/#website\"},\"datePublished\":\"2023-03-29T16:38:59+00:00\",\"dateModified\":\"2023-03-29T16:39:02+00:00\",\"author\":{\"@id\":\"https:\/\/www.ladiagonale.net\/#\/schema\/person\/79ff1e7b0853ed01b2aa26e64ad300bf\"},\"breadcrumb\":{\"@id\":\"https:\/\/www.ladiagonale.net\/index.php\/2023\/03\/29\/las-monaco-lance-son-programme-unseme\/#breadcrumb\"},\"inLanguage\":\"fr-FR\",\"potentialAction\":[{\"@type\":\"ReadAction\",\"target\":[\"https:\/\/www.ladiagonale.net\/index.php\/2023\/03\/29\/las-monaco-lance-son-programme-unseme\/\"]}]},{\"@type\":\"BreadcrumbList\",\"@id\":\"https:\/\/www.ladiagonale.net\/index.php\/2023\/03\/29\/las-monaco-lance-son-programme-unseme\/#breadcrumb\",\"itemListElement\":[{\"@type\":\"ListItem\",\"position\":1,\"name\":\"Accueil\",\"item\":\"https:\/\/www.ladiagonale.net\/\"},{\"@type\":\"ListItem\",\"position\":2,\"name\":\"L&rsquo;AS Monaco lance son programme \u00ab\u00a0\u00dcNSEME\u00a0\u00bb\"}]},{\"@type\":\"WebSite\",\"@id\":\"https:\/\/www.ladiagonale.net\/#website\",\"url\":\"https:\/\/www.ladiagonale.net\/\",\"name\":\"La Diagonale\",\"description\":\"Le site des supporters de l&#039;AS Monaco FC\",\"potentialAction\":[{\"@type\":\"SearchAction\",\"target\":{\"@type\":\"EntryPoint\",\"urlTemplate\":\"https:\/\/www.ladiagonale.net\/?s={search_term_string}\"},\"query-input\":\"required name=search_term_string\"}],\"inLanguage\":\"fr-FR\"},{\"@type\":\"Person\",\"@id\":\"https:\/\/www.ladiagonale.net\/#\/schema\/person\/79ff1e7b0853ed01b2aa26e64ad300bf\",\"name\":\"Damien Dellerba\",\"image\":{\"@type\":\"ImageObject\",\"inLanguage\":\"fr-FR\",\"@id\":\"https:\/\/www.ladiagonale.net\/#\/schema\/person\/image\/\",\"url\":\"https:\/\/secure.gravatar.com\/avatar\/c7850e06d3ff63cdbaee88b7fc16e2f0?s=96&d=mm&r=g\",\"contentUrl\":\"https:\/\/secure.gravatar.com\/avatar\/c7850e06d3ff63cdbaee88b7fc16e2f0?s=96&d=mm&r=g\",\"caption\":\"Damien Dellerba\"},\"url\":\"https:\/\/www.ladiagonale.net\/index.php\/author\/damien\/\"}]}<\/script>\n<!-- \/ Yoast SEO plugin. -->","yoast_head_json":{"title":"L'AS Monaco lance son programme \u00ab\u00a0\u00dcNSEME\u00a0\u00bb - La Diagonale","robots":{"index":"index","follow":"follow","max-snippet":"max-snippet:-1","max-image-preview":"max-image-preview:large","max-video-preview":"max-video-preview:-1"},"canonical":"https:\/\/www.ladiagonale.net\/index.php\/2023\/03\/29\/las-monaco-lance-son-programme-unseme\/","og_locale":"fr_FR","og_type":"article","og_title":"L'AS Monaco lance son programme \u00ab\u00a0\u00dcNSEME\u00a0\u00bb - La Diagonale","og_description":"L&rsquo;AS Monaco a lanc\u00e9 ce mercredi un programme visant \u00e0 renforcer les liens entre les clubs et les communes environnantes. Ce programme, intitul\u00e9 \u00ab\u00a0\u00dcnseme\u00a0\u00bb, ce qui signifie \u00ab\u00a0Ensemble\u00a0\u00bb en langue mon\u00e9gasque, fera des communes et clubs partenaires les \u00ab\u00a0ambassadeurs de l\u2019AS Monaco\u00a0\u00bb et leur donnera quelques avantages, comme des rencontres de joueurs pour les enfants [...]","og_url":"https:\/\/www.ladiagonale.net\/index.php\/2023\/03\/29\/las-monaco-lance-son-programme-unseme\/","og_site_name":"La Diagonale","article_published_time":"2023-03-29T16:38:59+00:00","article_modified_time":"2023-03-29T16:39:02+00:00","og_image":[{"width":1160,"height":650,"url":"https:\/\/www.ladiagonale.net\/wp-content\/uploads\/2023\/03\/2023-03-29-unseme-signature-0093-1160x650-1.jpg","type":"image\/jpeg"}],"author":"Damien Dellerba","twitter_card":"summary_large_image","twitter_image":"https:\/\/www.ladiagonale.net\/wp-content\/uploads\/2023\/03\/2023-03-29-unseme-signature-0093-1160x650-1.jpg","twitter_misc":{"\u00c9crit par":"Damien Dellerba","Dur\u00e9e de lecture estim\u00e9e":"2 minutes"},"schema":{"@context":"https:\/\/schema.org","@graph":[{"@type":"WebPage","@id":"https:\/\/www.ladiagonale.net\/index.php\/2023\/03\/29\/las-monaco-lance-son-programme-unseme\/","url":"https:\/\/www.ladiagonale.net\/index.php\/2023\/03\/29\/las-monaco-lance-son-programme-unseme\/","name":"L'AS Monaco lance son programme \u00ab\u00a0\u00dcNSEME\u00a0\u00bb - La Diagonale","isPartOf":{"@id":"https:\/\/www.ladiagonale.net\/#website"},"datePublished":"2023-03-29T16:38:59+00:00","dateModified":"2023-03-29T16:39:02+00:00","author":{"@id":"https:\/\/www.ladiagonale.net\/#\/schema\/person\/79ff1e7b0853ed01b2aa26e64ad300bf"},"breadcrumb":{"@id":"https:\/\/www.ladiagonale.net\/index.php\/2023\/03\/29\/las-monaco-lance-son-programme-unseme\/#breadcrumb"},"inLanguage":"fr-FR","potentialAction":[{"@type":"ReadAction","target":["https:\/\/www.ladiagonale.net\/index.php\/2023\/03\/29\/las-monaco-lance-son-programme-unseme\/"]}]},{"@type":"BreadcrumbList","@id":"https:\/\/www.ladiagonale.net\/index.php\/2023\/03\/29\/las-monaco-lance-son-programme-unseme\/#breadcrumb","itemListElement":[{"@type":"ListItem","position":1,"name":"Accueil","item":"https:\/\/www.ladiagonale.net\/"},{"@type":"ListItem","position":2,"name":"L&rsquo;AS Monaco lance son programme \u00ab\u00a0\u00dcNSEME\u00a0\u00bb"}]},{"@type":"WebSite","@id":"https:\/\/www.ladiagonale.net\/#website","url":"https:\/\/www.ladiagonale.net\/","name":"La Diagonale","description":"Le site des supporters de l&#039;AS Monaco FC","potentialAction":[{"@type":"SearchAction","target":{"@type":"EntryPoint","urlTemplate":"https:\/\/www.ladiagonale.net\/?s={search_term_string}"},"query-input":"required name=search_term_string"}],"inLanguage":"fr-FR"},{"@type":"Person","@id":"https:\/\/www.ladiagonale.net\/#\/schema\/person\/79ff1e7b0853ed01b2aa26e64ad300bf","name":"Damien Dellerba","image":{"@type":"ImageObject","inLanguage":"fr-FR","@id":"https:\/\/www.ladiagonale.net\/#\/schema\/person\/image\/","url":"https:\/\/secure.gravatar.com\/avatar\/c7850e06d3ff63cdbaee88b7fc16e2f0?s=96&d=mm&r=g","contentUrl":"https:\/\/secure.gravatar.com\/avatar\/c7850e06d3ff63cdbaee88b7fc16e2f0?s=96&d=mm&r=g","caption":"Damien Dellerba"},"url":"https:\/\/www.ladiagonale.net\/index.php\/author\/damien\/"}]}},"_links":{"self":[{"href":"https:\/\/www.ladiagonale.net\/index.php\/wp-json\/wp\/v2\/posts\/11108"}],"collection":[{"href":"https:\/\/www.ladiagonale.net\/index.php\/wp-json\/wp\/v2\/posts"}],"about":[{"href":"https:\/\/www.ladiagonale.net\/index.php\/wp-json\/wp\/v2\/types\/post"}],"author":[{"embeddable":true,"href":"https:\/\/www.ladiagonale.net\/index.php\/wp-json\/wp\/v2\/users\/2"}],"replies":[{"embeddable":true,"href":"https:\/\/www.ladiagonale.net\/index.php\/wp-json\/wp\/v2\/comments?post=11108"}],"version-history":[{"count":1,"href":"https:\/\/www.ladiagonale.net\/index.php\/wp-json\/wp\/v2\/posts\/11108\/revisions"}],"predecessor-version":[{"id":11110,"href":"https:\/\/www.ladiagonale.net\/index.php\/wp-json\/wp\/v2\/posts\/11108\/revisions\/11110"}],"wp:attachment":[{"href":"https:\/\/www.ladiagonale.net\/index.php\/wp-json\/wp\/v2\/media?parent=11108"}],"wp:term":[{"taxonomy":"category","embeddable":true,"href":"https:\/\/www.ladiagonale.net\/index.php\/wp-json\/wp\/v2\/categories?post=11108"},{"taxonomy":"post_tag","embeddable":true,"href":"https:\/\/www.ladiagonale.net\/index.php\/wp-json\/wp\/v2\/tags?post=11108"}],"curies":[{"name":"wp","href":"https:\/\/api.w.org\/{rel}","templated":true}]}}