{"id":11117,"date":"2023-03-30T07:48:00","date_gmt":"2023-03-30T05:48:00","guid":{"rendered":"https:\/\/www.ladiagonale.net\/?p=11117"},"modified":"2023-03-30T03:22:38","modified_gmt":"2023-03-30T01:22:38","slug":"feminines-lactionnaire-peak6-se-retire","status":"publish","type":"post","link":"https:\/\/www.ladiagonale.net\/index.php\/2023\/03\/30\/feminines-lactionnaire-peak6-se-retire\/","title":{"rendered":"F\u00e9minines : l&rsquo;actionnaire Peak6 se retire"},"content":{"rendered":"\n\n\n<p>C&rsquo;est un v\u00e9ritable coup dur pour l&rsquo;AS Monaco Football F\u00e9minin. Le 16 mars dernier, l&rsquo;ASM FF annon\u00e7ait le d\u00e9part du poste d&rsquo;entra\u00eeneur de Laurent Banide, ainsi que de Christophe Almeras, son entra\u00eeneur des gardiens. Un d\u00e9part d&rsquo;un commun accord li\u00e9 en r\u00e9alit\u00e9 au retrait de l&rsquo;actionnaire majoritaire Peak6, comme l&rsquo;a r\u00e9v\u00e9l\u00e9 <em>Nice-Matin<\/em>, et qui devrait \u00eatre rendu officiel sous peu. Ce groupe d&rsquo;investissement am\u00e9ricain, cr\u00e9\u00e9 et dirig\u00e9 Matt Hulsizer et Jenny Just, est repr\u00e9sent\u00e9 par un ancien pr\u00e9sident de l&rsquo;AS Monaco, J\u00e9r\u00f4me de Bontin.<\/p>\n\n\n\n<p>L&rsquo;homme d&rsquo;affaires franco-am\u00e9ricain, interrog\u00e9 par le quotidien azur\u00e9en, a livr\u00e9 sa version des faits : <em>\u00ab\u00a0<em>Les Am\u00e9ricains se sont retir\u00e9s suite au refus de l\u2019Association de signer une convention en bonne et due forme. Sans une convention d\u00fbment sign\u00e9e la gouvernance de l\u2019\u00e9quipe premi\u00e8re ne pouvait plus r\u00e9pondre au cadre l\u00e9gal ni aux aspirations de PEAK6<\/em>. <em>Nous regrettons qu\u2019un accord n\u2019ait pu \u00eatre trouv\u00e9 malgr\u00e9 le financement total des deux derni\u00e8res saisons.<\/em>\u00a0\u00bb<\/em><\/p>\n\n\n\n<p>Le pr\u00e9sident de l\u2019Association, Andr\u00e9-Pierre Couffet, qui va d\u00e9sormais \u00eatre conseill\u00e9 par Jean Petit et Louis Ducruet, s&rsquo;est content\u00e9 d&rsquo;expliquer qu&rsquo;il n&rsquo;avait <em>\u00ab<\/em> <em>pas choisi ce qui est en train de se passer \u00bb<\/em>. \u00c0 la lutte pour la mont\u00e9e en D3, les Mon\u00e9gasques, qui avaient des moyens surdimensionn\u00e9s pour leur championnat de R\u00e9gional 1, risquent de voir leurs r\u00eaves de promotion une nouvelle fois contrari\u00e9s : <em><em>\u00ab<\/em>L\u2019objectif est de finir cette saison. Ensuite, on se penchera sur un budget nous permettant de rivaliser avec les \u00e9quipes R1 pour la mont\u00e9e en D3<\/em>. <em>\u00bb<\/em><\/p>\n","protected":false},"excerpt":{"rendered":"<p>C&rsquo;est un v\u00e9ritable coup dur pour l&rsquo;AS Monaco Football F\u00e9minin. Le 16 mars dernier, l&rsquo;ASM FF annon\u00e7ait le d\u00e9part du poste d&rsquo;entra\u00eeneur de Laurent Banide, ainsi que de Christophe Almeras, son entra\u00eeneur des gardiens. Un d\u00e9part d&rsquo;un commun accord li\u00e9 en r\u00e9alit\u00e9 au retrait de l&rsquo;actionnaire majoritaire Peak6, comme l&rsquo;a r\u00e9v\u00e9l\u00e9 Nice-Matin, et qui devrait [&#8230;]\n","protected":false},"author":2,"featured_media":0,"comment_status":"open","ping_status":"open","sticky":false,"template":"","format":"standard","meta":[],"categories":[6],"tags":[86,231,135,134],"yoast_head":"<!-- This site is optimized with the Yoast SEO plugin v19.8 - https:\/\/yoast.com\/wordpress\/plugins\/seo\/ -->\n<title>F\u00e9minines : l&#039;actionnaire Peak6 se retire - La Diagonale<\/title>\n<meta name=\"robots\" content=\"index, follow, max-snippet:-1, max-image-preview:large, max-video-preview:-1\" \/>\n<link rel=\"canonical\" href=\"https:\/\/www.ladiagonale.net\/index.php\/2023\/03\/30\/feminines-lactionnaire-peak6-se-retire\/\" \/>\n<meta property=\"og:locale\" content=\"fr_FR\" \/>\n<meta property=\"og:type\" content=\"article\" \/>\n<meta property=\"og:title\" content=\"F\u00e9minines : l&#039;actionnaire Peak6 se retire - La Diagonale\" \/>\n<meta property=\"og:description\" content=\"C&rsquo;est un v\u00e9ritable coup dur pour l&rsquo;AS Monaco Football F\u00e9minin. Le 16 mars dernier, l&rsquo;ASM FF annon\u00e7ait le d\u00e9part du poste d&rsquo;entra\u00eeneur de Laurent Banide, ainsi que de Christophe Almeras, son entra\u00eeneur des gardiens. Un d\u00e9part d&rsquo;un commun accord li\u00e9 en r\u00e9alit\u00e9 au retrait de l&rsquo;actionnaire majoritaire Peak6, comme l&rsquo;a r\u00e9v\u00e9l\u00e9 Nice-Matin, et qui devrait [...]\" \/>\n<meta property=\"og:url\" content=\"https:\/\/www.ladiagonale.net\/index.php\/2023\/03\/30\/feminines-lactionnaire-peak6-se-retire\/\" \/>\n<meta property=\"og:site_name\" content=\"La Diagonale\" \/>\n<meta property=\"article:published_time\" content=\"2023-03-30T05:48:00+00:00\" \/>\n<meta property=\"article:modified_time\" content=\"2023-03-30T01:22:38+00:00\" \/>\n<meta property=\"og:image\" content=\"https:\/\/www.ladiagonale.net\/wp-content\/uploads\/2023\/03\/banide.png\" \/>\n\t<meta property=\"og:image:width\" content=\"1160\" \/>\n\t<meta property=\"og:image:height\" content=\"650\" \/>\n\t<meta property=\"og:image:type\" content=\"image\/png\" \/>\n<meta name=\"author\" content=\"Damien Dellerba\" \/>\n<meta name=\"twitter:card\" content=\"summary_large_image\" \/>\n<meta name=\"twitter:image\" content=\"https:\/\/www.ladiagonale.net\/wp-content\/uploads\/2023\/03\/banide.png\" \/>\n<meta name=\"twitter:label1\" content=\"\u00c9crit par\" \/>\n\t<meta name=\"twitter:data1\" content=\"Damien Dellerba\" \/>\n\t<meta name=\"twitter:label2\" content=\"Dur\u00e9e de lecture estim\u00e9e\" \/>\n\t<meta name=\"twitter:data2\" content=\"2 minutes\" \/>\n<script type=\"application\/ld+json\" class=\"yoast-schema-graph\">{\"@context\":\"https:\/\/schema.org\",\"@graph\":[{\"@type\":\"WebPage\",\"@id\":\"https:\/\/www.ladiagonale.net\/index.php\/2023\/03\/30\/feminines-lactionnaire-peak6-se-retire\/\",\"url\":\"https:\/\/www.ladiagonale.net\/index.php\/2023\/03\/30\/feminines-lactionnaire-peak6-se-retire\/\",\"name\":\"F\u00e9minines : l'actionnaire Peak6 se retire - La Diagonale\",\"isPartOf\":{\"@id\":\"https:\/\/www.ladiagonale.net\/#website\"},\"datePublished\":\"2023-03-30T05:48:00+00:00\",\"dateModified\":\"2023-03-30T01:22:38+00:00\",\"author\":{\"@id\":\"https:\/\/www.ladiagonale.net\/#\/schema\/person\/79ff1e7b0853ed01b2aa26e64ad300bf\"},\"breadcrumb\":{\"@id\":\"https:\/\/www.ladiagonale.net\/index.php\/2023\/03\/30\/feminines-lactionnaire-peak6-se-retire\/#breadcrumb\"},\"inLanguage\":\"fr-FR\",\"potentialAction\":[{\"@type\":\"ReadAction\",\"target\":[\"https:\/\/www.ladiagonale.net\/index.php\/2023\/03\/30\/feminines-lactionnaire-peak6-se-retire\/\"]}]},{\"@type\":\"BreadcrumbList\",\"@id\":\"https:\/\/www.ladiagonale.net\/index.php\/2023\/03\/30\/feminines-lactionnaire-peak6-se-retire\/#breadcrumb\",\"itemListElement\":[{\"@type\":\"ListItem\",\"position\":1,\"name\":\"Accueil\",\"item\":\"https:\/\/www.ladiagonale.net\/\"},{\"@type\":\"ListItem\",\"position\":2,\"name\":\"F\u00e9minines : l&rsquo;actionnaire Peak6 se retire\"}]},{\"@type\":\"WebSite\",\"@id\":\"https:\/\/www.ladiagonale.net\/#website\",\"url\":\"https:\/\/www.ladiagonale.net\/\",\"name\":\"La Diagonale\",\"description\":\"Le site des supporters de l&#039;AS Monaco FC\",\"potentialAction\":[{\"@type\":\"SearchAction\",\"target\":{\"@type\":\"EntryPoint\",\"urlTemplate\":\"https:\/\/www.ladiagonale.net\/?s={search_term_string}\"},\"query-input\":\"required name=search_term_string\"}],\"inLanguage\":\"fr-FR\"},{\"@type\":\"Person\",\"@id\":\"https:\/\/www.ladiagonale.net\/#\/schema\/person\/79ff1e7b0853ed01b2aa26e64ad300bf\",\"name\":\"Damien Dellerba\",\"image\":{\"@type\":\"ImageObject\",\"inLanguage\":\"fr-FR\",\"@id\":\"https:\/\/www.ladiagonale.net\/#\/schema\/person\/image\/\",\"url\":\"https:\/\/secure.gravatar.com\/avatar\/c7850e06d3ff63cdbaee88b7fc16e2f0?s=96&d=mm&r=g\",\"contentUrl\":\"https:\/\/secure.gravatar.com\/avatar\/c7850e06d3ff63cdbaee88b7fc16e2f0?s=96&d=mm&r=g\",\"caption\":\"Damien Dellerba\"},\"url\":\"https:\/\/www.ladiagonale.net\/index.php\/author\/damien\/\"}]}<\/script>\n<!-- \/ Yoast SEO plugin. -->","yoast_head_json":{"title":"F\u00e9minines : l'actionnaire Peak6 se retire - La Diagonale","robots":{"index":"index","follow":"follow","max-snippet":"max-snippet:-1","max-image-preview":"max-image-preview:large","max-video-preview":"max-video-preview:-1"},"canonical":"https:\/\/www.ladiagonale.net\/index.php\/2023\/03\/30\/feminines-lactionnaire-peak6-se-retire\/","og_locale":"fr_FR","og_type":"article","og_title":"F\u00e9minines : l'actionnaire Peak6 se retire - La Diagonale","og_description":"C&rsquo;est un v\u00e9ritable coup dur pour l&rsquo;AS Monaco Football F\u00e9minin. Le 16 mars dernier, l&rsquo;ASM FF annon\u00e7ait le d\u00e9part du poste d&rsquo;entra\u00eeneur de Laurent Banide, ainsi que de Christophe Almeras, son entra\u00eeneur des gardiens. Un d\u00e9part d&rsquo;un commun accord li\u00e9 en r\u00e9alit\u00e9 au retrait de l&rsquo;actionnaire majoritaire Peak6, comme l&rsquo;a r\u00e9v\u00e9l\u00e9 Nice-Matin, et qui devrait [...]","og_url":"https:\/\/www.ladiagonale.net\/index.php\/2023\/03\/30\/feminines-lactionnaire-peak6-se-retire\/","og_site_name":"La Diagonale","article_published_time":"2023-03-30T05:48:00+00:00","article_modified_time":"2023-03-30T01:22:38+00:00","og_image":[{"width":1160,"height":650,"url":"https:\/\/www.ladiagonale.net\/wp-content\/uploads\/2023\/03\/banide.png","type":"image\/png"}],"author":"Damien Dellerba","twitter_card":"summary_large_image","twitter_image":"https:\/\/www.ladiagonale.net\/wp-content\/uploads\/2023\/03\/banide.png","twitter_misc":{"\u00c9crit par":"Damien Dellerba","Dur\u00e9e de lecture estim\u00e9e":"2 minutes"},"schema":{"@context":"https:\/\/schema.org","@graph":[{"@type":"WebPage","@id":"https:\/\/www.ladiagonale.net\/index.php\/2023\/03\/30\/feminines-lactionnaire-peak6-se-retire\/","url":"https:\/\/www.ladiagonale.net\/index.php\/2023\/03\/30\/feminines-lactionnaire-peak6-se-retire\/","name":"F\u00e9minines : l'actionnaire Peak6 se retire - La Diagonale","isPartOf":{"@id":"https:\/\/www.ladiagonale.net\/#website"},"datePublished":"2023-03-30T05:48:00+00:00","dateModified":"2023-03-30T01:22:38+00:00","author":{"@id":"https:\/\/www.ladiagonale.net\/#\/schema\/person\/79ff1e7b0853ed01b2aa26e64ad300bf"},"breadcrumb":{"@id":"https:\/\/www.ladiagonale.net\/index.php\/2023\/03\/30\/feminines-lactionnaire-peak6-se-retire\/#breadcrumb"},"inLanguage":"fr-FR","potentialAction":[{"@type":"ReadAction","target":["https:\/\/www.ladiagonale.net\/index.php\/2023\/03\/30\/feminines-lactionnaire-peak6-se-retire\/"]}]},{"@type":"BreadcrumbList","@id":"https:\/\/www.ladiagonale.net\/index.php\/2023\/03\/30\/feminines-lactionnaire-peak6-se-retire\/#breadcrumb","itemListElement":[{"@type":"ListItem","position":1,"name":"Accueil","item":"https:\/\/www.ladiagonale.net\/"},{"@type":"ListItem","position":2,"name":"F\u00e9minines : l&rsquo;actionnaire Peak6 se retire"}]},{"@type":"WebSite","@id":"https:\/\/www.ladiagonale.net\/#website","url":"https:\/\/www.ladiagonale.net\/","name":"La Diagonale","description":"Le site des supporters de l&#039;AS Monaco FC","potentialAction":[{"@type":"SearchAction","target":{"@type":"EntryPoint","urlTemplate":"https:\/\/www.ladiagonale.net\/?s={search_term_string}"},"query-input":"required name=search_term_string"}],"inLanguage":"fr-FR"},{"@type":"Person","@id":"https:\/\/www.ladiagonale.net\/#\/schema\/person\/79ff1e7b0853ed01b2aa26e64ad300bf","name":"Damien Dellerba","image":{"@type":"ImageObject","inLanguage":"fr-FR","@id":"https:\/\/www.ladiagonale.net\/#\/schema\/person\/image\/","url":"https:\/\/secure.gravatar.com\/avatar\/c7850e06d3ff63cdbaee88b7fc16e2f0?s=96&d=mm&r=g","contentUrl":"https:\/\/secure.gravatar.com\/avatar\/c7850e06d3ff63cdbaee88b7fc16e2f0?s=96&d=mm&r=g","caption":"Damien Dellerba"},"url":"https:\/\/www.ladiagonale.net\/index.php\/author\/damien\/"}]}},"_links":{"self":[{"href":"https:\/\/www.ladiagonale.net\/index.php\/wp-json\/wp\/v2\/posts\/11117"}],"collection":[{"href":"https:\/\/www.ladiagonale.net\/index.php\/wp-json\/wp\/v2\/posts"}],"about":[{"href":"https:\/\/www.ladiagonale.net\/index.php\/wp-json\/wp\/v2\/types\/post"}],"author":[{"embeddable":true,"href":"https:\/\/www.ladiagonale.net\/index.php\/wp-json\/wp\/v2\/users\/2"}],"replies":[{"embeddable":true,"href":"https:\/\/www.ladiagonale.net\/index.php\/wp-json\/wp\/v2\/comments?post=11117"}],"version-history":[{"count":1,"href":"https:\/\/www.ladiagonale.net\/index.php\/wp-json\/wp\/v2\/posts\/11117\/revisions"}],"predecessor-version":[{"id":11118,"href":"https:\/\/www.ladiagonale.net\/index.php\/wp-json\/wp\/v2\/posts\/11117\/revisions\/11118"}],"wp:attachment":[{"href":"https:\/\/www.ladiagonale.net\/index.php\/wp-json\/wp\/v2\/media?parent=11117"}],"wp:term":[{"taxonomy":"category","embeddable":true,"href":"https:\/\/www.ladiagonale.net\/index.php\/wp-json\/wp\/v2\/categories?post=11117"},{"taxonomy":"post_tag","embeddable":true,"href":"https:\/\/www.ladiagonale.net\/index.php\/wp-json\/wp\/v2\/tags?post=11117"}],"curies":[{"name":"wp","href":"https:\/\/api.w.org\/{rel}","templated":true}]}}