{"id":11136,"date":"2023-03-30T15:11:26","date_gmt":"2023-03-30T13:11:26","guid":{"rendered":"https:\/\/www.ladiagonale.net\/?p=11136"},"modified":"2023-03-30T15:59:25","modified_gmt":"2023-03-30T13:59:25","slug":"fofana-et-disasi-devraient-partir-cet-ete","status":"publish","type":"post","link":"https:\/\/www.ladiagonale.net\/index.php\/2023\/03\/30\/fofana-et-disasi-devraient-partir-cet-ete\/","title":{"rendered":"Fofana et Disasi devraient partir cet \u00e9t\u00e9"},"content":{"rendered":"\n\n\n<p>M\u00eame si l&rsquo;on pouvait se douter que l&rsquo;avenir d&rsquo;Axel Disasi et de Youssouf Fofana ne semblait pas devoir s&rsquo;inscrire en Principaut\u00e9, les <a href=\"https:\/\/www.lequipe.fr\/Football\/Article\/Les-salaires-2023-de-la-ligue-1-monaco-la-voie-de-la-raison\/1388607\">r\u00e9v\u00e9lations et les explications<\/a> donn\u00e9es par <em>L&rsquo;\u00c9quipe<\/em> sur les salaires des Mon\u00e9gasques abondent dans le sens d&rsquo;un d\u00e9part au prochain mercato. D&rsquo;apr\u00e8s le quotidien sportif, Axel Disasi et Youssouf Fofana disposent tous deux d&rsquo;un contrat jusqu&rsquo;en juin 2025 qui comprend une r\u00e9mun\u00e9ration \u00e9volutive.<\/p>\n\n\n\n<p>Ceux-ci auraient atteint leur plafond, \u00e0 220.000 euros mensuels brut, et la seule revalorisation salariale possible consisterait d\u00e9sormais \u00e0 prolonger le contrat, ce qui ne semble pas \u00e0 l&rsquo;ordre du jour. Les deux joueurs aspireraient \u00e0 un d\u00e9part et les dirigeants as\u00e9mistes estimeraient que cela doit se faire lors de la prochaine fen\u00eatre de transferts, notamment pour mettre les comptes du club \u00e0 l&rsquo;\u00e9quilibre, tout en profitant de l&rsquo;exposition de la derni\u00e8re Coupe du monde.<\/p>\n","protected":false},"excerpt":{"rendered":"<p>M\u00eame si l&rsquo;on pouvait se douter que l&rsquo;avenir d&rsquo;Axel Disasi et de Youssouf Fofana ne semblait pas devoir s&rsquo;inscrire en Principaut\u00e9, les r\u00e9v\u00e9lations et les explications donn\u00e9es par L&rsquo;\u00c9quipe sur les salaires des Mon\u00e9gasques abondent dans le sens d&rsquo;un d\u00e9part au prochain mercato. D&rsquo;apr\u00e8s le quotidien sportif, Axel Disasi et Youssouf Fofana disposent tous deux [&#8230;]\n","protected":false},"author":2,"featured_media":0,"comment_status":"open","ping_status":"open","sticky":false,"template":"","format":"standard","meta":[],"categories":[6],"tags":[86,178,111,110,176],"yoast_head":"<!-- This site is optimized with the Yoast SEO plugin v19.8 - https:\/\/yoast.com\/wordpress\/plugins\/seo\/ -->\n<title>Fofana et Disasi devraient partir cet \u00e9t\u00e9 - La Diagonale<\/title>\n<meta name=\"robots\" content=\"index, follow, max-snippet:-1, max-image-preview:large, max-video-preview:-1\" \/>\n<link rel=\"canonical\" href=\"https:\/\/www.ladiagonale.net\/index.php\/2023\/03\/30\/fofana-et-disasi-devraient-partir-cet-ete\/\" \/>\n<meta property=\"og:locale\" content=\"fr_FR\" \/>\n<meta property=\"og:type\" content=\"article\" \/>\n<meta property=\"og:title\" content=\"Fofana et Disasi devraient partir cet \u00e9t\u00e9 - La Diagonale\" \/>\n<meta property=\"og:description\" content=\"M\u00eame si l&rsquo;on pouvait se douter que l&rsquo;avenir d&rsquo;Axel Disasi et de Youssouf Fofana ne semblait pas devoir s&rsquo;inscrire en Principaut\u00e9, les r\u00e9v\u00e9lations et les explications donn\u00e9es par L&rsquo;\u00c9quipe sur les salaires des Mon\u00e9gasques abondent dans le sens d&rsquo;un d\u00e9part au prochain mercato. D&rsquo;apr\u00e8s le quotidien sportif, Axel Disasi et Youssouf Fofana disposent tous deux [...]\" \/>\n<meta property=\"og:url\" content=\"https:\/\/www.ladiagonale.net\/index.php\/2023\/03\/30\/fofana-et-disasi-devraient-partir-cet-ete\/\" \/>\n<meta property=\"og:site_name\" content=\"La Diagonale\" \/>\n<meta property=\"article:published_time\" content=\"2023-03-30T13:11:26+00:00\" \/>\n<meta property=\"article:modified_time\" content=\"2023-03-30T13:59:25+00:00\" \/>\n<meta property=\"og:image\" content=\"https:\/\/www.ladiagonale.net\/wp-content\/uploads\/2023\/03\/fofana-disasi.png\" \/>\n\t<meta property=\"og:image:width\" content=\"1160\" \/>\n\t<meta property=\"og:image:height\" content=\"650\" \/>\n\t<meta property=\"og:image:type\" content=\"image\/png\" \/>\n<meta name=\"author\" content=\"Damien Dellerba\" \/>\n<meta name=\"twitter:card\" content=\"summary_large_image\" \/>\n<meta name=\"twitter:image\" content=\"https:\/\/www.ladiagonale.net\/wp-content\/uploads\/2023\/03\/fofana-disasi.png\" \/>\n<meta name=\"twitter:label1\" content=\"\u00c9crit par\" \/>\n\t<meta name=\"twitter:data1\" content=\"Damien Dellerba\" \/>\n\t<meta name=\"twitter:label2\" content=\"Dur\u00e9e de lecture estim\u00e9e\" \/>\n\t<meta name=\"twitter:data2\" content=\"1 minute\" \/>\n<script type=\"application\/ld+json\" class=\"yoast-schema-graph\">{\"@context\":\"https:\/\/schema.org\",\"@graph\":[{\"@type\":\"WebPage\",\"@id\":\"https:\/\/www.ladiagonale.net\/index.php\/2023\/03\/30\/fofana-et-disasi-devraient-partir-cet-ete\/\",\"url\":\"https:\/\/www.ladiagonale.net\/index.php\/2023\/03\/30\/fofana-et-disasi-devraient-partir-cet-ete\/\",\"name\":\"Fofana et Disasi devraient partir cet \u00e9t\u00e9 - La Diagonale\",\"isPartOf\":{\"@id\":\"https:\/\/www.ladiagonale.net\/#website\"},\"datePublished\":\"2023-03-30T13:11:26+00:00\",\"dateModified\":\"2023-03-30T13:59:25+00:00\",\"author\":{\"@id\":\"https:\/\/www.ladiagonale.net\/#\/schema\/person\/79ff1e7b0853ed01b2aa26e64ad300bf\"},\"breadcrumb\":{\"@id\":\"https:\/\/www.ladiagonale.net\/index.php\/2023\/03\/30\/fofana-et-disasi-devraient-partir-cet-ete\/#breadcrumb\"},\"inLanguage\":\"fr-FR\",\"potentialAction\":[{\"@type\":\"ReadAction\",\"target\":[\"https:\/\/www.ladiagonale.net\/index.php\/2023\/03\/30\/fofana-et-disasi-devraient-partir-cet-ete\/\"]}]},{\"@type\":\"BreadcrumbList\",\"@id\":\"https:\/\/www.ladiagonale.net\/index.php\/2023\/03\/30\/fofana-et-disasi-devraient-partir-cet-ete\/#breadcrumb\",\"itemListElement\":[{\"@type\":\"ListItem\",\"position\":1,\"name\":\"Accueil\",\"item\":\"https:\/\/www.ladiagonale.net\/\"},{\"@type\":\"ListItem\",\"position\":2,\"name\":\"Fofana et Disasi devraient partir cet \u00e9t\u00e9\"}]},{\"@type\":\"WebSite\",\"@id\":\"https:\/\/www.ladiagonale.net\/#website\",\"url\":\"https:\/\/www.ladiagonale.net\/\",\"name\":\"La Diagonale\",\"description\":\"Le site des supporters de l&#039;AS Monaco FC\",\"potentialAction\":[{\"@type\":\"SearchAction\",\"target\":{\"@type\":\"EntryPoint\",\"urlTemplate\":\"https:\/\/www.ladiagonale.net\/?s={search_term_string}\"},\"query-input\":\"required name=search_term_string\"}],\"inLanguage\":\"fr-FR\"},{\"@type\":\"Person\",\"@id\":\"https:\/\/www.ladiagonale.net\/#\/schema\/person\/79ff1e7b0853ed01b2aa26e64ad300bf\",\"name\":\"Damien Dellerba\",\"image\":{\"@type\":\"ImageObject\",\"inLanguage\":\"fr-FR\",\"@id\":\"https:\/\/www.ladiagonale.net\/#\/schema\/person\/image\/\",\"url\":\"https:\/\/secure.gravatar.com\/avatar\/c7850e06d3ff63cdbaee88b7fc16e2f0?s=96&d=mm&r=g\",\"contentUrl\":\"https:\/\/secure.gravatar.com\/avatar\/c7850e06d3ff63cdbaee88b7fc16e2f0?s=96&d=mm&r=g\",\"caption\":\"Damien Dellerba\"},\"url\":\"https:\/\/www.ladiagonale.net\/index.php\/author\/damien\/\"}]}<\/script>\n<!-- \/ Yoast SEO plugin. -->","yoast_head_json":{"title":"Fofana et Disasi devraient partir cet \u00e9t\u00e9 - La Diagonale","robots":{"index":"index","follow":"follow","max-snippet":"max-snippet:-1","max-image-preview":"max-image-preview:large","max-video-preview":"max-video-preview:-1"},"canonical":"https:\/\/www.ladiagonale.net\/index.php\/2023\/03\/30\/fofana-et-disasi-devraient-partir-cet-ete\/","og_locale":"fr_FR","og_type":"article","og_title":"Fofana et Disasi devraient partir cet \u00e9t\u00e9 - La Diagonale","og_description":"M\u00eame si l&rsquo;on pouvait se douter que l&rsquo;avenir d&rsquo;Axel Disasi et de Youssouf Fofana ne semblait pas devoir s&rsquo;inscrire en Principaut\u00e9, les r\u00e9v\u00e9lations et les explications donn\u00e9es par L&rsquo;\u00c9quipe sur les salaires des Mon\u00e9gasques abondent dans le sens d&rsquo;un d\u00e9part au prochain mercato. D&rsquo;apr\u00e8s le quotidien sportif, Axel Disasi et Youssouf Fofana disposent tous deux [...]","og_url":"https:\/\/www.ladiagonale.net\/index.php\/2023\/03\/30\/fofana-et-disasi-devraient-partir-cet-ete\/","og_site_name":"La Diagonale","article_published_time":"2023-03-30T13:11:26+00:00","article_modified_time":"2023-03-30T13:59:25+00:00","og_image":[{"width":1160,"height":650,"url":"https:\/\/www.ladiagonale.net\/wp-content\/uploads\/2023\/03\/fofana-disasi.png","type":"image\/png"}],"author":"Damien Dellerba","twitter_card":"summary_large_image","twitter_image":"https:\/\/www.ladiagonale.net\/wp-content\/uploads\/2023\/03\/fofana-disasi.png","twitter_misc":{"\u00c9crit par":"Damien Dellerba","Dur\u00e9e de lecture estim\u00e9e":"1 minute"},"schema":{"@context":"https:\/\/schema.org","@graph":[{"@type":"WebPage","@id":"https:\/\/www.ladiagonale.net\/index.php\/2023\/03\/30\/fofana-et-disasi-devraient-partir-cet-ete\/","url":"https:\/\/www.ladiagonale.net\/index.php\/2023\/03\/30\/fofana-et-disasi-devraient-partir-cet-ete\/","name":"Fofana et Disasi devraient partir cet \u00e9t\u00e9 - La Diagonale","isPartOf":{"@id":"https:\/\/www.ladiagonale.net\/#website"},"datePublished":"2023-03-30T13:11:26+00:00","dateModified":"2023-03-30T13:59:25+00:00","author":{"@id":"https:\/\/www.ladiagonale.net\/#\/schema\/person\/79ff1e7b0853ed01b2aa26e64ad300bf"},"breadcrumb":{"@id":"https:\/\/www.ladiagonale.net\/index.php\/2023\/03\/30\/fofana-et-disasi-devraient-partir-cet-ete\/#breadcrumb"},"inLanguage":"fr-FR","potentialAction":[{"@type":"ReadAction","target":["https:\/\/www.ladiagonale.net\/index.php\/2023\/03\/30\/fofana-et-disasi-devraient-partir-cet-ete\/"]}]},{"@type":"BreadcrumbList","@id":"https:\/\/www.ladiagonale.net\/index.php\/2023\/03\/30\/fofana-et-disasi-devraient-partir-cet-ete\/#breadcrumb","itemListElement":[{"@type":"ListItem","position":1,"name":"Accueil","item":"https:\/\/www.ladiagonale.net\/"},{"@type":"ListItem","position":2,"name":"Fofana et Disasi devraient partir cet \u00e9t\u00e9"}]},{"@type":"WebSite","@id":"https:\/\/www.ladiagonale.net\/#website","url":"https:\/\/www.ladiagonale.net\/","name":"La Diagonale","description":"Le site des supporters de l&#039;AS Monaco FC","potentialAction":[{"@type":"SearchAction","target":{"@type":"EntryPoint","urlTemplate":"https:\/\/www.ladiagonale.net\/?s={search_term_string}"},"query-input":"required name=search_term_string"}],"inLanguage":"fr-FR"},{"@type":"Person","@id":"https:\/\/www.ladiagonale.net\/#\/schema\/person\/79ff1e7b0853ed01b2aa26e64ad300bf","name":"Damien Dellerba","image":{"@type":"ImageObject","inLanguage":"fr-FR","@id":"https:\/\/www.ladiagonale.net\/#\/schema\/person\/image\/","url":"https:\/\/secure.gravatar.com\/avatar\/c7850e06d3ff63cdbaee88b7fc16e2f0?s=96&d=mm&r=g","contentUrl":"https:\/\/secure.gravatar.com\/avatar\/c7850e06d3ff63cdbaee88b7fc16e2f0?s=96&d=mm&r=g","caption":"Damien Dellerba"},"url":"https:\/\/www.ladiagonale.net\/index.php\/author\/damien\/"}]}},"_links":{"self":[{"href":"https:\/\/www.ladiagonale.net\/index.php\/wp-json\/wp\/v2\/posts\/11136"}],"collection":[{"href":"https:\/\/www.ladiagonale.net\/index.php\/wp-json\/wp\/v2\/posts"}],"about":[{"href":"https:\/\/www.ladiagonale.net\/index.php\/wp-json\/wp\/v2\/types\/post"}],"author":[{"embeddable":true,"href":"https:\/\/www.ladiagonale.net\/index.php\/wp-json\/wp\/v2\/users\/2"}],"replies":[{"embeddable":true,"href":"https:\/\/www.ladiagonale.net\/index.php\/wp-json\/wp\/v2\/comments?post=11136"}],"version-history":[{"count":2,"href":"https:\/\/www.ladiagonale.net\/index.php\/wp-json\/wp\/v2\/posts\/11136\/revisions"}],"predecessor-version":[{"id":11140,"href":"https:\/\/www.ladiagonale.net\/index.php\/wp-json\/wp\/v2\/posts\/11136\/revisions\/11140"}],"wp:attachment":[{"href":"https:\/\/www.ladiagonale.net\/index.php\/wp-json\/wp\/v2\/media?parent=11136"}],"wp:term":[{"taxonomy":"category","embeddable":true,"href":"https:\/\/www.ladiagonale.net\/index.php\/wp-json\/wp\/v2\/categories?post=11136"},{"taxonomy":"post_tag","embeddable":true,"href":"https:\/\/www.ladiagonale.net\/index.php\/wp-json\/wp\/v2\/tags?post=11136"}],"curies":[{"name":"wp","href":"https:\/\/api.w.org\/{rel}","templated":true}]}}