{"id":11141,"date":"2023-03-31T07:48:00","date_gmt":"2023-03-31T05:48:00","guid":{"rendered":"https:\/\/www.ladiagonale.net\/?p=11141"},"modified":"2023-08-19T12:02:28","modified_gmt":"2023-08-19T10:02:28","slug":"11141","status":"publish","type":"post","link":"https:\/\/www.ladiagonale.net\/index.php\/2023\/03\/31\/11141\/","title":{"rendered":"Monaco doit reprendre le contr\u00f4le \u00e0 domicile contre Strasbourg"},"content":{"rendered":"\n\n\n<p>Dimanche (17h05), l&rsquo;AS Monaco recevra le Racing Club de Strasbourg pour la 47<sup>e<\/sup> fois de son histoire en premi\u00e8re division. Le bilan est largement \u00e0 l&rsquo;avantage de l&rsquo;ASM, avec 33 succ\u00e8s, six nuls et seulement sept d\u00e9faites. Les Rouge et Blanc ont m\u00eame r\u00e9alis\u00e9 une s\u00e9rie de victoires impressionnante entre 1979 et 2004, puisqu&rsquo;ils ont pris les trois points pendant 20 matchs d&rsquo;affil\u00e9e. <\/p>\n\n\n\n<p>Il est rare que Strasbourg s&rsquo;impose deux fois de suite en Principaut\u00e9 et ce n&rsquo;est arriv\u00e9 qu&rsquo;une fois, lors des saisons 2018-2019 et 2019-2020. En janvier 2019, Monaco avait m\u00eame re\u00e7u une v\u00e9ritable claque contre la formation alsacienne (1-5), ce qui avait pr\u00e9cipit\u00e9 la chute de Thierry Henry seulement quelques mois apr\u00e8s son arriv\u00e9e, pour sa premi\u00e8re exp\u00e9rience en tant qu&rsquo;entra\u00eeneur. Les cinq derni\u00e8res confrontations sont d&rsquo;ailleurs beaucoup plus disput\u00e9es qu&rsquo;auparavant.<\/p>\n\n\n\n<figure class=\"wp-block-embed aligncenter is-type-video is-provider-youtube wp-block-embed-youtube wp-embed-aspect-16-9 wp-has-aspect-ratio\"><div class=\"wp-block-embed__wrapper\">\n<iframe loading=\"lazy\" title=\"AS MONACO 1-1 RC STRASBOURG - LIGUE 1 - 15EME JOURN\u00c9E\" width=\"1020\" height=\"574\" src=\"https:\/\/www.youtube.com\/embed\/qHTkexDdjZQ?feature=oembed\" frameborder=\"0\" allow=\"accelerometer; autoplay; clipboard-write; encrypted-media; gyroscope; picture-in-picture; web-share\" allowfullscreen><\/iframe>\n<\/div><\/figure>\n\n\n\n<p>L&rsquo;an dernier, Monaco et Strasbourg s&rsquo;\u00e9taient quitt\u00e9s dos \u00e0 dos (1-1) apr\u00e8s un match sans grand int\u00e9r\u00eat. \u00ab&nbsp;<em>On ne m\u00e9ritait pas la victoire. On n\u2019avait pas cet \u00e9tat d\u2019esprit de vouloir gagner jusqu\u2019aux derni\u00e8res minutes<\/em>&nbsp;\u00bb, avait pest\u00e9 Niko Kovac. Ben Yedder avait trouv\u00e9 le poteau au d\u00e9but de la partie mais les occasions avaient \u00e9t\u00e9 rares. Le capitaine mon\u00e9gasque avait marqu\u00e9 sur p\u00e9nalty juste avant la pause. Un avantage qui n&rsquo;a dur\u00e9 que le temps de la mi-temps, puisqu&rsquo;Ajorque lui avait r\u00e9pondu, lui aussi sur p\u00e9nalty, d\u00e8s la reprise.<\/p>\n\n\n\n<h4 class=\"has-vivid-red-color has-text-color\" style=\"font-style:normal;font-weight:400;text-transform:uppercase\">Les cinq derni\u00e8res confrontations en Ligue au stade Louis-II<\/h4>\n\n\n\n<figure class=\"wp-block-table is-style-stripes\"><table><tbody><tr><td class=\"has-text-align-center\" data-align=\"center\">Saison 2021-2022<\/td><td class=\"has-text-align-center\" data-align=\"center\">15<sup>e<\/sup> journ\u00e9e<\/td><td class=\"has-text-align-right\" data-align=\"right\">Monaco<\/td><td class=\"has-text-align-center\" data-align=\"center\">1-1<\/td><td>Strasbourg<\/td><td class=\"has-text-align-center\" data-align=\"center\">\ud83d\udfe1<\/td><\/tr><tr><td class=\"has-text-align-center\" data-align=\"center\">Saison 2020-2021<\/td><td class=\"has-text-align-center\" data-align=\"center\">5<sup>e<\/sup> journ\u00e9e<\/td><td class=\"has-text-align-right\" data-align=\"right\"><strong>Monaco<\/strong><\/td><td class=\"has-text-align-center\" data-align=\"center\">3-2<\/td><td>Strasbourg<\/td><td class=\"has-text-align-center\" data-align=\"center\">\ud83d\udfe2<\/td><\/tr><tr><td class=\"has-text-align-center\" data-align=\"center\">Saison 2019-2020<\/td><td class=\"has-text-align-center\" data-align=\"center\">21<sup>e<\/sup> journ\u00e9e<\/td><td class=\"has-text-align-right\" data-align=\"right\">Monaco<\/td><td class=\"has-text-align-center\" data-align=\"center\">1-3<\/td><td><strong>Strasbourg<\/strong><\/td><td class=\"has-text-align-center\" data-align=\"center\">\ud83d\udd34<\/td><\/tr><tr><td class=\"has-text-align-center\" data-align=\"center\">Saison 2018-2019<\/td><td class=\"has-text-align-center\" data-align=\"center\">21<sup>e<\/sup> journ\u00e9e<\/td><td class=\"has-text-align-right\" data-align=\"right\">Monaco<\/td><td class=\"has-text-align-center\" data-align=\"center\">1-5<\/td><td><strong>Strasbourg<\/strong><\/td><td class=\"has-text-align-center\" data-align=\"center\">\ud83d\udd34<\/td><\/tr><tr><td class=\"has-text-align-center\" data-align=\"center\">Saison 2017-2018<\/td><td class=\"has-text-align-center\" data-align=\"center\">6<sup>e<\/sup> journ\u00e9e<\/td><td class=\"has-text-align-right\" data-align=\"right\"><strong>Monaco<\/strong><\/td><td class=\"has-text-align-center\" data-align=\"center\">3-0<\/td><td>Strasbourg<\/td><td class=\"has-text-align-center\" data-align=\"center\">\ud83d\udfe2<\/td><\/tr><\/tbody><\/table><\/figure>\n","protected":false},"excerpt":{"rendered":"<p>Dimanche (17h05), l&rsquo;AS Monaco recevra le Racing Club de Strasbourg pour la 47e fois de son histoire en premi\u00e8re division. Le bilan est largement \u00e0 l&rsquo;avantage de l&rsquo;ASM, avec 33 succ\u00e8s, six nuls et seulement sept d\u00e9faites. Les Rouge et Blanc ont m\u00eame r\u00e9alis\u00e9 une s\u00e9rie de victoires impressionnante entre 1979 et 2004, puisqu&rsquo;ils ont [&#8230;]\n","protected":false},"author":2,"featured_media":0,"comment_status":"open","ping_status":"open","sticky":false,"template":"","format":"standard","meta":[],"categories":[6],"tags":[86,261,94,432],"yoast_head":"<!-- This site is optimized with the Yoast SEO plugin v19.8 - https:\/\/yoast.com\/wordpress\/plugins\/seo\/ -->\n<title>Monaco doit reprendre le contr\u00f4le \u00e0 domicile contre Strasbourg - La Diagonale<\/title>\n<meta name=\"robots\" content=\"index, follow, max-snippet:-1, max-image-preview:large, max-video-preview:-1\" \/>\n<link rel=\"canonical\" href=\"https:\/\/www.ladiagonale.net\/index.php\/2023\/03\/31\/11141\/\" \/>\n<meta property=\"og:locale\" content=\"fr_FR\" \/>\n<meta property=\"og:type\" content=\"article\" \/>\n<meta property=\"og:title\" content=\"Monaco doit reprendre le contr\u00f4le \u00e0 domicile contre Strasbourg - La Diagonale\" \/>\n<meta property=\"og:description\" content=\"Dimanche (17h05), l&rsquo;AS Monaco recevra le Racing Club de Strasbourg pour la 47e fois de son histoire en premi\u00e8re division. Le bilan est largement \u00e0 l&rsquo;avantage de l&rsquo;ASM, avec 33 succ\u00e8s, six nuls et seulement sept d\u00e9faites. Les Rouge et Blanc ont m\u00eame r\u00e9alis\u00e9 une s\u00e9rie de victoires impressionnante entre 1979 et 2004, puisqu&rsquo;ils ont [...]\" \/>\n<meta property=\"og:url\" content=\"https:\/\/www.ladiagonale.net\/index.php\/2023\/03\/31\/11141\/\" \/>\n<meta property=\"og:site_name\" content=\"La Diagonale\" \/>\n<meta property=\"article:published_time\" content=\"2023-03-31T05:48:00+00:00\" \/>\n<meta property=\"article:modified_time\" content=\"2023-08-19T10:02:28+00:00\" \/>\n<meta property=\"og:image\" content=\"https:\/\/www.ladiagonale.net\/wp-content\/uploads\/2023\/03\/asmrcsa.png\" \/>\n\t<meta property=\"og:image:width\" content=\"1160\" \/>\n\t<meta property=\"og:image:height\" content=\"650\" \/>\n\t<meta property=\"og:image:type\" content=\"image\/png\" \/>\n<meta name=\"author\" content=\"Damien Dellerba\" \/>\n<meta name=\"twitter:card\" content=\"summary_large_image\" \/>\n<meta name=\"twitter:image\" content=\"https:\/\/www.ladiagonale.net\/wp-content\/uploads\/2023\/03\/asmrcsa.png\" \/>\n<meta name=\"twitter:label1\" content=\"\u00c9crit par\" \/>\n\t<meta name=\"twitter:data1\" content=\"Damien Dellerba\" \/>\n\t<meta name=\"twitter:label2\" content=\"Dur\u00e9e de lecture estim\u00e9e\" \/>\n\t<meta name=\"twitter:data2\" content=\"2 minutes\" \/>\n<script type=\"application\/ld+json\" class=\"yoast-schema-graph\">{\"@context\":\"https:\/\/schema.org\",\"@graph\":[{\"@type\":\"WebPage\",\"@id\":\"https:\/\/www.ladiagonale.net\/index.php\/2023\/03\/31\/11141\/\",\"url\":\"https:\/\/www.ladiagonale.net\/index.php\/2023\/03\/31\/11141\/\",\"name\":\"Monaco doit reprendre le contr\u00f4le \u00e0 domicile contre Strasbourg - La Diagonale\",\"isPartOf\":{\"@id\":\"https:\/\/www.ladiagonale.net\/#website\"},\"datePublished\":\"2023-03-31T05:48:00+00:00\",\"dateModified\":\"2023-08-19T10:02:28+00:00\",\"author\":{\"@id\":\"https:\/\/www.ladiagonale.net\/#\/schema\/person\/79ff1e7b0853ed01b2aa26e64ad300bf\"},\"breadcrumb\":{\"@id\":\"https:\/\/www.ladiagonale.net\/index.php\/2023\/03\/31\/11141\/#breadcrumb\"},\"inLanguage\":\"fr-FR\",\"potentialAction\":[{\"@type\":\"ReadAction\",\"target\":[\"https:\/\/www.ladiagonale.net\/index.php\/2023\/03\/31\/11141\/\"]}]},{\"@type\":\"BreadcrumbList\",\"@id\":\"https:\/\/www.ladiagonale.net\/index.php\/2023\/03\/31\/11141\/#breadcrumb\",\"itemListElement\":[{\"@type\":\"ListItem\",\"position\":1,\"name\":\"Accueil\",\"item\":\"https:\/\/www.ladiagonale.net\/\"},{\"@type\":\"ListItem\",\"position\":2,\"name\":\"Monaco doit reprendre le contr\u00f4le \u00e0 domicile contre Strasbourg\"}]},{\"@type\":\"WebSite\",\"@id\":\"https:\/\/www.ladiagonale.net\/#website\",\"url\":\"https:\/\/www.ladiagonale.net\/\",\"name\":\"La Diagonale\",\"description\":\"Le site des supporters de l&#039;AS Monaco FC\",\"potentialAction\":[{\"@type\":\"SearchAction\",\"target\":{\"@type\":\"EntryPoint\",\"urlTemplate\":\"https:\/\/www.ladiagonale.net\/?s={search_term_string}\"},\"query-input\":\"required name=search_term_string\"}],\"inLanguage\":\"fr-FR\"},{\"@type\":\"Person\",\"@id\":\"https:\/\/www.ladiagonale.net\/#\/schema\/person\/79ff1e7b0853ed01b2aa26e64ad300bf\",\"name\":\"Damien Dellerba\",\"image\":{\"@type\":\"ImageObject\",\"inLanguage\":\"fr-FR\",\"@id\":\"https:\/\/www.ladiagonale.net\/#\/schema\/person\/image\/\",\"url\":\"https:\/\/secure.gravatar.com\/avatar\/c7850e06d3ff63cdbaee88b7fc16e2f0?s=96&d=mm&r=g\",\"contentUrl\":\"https:\/\/secure.gravatar.com\/avatar\/c7850e06d3ff63cdbaee88b7fc16e2f0?s=96&d=mm&r=g\",\"caption\":\"Damien Dellerba\"},\"url\":\"https:\/\/www.ladiagonale.net\/index.php\/author\/damien\/\"}]}<\/script>\n<!-- \/ Yoast SEO plugin. -->","yoast_head_json":{"title":"Monaco doit reprendre le contr\u00f4le \u00e0 domicile contre Strasbourg - La Diagonale","robots":{"index":"index","follow":"follow","max-snippet":"max-snippet:-1","max-image-preview":"max-image-preview:large","max-video-preview":"max-video-preview:-1"},"canonical":"https:\/\/www.ladiagonale.net\/index.php\/2023\/03\/31\/11141\/","og_locale":"fr_FR","og_type":"article","og_title":"Monaco doit reprendre le contr\u00f4le \u00e0 domicile contre Strasbourg - La Diagonale","og_description":"Dimanche (17h05), l&rsquo;AS Monaco recevra le Racing Club de Strasbourg pour la 47e fois de son histoire en premi\u00e8re division. Le bilan est largement \u00e0 l&rsquo;avantage de l&rsquo;ASM, avec 33 succ\u00e8s, six nuls et seulement sept d\u00e9faites. Les Rouge et Blanc ont m\u00eame r\u00e9alis\u00e9 une s\u00e9rie de victoires impressionnante entre 1979 et 2004, puisqu&rsquo;ils ont [...]","og_url":"https:\/\/www.ladiagonale.net\/index.php\/2023\/03\/31\/11141\/","og_site_name":"La Diagonale","article_published_time":"2023-03-31T05:48:00+00:00","article_modified_time":"2023-08-19T10:02:28+00:00","og_image":[{"width":1160,"height":650,"url":"https:\/\/www.ladiagonale.net\/wp-content\/uploads\/2023\/03\/asmrcsa.png","type":"image\/png"}],"author":"Damien Dellerba","twitter_card":"summary_large_image","twitter_image":"https:\/\/www.ladiagonale.net\/wp-content\/uploads\/2023\/03\/asmrcsa.png","twitter_misc":{"\u00c9crit par":"Damien Dellerba","Dur\u00e9e de lecture estim\u00e9e":"2 minutes"},"schema":{"@context":"https:\/\/schema.org","@graph":[{"@type":"WebPage","@id":"https:\/\/www.ladiagonale.net\/index.php\/2023\/03\/31\/11141\/","url":"https:\/\/www.ladiagonale.net\/index.php\/2023\/03\/31\/11141\/","name":"Monaco doit reprendre le contr\u00f4le \u00e0 domicile contre Strasbourg - La Diagonale","isPartOf":{"@id":"https:\/\/www.ladiagonale.net\/#website"},"datePublished":"2023-03-31T05:48:00+00:00","dateModified":"2023-08-19T10:02:28+00:00","author":{"@id":"https:\/\/www.ladiagonale.net\/#\/schema\/person\/79ff1e7b0853ed01b2aa26e64ad300bf"},"breadcrumb":{"@id":"https:\/\/www.ladiagonale.net\/index.php\/2023\/03\/31\/11141\/#breadcrumb"},"inLanguage":"fr-FR","potentialAction":[{"@type":"ReadAction","target":["https:\/\/www.ladiagonale.net\/index.php\/2023\/03\/31\/11141\/"]}]},{"@type":"BreadcrumbList","@id":"https:\/\/www.ladiagonale.net\/index.php\/2023\/03\/31\/11141\/#breadcrumb","itemListElement":[{"@type":"ListItem","position":1,"name":"Accueil","item":"https:\/\/www.ladiagonale.net\/"},{"@type":"ListItem","position":2,"name":"Monaco doit reprendre le contr\u00f4le \u00e0 domicile contre Strasbourg"}]},{"@type":"WebSite","@id":"https:\/\/www.ladiagonale.net\/#website","url":"https:\/\/www.ladiagonale.net\/","name":"La Diagonale","description":"Le site des supporters de l&#039;AS Monaco FC","potentialAction":[{"@type":"SearchAction","target":{"@type":"EntryPoint","urlTemplate":"https:\/\/www.ladiagonale.net\/?s={search_term_string}"},"query-input":"required name=search_term_string"}],"inLanguage":"fr-FR"},{"@type":"Person","@id":"https:\/\/www.ladiagonale.net\/#\/schema\/person\/79ff1e7b0853ed01b2aa26e64ad300bf","name":"Damien Dellerba","image":{"@type":"ImageObject","inLanguage":"fr-FR","@id":"https:\/\/www.ladiagonale.net\/#\/schema\/person\/image\/","url":"https:\/\/secure.gravatar.com\/avatar\/c7850e06d3ff63cdbaee88b7fc16e2f0?s=96&d=mm&r=g","contentUrl":"https:\/\/secure.gravatar.com\/avatar\/c7850e06d3ff63cdbaee88b7fc16e2f0?s=96&d=mm&r=g","caption":"Damien Dellerba"},"url":"https:\/\/www.ladiagonale.net\/index.php\/author\/damien\/"}]}},"_links":{"self":[{"href":"https:\/\/www.ladiagonale.net\/index.php\/wp-json\/wp\/v2\/posts\/11141"}],"collection":[{"href":"https:\/\/www.ladiagonale.net\/index.php\/wp-json\/wp\/v2\/posts"}],"about":[{"href":"https:\/\/www.ladiagonale.net\/index.php\/wp-json\/wp\/v2\/types\/post"}],"author":[{"embeddable":true,"href":"https:\/\/www.ladiagonale.net\/index.php\/wp-json\/wp\/v2\/users\/2"}],"replies":[{"embeddable":true,"href":"https:\/\/www.ladiagonale.net\/index.php\/wp-json\/wp\/v2\/comments?post=11141"}],"version-history":[{"count":5,"href":"https:\/\/www.ladiagonale.net\/index.php\/wp-json\/wp\/v2\/posts\/11141\/revisions"}],"predecessor-version":[{"id":11150,"href":"https:\/\/www.ladiagonale.net\/index.php\/wp-json\/wp\/v2\/posts\/11141\/revisions\/11150"}],"wp:attachment":[{"href":"https:\/\/www.ladiagonale.net\/index.php\/wp-json\/wp\/v2\/media?parent=11141"}],"wp:term":[{"taxonomy":"category","embeddable":true,"href":"https:\/\/www.ladiagonale.net\/index.php\/wp-json\/wp\/v2\/categories?post=11141"},{"taxonomy":"post_tag","embeddable":true,"href":"https:\/\/www.ladiagonale.net\/index.php\/wp-json\/wp\/v2\/tags?post=11141"}],"curies":[{"name":"wp","href":"https:\/\/api.w.org\/{rel}","templated":true}]}}