{"id":11145,"date":"2023-03-31T07:19:00","date_gmt":"2023-03-31T05:19:00","guid":{"rendered":"https:\/\/www.ladiagonale.net\/?p=11145"},"modified":"2023-03-31T03:51:54","modified_gmt":"2023-03-31T01:51:54","slug":"clement-a-nous-de-prendre-les-choses-en-main","status":"publish","type":"post","link":"https:\/\/www.ladiagonale.net\/index.php\/2023\/03\/31\/clement-a-nous-de-prendre-les-choses-en-main\/","title":{"rendered":"Clement : \u00ab \u00c0 nous de prendre les choses en main&nbsp;\u00bb"},"content":{"rendered":"\n<p>L\u2019entra\u00eeneur de l\u2019AS Monaco Philippe Clement, a accord\u00e9 un entretien \u00e0 <em>Canal +<\/em>, diffus\u00e9 dans l\u2019\u00e9mission <em>Jour de Foot<\/em>. \u00c0 deux jours de reprendre la comp\u00e9tition, il s\u2019est livr\u00e9 sur le sprint final et les dix derniers matchs de championnat : \u00ab\u00a0<em>Je suis toujours positif. Nous avons fait des bonnes choses, nous avons eu aussi des moments plus difficiles. C\u2019est normal avec un jeune groupe. Il y a d\u00e9j\u00e0 plus de stabilit\u00e9 et de r\u00e9gularit\u00e9 que la saison pass\u00e9e. C\u2019est une lutte jusqu\u2019\u00e0 la fin et tu dois \u00eatre physiquement, techniquement, tactiquement, et certainement aussi mentalement, fort pour \u00eatre l\u00e0 \u00e0 la fin.<\/em>\u00a0\u00bb<\/p>\n\n\n\n<p>Clement ne veut pas penser \u00e0 la mauvaise s\u00e9rie r\u00e9cente et esp\u00e8re voir son \u00e9quipe repartir de l\u2019avant  : \u00ab\u00a0<em>Nous avons eu des difficult\u00e9s en d\u00e9fense, avec trois joueurs bless\u00e9s, et nous avons jou\u00e9 de bonnes \u00e9quipes. On ne doit pas dramatiser. Nous sommes tous ambitieux. Quand tu n\u2019es pas ambitieux dans la vie, tu ne gagnes jamais rien. On doit \u00eatre performants durant ce sprint de dix matchs. Ce n\u2019est pas seulement un match ou cinq matchs que l\u2019on doit bien jouer, mais dix. Le plus important c\u2019est d\u2019\u00eatre focus sur le prochain. C\u2019est \u00e0 nous de prendre les choses en main.<\/em>\u00a0\u00bb<\/p>\n\n\n","protected":false},"excerpt":{"rendered":"<p>L\u2019entra\u00eeneur de l\u2019AS Monaco Philippe Clement, a accord\u00e9 un entretien \u00e0 Canal +, diffus\u00e9 dans l\u2019\u00e9mission Jour de Foot. \u00c0 deux jours de reprendre la comp\u00e9tition, il s\u2019est livr\u00e9 sur le sprint final et les dix derniers matchs de championnat : \u00ab\u00a0Je suis toujours positif. Nous avons fait des bonnes choses, nous avons eu aussi [&#8230;]\n","protected":false},"author":2,"featured_media":0,"comment_status":"open","ping_status":"open","sticky":false,"template":"","format":"standard","meta":[],"categories":[6],"tags":[86,94,191],"yoast_head":"<!-- This site is optimized with the Yoast SEO plugin v19.8 - https:\/\/yoast.com\/wordpress\/plugins\/seo\/ -->\n<title>Clement : \u00ab \u00c0 nous de prendre les choses en main&nbsp;\u00bb - La Diagonale<\/title>\n<meta name=\"robots\" content=\"index, follow, max-snippet:-1, max-image-preview:large, max-video-preview:-1\" \/>\n<link rel=\"canonical\" href=\"https:\/\/www.ladiagonale.net\/index.php\/2023\/03\/31\/clement-a-nous-de-prendre-les-choses-en-main\/\" \/>\n<meta property=\"og:locale\" content=\"fr_FR\" \/>\n<meta property=\"og:type\" content=\"article\" \/>\n<meta property=\"og:title\" content=\"Clement : \u00ab \u00c0 nous de prendre les choses en main&nbsp;\u00bb - La Diagonale\" \/>\n<meta property=\"og:description\" content=\"L\u2019entra\u00eeneur de l\u2019AS Monaco Philippe Clement, a accord\u00e9 un entretien \u00e0 Canal +, diffus\u00e9 dans l\u2019\u00e9mission Jour de Foot. \u00c0 deux jours de reprendre la comp\u00e9tition, il s\u2019est livr\u00e9 sur le sprint final et les dix derniers matchs de championnat : \u00ab\u00a0Je suis toujours positif. Nous avons fait des bonnes choses, nous avons eu aussi [...]\" \/>\n<meta property=\"og:url\" content=\"https:\/\/www.ladiagonale.net\/index.php\/2023\/03\/31\/clement-a-nous-de-prendre-les-choses-en-main\/\" \/>\n<meta property=\"og:site_name\" content=\"La Diagonale\" \/>\n<meta property=\"article:published_time\" content=\"2023-03-31T05:19:00+00:00\" \/>\n<meta property=\"article:modified_time\" content=\"2023-03-31T01:51:54+00:00\" \/>\n<meta property=\"og:image\" content=\"https:\/\/www.ladiagonale.net\/wp-content\/uploads\/2023\/02\/clement3.png\" \/>\n\t<meta property=\"og:image:width\" content=\"1160\" \/>\n\t<meta property=\"og:image:height\" content=\"650\" \/>\n\t<meta property=\"og:image:type\" content=\"image\/png\" \/>\n<meta name=\"author\" content=\"Damien Dellerba\" \/>\n<meta name=\"twitter:card\" content=\"summary_large_image\" \/>\n<meta name=\"twitter:image\" content=\"https:\/\/www.ladiagonale.net\/wp-content\/uploads\/2023\/02\/clement3.png\" \/>\n<meta name=\"twitter:label1\" content=\"\u00c9crit par\" \/>\n\t<meta name=\"twitter:data1\" content=\"Damien Dellerba\" \/>\n\t<meta name=\"twitter:label2\" content=\"Dur\u00e9e de lecture estim\u00e9e\" \/>\n\t<meta name=\"twitter:data2\" content=\"2 minutes\" \/>\n<script type=\"application\/ld+json\" class=\"yoast-schema-graph\">{\"@context\":\"https:\/\/schema.org\",\"@graph\":[{\"@type\":\"WebPage\",\"@id\":\"https:\/\/www.ladiagonale.net\/index.php\/2023\/03\/31\/clement-a-nous-de-prendre-les-choses-en-main\/\",\"url\":\"https:\/\/www.ladiagonale.net\/index.php\/2023\/03\/31\/clement-a-nous-de-prendre-les-choses-en-main\/\",\"name\":\"Clement : \u00ab \u00c0 nous de prendre les choses en main&nbsp;\u00bb - La Diagonale\",\"isPartOf\":{\"@id\":\"https:\/\/www.ladiagonale.net\/#website\"},\"datePublished\":\"2023-03-31T05:19:00+00:00\",\"dateModified\":\"2023-03-31T01:51:54+00:00\",\"author\":{\"@id\":\"https:\/\/www.ladiagonale.net\/#\/schema\/person\/79ff1e7b0853ed01b2aa26e64ad300bf\"},\"breadcrumb\":{\"@id\":\"https:\/\/www.ladiagonale.net\/index.php\/2023\/03\/31\/clement-a-nous-de-prendre-les-choses-en-main\/#breadcrumb\"},\"inLanguage\":\"fr-FR\",\"potentialAction\":[{\"@type\":\"ReadAction\",\"target\":[\"https:\/\/www.ladiagonale.net\/index.php\/2023\/03\/31\/clement-a-nous-de-prendre-les-choses-en-main\/\"]}]},{\"@type\":\"BreadcrumbList\",\"@id\":\"https:\/\/www.ladiagonale.net\/index.php\/2023\/03\/31\/clement-a-nous-de-prendre-les-choses-en-main\/#breadcrumb\",\"itemListElement\":[{\"@type\":\"ListItem\",\"position\":1,\"name\":\"Accueil\",\"item\":\"https:\/\/www.ladiagonale.net\/\"},{\"@type\":\"ListItem\",\"position\":2,\"name\":\"Clement : \u00ab \u00c0 nous de prendre les choses en main&nbsp;\u00bb\"}]},{\"@type\":\"WebSite\",\"@id\":\"https:\/\/www.ladiagonale.net\/#website\",\"url\":\"https:\/\/www.ladiagonale.net\/\",\"name\":\"La Diagonale\",\"description\":\"Le site des supporters de l&#039;AS Monaco FC\",\"potentialAction\":[{\"@type\":\"SearchAction\",\"target\":{\"@type\":\"EntryPoint\",\"urlTemplate\":\"https:\/\/www.ladiagonale.net\/?s={search_term_string}\"},\"query-input\":\"required name=search_term_string\"}],\"inLanguage\":\"fr-FR\"},{\"@type\":\"Person\",\"@id\":\"https:\/\/www.ladiagonale.net\/#\/schema\/person\/79ff1e7b0853ed01b2aa26e64ad300bf\",\"name\":\"Damien Dellerba\",\"image\":{\"@type\":\"ImageObject\",\"inLanguage\":\"fr-FR\",\"@id\":\"https:\/\/www.ladiagonale.net\/#\/schema\/person\/image\/\",\"url\":\"https:\/\/secure.gravatar.com\/avatar\/c7850e06d3ff63cdbaee88b7fc16e2f0?s=96&d=mm&r=g\",\"contentUrl\":\"https:\/\/secure.gravatar.com\/avatar\/c7850e06d3ff63cdbaee88b7fc16e2f0?s=96&d=mm&r=g\",\"caption\":\"Damien Dellerba\"},\"url\":\"https:\/\/www.ladiagonale.net\/index.php\/author\/damien\/\"}]}<\/script>\n<!-- \/ Yoast SEO plugin. -->","yoast_head_json":{"title":"Clement : \u00ab \u00c0 nous de prendre les choses en main&nbsp;\u00bb - La Diagonale","robots":{"index":"index","follow":"follow","max-snippet":"max-snippet:-1","max-image-preview":"max-image-preview:large","max-video-preview":"max-video-preview:-1"},"canonical":"https:\/\/www.ladiagonale.net\/index.php\/2023\/03\/31\/clement-a-nous-de-prendre-les-choses-en-main\/","og_locale":"fr_FR","og_type":"article","og_title":"Clement : \u00ab \u00c0 nous de prendre les choses en main&nbsp;\u00bb - La Diagonale","og_description":"L\u2019entra\u00eeneur de l\u2019AS Monaco Philippe Clement, a accord\u00e9 un entretien \u00e0 Canal +, diffus\u00e9 dans l\u2019\u00e9mission Jour de Foot. \u00c0 deux jours de reprendre la comp\u00e9tition, il s\u2019est livr\u00e9 sur le sprint final et les dix derniers matchs de championnat : \u00ab\u00a0Je suis toujours positif. Nous avons fait des bonnes choses, nous avons eu aussi [...]","og_url":"https:\/\/www.ladiagonale.net\/index.php\/2023\/03\/31\/clement-a-nous-de-prendre-les-choses-en-main\/","og_site_name":"La Diagonale","article_published_time":"2023-03-31T05:19:00+00:00","article_modified_time":"2023-03-31T01:51:54+00:00","og_image":[{"width":1160,"height":650,"url":"https:\/\/www.ladiagonale.net\/wp-content\/uploads\/2023\/02\/clement3.png","type":"image\/png"}],"author":"Damien Dellerba","twitter_card":"summary_large_image","twitter_image":"https:\/\/www.ladiagonale.net\/wp-content\/uploads\/2023\/02\/clement3.png","twitter_misc":{"\u00c9crit par":"Damien Dellerba","Dur\u00e9e de lecture estim\u00e9e":"2 minutes"},"schema":{"@context":"https:\/\/schema.org","@graph":[{"@type":"WebPage","@id":"https:\/\/www.ladiagonale.net\/index.php\/2023\/03\/31\/clement-a-nous-de-prendre-les-choses-en-main\/","url":"https:\/\/www.ladiagonale.net\/index.php\/2023\/03\/31\/clement-a-nous-de-prendre-les-choses-en-main\/","name":"Clement : \u00ab \u00c0 nous de prendre les choses en main&nbsp;\u00bb - La Diagonale","isPartOf":{"@id":"https:\/\/www.ladiagonale.net\/#website"},"datePublished":"2023-03-31T05:19:00+00:00","dateModified":"2023-03-31T01:51:54+00:00","author":{"@id":"https:\/\/www.ladiagonale.net\/#\/schema\/person\/79ff1e7b0853ed01b2aa26e64ad300bf"},"breadcrumb":{"@id":"https:\/\/www.ladiagonale.net\/index.php\/2023\/03\/31\/clement-a-nous-de-prendre-les-choses-en-main\/#breadcrumb"},"inLanguage":"fr-FR","potentialAction":[{"@type":"ReadAction","target":["https:\/\/www.ladiagonale.net\/index.php\/2023\/03\/31\/clement-a-nous-de-prendre-les-choses-en-main\/"]}]},{"@type":"BreadcrumbList","@id":"https:\/\/www.ladiagonale.net\/index.php\/2023\/03\/31\/clement-a-nous-de-prendre-les-choses-en-main\/#breadcrumb","itemListElement":[{"@type":"ListItem","position":1,"name":"Accueil","item":"https:\/\/www.ladiagonale.net\/"},{"@type":"ListItem","position":2,"name":"Clement : \u00ab \u00c0 nous de prendre les choses en main&nbsp;\u00bb"}]},{"@type":"WebSite","@id":"https:\/\/www.ladiagonale.net\/#website","url":"https:\/\/www.ladiagonale.net\/","name":"La Diagonale","description":"Le site des supporters de l&#039;AS Monaco FC","potentialAction":[{"@type":"SearchAction","target":{"@type":"EntryPoint","urlTemplate":"https:\/\/www.ladiagonale.net\/?s={search_term_string}"},"query-input":"required name=search_term_string"}],"inLanguage":"fr-FR"},{"@type":"Person","@id":"https:\/\/www.ladiagonale.net\/#\/schema\/person\/79ff1e7b0853ed01b2aa26e64ad300bf","name":"Damien Dellerba","image":{"@type":"ImageObject","inLanguage":"fr-FR","@id":"https:\/\/www.ladiagonale.net\/#\/schema\/person\/image\/","url":"https:\/\/secure.gravatar.com\/avatar\/c7850e06d3ff63cdbaee88b7fc16e2f0?s=96&d=mm&r=g","contentUrl":"https:\/\/secure.gravatar.com\/avatar\/c7850e06d3ff63cdbaee88b7fc16e2f0?s=96&d=mm&r=g","caption":"Damien Dellerba"},"url":"https:\/\/www.ladiagonale.net\/index.php\/author\/damien\/"}]}},"_links":{"self":[{"href":"https:\/\/www.ladiagonale.net\/index.php\/wp-json\/wp\/v2\/posts\/11145"}],"collection":[{"href":"https:\/\/www.ladiagonale.net\/index.php\/wp-json\/wp\/v2\/posts"}],"about":[{"href":"https:\/\/www.ladiagonale.net\/index.php\/wp-json\/wp\/v2\/types\/post"}],"author":[{"embeddable":true,"href":"https:\/\/www.ladiagonale.net\/index.php\/wp-json\/wp\/v2\/users\/2"}],"replies":[{"embeddable":true,"href":"https:\/\/www.ladiagonale.net\/index.php\/wp-json\/wp\/v2\/comments?post=11145"}],"version-history":[{"count":1,"href":"https:\/\/www.ladiagonale.net\/index.php\/wp-json\/wp\/v2\/posts\/11145\/revisions"}],"predecessor-version":[{"id":11146,"href":"https:\/\/www.ladiagonale.net\/index.php\/wp-json\/wp\/v2\/posts\/11145\/revisions\/11146"}],"wp:attachment":[{"href":"https:\/\/www.ladiagonale.net\/index.php\/wp-json\/wp\/v2\/media?parent=11145"}],"wp:term":[{"taxonomy":"category","embeddable":true,"href":"https:\/\/www.ladiagonale.net\/index.php\/wp-json\/wp\/v2\/categories?post=11145"},{"taxonomy":"post_tag","embeddable":true,"href":"https:\/\/www.ladiagonale.net\/index.php\/wp-json\/wp\/v2\/tags?post=11145"}],"curies":[{"name":"wp","href":"https:\/\/api.w.org\/{rel}","templated":true}]}}