{"id":11151,"date":"2023-03-31T14:21:26","date_gmt":"2023-03-31T12:21:26","guid":{"rendered":"https:\/\/www.ladiagonale.net\/?p=11151"},"modified":"2023-03-31T15:01:35","modified_gmt":"2023-03-31T13:01:35","slug":"clement-annonce-les-forfaits-de-plusieurs-joueurs","status":"publish","type":"post","link":"https:\/\/www.ladiagonale.net\/index.php\/2023\/03\/31\/clement-annonce-les-forfaits-de-plusieurs-joueurs\/","title":{"rendered":"Clement annonce les forfaits de plusieurs joueurs"},"content":{"rendered":"\n<p>L\u2019AS Monaco va avoir des manques en attaque pour la r\u00e9ception de Strasbourg ce dimanche (17h05). Outre l\u2019absence de Breel Embolo, qui souffre d\u2019une entorse \u00e0 un genou et qui sera absent pour plusieurs semaines, comme l\u2019a confirm\u00e9 Philippe Clement, Myron Baodu ne sera pas non plus de la partie. L\u2019entra\u00eeneur mon\u00e9gasque a r\u00e9v\u00e9l\u00e9 que l\u2019attaquant n\u00e9erlandais avait d\u00fb \u00eatre op\u00e9r\u00e9 des amygdales. Malang Sarr sera \u00e9galement forfait. En cause, une g\u00eane musculaire \u00e9voqu\u00e9e par le technicien belge.<\/p>\n\n\n\n<p>Gelson Martins est encore un peu incertain a annonc\u00e9 Clement, m\u00eame s\u2019il demeure confiant pour le r\u00e9cup\u00e9rer : \u00ab&nbsp;<em>Il a re\u00e7u un coup au pied et ne s\u2019est pas entra\u00een\u00e9 aujourd\u2019hui, mais je pense qu\u2019il sera disponible demain.<\/em>&nbsp;\u00bb Jakobs, qui souffrait d\u2019une g\u00eane \u00e0 une hanche contre Ajaccio et qui n\u2019a pas jou\u00e9 en s\u00e9lection, ainsi que Golovin, devraient faire leur retour. Kevin Volland pourrait \u00e9galement postuler \u00e0 une place dans le groupe. L\u2019ancien du Bayer Leverkusen s\u2019est vite remis de sa fracture de la 6e c\u00f4te gauche, m\u00eame s\u2019il manquera forc\u00e9ment de rythme.<\/p>\n\n\n","protected":false},"excerpt":{"rendered":"<p>L\u2019AS Monaco va avoir des manques en attaque pour la r\u00e9ception de Strasbourg ce dimanche (17h05). Outre l\u2019absence de Breel Embolo, qui souffre d\u2019une entorse \u00e0 un genou et qui sera absent pour plusieurs semaines, comme l\u2019a confirm\u00e9 Philippe Clement, Myron Baodu ne sera pas non plus de la partie. L\u2019entra\u00eeneur mon\u00e9gasque a r\u00e9v\u00e9l\u00e9 que [&#8230;]\n","protected":false},"author":2,"featured_media":0,"comment_status":"open","ping_status":"open","sticky":false,"template":"","format":"standard","meta":[],"categories":[4,6],"tags":[86,196,94,432],"yoast_head":"<!-- This site is optimized with the Yoast SEO plugin v19.8 - https:\/\/yoast.com\/wordpress\/plugins\/seo\/ -->\n<title>Clement annonce les forfaits de plusieurs joueurs - La Diagonale<\/title>\n<meta name=\"robots\" content=\"index, follow, max-snippet:-1, max-image-preview:large, max-video-preview:-1\" \/>\n<link rel=\"canonical\" href=\"https:\/\/www.ladiagonale.net\/index.php\/2023\/03\/31\/clement-annonce-les-forfaits-de-plusieurs-joueurs\/\" \/>\n<meta property=\"og:locale\" content=\"fr_FR\" \/>\n<meta property=\"og:type\" content=\"article\" \/>\n<meta property=\"og:title\" content=\"Clement annonce les forfaits de plusieurs joueurs - La Diagonale\" \/>\n<meta property=\"og:description\" content=\"L\u2019AS Monaco va avoir des manques en attaque pour la r\u00e9ception de Strasbourg ce dimanche (17h05). Outre l\u2019absence de Breel Embolo, qui souffre d\u2019une entorse \u00e0 un genou et qui sera absent pour plusieurs semaines, comme l\u2019a confirm\u00e9 Philippe Clement, Myron Baodu ne sera pas non plus de la partie. L\u2019entra\u00eeneur mon\u00e9gasque a r\u00e9v\u00e9l\u00e9 que [...]\" \/>\n<meta property=\"og:url\" content=\"https:\/\/www.ladiagonale.net\/index.php\/2023\/03\/31\/clement-annonce-les-forfaits-de-plusieurs-joueurs\/\" \/>\n<meta property=\"og:site_name\" content=\"La Diagonale\" \/>\n<meta property=\"article:published_time\" content=\"2023-03-31T12:21:26+00:00\" \/>\n<meta property=\"article:modified_time\" content=\"2023-03-31T13:01:35+00:00\" \/>\n<meta property=\"og:image\" content=\"https:\/\/www.ladiagonale.net\/wp-content\/uploads\/2022\/11\/boadu.png\" \/>\n\t<meta property=\"og:image:width\" content=\"1160\" \/>\n\t<meta property=\"og:image:height\" content=\"650\" \/>\n\t<meta property=\"og:image:type\" content=\"image\/png\" \/>\n<meta name=\"author\" content=\"Damien Dellerba\" \/>\n<meta name=\"twitter:card\" content=\"summary_large_image\" \/>\n<meta name=\"twitter:image\" content=\"https:\/\/www.ladiagonale.net\/wp-content\/uploads\/2022\/11\/boadu.png\" \/>\n<meta name=\"twitter:label1\" content=\"\u00c9crit par\" \/>\n\t<meta name=\"twitter:data1\" content=\"Damien Dellerba\" \/>\n\t<meta name=\"twitter:label2\" content=\"Dur\u00e9e de lecture estim\u00e9e\" \/>\n\t<meta name=\"twitter:data2\" content=\"1 minute\" \/>\n<script type=\"application\/ld+json\" class=\"yoast-schema-graph\">{\"@context\":\"https:\/\/schema.org\",\"@graph\":[{\"@type\":\"WebPage\",\"@id\":\"https:\/\/www.ladiagonale.net\/index.php\/2023\/03\/31\/clement-annonce-les-forfaits-de-plusieurs-joueurs\/\",\"url\":\"https:\/\/www.ladiagonale.net\/index.php\/2023\/03\/31\/clement-annonce-les-forfaits-de-plusieurs-joueurs\/\",\"name\":\"Clement annonce les forfaits de plusieurs joueurs - La Diagonale\",\"isPartOf\":{\"@id\":\"https:\/\/www.ladiagonale.net\/#website\"},\"datePublished\":\"2023-03-31T12:21:26+00:00\",\"dateModified\":\"2023-03-31T13:01:35+00:00\",\"author\":{\"@id\":\"https:\/\/www.ladiagonale.net\/#\/schema\/person\/79ff1e7b0853ed01b2aa26e64ad300bf\"},\"breadcrumb\":{\"@id\":\"https:\/\/www.ladiagonale.net\/index.php\/2023\/03\/31\/clement-annonce-les-forfaits-de-plusieurs-joueurs\/#breadcrumb\"},\"inLanguage\":\"fr-FR\",\"potentialAction\":[{\"@type\":\"ReadAction\",\"target\":[\"https:\/\/www.ladiagonale.net\/index.php\/2023\/03\/31\/clement-annonce-les-forfaits-de-plusieurs-joueurs\/\"]}]},{\"@type\":\"BreadcrumbList\",\"@id\":\"https:\/\/www.ladiagonale.net\/index.php\/2023\/03\/31\/clement-annonce-les-forfaits-de-plusieurs-joueurs\/#breadcrumb\",\"itemListElement\":[{\"@type\":\"ListItem\",\"position\":1,\"name\":\"Accueil\",\"item\":\"https:\/\/www.ladiagonale.net\/\"},{\"@type\":\"ListItem\",\"position\":2,\"name\":\"Clement annonce les forfaits de plusieurs joueurs\"}]},{\"@type\":\"WebSite\",\"@id\":\"https:\/\/www.ladiagonale.net\/#website\",\"url\":\"https:\/\/www.ladiagonale.net\/\",\"name\":\"La Diagonale\",\"description\":\"Le site des supporters de l&#039;AS Monaco FC\",\"potentialAction\":[{\"@type\":\"SearchAction\",\"target\":{\"@type\":\"EntryPoint\",\"urlTemplate\":\"https:\/\/www.ladiagonale.net\/?s={search_term_string}\"},\"query-input\":\"required name=search_term_string\"}],\"inLanguage\":\"fr-FR\"},{\"@type\":\"Person\",\"@id\":\"https:\/\/www.ladiagonale.net\/#\/schema\/person\/79ff1e7b0853ed01b2aa26e64ad300bf\",\"name\":\"Damien Dellerba\",\"image\":{\"@type\":\"ImageObject\",\"inLanguage\":\"fr-FR\",\"@id\":\"https:\/\/www.ladiagonale.net\/#\/schema\/person\/image\/\",\"url\":\"https:\/\/secure.gravatar.com\/avatar\/c7850e06d3ff63cdbaee88b7fc16e2f0?s=96&d=mm&r=g\",\"contentUrl\":\"https:\/\/secure.gravatar.com\/avatar\/c7850e06d3ff63cdbaee88b7fc16e2f0?s=96&d=mm&r=g\",\"caption\":\"Damien Dellerba\"},\"url\":\"https:\/\/www.ladiagonale.net\/index.php\/author\/damien\/\"}]}<\/script>\n<!-- \/ Yoast SEO plugin. -->","yoast_head_json":{"title":"Clement annonce les forfaits de plusieurs joueurs - La Diagonale","robots":{"index":"index","follow":"follow","max-snippet":"max-snippet:-1","max-image-preview":"max-image-preview:large","max-video-preview":"max-video-preview:-1"},"canonical":"https:\/\/www.ladiagonale.net\/index.php\/2023\/03\/31\/clement-annonce-les-forfaits-de-plusieurs-joueurs\/","og_locale":"fr_FR","og_type":"article","og_title":"Clement annonce les forfaits de plusieurs joueurs - La Diagonale","og_description":"L\u2019AS Monaco va avoir des manques en attaque pour la r\u00e9ception de Strasbourg ce dimanche (17h05). Outre l\u2019absence de Breel Embolo, qui souffre d\u2019une entorse \u00e0 un genou et qui sera absent pour plusieurs semaines, comme l\u2019a confirm\u00e9 Philippe Clement, Myron Baodu ne sera pas non plus de la partie. L\u2019entra\u00eeneur mon\u00e9gasque a r\u00e9v\u00e9l\u00e9 que [...]","og_url":"https:\/\/www.ladiagonale.net\/index.php\/2023\/03\/31\/clement-annonce-les-forfaits-de-plusieurs-joueurs\/","og_site_name":"La Diagonale","article_published_time":"2023-03-31T12:21:26+00:00","article_modified_time":"2023-03-31T13:01:35+00:00","og_image":[{"width":1160,"height":650,"url":"https:\/\/www.ladiagonale.net\/wp-content\/uploads\/2022\/11\/boadu.png","type":"image\/png"}],"author":"Damien Dellerba","twitter_card":"summary_large_image","twitter_image":"https:\/\/www.ladiagonale.net\/wp-content\/uploads\/2022\/11\/boadu.png","twitter_misc":{"\u00c9crit par":"Damien Dellerba","Dur\u00e9e de lecture estim\u00e9e":"1 minute"},"schema":{"@context":"https:\/\/schema.org","@graph":[{"@type":"WebPage","@id":"https:\/\/www.ladiagonale.net\/index.php\/2023\/03\/31\/clement-annonce-les-forfaits-de-plusieurs-joueurs\/","url":"https:\/\/www.ladiagonale.net\/index.php\/2023\/03\/31\/clement-annonce-les-forfaits-de-plusieurs-joueurs\/","name":"Clement annonce les forfaits de plusieurs joueurs - La Diagonale","isPartOf":{"@id":"https:\/\/www.ladiagonale.net\/#website"},"datePublished":"2023-03-31T12:21:26+00:00","dateModified":"2023-03-31T13:01:35+00:00","author":{"@id":"https:\/\/www.ladiagonale.net\/#\/schema\/person\/79ff1e7b0853ed01b2aa26e64ad300bf"},"breadcrumb":{"@id":"https:\/\/www.ladiagonale.net\/index.php\/2023\/03\/31\/clement-annonce-les-forfaits-de-plusieurs-joueurs\/#breadcrumb"},"inLanguage":"fr-FR","potentialAction":[{"@type":"ReadAction","target":["https:\/\/www.ladiagonale.net\/index.php\/2023\/03\/31\/clement-annonce-les-forfaits-de-plusieurs-joueurs\/"]}]},{"@type":"BreadcrumbList","@id":"https:\/\/www.ladiagonale.net\/index.php\/2023\/03\/31\/clement-annonce-les-forfaits-de-plusieurs-joueurs\/#breadcrumb","itemListElement":[{"@type":"ListItem","position":1,"name":"Accueil","item":"https:\/\/www.ladiagonale.net\/"},{"@type":"ListItem","position":2,"name":"Clement annonce les forfaits de plusieurs joueurs"}]},{"@type":"WebSite","@id":"https:\/\/www.ladiagonale.net\/#website","url":"https:\/\/www.ladiagonale.net\/","name":"La Diagonale","description":"Le site des supporters de l&#039;AS Monaco FC","potentialAction":[{"@type":"SearchAction","target":{"@type":"EntryPoint","urlTemplate":"https:\/\/www.ladiagonale.net\/?s={search_term_string}"},"query-input":"required name=search_term_string"}],"inLanguage":"fr-FR"},{"@type":"Person","@id":"https:\/\/www.ladiagonale.net\/#\/schema\/person\/79ff1e7b0853ed01b2aa26e64ad300bf","name":"Damien Dellerba","image":{"@type":"ImageObject","inLanguage":"fr-FR","@id":"https:\/\/www.ladiagonale.net\/#\/schema\/person\/image\/","url":"https:\/\/secure.gravatar.com\/avatar\/c7850e06d3ff63cdbaee88b7fc16e2f0?s=96&d=mm&r=g","contentUrl":"https:\/\/secure.gravatar.com\/avatar\/c7850e06d3ff63cdbaee88b7fc16e2f0?s=96&d=mm&r=g","caption":"Damien Dellerba"},"url":"https:\/\/www.ladiagonale.net\/index.php\/author\/damien\/"}]}},"_links":{"self":[{"href":"https:\/\/www.ladiagonale.net\/index.php\/wp-json\/wp\/v2\/posts\/11151"}],"collection":[{"href":"https:\/\/www.ladiagonale.net\/index.php\/wp-json\/wp\/v2\/posts"}],"about":[{"href":"https:\/\/www.ladiagonale.net\/index.php\/wp-json\/wp\/v2\/types\/post"}],"author":[{"embeddable":true,"href":"https:\/\/www.ladiagonale.net\/index.php\/wp-json\/wp\/v2\/users\/2"}],"replies":[{"embeddable":true,"href":"https:\/\/www.ladiagonale.net\/index.php\/wp-json\/wp\/v2\/comments?post=11151"}],"version-history":[{"count":3,"href":"https:\/\/www.ladiagonale.net\/index.php\/wp-json\/wp\/v2\/posts\/11151\/revisions"}],"predecessor-version":[{"id":11155,"href":"https:\/\/www.ladiagonale.net\/index.php\/wp-json\/wp\/v2\/posts\/11151\/revisions\/11155"}],"wp:attachment":[{"href":"https:\/\/www.ladiagonale.net\/index.php\/wp-json\/wp\/v2\/media?parent=11151"}],"wp:term":[{"taxonomy":"category","embeddable":true,"href":"https:\/\/www.ladiagonale.net\/index.php\/wp-json\/wp\/v2\/categories?post=11151"},{"taxonomy":"post_tag","embeddable":true,"href":"https:\/\/www.ladiagonale.net\/index.php\/wp-json\/wp\/v2\/tags?post=11151"}],"curies":[{"name":"wp","href":"https:\/\/api.w.org\/{rel}","templated":true}]}}