{"id":11156,"date":"2023-03-31T17:13:02","date_gmt":"2023-03-31T15:13:02","guid":{"rendered":"https:\/\/www.ladiagonale.net\/?p=11156"},"modified":"2023-03-31T17:13:06","modified_gmt":"2023-03-31T15:13:06","slug":"fofana-on-sait-a-quoi-vont-ressembler-les-dix-prochains-matchs","status":"publish","type":"post","link":"https:\/\/www.ladiagonale.net\/index.php\/2023\/03\/31\/fofana-on-sait-a-quoi-vont-ressembler-les-dix-prochains-matchs\/","title":{"rendered":"Fofana : \u00ab&nbsp;On sait \u00e0 quoi vont ressembler les dix prochains matchs&nbsp;\u00bb"},"content":{"rendered":"\n<p>Ce dimanche, Monaco va devoir se relancer dans le sprint final contre Strasbourg. Youssouf Fofana pense que la diff\u00e9rence sera peut-\u00eatre mentale : \u00ab\u00a0<em>La diff\u00e9rence se fera sur des d\u00e9tails mais peut-\u00eatre plus mentalement. Il faudra que tout le monde soit en confiance, que tout le monde y croit. Contrairement aux deux derni\u00e8res ann\u00e9es, on d\u00e9marre de moins loin et ce sera plus facile de mettre le pied \u00e0 l\u2019\u00e9trier. J\u2019esp\u00e8re qu\u2019on fera une troisi\u00e8me remontada mais beaucoup plus tranquille, sans pression. On aurait voulu \u00e9viter cette exp\u00e9rience et \u00eatre d\u00e9j\u00e0 \u00e0 la bonne place. Ce qui peut faire la diff\u00e9rence, c\u2019est qu\u2019on conna\u00eet le chemin \u00e0 parcourir. On sait a quoi vont ressembler les dix prochains matchs.<\/em>\u00a0\u00bb<\/p>\n\n\n\n<p>Physiquement, il faudra aussi retrouver un second souffle. Le milieu de terrain a confi\u00e9 avoir connu une baisse de r\u00e9gime ces derni\u00e8res semaines : \u00ab\u00a0<em>Personnellement, j\u2019ai ressenti de la fatigue ces derni\u00e8res semaines. Je pense que j\u2019\u00e9tais moins dynamique et plus dans la r\u00e9action que dans l\u2019action.<\/em>\u00a0\u00bb Mais le milieu de terrain a admis que sa convocation en \u00e9quipe de France lui avait apport\u00e9 une nouvelle \u00e9nergie : \u00ab\u00a0<em>C\u2019est sur que cette semaine de tr\u00eave m\u2019a reboost\u00e9. Je me suis rendu compte qu\u2019il y avait des choses que je ne faisais plus et et que j\u2019\u00e9tais oblig\u00e9 de faire. C\u2019est bien pour l\u2019\u00e9quipe.<\/em>\u00a0\u00bb<\/p>\n\n\n\n<p>La question de son avenir a forc\u00e9ment \u00e9t\u00e9 \u00e9voqu\u00e9, alors que le quotidien <em>L\u2019\u00c9quipe<\/em> a annonc\u00e9 <a href=\"https:\/\/www.ladiagonale.net\/index.php\/2023\/03\/30\/fofana-et-disasi-devraient-partir-cet-ete\/\">un d\u00e9part \u00e0 venir cet \u00e9t\u00e9<\/a>, m\u00eame en cas de qualification en Ligue des champions : \u00ab\u00a0<em>Je ne pense pas que ma saison soit li\u00e9e \u00e0 l\u2019objectif du club. C\u2019est une phrase un peu bateau mais je suis sous contrat jusqu\u2019en 2025 et je compte le respecter jusqu\u2019en 2025.<\/em>\u00a0\u00bb Il a \u00e9t\u00e9 notamment invit\u00e9 \u00e0 r\u00e9agir sur<a href=\"https:\/\/www.ladiagonale.net\/index.php\/2023\/03\/26\/disasi-met-la-pression-pour-la-qualification-en-ligue-des-champions\/\"> les d\u00e9clarations de Disasi<\/a>, qui se poserait la question d\u2019un d\u00e9part en cas d\u2019\u00e9chec pour se qualifier pour la C1, notamment pour l\u2019\u00e9quipe de France : \u00ab\u00a0<em>On peut tr\u00e8s bien rester \u00e0 Monaco, jouer la Ligue des champions et aller en \u00e9quipe de France. Pour Axel, ses concurrents jouent la C1 donc je comprends ce qu\u2019il veut dire. Mais on peut tr\u00e8s bien rester ici et se qualifier pour la saison prochaine, avec grand plaisir, moi \u00e7a me va.<\/em>\u00a0\u00bb<\/p>\n\n\n","protected":false},"excerpt":{"rendered":"<p>Ce dimanche, Monaco va devoir se relancer dans le sprint final contre Strasbourg. Youssouf Fofana pense que la diff\u00e9rence sera peut-\u00eatre mentale : \u00ab\u00a0La diff\u00e9rence se fera sur des d\u00e9tails mais peut-\u00eatre plus mentalement. Il faudra que tout le monde soit en confiance, que tout le monde y croit. Contrairement aux deux derni\u00e8res ann\u00e9es, on [&#8230;]\n","protected":false},"author":2,"featured_media":0,"comment_status":"open","ping_status":"open","sticky":false,"template":"","format":"standard","meta":[],"categories":[6],"tags":[86,94,432,176],"yoast_head":"<!-- This site is optimized with the Yoast SEO plugin v19.8 - https:\/\/yoast.com\/wordpress\/plugins\/seo\/ -->\n<title>Fofana : \u00ab&nbsp;On sait \u00e0 quoi vont ressembler les dix prochains matchs&nbsp;\u00bb - La Diagonale<\/title>\n<meta name=\"robots\" content=\"index, follow, max-snippet:-1, max-image-preview:large, max-video-preview:-1\" \/>\n<link rel=\"canonical\" href=\"https:\/\/www.ladiagonale.net\/index.php\/2023\/03\/31\/fofana-on-sait-a-quoi-vont-ressembler-les-dix-prochains-matchs\/\" \/>\n<meta property=\"og:locale\" content=\"fr_FR\" \/>\n<meta property=\"og:type\" content=\"article\" \/>\n<meta property=\"og:title\" content=\"Fofana : \u00ab&nbsp;On sait \u00e0 quoi vont ressembler les dix prochains matchs&nbsp;\u00bb - La Diagonale\" \/>\n<meta property=\"og:description\" content=\"Ce dimanche, Monaco va devoir se relancer dans le sprint final contre Strasbourg. Youssouf Fofana pense que la diff\u00e9rence sera peut-\u00eatre mentale : \u00ab\u00a0La diff\u00e9rence se fera sur des d\u00e9tails mais peut-\u00eatre plus mentalement. Il faudra que tout le monde soit en confiance, que tout le monde y croit. Contrairement aux deux derni\u00e8res ann\u00e9es, on [...]\" \/>\n<meta property=\"og:url\" content=\"https:\/\/www.ladiagonale.net\/index.php\/2023\/03\/31\/fofana-on-sait-a-quoi-vont-ressembler-les-dix-prochains-matchs\/\" \/>\n<meta property=\"og:site_name\" content=\"La Diagonale\" \/>\n<meta property=\"article:published_time\" content=\"2023-03-31T15:13:02+00:00\" \/>\n<meta property=\"article:modified_time\" content=\"2023-03-31T15:13:06+00:00\" \/>\n<meta property=\"og:image\" content=\"https:\/\/www.ladiagonale.net\/wp-content\/uploads\/2022\/11\/fofana.png\" \/>\n\t<meta property=\"og:image:width\" content=\"1160\" \/>\n\t<meta property=\"og:image:height\" content=\"650\" \/>\n\t<meta property=\"og:image:type\" content=\"image\/png\" \/>\n<meta name=\"author\" content=\"Damien Dellerba\" \/>\n<meta name=\"twitter:card\" content=\"summary_large_image\" \/>\n<meta name=\"twitter:image\" content=\"https:\/\/www.ladiagonale.net\/wp-content\/uploads\/2022\/11\/fofana.png\" \/>\n<meta name=\"twitter:label1\" content=\"\u00c9crit par\" \/>\n\t<meta name=\"twitter:data1\" content=\"Damien Dellerba\" \/>\n\t<meta name=\"twitter:label2\" content=\"Dur\u00e9e de lecture estim\u00e9e\" \/>\n\t<meta name=\"twitter:data2\" content=\"2 minutes\" \/>\n<script type=\"application\/ld+json\" class=\"yoast-schema-graph\">{\"@context\":\"https:\/\/schema.org\",\"@graph\":[{\"@type\":\"WebPage\",\"@id\":\"https:\/\/www.ladiagonale.net\/index.php\/2023\/03\/31\/fofana-on-sait-a-quoi-vont-ressembler-les-dix-prochains-matchs\/\",\"url\":\"https:\/\/www.ladiagonale.net\/index.php\/2023\/03\/31\/fofana-on-sait-a-quoi-vont-ressembler-les-dix-prochains-matchs\/\",\"name\":\"Fofana : \u00ab&nbsp;On sait \u00e0 quoi vont ressembler les dix prochains matchs&nbsp;\u00bb - La Diagonale\",\"isPartOf\":{\"@id\":\"https:\/\/www.ladiagonale.net\/#website\"},\"datePublished\":\"2023-03-31T15:13:02+00:00\",\"dateModified\":\"2023-03-31T15:13:06+00:00\",\"author\":{\"@id\":\"https:\/\/www.ladiagonale.net\/#\/schema\/person\/79ff1e7b0853ed01b2aa26e64ad300bf\"},\"breadcrumb\":{\"@id\":\"https:\/\/www.ladiagonale.net\/index.php\/2023\/03\/31\/fofana-on-sait-a-quoi-vont-ressembler-les-dix-prochains-matchs\/#breadcrumb\"},\"inLanguage\":\"fr-FR\",\"potentialAction\":[{\"@type\":\"ReadAction\",\"target\":[\"https:\/\/www.ladiagonale.net\/index.php\/2023\/03\/31\/fofana-on-sait-a-quoi-vont-ressembler-les-dix-prochains-matchs\/\"]}]},{\"@type\":\"BreadcrumbList\",\"@id\":\"https:\/\/www.ladiagonale.net\/index.php\/2023\/03\/31\/fofana-on-sait-a-quoi-vont-ressembler-les-dix-prochains-matchs\/#breadcrumb\",\"itemListElement\":[{\"@type\":\"ListItem\",\"position\":1,\"name\":\"Accueil\",\"item\":\"https:\/\/www.ladiagonale.net\/\"},{\"@type\":\"ListItem\",\"position\":2,\"name\":\"Fofana : \u00ab&nbsp;On sait \u00e0 quoi vont ressembler les dix prochains matchs&nbsp;\u00bb\"}]},{\"@type\":\"WebSite\",\"@id\":\"https:\/\/www.ladiagonale.net\/#website\",\"url\":\"https:\/\/www.ladiagonale.net\/\",\"name\":\"La Diagonale\",\"description\":\"Le site des supporters de l&#039;AS Monaco FC\",\"potentialAction\":[{\"@type\":\"SearchAction\",\"target\":{\"@type\":\"EntryPoint\",\"urlTemplate\":\"https:\/\/www.ladiagonale.net\/?s={search_term_string}\"},\"query-input\":\"required name=search_term_string\"}],\"inLanguage\":\"fr-FR\"},{\"@type\":\"Person\",\"@id\":\"https:\/\/www.ladiagonale.net\/#\/schema\/person\/79ff1e7b0853ed01b2aa26e64ad300bf\",\"name\":\"Damien Dellerba\",\"image\":{\"@type\":\"ImageObject\",\"inLanguage\":\"fr-FR\",\"@id\":\"https:\/\/www.ladiagonale.net\/#\/schema\/person\/image\/\",\"url\":\"https:\/\/secure.gravatar.com\/avatar\/c7850e06d3ff63cdbaee88b7fc16e2f0?s=96&d=mm&r=g\",\"contentUrl\":\"https:\/\/secure.gravatar.com\/avatar\/c7850e06d3ff63cdbaee88b7fc16e2f0?s=96&d=mm&r=g\",\"caption\":\"Damien Dellerba\"},\"url\":\"https:\/\/www.ladiagonale.net\/index.php\/author\/damien\/\"}]}<\/script>\n<!-- \/ Yoast SEO plugin. -->","yoast_head_json":{"title":"Fofana : \u00ab&nbsp;On sait \u00e0 quoi vont ressembler les dix prochains matchs&nbsp;\u00bb - La Diagonale","robots":{"index":"index","follow":"follow","max-snippet":"max-snippet:-1","max-image-preview":"max-image-preview:large","max-video-preview":"max-video-preview:-1"},"canonical":"https:\/\/www.ladiagonale.net\/index.php\/2023\/03\/31\/fofana-on-sait-a-quoi-vont-ressembler-les-dix-prochains-matchs\/","og_locale":"fr_FR","og_type":"article","og_title":"Fofana : \u00ab&nbsp;On sait \u00e0 quoi vont ressembler les dix prochains matchs&nbsp;\u00bb - La Diagonale","og_description":"Ce dimanche, Monaco va devoir se relancer dans le sprint final contre Strasbourg. Youssouf Fofana pense que la diff\u00e9rence sera peut-\u00eatre mentale : \u00ab\u00a0La diff\u00e9rence se fera sur des d\u00e9tails mais peut-\u00eatre plus mentalement. Il faudra que tout le monde soit en confiance, que tout le monde y croit. Contrairement aux deux derni\u00e8res ann\u00e9es, on [...]","og_url":"https:\/\/www.ladiagonale.net\/index.php\/2023\/03\/31\/fofana-on-sait-a-quoi-vont-ressembler-les-dix-prochains-matchs\/","og_site_name":"La Diagonale","article_published_time":"2023-03-31T15:13:02+00:00","article_modified_time":"2023-03-31T15:13:06+00:00","og_image":[{"width":1160,"height":650,"url":"https:\/\/www.ladiagonale.net\/wp-content\/uploads\/2022\/11\/fofana.png","type":"image\/png"}],"author":"Damien Dellerba","twitter_card":"summary_large_image","twitter_image":"https:\/\/www.ladiagonale.net\/wp-content\/uploads\/2022\/11\/fofana.png","twitter_misc":{"\u00c9crit par":"Damien Dellerba","Dur\u00e9e de lecture estim\u00e9e":"2 minutes"},"schema":{"@context":"https:\/\/schema.org","@graph":[{"@type":"WebPage","@id":"https:\/\/www.ladiagonale.net\/index.php\/2023\/03\/31\/fofana-on-sait-a-quoi-vont-ressembler-les-dix-prochains-matchs\/","url":"https:\/\/www.ladiagonale.net\/index.php\/2023\/03\/31\/fofana-on-sait-a-quoi-vont-ressembler-les-dix-prochains-matchs\/","name":"Fofana : \u00ab&nbsp;On sait \u00e0 quoi vont ressembler les dix prochains matchs&nbsp;\u00bb - La Diagonale","isPartOf":{"@id":"https:\/\/www.ladiagonale.net\/#website"},"datePublished":"2023-03-31T15:13:02+00:00","dateModified":"2023-03-31T15:13:06+00:00","author":{"@id":"https:\/\/www.ladiagonale.net\/#\/schema\/person\/79ff1e7b0853ed01b2aa26e64ad300bf"},"breadcrumb":{"@id":"https:\/\/www.ladiagonale.net\/index.php\/2023\/03\/31\/fofana-on-sait-a-quoi-vont-ressembler-les-dix-prochains-matchs\/#breadcrumb"},"inLanguage":"fr-FR","potentialAction":[{"@type":"ReadAction","target":["https:\/\/www.ladiagonale.net\/index.php\/2023\/03\/31\/fofana-on-sait-a-quoi-vont-ressembler-les-dix-prochains-matchs\/"]}]},{"@type":"BreadcrumbList","@id":"https:\/\/www.ladiagonale.net\/index.php\/2023\/03\/31\/fofana-on-sait-a-quoi-vont-ressembler-les-dix-prochains-matchs\/#breadcrumb","itemListElement":[{"@type":"ListItem","position":1,"name":"Accueil","item":"https:\/\/www.ladiagonale.net\/"},{"@type":"ListItem","position":2,"name":"Fofana : \u00ab&nbsp;On sait \u00e0 quoi vont ressembler les dix prochains matchs&nbsp;\u00bb"}]},{"@type":"WebSite","@id":"https:\/\/www.ladiagonale.net\/#website","url":"https:\/\/www.ladiagonale.net\/","name":"La Diagonale","description":"Le site des supporters de l&#039;AS Monaco FC","potentialAction":[{"@type":"SearchAction","target":{"@type":"EntryPoint","urlTemplate":"https:\/\/www.ladiagonale.net\/?s={search_term_string}"},"query-input":"required name=search_term_string"}],"inLanguage":"fr-FR"},{"@type":"Person","@id":"https:\/\/www.ladiagonale.net\/#\/schema\/person\/79ff1e7b0853ed01b2aa26e64ad300bf","name":"Damien Dellerba","image":{"@type":"ImageObject","inLanguage":"fr-FR","@id":"https:\/\/www.ladiagonale.net\/#\/schema\/person\/image\/","url":"https:\/\/secure.gravatar.com\/avatar\/c7850e06d3ff63cdbaee88b7fc16e2f0?s=96&d=mm&r=g","contentUrl":"https:\/\/secure.gravatar.com\/avatar\/c7850e06d3ff63cdbaee88b7fc16e2f0?s=96&d=mm&r=g","caption":"Damien Dellerba"},"url":"https:\/\/www.ladiagonale.net\/index.php\/author\/damien\/"}]}},"_links":{"self":[{"href":"https:\/\/www.ladiagonale.net\/index.php\/wp-json\/wp\/v2\/posts\/11156"}],"collection":[{"href":"https:\/\/www.ladiagonale.net\/index.php\/wp-json\/wp\/v2\/posts"}],"about":[{"href":"https:\/\/www.ladiagonale.net\/index.php\/wp-json\/wp\/v2\/types\/post"}],"author":[{"embeddable":true,"href":"https:\/\/www.ladiagonale.net\/index.php\/wp-json\/wp\/v2\/users\/2"}],"replies":[{"embeddable":true,"href":"https:\/\/www.ladiagonale.net\/index.php\/wp-json\/wp\/v2\/comments?post=11156"}],"version-history":[{"count":1,"href":"https:\/\/www.ladiagonale.net\/index.php\/wp-json\/wp\/v2\/posts\/11156\/revisions"}],"predecessor-version":[{"id":11157,"href":"https:\/\/www.ladiagonale.net\/index.php\/wp-json\/wp\/v2\/posts\/11156\/revisions\/11157"}],"wp:attachment":[{"href":"https:\/\/www.ladiagonale.net\/index.php\/wp-json\/wp\/v2\/media?parent=11156"}],"wp:term":[{"taxonomy":"category","embeddable":true,"href":"https:\/\/www.ladiagonale.net\/index.php\/wp-json\/wp\/v2\/categories?post=11156"},{"taxonomy":"post_tag","embeddable":true,"href":"https:\/\/www.ladiagonale.net\/index.php\/wp-json\/wp\/v2\/tags?post=11156"}],"curies":[{"name":"wp","href":"https:\/\/api.w.org\/{rel}","templated":true}]}}