{"id":11158,"date":"2023-03-31T19:07:23","date_gmt":"2023-03-31T17:07:23","guid":{"rendered":"https:\/\/www.ladiagonale.net\/?p=11158"},"modified":"2023-04-02T06:37:08","modified_gmt":"2023-04-02T04:37:08","slug":"le-depart-de-mitchell-reste-flou","status":"publish","type":"post","link":"https:\/\/www.ladiagonale.net\/index.php\/2023\/03\/31\/le-depart-de-mitchell-reste-flou\/","title":{"rendered":"Le d\u00e9part de Mitchell reste flou"},"content":{"rendered":"\n\n\n<p>La semaine derni\u00e8re, Paul Mitchell annon\u00e7ait dans une interview \u00e0 <em>Nice-Matin<\/em> et \u00e0 <em>L&rsquo;\u00c9quipe<\/em> son prochain d\u00e9part de l&rsquo;AS Monaco. Mais les contours de celui-ci, et surtout la date, sont encore tr\u00e8s incertains. Si Paul Mitchell a refus\u00e9 de prolonger et doit d&rsquo;abord trouver son successeur avant de partir, ce qui peut se faire rapidement comme plus lentement, cela peut aussi laisser penser que Mitchell pourrait \u00eatre amen\u00e9 \u00e0 honorer sa derni\u00e8re ann\u00e9e de contrat. Un flou quelque peu entretenu par Philippe Clement et Youssouf Fofana lors de la conf\u00e9rence de presse donn\u00e9e ce vendredi. <\/p>\n\n\n\n<p>\u00ab <em>Son temps \u00e0 Monaco n\u2019est pas fini<\/em>, a affirm\u00e9 l&rsquo;entra\u00eeneur belge. <em>Il a dit qu\u2019il ne prolongerait pas, comme le souhaitaient le club et le pr\u00e9sident, pour des raisons familiales, mais il est tr\u00e8s motiv\u00e9 pour trouver un successeur. On verra les prochains mois. Il a un contrat sur plus d\u2019un an encore (juin 2024) et il veut partir d\u2019ici avec un successeur pr\u00eat. \u00c7a peut \u00eatre aussi une possibilit\u00e9 de les voir travailler ensemble pendant plusieurs mois.<\/em> \u00bb<\/p>\n\n\n\n<p>Clement a \u00e9galement confirm\u00e9 qu&rsquo;il \u00e9tait consult\u00e9 sur la question du successeur du Directeur sportif anglais : \u00ab&nbsp;<em>Je suis tr\u00e8s content que le club fasse preuve de transparence autour de \u00e7a. J&rsquo;ai eu beaucoup de contacts avec le pr\u00e9sident et Paul ces derniers mois. On a parl\u00e9 de sa succession. Je suis aussi dans cette histoire et ce n&rsquo;est pas seulement de prendre quelqu&rsquo;un sans \u00e9changer avec lui. C\u2019est aussi l\u2019id\u00e9e du pr\u00e9sident de continuer avec le projet tel qu\u2019il est maintenant et je ne pense pas qu&rsquo;il changera, hormis quelques d\u00e9tails. Mais je suis tr\u00e8s content d&rsquo;\u00eatre impliqu\u00e9 dans cette recherche. Ce n&rsquo;est pas le cas dans beaucoup de clubs.<\/em> \u00bb<\/p>\n\n\n\n<p>L&rsquo;ancien entra\u00eeneur du Club Bruges a affirm\u00e9 que le groupe de joueurs n&rsquo;\u00e9tait pas affect\u00e9 par la d\u00e9cision de Mitchel de partir : \u00ab <em>Non, cela n&rsquo;a pas d\u2019impact sur le groupe. Les joueurs ont des trajectoires et des r\u00eaves individuels. Pour jouer ici et faire des transferts, \u00e7a ne change rien. Le projet \u00e0 Monaco reste le m\u00eame, donc ce n\u2019est pas tr\u00e8s important pour un joueur. Ici, on ne signe pas pour un directeur sportif ou un coach.<\/em> \u00bb Un propos corrobor\u00e9 de mani\u00e8re candide par Fofana : \u00ab&nbsp;<em>On n&rsquo;en a pas forc\u00e9ment parl\u00e9, mais je n\u2019ai pas eu de confirmation officielle donc pour moi \u00e7a ne reste qu\u2019un bruit de couloir.<\/em> \u00bb<\/p>\n","protected":false},"excerpt":{"rendered":"<p>La semaine derni\u00e8re, Paul Mitchell annon\u00e7ait dans une interview \u00e0 Nice-Matin et \u00e0 L&rsquo;\u00c9quipe son prochain d\u00e9part de l&rsquo;AS Monaco. Mais les contours de celui-ci, et surtout la date, sont encore tr\u00e8s incertains. Si Paul Mitchell a refus\u00e9 de prolonger et doit d&rsquo;abord trouver son successeur avant de partir, ce qui peut se faire rapidement [&#8230;]\n","protected":false},"author":2,"featured_media":0,"comment_status":"open","ping_status":"open","sticky":false,"template":"","format":"standard","meta":[],"categories":[6],"tags":[86,192,191],"yoast_head":"<!-- This site is optimized with the Yoast SEO plugin v19.8 - https:\/\/yoast.com\/wordpress\/plugins\/seo\/ -->\n<title>Le d\u00e9part de Mitchell reste flou - La Diagonale<\/title>\n<meta name=\"robots\" content=\"index, follow, max-snippet:-1, max-image-preview:large, max-video-preview:-1\" \/>\n<link rel=\"canonical\" href=\"https:\/\/www.ladiagonale.net\/index.php\/2023\/03\/31\/le-depart-de-mitchell-reste-flou\/\" \/>\n<meta property=\"og:locale\" content=\"fr_FR\" \/>\n<meta property=\"og:type\" content=\"article\" \/>\n<meta property=\"og:title\" content=\"Le d\u00e9part de Mitchell reste flou - La Diagonale\" \/>\n<meta property=\"og:description\" content=\"La semaine derni\u00e8re, Paul Mitchell annon\u00e7ait dans une interview \u00e0 Nice-Matin et \u00e0 L&rsquo;\u00c9quipe son prochain d\u00e9part de l&rsquo;AS Monaco. Mais les contours de celui-ci, et surtout la date, sont encore tr\u00e8s incertains. Si Paul Mitchell a refus\u00e9 de prolonger et doit d&rsquo;abord trouver son successeur avant de partir, ce qui peut se faire rapidement [...]\" \/>\n<meta property=\"og:url\" content=\"https:\/\/www.ladiagonale.net\/index.php\/2023\/03\/31\/le-depart-de-mitchell-reste-flou\/\" \/>\n<meta property=\"og:site_name\" content=\"La Diagonale\" \/>\n<meta property=\"article:published_time\" content=\"2023-03-31T17:07:23+00:00\" \/>\n<meta property=\"article:modified_time\" content=\"2023-04-02T04:37:08+00:00\" \/>\n<meta property=\"og:image\" content=\"https:\/\/www.ladiagonale.net\/wp-content\/uploads\/2023\/02\/mitchelle-clement.png\" \/>\n\t<meta property=\"og:image:width\" content=\"1160\" \/>\n\t<meta property=\"og:image:height\" content=\"650\" \/>\n\t<meta property=\"og:image:type\" content=\"image\/png\" \/>\n<meta name=\"author\" content=\"Damien Dellerba\" \/>\n<meta name=\"twitter:card\" content=\"summary_large_image\" \/>\n<meta name=\"twitter:image\" content=\"https:\/\/www.ladiagonale.net\/wp-content\/uploads\/2023\/02\/mitchelle-clement.png\" \/>\n<meta name=\"twitter:label1\" content=\"\u00c9crit par\" \/>\n\t<meta name=\"twitter:data1\" content=\"Damien Dellerba\" \/>\n\t<meta name=\"twitter:label2\" content=\"Dur\u00e9e de lecture estim\u00e9e\" \/>\n\t<meta name=\"twitter:data2\" content=\"3 minutes\" \/>\n<script type=\"application\/ld+json\" class=\"yoast-schema-graph\">{\"@context\":\"https:\/\/schema.org\",\"@graph\":[{\"@type\":\"WebPage\",\"@id\":\"https:\/\/www.ladiagonale.net\/index.php\/2023\/03\/31\/le-depart-de-mitchell-reste-flou\/\",\"url\":\"https:\/\/www.ladiagonale.net\/index.php\/2023\/03\/31\/le-depart-de-mitchell-reste-flou\/\",\"name\":\"Le d\u00e9part de Mitchell reste flou - La Diagonale\",\"isPartOf\":{\"@id\":\"https:\/\/www.ladiagonale.net\/#website\"},\"datePublished\":\"2023-03-31T17:07:23+00:00\",\"dateModified\":\"2023-04-02T04:37:08+00:00\",\"author\":{\"@id\":\"https:\/\/www.ladiagonale.net\/#\/schema\/person\/79ff1e7b0853ed01b2aa26e64ad300bf\"},\"breadcrumb\":{\"@id\":\"https:\/\/www.ladiagonale.net\/index.php\/2023\/03\/31\/le-depart-de-mitchell-reste-flou\/#breadcrumb\"},\"inLanguage\":\"fr-FR\",\"potentialAction\":[{\"@type\":\"ReadAction\",\"target\":[\"https:\/\/www.ladiagonale.net\/index.php\/2023\/03\/31\/le-depart-de-mitchell-reste-flou\/\"]}]},{\"@type\":\"BreadcrumbList\",\"@id\":\"https:\/\/www.ladiagonale.net\/index.php\/2023\/03\/31\/le-depart-de-mitchell-reste-flou\/#breadcrumb\",\"itemListElement\":[{\"@type\":\"ListItem\",\"position\":1,\"name\":\"Accueil\",\"item\":\"https:\/\/www.ladiagonale.net\/\"},{\"@type\":\"ListItem\",\"position\":2,\"name\":\"Le d\u00e9part de Mitchell reste flou\"}]},{\"@type\":\"WebSite\",\"@id\":\"https:\/\/www.ladiagonale.net\/#website\",\"url\":\"https:\/\/www.ladiagonale.net\/\",\"name\":\"La Diagonale\",\"description\":\"Le site des supporters de l&#039;AS Monaco FC\",\"potentialAction\":[{\"@type\":\"SearchAction\",\"target\":{\"@type\":\"EntryPoint\",\"urlTemplate\":\"https:\/\/www.ladiagonale.net\/?s={search_term_string}\"},\"query-input\":\"required name=search_term_string\"}],\"inLanguage\":\"fr-FR\"},{\"@type\":\"Person\",\"@id\":\"https:\/\/www.ladiagonale.net\/#\/schema\/person\/79ff1e7b0853ed01b2aa26e64ad300bf\",\"name\":\"Damien Dellerba\",\"image\":{\"@type\":\"ImageObject\",\"inLanguage\":\"fr-FR\",\"@id\":\"https:\/\/www.ladiagonale.net\/#\/schema\/person\/image\/\",\"url\":\"https:\/\/secure.gravatar.com\/avatar\/c7850e06d3ff63cdbaee88b7fc16e2f0?s=96&d=mm&r=g\",\"contentUrl\":\"https:\/\/secure.gravatar.com\/avatar\/c7850e06d3ff63cdbaee88b7fc16e2f0?s=96&d=mm&r=g\",\"caption\":\"Damien Dellerba\"},\"url\":\"https:\/\/www.ladiagonale.net\/index.php\/author\/damien\/\"}]}<\/script>\n<!-- \/ Yoast SEO plugin. -->","yoast_head_json":{"title":"Le d\u00e9part de Mitchell reste flou - La Diagonale","robots":{"index":"index","follow":"follow","max-snippet":"max-snippet:-1","max-image-preview":"max-image-preview:large","max-video-preview":"max-video-preview:-1"},"canonical":"https:\/\/www.ladiagonale.net\/index.php\/2023\/03\/31\/le-depart-de-mitchell-reste-flou\/","og_locale":"fr_FR","og_type":"article","og_title":"Le d\u00e9part de Mitchell reste flou - La Diagonale","og_description":"La semaine derni\u00e8re, Paul Mitchell annon\u00e7ait dans une interview \u00e0 Nice-Matin et \u00e0 L&rsquo;\u00c9quipe son prochain d\u00e9part de l&rsquo;AS Monaco. Mais les contours de celui-ci, et surtout la date, sont encore tr\u00e8s incertains. Si Paul Mitchell a refus\u00e9 de prolonger et doit d&rsquo;abord trouver son successeur avant de partir, ce qui peut se faire rapidement [...]","og_url":"https:\/\/www.ladiagonale.net\/index.php\/2023\/03\/31\/le-depart-de-mitchell-reste-flou\/","og_site_name":"La Diagonale","article_published_time":"2023-03-31T17:07:23+00:00","article_modified_time":"2023-04-02T04:37:08+00:00","og_image":[{"width":1160,"height":650,"url":"https:\/\/www.ladiagonale.net\/wp-content\/uploads\/2023\/02\/mitchelle-clement.png","type":"image\/png"}],"author":"Damien Dellerba","twitter_card":"summary_large_image","twitter_image":"https:\/\/www.ladiagonale.net\/wp-content\/uploads\/2023\/02\/mitchelle-clement.png","twitter_misc":{"\u00c9crit par":"Damien Dellerba","Dur\u00e9e de lecture estim\u00e9e":"3 minutes"},"schema":{"@context":"https:\/\/schema.org","@graph":[{"@type":"WebPage","@id":"https:\/\/www.ladiagonale.net\/index.php\/2023\/03\/31\/le-depart-de-mitchell-reste-flou\/","url":"https:\/\/www.ladiagonale.net\/index.php\/2023\/03\/31\/le-depart-de-mitchell-reste-flou\/","name":"Le d\u00e9part de Mitchell reste flou - La Diagonale","isPartOf":{"@id":"https:\/\/www.ladiagonale.net\/#website"},"datePublished":"2023-03-31T17:07:23+00:00","dateModified":"2023-04-02T04:37:08+00:00","author":{"@id":"https:\/\/www.ladiagonale.net\/#\/schema\/person\/79ff1e7b0853ed01b2aa26e64ad300bf"},"breadcrumb":{"@id":"https:\/\/www.ladiagonale.net\/index.php\/2023\/03\/31\/le-depart-de-mitchell-reste-flou\/#breadcrumb"},"inLanguage":"fr-FR","potentialAction":[{"@type":"ReadAction","target":["https:\/\/www.ladiagonale.net\/index.php\/2023\/03\/31\/le-depart-de-mitchell-reste-flou\/"]}]},{"@type":"BreadcrumbList","@id":"https:\/\/www.ladiagonale.net\/index.php\/2023\/03\/31\/le-depart-de-mitchell-reste-flou\/#breadcrumb","itemListElement":[{"@type":"ListItem","position":1,"name":"Accueil","item":"https:\/\/www.ladiagonale.net\/"},{"@type":"ListItem","position":2,"name":"Le d\u00e9part de Mitchell reste flou"}]},{"@type":"WebSite","@id":"https:\/\/www.ladiagonale.net\/#website","url":"https:\/\/www.ladiagonale.net\/","name":"La Diagonale","description":"Le site des supporters de l&#039;AS Monaco FC","potentialAction":[{"@type":"SearchAction","target":{"@type":"EntryPoint","urlTemplate":"https:\/\/www.ladiagonale.net\/?s={search_term_string}"},"query-input":"required name=search_term_string"}],"inLanguage":"fr-FR"},{"@type":"Person","@id":"https:\/\/www.ladiagonale.net\/#\/schema\/person\/79ff1e7b0853ed01b2aa26e64ad300bf","name":"Damien Dellerba","image":{"@type":"ImageObject","inLanguage":"fr-FR","@id":"https:\/\/www.ladiagonale.net\/#\/schema\/person\/image\/","url":"https:\/\/secure.gravatar.com\/avatar\/c7850e06d3ff63cdbaee88b7fc16e2f0?s=96&d=mm&r=g","contentUrl":"https:\/\/secure.gravatar.com\/avatar\/c7850e06d3ff63cdbaee88b7fc16e2f0?s=96&d=mm&r=g","caption":"Damien Dellerba"},"url":"https:\/\/www.ladiagonale.net\/index.php\/author\/damien\/"}]}},"_links":{"self":[{"href":"https:\/\/www.ladiagonale.net\/index.php\/wp-json\/wp\/v2\/posts\/11158"}],"collection":[{"href":"https:\/\/www.ladiagonale.net\/index.php\/wp-json\/wp\/v2\/posts"}],"about":[{"href":"https:\/\/www.ladiagonale.net\/index.php\/wp-json\/wp\/v2\/types\/post"}],"author":[{"embeddable":true,"href":"https:\/\/www.ladiagonale.net\/index.php\/wp-json\/wp\/v2\/users\/2"}],"replies":[{"embeddable":true,"href":"https:\/\/www.ladiagonale.net\/index.php\/wp-json\/wp\/v2\/comments?post=11158"}],"version-history":[{"count":2,"href":"https:\/\/www.ladiagonale.net\/index.php\/wp-json\/wp\/v2\/posts\/11158\/revisions"}],"predecessor-version":[{"id":11207,"href":"https:\/\/www.ladiagonale.net\/index.php\/wp-json\/wp\/v2\/posts\/11158\/revisions\/11207"}],"wp:attachment":[{"href":"https:\/\/www.ladiagonale.net\/index.php\/wp-json\/wp\/v2\/media?parent=11158"}],"wp:term":[{"taxonomy":"category","embeddable":true,"href":"https:\/\/www.ladiagonale.net\/index.php\/wp-json\/wp\/v2\/categories?post=11158"},{"taxonomy":"post_tag","embeddable":true,"href":"https:\/\/www.ladiagonale.net\/index.php\/wp-json\/wp\/v2\/tags?post=11158"}],"curies":[{"name":"wp","href":"https:\/\/api.w.org\/{rel}","templated":true}]}}