{"id":11199,"date":"2023-04-02T07:59:00","date_gmt":"2023-04-02T05:59:00","guid":{"rendered":"https:\/\/www.ladiagonale.net\/?p=11199"},"modified":"2023-04-02T06:54:54","modified_gmt":"2023-04-02T04:54:54","slug":"les-compositions-selon-la-presse-vanderson-ailier","status":"publish","type":"post","link":"https:\/\/www.ladiagonale.net\/index.php\/2023\/04\/02\/les-compositions-selon-la-presse-vanderson-ailier\/","title":{"rendered":"Les compositions selon la presse : Vanderson ailier ?"},"content":{"rendered":"\n\n\n<p>Philippe Clement ne pourra pas compter sur Breel Embolo et ses choix en attaque seront limit\u00e9s. Une attaque Ben Yedder-Ben Seghir semble se dessiner pour d\u00e9buter la rencontre. Sur le c\u00f4t\u00e9 droit, <em>L&rsquo;\u00c9quipe<\/em> voit le technicien belge reconduire Vanderson \u00e0 ce poste, plus qu&rsquo;un Diatta peu convaincant. <\/p>\n\n\n\n<p><strong>Le onze mon\u00e9gasque selon<em> L&rsquo;\u00c9quipe<\/em> (4-4-2)<\/strong> : N\u00fcbel &#8211; Aguilar, Disasi, Maripan, C. Henrique &#8211; Vanderson, Camara, Fofana, Golovin &#8211; Ben Seghir, Ben Yedder (cap.).<\/p>\n\n\n\n<p><strong>Le onze mon\u00e9gasque selon <em>Nice-Matin<\/em> (4-4-2)<\/strong> : N\u00fcbel &#8211; Vanderson, Disasi, Maripan, C. Henrique &#8211; Diatta, Fofana, Camara, Golovin &#8211; Ben Seghir, Ben Yedder (cap.).<\/p>\n\n\n\n<p>Pour composer son onze, Fr\u00e9d\u00e9ric Antonetti va devoir faire preuve d&rsquo;imagination en raison des nombreuses absences. L&rsquo;entra\u00eeneur alsacien pourrait \u00eatre tent\u00e9 de monter Jean-Ricner Bellegarde d&rsquo;un cran et devrait aligner Morgan Sanson en soutien de Diallo.<\/p>\n\n\n\n<p><strong>Le onze strasbourgeois selon<em> L&rsquo;\u00c9quipe<\/em> (3-4-1-2)<\/strong> : Sels (cap.) &#8211; Diarra, Doukour\u00e9, Nyamsi &#8211; Guilbert, Aholou, Sissoko, Delaine &#8211; Sanson, Bellegarde &#8211; Diallo.<\/p>\n","protected":false},"excerpt":{"rendered":"<p>Philippe Clement ne pourra pas compter sur Breel Embolo et ses choix en attaque seront limit\u00e9s. Une attaque Ben Yedder-Ben Seghir semble se dessiner pour d\u00e9buter la rencontre. Sur le c\u00f4t\u00e9 droit, L&rsquo;\u00c9quipe voit le technicien belge reconduire Vanderson \u00e0 ce poste, plus qu&rsquo;un Diatta peu convaincant. Le onze mon\u00e9gasque selon L&rsquo;\u00c9quipe (4-4-2) : N\u00fcbel [&#8230;]\n","protected":false},"author":2,"featured_media":0,"comment_status":"open","ping_status":"open","sticky":false,"template":"","format":"standard","meta":[],"categories":[6],"tags":[86,213,94,432],"yoast_head":"<!-- This site is optimized with the Yoast SEO plugin v19.8 - https:\/\/yoast.com\/wordpress\/plugins\/seo\/ -->\n<title>Les compositions selon la presse : Vanderson ailier ? - La Diagonale<\/title>\n<meta name=\"robots\" content=\"index, follow, max-snippet:-1, max-image-preview:large, max-video-preview:-1\" \/>\n<link rel=\"canonical\" href=\"https:\/\/www.ladiagonale.net\/index.php\/2023\/04\/02\/les-compositions-selon-la-presse-vanderson-ailier\/\" \/>\n<meta property=\"og:locale\" content=\"fr_FR\" \/>\n<meta property=\"og:type\" content=\"article\" \/>\n<meta property=\"og:title\" content=\"Les compositions selon la presse : Vanderson ailier ? - La Diagonale\" \/>\n<meta property=\"og:description\" content=\"Philippe Clement ne pourra pas compter sur Breel Embolo et ses choix en attaque seront limit\u00e9s. Une attaque Ben Yedder-Ben Seghir semble se dessiner pour d\u00e9buter la rencontre. Sur le c\u00f4t\u00e9 droit, L&rsquo;\u00c9quipe voit le technicien belge reconduire Vanderson \u00e0 ce poste, plus qu&rsquo;un Diatta peu convaincant. Le onze mon\u00e9gasque selon L&rsquo;\u00c9quipe (4-4-2) : N\u00fcbel [...]\" \/>\n<meta property=\"og:url\" content=\"https:\/\/www.ladiagonale.net\/index.php\/2023\/04\/02\/les-compositions-selon-la-presse-vanderson-ailier\/\" \/>\n<meta property=\"og:site_name\" content=\"La Diagonale\" \/>\n<meta property=\"article:published_time\" content=\"2023-04-02T05:59:00+00:00\" \/>\n<meta property=\"article:modified_time\" content=\"2023-04-02T04:54:54+00:00\" \/>\n<meta property=\"og:image\" content=\"https:\/\/www.ladiagonale.net\/wp-content\/uploads\/2023\/01\/vanderson2.png\" \/>\n\t<meta property=\"og:image:width\" content=\"1160\" \/>\n\t<meta property=\"og:image:height\" content=\"650\" \/>\n\t<meta property=\"og:image:type\" content=\"image\/png\" \/>\n<meta name=\"author\" content=\"Damien Dellerba\" \/>\n<meta name=\"twitter:card\" content=\"summary_large_image\" \/>\n<meta name=\"twitter:image\" content=\"https:\/\/www.ladiagonale.net\/wp-content\/uploads\/2023\/01\/vanderson2.png\" \/>\n<meta name=\"twitter:label1\" content=\"\u00c9crit par\" \/>\n\t<meta name=\"twitter:data1\" content=\"Damien Dellerba\" \/>\n\t<meta name=\"twitter:label2\" content=\"Dur\u00e9e de lecture estim\u00e9e\" \/>\n\t<meta name=\"twitter:data2\" content=\"1 minute\" \/>\n<script type=\"application\/ld+json\" class=\"yoast-schema-graph\">{\"@context\":\"https:\/\/schema.org\",\"@graph\":[{\"@type\":\"WebPage\",\"@id\":\"https:\/\/www.ladiagonale.net\/index.php\/2023\/04\/02\/les-compositions-selon-la-presse-vanderson-ailier\/\",\"url\":\"https:\/\/www.ladiagonale.net\/index.php\/2023\/04\/02\/les-compositions-selon-la-presse-vanderson-ailier\/\",\"name\":\"Les compositions selon la presse : Vanderson ailier ? - La Diagonale\",\"isPartOf\":{\"@id\":\"https:\/\/www.ladiagonale.net\/#website\"},\"datePublished\":\"2023-04-02T05:59:00+00:00\",\"dateModified\":\"2023-04-02T04:54:54+00:00\",\"author\":{\"@id\":\"https:\/\/www.ladiagonale.net\/#\/schema\/person\/79ff1e7b0853ed01b2aa26e64ad300bf\"},\"breadcrumb\":{\"@id\":\"https:\/\/www.ladiagonale.net\/index.php\/2023\/04\/02\/les-compositions-selon-la-presse-vanderson-ailier\/#breadcrumb\"},\"inLanguage\":\"fr-FR\",\"potentialAction\":[{\"@type\":\"ReadAction\",\"target\":[\"https:\/\/www.ladiagonale.net\/index.php\/2023\/04\/02\/les-compositions-selon-la-presse-vanderson-ailier\/\"]}]},{\"@type\":\"BreadcrumbList\",\"@id\":\"https:\/\/www.ladiagonale.net\/index.php\/2023\/04\/02\/les-compositions-selon-la-presse-vanderson-ailier\/#breadcrumb\",\"itemListElement\":[{\"@type\":\"ListItem\",\"position\":1,\"name\":\"Accueil\",\"item\":\"https:\/\/www.ladiagonale.net\/\"},{\"@type\":\"ListItem\",\"position\":2,\"name\":\"Les compositions selon la presse : Vanderson ailier ?\"}]},{\"@type\":\"WebSite\",\"@id\":\"https:\/\/www.ladiagonale.net\/#website\",\"url\":\"https:\/\/www.ladiagonale.net\/\",\"name\":\"La Diagonale\",\"description\":\"Le site des supporters de l&#039;AS Monaco FC\",\"potentialAction\":[{\"@type\":\"SearchAction\",\"target\":{\"@type\":\"EntryPoint\",\"urlTemplate\":\"https:\/\/www.ladiagonale.net\/?s={search_term_string}\"},\"query-input\":\"required name=search_term_string\"}],\"inLanguage\":\"fr-FR\"},{\"@type\":\"Person\",\"@id\":\"https:\/\/www.ladiagonale.net\/#\/schema\/person\/79ff1e7b0853ed01b2aa26e64ad300bf\",\"name\":\"Damien Dellerba\",\"image\":{\"@type\":\"ImageObject\",\"inLanguage\":\"fr-FR\",\"@id\":\"https:\/\/www.ladiagonale.net\/#\/schema\/person\/image\/\",\"url\":\"https:\/\/secure.gravatar.com\/avatar\/c7850e06d3ff63cdbaee88b7fc16e2f0?s=96&d=mm&r=g\",\"contentUrl\":\"https:\/\/secure.gravatar.com\/avatar\/c7850e06d3ff63cdbaee88b7fc16e2f0?s=96&d=mm&r=g\",\"caption\":\"Damien Dellerba\"},\"url\":\"https:\/\/www.ladiagonale.net\/index.php\/author\/damien\/\"}]}<\/script>\n<!-- \/ Yoast SEO plugin. -->","yoast_head_json":{"title":"Les compositions selon la presse : Vanderson ailier ? - La Diagonale","robots":{"index":"index","follow":"follow","max-snippet":"max-snippet:-1","max-image-preview":"max-image-preview:large","max-video-preview":"max-video-preview:-1"},"canonical":"https:\/\/www.ladiagonale.net\/index.php\/2023\/04\/02\/les-compositions-selon-la-presse-vanderson-ailier\/","og_locale":"fr_FR","og_type":"article","og_title":"Les compositions selon la presse : Vanderson ailier ? - La Diagonale","og_description":"Philippe Clement ne pourra pas compter sur Breel Embolo et ses choix en attaque seront limit\u00e9s. Une attaque Ben Yedder-Ben Seghir semble se dessiner pour d\u00e9buter la rencontre. Sur le c\u00f4t\u00e9 droit, L&rsquo;\u00c9quipe voit le technicien belge reconduire Vanderson \u00e0 ce poste, plus qu&rsquo;un Diatta peu convaincant. Le onze mon\u00e9gasque selon L&rsquo;\u00c9quipe (4-4-2) : N\u00fcbel [...]","og_url":"https:\/\/www.ladiagonale.net\/index.php\/2023\/04\/02\/les-compositions-selon-la-presse-vanderson-ailier\/","og_site_name":"La Diagonale","article_published_time":"2023-04-02T05:59:00+00:00","article_modified_time":"2023-04-02T04:54:54+00:00","og_image":[{"width":1160,"height":650,"url":"https:\/\/www.ladiagonale.net\/wp-content\/uploads\/2023\/01\/vanderson2.png","type":"image\/png"}],"author":"Damien Dellerba","twitter_card":"summary_large_image","twitter_image":"https:\/\/www.ladiagonale.net\/wp-content\/uploads\/2023\/01\/vanderson2.png","twitter_misc":{"\u00c9crit par":"Damien Dellerba","Dur\u00e9e de lecture estim\u00e9e":"1 minute"},"schema":{"@context":"https:\/\/schema.org","@graph":[{"@type":"WebPage","@id":"https:\/\/www.ladiagonale.net\/index.php\/2023\/04\/02\/les-compositions-selon-la-presse-vanderson-ailier\/","url":"https:\/\/www.ladiagonale.net\/index.php\/2023\/04\/02\/les-compositions-selon-la-presse-vanderson-ailier\/","name":"Les compositions selon la presse : Vanderson ailier ? - La Diagonale","isPartOf":{"@id":"https:\/\/www.ladiagonale.net\/#website"},"datePublished":"2023-04-02T05:59:00+00:00","dateModified":"2023-04-02T04:54:54+00:00","author":{"@id":"https:\/\/www.ladiagonale.net\/#\/schema\/person\/79ff1e7b0853ed01b2aa26e64ad300bf"},"breadcrumb":{"@id":"https:\/\/www.ladiagonale.net\/index.php\/2023\/04\/02\/les-compositions-selon-la-presse-vanderson-ailier\/#breadcrumb"},"inLanguage":"fr-FR","potentialAction":[{"@type":"ReadAction","target":["https:\/\/www.ladiagonale.net\/index.php\/2023\/04\/02\/les-compositions-selon-la-presse-vanderson-ailier\/"]}]},{"@type":"BreadcrumbList","@id":"https:\/\/www.ladiagonale.net\/index.php\/2023\/04\/02\/les-compositions-selon-la-presse-vanderson-ailier\/#breadcrumb","itemListElement":[{"@type":"ListItem","position":1,"name":"Accueil","item":"https:\/\/www.ladiagonale.net\/"},{"@type":"ListItem","position":2,"name":"Les compositions selon la presse : Vanderson ailier ?"}]},{"@type":"WebSite","@id":"https:\/\/www.ladiagonale.net\/#website","url":"https:\/\/www.ladiagonale.net\/","name":"La Diagonale","description":"Le site des supporters de l&#039;AS Monaco FC","potentialAction":[{"@type":"SearchAction","target":{"@type":"EntryPoint","urlTemplate":"https:\/\/www.ladiagonale.net\/?s={search_term_string}"},"query-input":"required name=search_term_string"}],"inLanguage":"fr-FR"},{"@type":"Person","@id":"https:\/\/www.ladiagonale.net\/#\/schema\/person\/79ff1e7b0853ed01b2aa26e64ad300bf","name":"Damien Dellerba","image":{"@type":"ImageObject","inLanguage":"fr-FR","@id":"https:\/\/www.ladiagonale.net\/#\/schema\/person\/image\/","url":"https:\/\/secure.gravatar.com\/avatar\/c7850e06d3ff63cdbaee88b7fc16e2f0?s=96&d=mm&r=g","contentUrl":"https:\/\/secure.gravatar.com\/avatar\/c7850e06d3ff63cdbaee88b7fc16e2f0?s=96&d=mm&r=g","caption":"Damien Dellerba"},"url":"https:\/\/www.ladiagonale.net\/index.php\/author\/damien\/"}]}},"_links":{"self":[{"href":"https:\/\/www.ladiagonale.net\/index.php\/wp-json\/wp\/v2\/posts\/11199"}],"collection":[{"href":"https:\/\/www.ladiagonale.net\/index.php\/wp-json\/wp\/v2\/posts"}],"about":[{"href":"https:\/\/www.ladiagonale.net\/index.php\/wp-json\/wp\/v2\/types\/post"}],"author":[{"embeddable":true,"href":"https:\/\/www.ladiagonale.net\/index.php\/wp-json\/wp\/v2\/users\/2"}],"replies":[{"embeddable":true,"href":"https:\/\/www.ladiagonale.net\/index.php\/wp-json\/wp\/v2\/comments?post=11199"}],"version-history":[{"count":2,"href":"https:\/\/www.ladiagonale.net\/index.php\/wp-json\/wp\/v2\/posts\/11199\/revisions"}],"predecessor-version":[{"id":11208,"href":"https:\/\/www.ladiagonale.net\/index.php\/wp-json\/wp\/v2\/posts\/11199\/revisions\/11208"}],"wp:attachment":[{"href":"https:\/\/www.ladiagonale.net\/index.php\/wp-json\/wp\/v2\/media?parent=11199"}],"wp:term":[{"taxonomy":"category","embeddable":true,"href":"https:\/\/www.ladiagonale.net\/index.php\/wp-json\/wp\/v2\/categories?post=11199"},{"taxonomy":"post_tag","embeddable":true,"href":"https:\/\/www.ladiagonale.net\/index.php\/wp-json\/wp\/v2\/tags?post=11199"}],"curies":[{"name":"wp","href":"https:\/\/api.w.org\/{rel}","templated":true}]}}