{"id":11206,"date":"2023-04-02T11:28:40","date_gmt":"2023-04-02T09:28:40","guid":{"rendered":"https:\/\/www.ladiagonale.net\/?p=11206"},"modified":"2023-04-02T11:28:47","modified_gmt":"2023-04-02T09:28:47","slug":"monaco-strasbourg-chaines-tv-commentateurs-rediffusion","status":"publish","type":"post","link":"https:\/\/www.ladiagonale.net\/index.php\/2023\/04\/02\/monaco-strasbourg-chaines-tv-commentateurs-rediffusion\/","title":{"rendered":"Monaco-Strasbourg : cha\u00eenes TV, commentateurs, rediffusion"},"content":{"rendered":"\n\n\n<p>L&rsquo;AS Monaco re\u00e7oit Strasbourg ce dimanche (17h05), dans le cadre de la 29<sup>e<\/sup> journ\u00e9e de Ligue 1. La rencontre sera retransmise \u00e0 la fois par sur <em>Prime Video<\/em> et sur <em>Canal+ Foot.<\/em> Sur la cha\u00eene crypt\u00e9e, la prise d&rsquo;antenne se fera \u00e0 16h57. Deux rediffusions sont pr\u00e9vues, \u00e0 23h43 le soir m\u00eame et \u00e0 10h13 le lendemain matin.<\/p>\n\n\n\n<p>Pour <em>Prime Video<\/em>, la retransmission d\u00e9butera \u00e0 16h40 depuis le stade Louis-II. La pr\u00e9sentation du match sera assur\u00e9e par Leslie Boitrelle. Sma\u00efl Bouabdellah sera le commentateur et deux consultants seront employ\u00e9s sur cette rencontre : J\u00e9r\u00f4me Alonzo et Benjamin Nivet. Le micro du bord terrain sera confi\u00e9 \u00e0 David Astorga. Un replay du match sera disponible quinze minutes apr\u00e8s la fin de la retransmission et ce durant sept jours.<\/p>\n\n\n\n<p>Source : <a href=\"https:\/\/twitter.com\/EnPleineLucarne\">En Pleine Lucarne<\/a><\/p>\n","protected":false},"excerpt":{"rendered":"<p>L&rsquo;AS Monaco re\u00e7oit Strasbourg ce dimanche (17h05), dans le cadre de la 29e journ\u00e9e de Ligue 1. La rencontre sera retransmise \u00e0 la fois par sur Prime Video et sur Canal+ Foot. Sur la cha\u00eene crypt\u00e9e, la prise d&rsquo;antenne se fera \u00e0 16h57. Deux rediffusions sont pr\u00e9vues, \u00e0 23h43 le soir m\u00eame et \u00e0 10h13 [&#8230;]\n","protected":false},"author":2,"featured_media":0,"comment_status":"open","ping_status":"open","sticky":false,"template":"","format":"standard","meta":[],"categories":[6],"tags":[86,235,94,432],"yoast_head":"<!-- This site is optimized with the Yoast SEO plugin v19.8 - https:\/\/yoast.com\/wordpress\/plugins\/seo\/ -->\n<title>Monaco-Strasbourg : cha\u00eenes TV, commentateurs, rediffusion - La Diagonale<\/title>\n<meta name=\"robots\" content=\"index, follow, max-snippet:-1, max-image-preview:large, max-video-preview:-1\" \/>\n<link rel=\"canonical\" href=\"https:\/\/www.ladiagonale.net\/index.php\/2023\/04\/02\/monaco-strasbourg-chaines-tv-commentateurs-rediffusion\/\" \/>\n<meta property=\"og:locale\" content=\"fr_FR\" \/>\n<meta property=\"og:type\" content=\"article\" \/>\n<meta property=\"og:title\" content=\"Monaco-Strasbourg : cha\u00eenes TV, commentateurs, rediffusion - La Diagonale\" \/>\n<meta property=\"og:description\" content=\"L&rsquo;AS Monaco re\u00e7oit Strasbourg ce dimanche (17h05), dans le cadre de la 29e journ\u00e9e de Ligue 1. La rencontre sera retransmise \u00e0 la fois par sur Prime Video et sur Canal+ Foot. Sur la cha\u00eene crypt\u00e9e, la prise d&rsquo;antenne se fera \u00e0 16h57. Deux rediffusions sont pr\u00e9vues, \u00e0 23h43 le soir m\u00eame et \u00e0 10h13 [...]\" \/>\n<meta property=\"og:url\" content=\"https:\/\/www.ladiagonale.net\/index.php\/2023\/04\/02\/monaco-strasbourg-chaines-tv-commentateurs-rediffusion\/\" \/>\n<meta property=\"og:site_name\" content=\"La Diagonale\" \/>\n<meta property=\"article:published_time\" content=\"2023-04-02T09:28:40+00:00\" \/>\n<meta property=\"article:modified_time\" content=\"2023-04-02T09:28:47+00:00\" \/>\n<meta property=\"og:image\" content=\"https:\/\/www.ladiagonale.net\/wp-content\/uploads\/2022\/10\/prime.png\" \/>\n\t<meta property=\"og:image:width\" content=\"1160\" \/>\n\t<meta property=\"og:image:height\" content=\"650\" \/>\n\t<meta property=\"og:image:type\" content=\"image\/png\" \/>\n<meta name=\"author\" content=\"Damien Dellerba\" \/>\n<meta name=\"twitter:card\" content=\"summary_large_image\" \/>\n<meta name=\"twitter:image\" content=\"https:\/\/www.ladiagonale.net\/wp-content\/uploads\/2022\/10\/prime.png\" \/>\n<meta name=\"twitter:label1\" content=\"\u00c9crit par\" \/>\n\t<meta name=\"twitter:data1\" content=\"Damien Dellerba\" \/>\n\t<meta name=\"twitter:label2\" content=\"Dur\u00e9e de lecture estim\u00e9e\" \/>\n\t<meta name=\"twitter:data2\" content=\"1 minute\" \/>\n<script type=\"application\/ld+json\" class=\"yoast-schema-graph\">{\"@context\":\"https:\/\/schema.org\",\"@graph\":[{\"@type\":\"WebPage\",\"@id\":\"https:\/\/www.ladiagonale.net\/index.php\/2023\/04\/02\/monaco-strasbourg-chaines-tv-commentateurs-rediffusion\/\",\"url\":\"https:\/\/www.ladiagonale.net\/index.php\/2023\/04\/02\/monaco-strasbourg-chaines-tv-commentateurs-rediffusion\/\",\"name\":\"Monaco-Strasbourg : cha\u00eenes TV, commentateurs, rediffusion - La Diagonale\",\"isPartOf\":{\"@id\":\"https:\/\/www.ladiagonale.net\/#website\"},\"datePublished\":\"2023-04-02T09:28:40+00:00\",\"dateModified\":\"2023-04-02T09:28:47+00:00\",\"author\":{\"@id\":\"https:\/\/www.ladiagonale.net\/#\/schema\/person\/79ff1e7b0853ed01b2aa26e64ad300bf\"},\"breadcrumb\":{\"@id\":\"https:\/\/www.ladiagonale.net\/index.php\/2023\/04\/02\/monaco-strasbourg-chaines-tv-commentateurs-rediffusion\/#breadcrumb\"},\"inLanguage\":\"fr-FR\",\"potentialAction\":[{\"@type\":\"ReadAction\",\"target\":[\"https:\/\/www.ladiagonale.net\/index.php\/2023\/04\/02\/monaco-strasbourg-chaines-tv-commentateurs-rediffusion\/\"]}]},{\"@type\":\"BreadcrumbList\",\"@id\":\"https:\/\/www.ladiagonale.net\/index.php\/2023\/04\/02\/monaco-strasbourg-chaines-tv-commentateurs-rediffusion\/#breadcrumb\",\"itemListElement\":[{\"@type\":\"ListItem\",\"position\":1,\"name\":\"Accueil\",\"item\":\"https:\/\/www.ladiagonale.net\/\"},{\"@type\":\"ListItem\",\"position\":2,\"name\":\"Monaco-Strasbourg : cha\u00eenes TV, commentateurs, rediffusion\"}]},{\"@type\":\"WebSite\",\"@id\":\"https:\/\/www.ladiagonale.net\/#website\",\"url\":\"https:\/\/www.ladiagonale.net\/\",\"name\":\"La Diagonale\",\"description\":\"Le site des supporters de l&#039;AS Monaco FC\",\"potentialAction\":[{\"@type\":\"SearchAction\",\"target\":{\"@type\":\"EntryPoint\",\"urlTemplate\":\"https:\/\/www.ladiagonale.net\/?s={search_term_string}\"},\"query-input\":\"required name=search_term_string\"}],\"inLanguage\":\"fr-FR\"},{\"@type\":\"Person\",\"@id\":\"https:\/\/www.ladiagonale.net\/#\/schema\/person\/79ff1e7b0853ed01b2aa26e64ad300bf\",\"name\":\"Damien Dellerba\",\"image\":{\"@type\":\"ImageObject\",\"inLanguage\":\"fr-FR\",\"@id\":\"https:\/\/www.ladiagonale.net\/#\/schema\/person\/image\/\",\"url\":\"https:\/\/secure.gravatar.com\/avatar\/c7850e06d3ff63cdbaee88b7fc16e2f0?s=96&d=mm&r=g\",\"contentUrl\":\"https:\/\/secure.gravatar.com\/avatar\/c7850e06d3ff63cdbaee88b7fc16e2f0?s=96&d=mm&r=g\",\"caption\":\"Damien Dellerba\"},\"url\":\"https:\/\/www.ladiagonale.net\/index.php\/author\/damien\/\"}]}<\/script>\n<!-- \/ Yoast SEO plugin. -->","yoast_head_json":{"title":"Monaco-Strasbourg : cha\u00eenes TV, commentateurs, rediffusion - La Diagonale","robots":{"index":"index","follow":"follow","max-snippet":"max-snippet:-1","max-image-preview":"max-image-preview:large","max-video-preview":"max-video-preview:-1"},"canonical":"https:\/\/www.ladiagonale.net\/index.php\/2023\/04\/02\/monaco-strasbourg-chaines-tv-commentateurs-rediffusion\/","og_locale":"fr_FR","og_type":"article","og_title":"Monaco-Strasbourg : cha\u00eenes TV, commentateurs, rediffusion - La Diagonale","og_description":"L&rsquo;AS Monaco re\u00e7oit Strasbourg ce dimanche (17h05), dans le cadre de la 29e journ\u00e9e de Ligue 1. La rencontre sera retransmise \u00e0 la fois par sur Prime Video et sur Canal+ Foot. Sur la cha\u00eene crypt\u00e9e, la prise d&rsquo;antenne se fera \u00e0 16h57. Deux rediffusions sont pr\u00e9vues, \u00e0 23h43 le soir m\u00eame et \u00e0 10h13 [...]","og_url":"https:\/\/www.ladiagonale.net\/index.php\/2023\/04\/02\/monaco-strasbourg-chaines-tv-commentateurs-rediffusion\/","og_site_name":"La Diagonale","article_published_time":"2023-04-02T09:28:40+00:00","article_modified_time":"2023-04-02T09:28:47+00:00","og_image":[{"width":1160,"height":650,"url":"https:\/\/www.ladiagonale.net\/wp-content\/uploads\/2022\/10\/prime.png","type":"image\/png"}],"author":"Damien Dellerba","twitter_card":"summary_large_image","twitter_image":"https:\/\/www.ladiagonale.net\/wp-content\/uploads\/2022\/10\/prime.png","twitter_misc":{"\u00c9crit par":"Damien Dellerba","Dur\u00e9e de lecture estim\u00e9e":"1 minute"},"schema":{"@context":"https:\/\/schema.org","@graph":[{"@type":"WebPage","@id":"https:\/\/www.ladiagonale.net\/index.php\/2023\/04\/02\/monaco-strasbourg-chaines-tv-commentateurs-rediffusion\/","url":"https:\/\/www.ladiagonale.net\/index.php\/2023\/04\/02\/monaco-strasbourg-chaines-tv-commentateurs-rediffusion\/","name":"Monaco-Strasbourg : cha\u00eenes TV, commentateurs, rediffusion - La Diagonale","isPartOf":{"@id":"https:\/\/www.ladiagonale.net\/#website"},"datePublished":"2023-04-02T09:28:40+00:00","dateModified":"2023-04-02T09:28:47+00:00","author":{"@id":"https:\/\/www.ladiagonale.net\/#\/schema\/person\/79ff1e7b0853ed01b2aa26e64ad300bf"},"breadcrumb":{"@id":"https:\/\/www.ladiagonale.net\/index.php\/2023\/04\/02\/monaco-strasbourg-chaines-tv-commentateurs-rediffusion\/#breadcrumb"},"inLanguage":"fr-FR","potentialAction":[{"@type":"ReadAction","target":["https:\/\/www.ladiagonale.net\/index.php\/2023\/04\/02\/monaco-strasbourg-chaines-tv-commentateurs-rediffusion\/"]}]},{"@type":"BreadcrumbList","@id":"https:\/\/www.ladiagonale.net\/index.php\/2023\/04\/02\/monaco-strasbourg-chaines-tv-commentateurs-rediffusion\/#breadcrumb","itemListElement":[{"@type":"ListItem","position":1,"name":"Accueil","item":"https:\/\/www.ladiagonale.net\/"},{"@type":"ListItem","position":2,"name":"Monaco-Strasbourg : cha\u00eenes TV, commentateurs, rediffusion"}]},{"@type":"WebSite","@id":"https:\/\/www.ladiagonale.net\/#website","url":"https:\/\/www.ladiagonale.net\/","name":"La Diagonale","description":"Le site des supporters de l&#039;AS Monaco FC","potentialAction":[{"@type":"SearchAction","target":{"@type":"EntryPoint","urlTemplate":"https:\/\/www.ladiagonale.net\/?s={search_term_string}"},"query-input":"required name=search_term_string"}],"inLanguage":"fr-FR"},{"@type":"Person","@id":"https:\/\/www.ladiagonale.net\/#\/schema\/person\/79ff1e7b0853ed01b2aa26e64ad300bf","name":"Damien Dellerba","image":{"@type":"ImageObject","inLanguage":"fr-FR","@id":"https:\/\/www.ladiagonale.net\/#\/schema\/person\/image\/","url":"https:\/\/secure.gravatar.com\/avatar\/c7850e06d3ff63cdbaee88b7fc16e2f0?s=96&d=mm&r=g","contentUrl":"https:\/\/secure.gravatar.com\/avatar\/c7850e06d3ff63cdbaee88b7fc16e2f0?s=96&d=mm&r=g","caption":"Damien Dellerba"},"url":"https:\/\/www.ladiagonale.net\/index.php\/author\/damien\/"}]}},"_links":{"self":[{"href":"https:\/\/www.ladiagonale.net\/index.php\/wp-json\/wp\/v2\/posts\/11206"}],"collection":[{"href":"https:\/\/www.ladiagonale.net\/index.php\/wp-json\/wp\/v2\/posts"}],"about":[{"href":"https:\/\/www.ladiagonale.net\/index.php\/wp-json\/wp\/v2\/types\/post"}],"author":[{"embeddable":true,"href":"https:\/\/www.ladiagonale.net\/index.php\/wp-json\/wp\/v2\/users\/2"}],"replies":[{"embeddable":true,"href":"https:\/\/www.ladiagonale.net\/index.php\/wp-json\/wp\/v2\/comments?post=11206"}],"version-history":[{"count":1,"href":"https:\/\/www.ladiagonale.net\/index.php\/wp-json\/wp\/v2\/posts\/11206\/revisions"}],"predecessor-version":[{"id":11209,"href":"https:\/\/www.ladiagonale.net\/index.php\/wp-json\/wp\/v2\/posts\/11206\/revisions\/11209"}],"wp:attachment":[{"href":"https:\/\/www.ladiagonale.net\/index.php\/wp-json\/wp\/v2\/media?parent=11206"}],"wp:term":[{"taxonomy":"category","embeddable":true,"href":"https:\/\/www.ladiagonale.net\/index.php\/wp-json\/wp\/v2\/categories?post=11206"},{"taxonomy":"post_tag","embeddable":true,"href":"https:\/\/www.ladiagonale.net\/index.php\/wp-json\/wp\/v2\/tags?post=11206"}],"curies":[{"name":"wp","href":"https:\/\/api.w.org\/{rel}","templated":true}]}}