{"id":11212,"date":"2023-04-02T15:54:03","date_gmt":"2023-04-02T13:54:03","guid":{"rendered":"https:\/\/www.ladiagonale.net\/?p=11212"},"modified":"2023-04-02T15:54:05","modified_gmt":"2023-04-02T13:54:05","slug":"les-u19-battus-a-ajaccio-en-inferiorite-numerique","status":"publish","type":"post","link":"https:\/\/www.ladiagonale.net\/index.php\/2023\/04\/02\/les-u19-battus-a-ajaccio-en-inferiorite-numerique\/","title":{"rendered":"Les U19 battus \u00e0 Ajaccio en inf\u00e9riorit\u00e9 num\u00e9rique"},"content":{"rendered":"\n\n\n<p>Les U19 de l&rsquo;AS Monaco ont v\u00e9cu un samedi cauchemardesque en Corse. Les hommes de Fr\u00e9d\u00e9ric Barilaro se sont inclin\u00e9s pour la 10e fois de la saison en championnat face \u00e0 l&rsquo;AC Ajaccio (2-0). Les jeunes pousses as\u00e9mistes ont d\u00fb proc\u00e9der au remplacement de B\u00e9chir Yacoub pr\u00e9matur\u00e9ment (21e) et ont surtout disput\u00e9 la majeure partie de la rencontre \u00e0 dix, apr\u00e8s l&rsquo;expulsion de son gardien, Yanis Benchaouch, \u00e0 la demi-heure de jeu.<\/p>\n\n\n\n<p class=\"has-white-color has-text-color has-background\" style=\"background-color:#303030\"><a href=\"https:\/\/www.ladiagonale.net\/index.php\/event\/ajaccio-u19-monaco-u19\/\">Voir la feuille de match<\/a><\/p>\n\n\n\n<p>Face \u00e0 ces faits de jeu, l&rsquo;ASM n&rsquo;a pas \u00e9t\u00e9 en mesure de relever la t\u00eate pour ramener un petit quelque chose de son d\u00e9placement sur l&rsquo;\u00cele de Beaut\u00e9. Une d\u00e9faite qui place les Mon\u00e9gasques en posture d\u00e9licate dans leur poule du championnat national. Les Rouge et Blanc occupent provisoirement le 8e rang au classement avec 30 points et voient l&rsquo;OGC Nice passer devant. Le SC Air Bel, premier rel\u00e9gable, n&rsquo;est qu&rsquo;\u00e0 quatre points avec un match en moins.<\/p>\n","protected":false},"excerpt":{"rendered":"<p>Les U19 de l&rsquo;AS Monaco ont v\u00e9cu un samedi cauchemardesque en Corse. Les hommes de Fr\u00e9d\u00e9ric Barilaro se sont inclin\u00e9s pour la 10e fois de la saison en championnat face \u00e0 l&rsquo;AC Ajaccio (2-0). Les jeunes pousses as\u00e9mistes ont d\u00fb proc\u00e9der au remplacement de B\u00e9chir Yacoub pr\u00e9matur\u00e9ment (21e) et ont surtout disput\u00e9 la majeure partie [&#8230;]\n","protected":false},"author":2,"featured_media":0,"comment_status":"open","ping_status":"open","sticky":false,"template":"","format":"standard","meta":[],"categories":[6],"tags":[76,86,112],"yoast_head":"<!-- This site is optimized with the Yoast SEO plugin v19.8 - https:\/\/yoast.com\/wordpress\/plugins\/seo\/ -->\n<title>Les U19 battus \u00e0 Ajaccio en inf\u00e9riorit\u00e9 num\u00e9rique - La Diagonale<\/title>\n<meta name=\"robots\" content=\"index, follow, max-snippet:-1, max-image-preview:large, max-video-preview:-1\" \/>\n<link rel=\"canonical\" href=\"https:\/\/www.ladiagonale.net\/index.php\/2023\/04\/02\/les-u19-battus-a-ajaccio-en-inferiorite-numerique\/\" \/>\n<meta property=\"og:locale\" content=\"fr_FR\" \/>\n<meta property=\"og:type\" content=\"article\" \/>\n<meta property=\"og:title\" content=\"Les U19 battus \u00e0 Ajaccio en inf\u00e9riorit\u00e9 num\u00e9rique - La Diagonale\" \/>\n<meta property=\"og:description\" content=\"Les U19 de l&rsquo;AS Monaco ont v\u00e9cu un samedi cauchemardesque en Corse. Les hommes de Fr\u00e9d\u00e9ric Barilaro se sont inclin\u00e9s pour la 10e fois de la saison en championnat face \u00e0 l&rsquo;AC Ajaccio (2-0). Les jeunes pousses as\u00e9mistes ont d\u00fb proc\u00e9der au remplacement de B\u00e9chir Yacoub pr\u00e9matur\u00e9ment (21e) et ont surtout disput\u00e9 la majeure partie [...]\" \/>\n<meta property=\"og:url\" content=\"https:\/\/www.ladiagonale.net\/index.php\/2023\/04\/02\/les-u19-battus-a-ajaccio-en-inferiorite-numerique\/\" \/>\n<meta property=\"og:site_name\" content=\"La Diagonale\" \/>\n<meta property=\"article:published_time\" content=\"2023-04-02T13:54:03+00:00\" \/>\n<meta property=\"article:modified_time\" content=\"2023-04-02T13:54:05+00:00\" \/>\n<meta property=\"og:image\" content=\"https:\/\/www.ladiagonale.net\/wp-content\/uploads\/2023\/04\/benchaouch.png\" \/>\n\t<meta property=\"og:image:width\" content=\"1160\" \/>\n\t<meta property=\"og:image:height\" content=\"650\" \/>\n\t<meta property=\"og:image:type\" content=\"image\/png\" \/>\n<meta name=\"author\" content=\"Damien Dellerba\" \/>\n<meta name=\"twitter:card\" content=\"summary_large_image\" \/>\n<meta name=\"twitter:image\" content=\"https:\/\/www.ladiagonale.net\/wp-content\/uploads\/2023\/04\/benchaouch.png\" \/>\n<meta name=\"twitter:label1\" content=\"\u00c9crit par\" \/>\n\t<meta name=\"twitter:data1\" content=\"Damien Dellerba\" \/>\n\t<meta name=\"twitter:label2\" content=\"Dur\u00e9e de lecture estim\u00e9e\" \/>\n\t<meta name=\"twitter:data2\" content=\"1 minute\" \/>\n<script type=\"application\/ld+json\" class=\"yoast-schema-graph\">{\"@context\":\"https:\/\/schema.org\",\"@graph\":[{\"@type\":\"WebPage\",\"@id\":\"https:\/\/www.ladiagonale.net\/index.php\/2023\/04\/02\/les-u19-battus-a-ajaccio-en-inferiorite-numerique\/\",\"url\":\"https:\/\/www.ladiagonale.net\/index.php\/2023\/04\/02\/les-u19-battus-a-ajaccio-en-inferiorite-numerique\/\",\"name\":\"Les U19 battus \u00e0 Ajaccio en inf\u00e9riorit\u00e9 num\u00e9rique - La Diagonale\",\"isPartOf\":{\"@id\":\"https:\/\/www.ladiagonale.net\/#website\"},\"datePublished\":\"2023-04-02T13:54:03+00:00\",\"dateModified\":\"2023-04-02T13:54:05+00:00\",\"author\":{\"@id\":\"https:\/\/www.ladiagonale.net\/#\/schema\/person\/79ff1e7b0853ed01b2aa26e64ad300bf\"},\"breadcrumb\":{\"@id\":\"https:\/\/www.ladiagonale.net\/index.php\/2023\/04\/02\/les-u19-battus-a-ajaccio-en-inferiorite-numerique\/#breadcrumb\"},\"inLanguage\":\"fr-FR\",\"potentialAction\":[{\"@type\":\"ReadAction\",\"target\":[\"https:\/\/www.ladiagonale.net\/index.php\/2023\/04\/02\/les-u19-battus-a-ajaccio-en-inferiorite-numerique\/\"]}]},{\"@type\":\"BreadcrumbList\",\"@id\":\"https:\/\/www.ladiagonale.net\/index.php\/2023\/04\/02\/les-u19-battus-a-ajaccio-en-inferiorite-numerique\/#breadcrumb\",\"itemListElement\":[{\"@type\":\"ListItem\",\"position\":1,\"name\":\"Accueil\",\"item\":\"https:\/\/www.ladiagonale.net\/\"},{\"@type\":\"ListItem\",\"position\":2,\"name\":\"Les U19 battus \u00e0 Ajaccio en inf\u00e9riorit\u00e9 num\u00e9rique\"}]},{\"@type\":\"WebSite\",\"@id\":\"https:\/\/www.ladiagonale.net\/#website\",\"url\":\"https:\/\/www.ladiagonale.net\/\",\"name\":\"La Diagonale\",\"description\":\"Le site des supporters de l&#039;AS Monaco FC\",\"potentialAction\":[{\"@type\":\"SearchAction\",\"target\":{\"@type\":\"EntryPoint\",\"urlTemplate\":\"https:\/\/www.ladiagonale.net\/?s={search_term_string}\"},\"query-input\":\"required name=search_term_string\"}],\"inLanguage\":\"fr-FR\"},{\"@type\":\"Person\",\"@id\":\"https:\/\/www.ladiagonale.net\/#\/schema\/person\/79ff1e7b0853ed01b2aa26e64ad300bf\",\"name\":\"Damien Dellerba\",\"image\":{\"@type\":\"ImageObject\",\"inLanguage\":\"fr-FR\",\"@id\":\"https:\/\/www.ladiagonale.net\/#\/schema\/person\/image\/\",\"url\":\"https:\/\/secure.gravatar.com\/avatar\/c7850e06d3ff63cdbaee88b7fc16e2f0?s=96&d=mm&r=g\",\"contentUrl\":\"https:\/\/secure.gravatar.com\/avatar\/c7850e06d3ff63cdbaee88b7fc16e2f0?s=96&d=mm&r=g\",\"caption\":\"Damien Dellerba\"},\"url\":\"https:\/\/www.ladiagonale.net\/index.php\/author\/damien\/\"}]}<\/script>\n<!-- \/ Yoast SEO plugin. -->","yoast_head_json":{"title":"Les U19 battus \u00e0 Ajaccio en inf\u00e9riorit\u00e9 num\u00e9rique - La Diagonale","robots":{"index":"index","follow":"follow","max-snippet":"max-snippet:-1","max-image-preview":"max-image-preview:large","max-video-preview":"max-video-preview:-1"},"canonical":"https:\/\/www.ladiagonale.net\/index.php\/2023\/04\/02\/les-u19-battus-a-ajaccio-en-inferiorite-numerique\/","og_locale":"fr_FR","og_type":"article","og_title":"Les U19 battus \u00e0 Ajaccio en inf\u00e9riorit\u00e9 num\u00e9rique - La Diagonale","og_description":"Les U19 de l&rsquo;AS Monaco ont v\u00e9cu un samedi cauchemardesque en Corse. Les hommes de Fr\u00e9d\u00e9ric Barilaro se sont inclin\u00e9s pour la 10e fois de la saison en championnat face \u00e0 l&rsquo;AC Ajaccio (2-0). Les jeunes pousses as\u00e9mistes ont d\u00fb proc\u00e9der au remplacement de B\u00e9chir Yacoub pr\u00e9matur\u00e9ment (21e) et ont surtout disput\u00e9 la majeure partie [...]","og_url":"https:\/\/www.ladiagonale.net\/index.php\/2023\/04\/02\/les-u19-battus-a-ajaccio-en-inferiorite-numerique\/","og_site_name":"La Diagonale","article_published_time":"2023-04-02T13:54:03+00:00","article_modified_time":"2023-04-02T13:54:05+00:00","og_image":[{"width":1160,"height":650,"url":"https:\/\/www.ladiagonale.net\/wp-content\/uploads\/2023\/04\/benchaouch.png","type":"image\/png"}],"author":"Damien Dellerba","twitter_card":"summary_large_image","twitter_image":"https:\/\/www.ladiagonale.net\/wp-content\/uploads\/2023\/04\/benchaouch.png","twitter_misc":{"\u00c9crit par":"Damien Dellerba","Dur\u00e9e de lecture estim\u00e9e":"1 minute"},"schema":{"@context":"https:\/\/schema.org","@graph":[{"@type":"WebPage","@id":"https:\/\/www.ladiagonale.net\/index.php\/2023\/04\/02\/les-u19-battus-a-ajaccio-en-inferiorite-numerique\/","url":"https:\/\/www.ladiagonale.net\/index.php\/2023\/04\/02\/les-u19-battus-a-ajaccio-en-inferiorite-numerique\/","name":"Les U19 battus \u00e0 Ajaccio en inf\u00e9riorit\u00e9 num\u00e9rique - La Diagonale","isPartOf":{"@id":"https:\/\/www.ladiagonale.net\/#website"},"datePublished":"2023-04-02T13:54:03+00:00","dateModified":"2023-04-02T13:54:05+00:00","author":{"@id":"https:\/\/www.ladiagonale.net\/#\/schema\/person\/79ff1e7b0853ed01b2aa26e64ad300bf"},"breadcrumb":{"@id":"https:\/\/www.ladiagonale.net\/index.php\/2023\/04\/02\/les-u19-battus-a-ajaccio-en-inferiorite-numerique\/#breadcrumb"},"inLanguage":"fr-FR","potentialAction":[{"@type":"ReadAction","target":["https:\/\/www.ladiagonale.net\/index.php\/2023\/04\/02\/les-u19-battus-a-ajaccio-en-inferiorite-numerique\/"]}]},{"@type":"BreadcrumbList","@id":"https:\/\/www.ladiagonale.net\/index.php\/2023\/04\/02\/les-u19-battus-a-ajaccio-en-inferiorite-numerique\/#breadcrumb","itemListElement":[{"@type":"ListItem","position":1,"name":"Accueil","item":"https:\/\/www.ladiagonale.net\/"},{"@type":"ListItem","position":2,"name":"Les U19 battus \u00e0 Ajaccio en inf\u00e9riorit\u00e9 num\u00e9rique"}]},{"@type":"WebSite","@id":"https:\/\/www.ladiagonale.net\/#website","url":"https:\/\/www.ladiagonale.net\/","name":"La Diagonale","description":"Le site des supporters de l&#039;AS Monaco FC","potentialAction":[{"@type":"SearchAction","target":{"@type":"EntryPoint","urlTemplate":"https:\/\/www.ladiagonale.net\/?s={search_term_string}"},"query-input":"required name=search_term_string"}],"inLanguage":"fr-FR"},{"@type":"Person","@id":"https:\/\/www.ladiagonale.net\/#\/schema\/person\/79ff1e7b0853ed01b2aa26e64ad300bf","name":"Damien Dellerba","image":{"@type":"ImageObject","inLanguage":"fr-FR","@id":"https:\/\/www.ladiagonale.net\/#\/schema\/person\/image\/","url":"https:\/\/secure.gravatar.com\/avatar\/c7850e06d3ff63cdbaee88b7fc16e2f0?s=96&d=mm&r=g","contentUrl":"https:\/\/secure.gravatar.com\/avatar\/c7850e06d3ff63cdbaee88b7fc16e2f0?s=96&d=mm&r=g","caption":"Damien Dellerba"},"url":"https:\/\/www.ladiagonale.net\/index.php\/author\/damien\/"}]}},"_links":{"self":[{"href":"https:\/\/www.ladiagonale.net\/index.php\/wp-json\/wp\/v2\/posts\/11212"}],"collection":[{"href":"https:\/\/www.ladiagonale.net\/index.php\/wp-json\/wp\/v2\/posts"}],"about":[{"href":"https:\/\/www.ladiagonale.net\/index.php\/wp-json\/wp\/v2\/types\/post"}],"author":[{"embeddable":true,"href":"https:\/\/www.ladiagonale.net\/index.php\/wp-json\/wp\/v2\/users\/2"}],"replies":[{"embeddable":true,"href":"https:\/\/www.ladiagonale.net\/index.php\/wp-json\/wp\/v2\/comments?post=11212"}],"version-history":[{"count":1,"href":"https:\/\/www.ladiagonale.net\/index.php\/wp-json\/wp\/v2\/posts\/11212\/revisions"}],"predecessor-version":[{"id":11214,"href":"https:\/\/www.ladiagonale.net\/index.php\/wp-json\/wp\/v2\/posts\/11212\/revisions\/11214"}],"wp:attachment":[{"href":"https:\/\/www.ladiagonale.net\/index.php\/wp-json\/wp\/v2\/media?parent=11212"}],"wp:term":[{"taxonomy":"category","embeddable":true,"href":"https:\/\/www.ladiagonale.net\/index.php\/wp-json\/wp\/v2\/categories?post=11212"},{"taxonomy":"post_tag","embeddable":true,"href":"https:\/\/www.ladiagonale.net\/index.php\/wp-json\/wp\/v2\/tags?post=11212"}],"curies":[{"name":"wp","href":"https:\/\/api.w.org\/{rel}","templated":true}]}}