{"id":11215,"date":"2023-04-02T16:10:36","date_gmt":"2023-04-02T14:10:36","guid":{"rendered":"https:\/\/www.ladiagonale.net\/?p=11215"},"modified":"2023-04-02T16:13:19","modified_gmt":"2023-04-02T14:13:19","slug":"les-compositions-avec-vanderson-diatta-absent-de-la-feuille-de-match","status":"publish","type":"post","link":"https:\/\/www.ladiagonale.net\/index.php\/2023\/04\/02\/les-compositions-avec-vanderson-diatta-absent-de-la-feuille-de-match\/","title":{"rendered":"Les compositions : avec Vanderson, Diatta absent de la feuille de match"},"content":{"rendered":"\n\n\n<p>Philippe Clement a d\u00e9cid\u00e9 de reconduire le c\u00f4t\u00e9 droit qu&rsquo;il avait align\u00e9 lors de la derni\u00e8re journ\u00e9e de Ligue 1 contre Ajaccio, avec Ruben Aguilar en d\u00e9fense et Vanderson un cran plus haut. Kr\u00e9pin Diatta n&rsquo;a pas \u00e9t\u00e9 inscrit sur la feuille de match.<\/p>\n\n\n\n<p>Pour le reste, c&rsquo;est une composition classique \u00e0 laquelle on pouvait s&rsquo;attendre, avec notamment une paire Ben Seghir-Ben Yedder pour animer le front de l&rsquo;attaque.<\/p>\n\n\n\n<p>Lienard est l&rsquo;autre joueur en tribune.<\/p>\n\n\n\n<p><strong>AS Monaco (4-4-2)<\/strong> : N\u00fcbel &#8211; Aguilar, Disasi, Maripan, C. Henrique &#8211; Vanderson, Camara, Fofana, Golovin &#8211; Ben Seghir, Ben Yedder (cap.).<\/p>\n\n\n\n<p><em>Rempla\u00e7ants :<\/em> Didillon (g.), Matsima, Jakobs, Matazo, Akliouche, Diop, G. Martins, Minamino, Volland. <\/p>\n\n\n\n<p><strong>RC Strasbourg-Alsace (5-3-2)<\/strong> : Sels (cap.) &#8211; Guilbert, Diarra, Doukour\u00e9, Nyamsi, Delaine &#8211; Aholou, Bellegarde, Sanson &#8211; Mothiba, Diallo.<\/p>\n\n\n\n<p><em>Rempla\u00e7ants :<\/em> Risser (g.), Perrin, Nuss, Sobol, Prcic, Suzuki, Sissoko, Kandil, Jean. <\/p>\n","protected":false},"excerpt":{"rendered":"<p>Philippe Clement a d\u00e9cid\u00e9 de reconduire le c\u00f4t\u00e9 droit qu&rsquo;il avait align\u00e9 lors de la derni\u00e8re journ\u00e9e de Ligue 1 contre Ajaccio, avec Ruben Aguilar en d\u00e9fense et Vanderson un cran plus haut. Kr\u00e9pin Diatta n&rsquo;a pas \u00e9t\u00e9 inscrit sur la feuille de match. Pour le reste, c&rsquo;est une composition classique \u00e0 laquelle on pouvait [&#8230;]\n","protected":false},"author":2,"featured_media":0,"comment_status":"open","ping_status":"open","sticky":false,"template":"","format":"standard","meta":[],"categories":[4,6],"tags":[86,94,432],"yoast_head":"<!-- This site is optimized with the Yoast SEO plugin v19.8 - https:\/\/yoast.com\/wordpress\/plugins\/seo\/ -->\n<title>Les compositions : avec Vanderson, Diatta absent de la feuille de match - La Diagonale<\/title>\n<meta name=\"robots\" content=\"index, follow, max-snippet:-1, max-image-preview:large, max-video-preview:-1\" \/>\n<link rel=\"canonical\" href=\"https:\/\/www.ladiagonale.net\/index.php\/2023\/04\/02\/les-compositions-avec-vanderson-diatta-absent-de-la-feuille-de-match\/\" \/>\n<meta property=\"og:locale\" content=\"fr_FR\" \/>\n<meta property=\"og:type\" content=\"article\" \/>\n<meta property=\"og:title\" content=\"Les compositions : avec Vanderson, Diatta absent de la feuille de match - La Diagonale\" \/>\n<meta property=\"og:description\" content=\"Philippe Clement a d\u00e9cid\u00e9 de reconduire le c\u00f4t\u00e9 droit qu&rsquo;il avait align\u00e9 lors de la derni\u00e8re journ\u00e9e de Ligue 1 contre Ajaccio, avec Ruben Aguilar en d\u00e9fense et Vanderson un cran plus haut. Kr\u00e9pin Diatta n&rsquo;a pas \u00e9t\u00e9 inscrit sur la feuille de match. Pour le reste, c&rsquo;est une composition classique \u00e0 laquelle on pouvait [...]\" \/>\n<meta property=\"og:url\" content=\"https:\/\/www.ladiagonale.net\/index.php\/2023\/04\/02\/les-compositions-avec-vanderson-diatta-absent-de-la-feuille-de-match\/\" \/>\n<meta property=\"og:site_name\" content=\"La Diagonale\" \/>\n<meta property=\"article:published_time\" content=\"2023-04-02T14:10:36+00:00\" \/>\n<meta property=\"article:modified_time\" content=\"2023-04-02T14:13:19+00:00\" \/>\n<meta property=\"og:image\" content=\"https:\/\/www.ladiagonale.net\/wp-content\/uploads\/2023\/01\/vanderson2.png\" \/>\n\t<meta property=\"og:image:width\" content=\"1160\" \/>\n\t<meta property=\"og:image:height\" content=\"650\" \/>\n\t<meta property=\"og:image:type\" content=\"image\/png\" \/>\n<meta name=\"author\" content=\"Damien Dellerba\" \/>\n<meta name=\"twitter:card\" content=\"summary_large_image\" \/>\n<meta name=\"twitter:image\" content=\"https:\/\/www.ladiagonale.net\/wp-content\/uploads\/2023\/01\/vanderson2.png\" \/>\n<meta name=\"twitter:label1\" content=\"\u00c9crit par\" \/>\n\t<meta name=\"twitter:data1\" content=\"Damien Dellerba\" \/>\n<script type=\"application\/ld+json\" class=\"yoast-schema-graph\">{\"@context\":\"https:\/\/schema.org\",\"@graph\":[{\"@type\":\"WebPage\",\"@id\":\"https:\/\/www.ladiagonale.net\/index.php\/2023\/04\/02\/les-compositions-avec-vanderson-diatta-absent-de-la-feuille-de-match\/\",\"url\":\"https:\/\/www.ladiagonale.net\/index.php\/2023\/04\/02\/les-compositions-avec-vanderson-diatta-absent-de-la-feuille-de-match\/\",\"name\":\"Les compositions : avec Vanderson, Diatta absent de la feuille de match - La Diagonale\",\"isPartOf\":{\"@id\":\"https:\/\/www.ladiagonale.net\/#website\"},\"datePublished\":\"2023-04-02T14:10:36+00:00\",\"dateModified\":\"2023-04-02T14:13:19+00:00\",\"author\":{\"@id\":\"https:\/\/www.ladiagonale.net\/#\/schema\/person\/79ff1e7b0853ed01b2aa26e64ad300bf\"},\"breadcrumb\":{\"@id\":\"https:\/\/www.ladiagonale.net\/index.php\/2023\/04\/02\/les-compositions-avec-vanderson-diatta-absent-de-la-feuille-de-match\/#breadcrumb\"},\"inLanguage\":\"fr-FR\",\"potentialAction\":[{\"@type\":\"ReadAction\",\"target\":[\"https:\/\/www.ladiagonale.net\/index.php\/2023\/04\/02\/les-compositions-avec-vanderson-diatta-absent-de-la-feuille-de-match\/\"]}]},{\"@type\":\"BreadcrumbList\",\"@id\":\"https:\/\/www.ladiagonale.net\/index.php\/2023\/04\/02\/les-compositions-avec-vanderson-diatta-absent-de-la-feuille-de-match\/#breadcrumb\",\"itemListElement\":[{\"@type\":\"ListItem\",\"position\":1,\"name\":\"Accueil\",\"item\":\"https:\/\/www.ladiagonale.net\/\"},{\"@type\":\"ListItem\",\"position\":2,\"name\":\"Les compositions : avec Vanderson, Diatta absent de la feuille de match\"}]},{\"@type\":\"WebSite\",\"@id\":\"https:\/\/www.ladiagonale.net\/#website\",\"url\":\"https:\/\/www.ladiagonale.net\/\",\"name\":\"La Diagonale\",\"description\":\"Le site des supporters de l&#039;AS Monaco FC\",\"potentialAction\":[{\"@type\":\"SearchAction\",\"target\":{\"@type\":\"EntryPoint\",\"urlTemplate\":\"https:\/\/www.ladiagonale.net\/?s={search_term_string}\"},\"query-input\":\"required name=search_term_string\"}],\"inLanguage\":\"fr-FR\"},{\"@type\":\"Person\",\"@id\":\"https:\/\/www.ladiagonale.net\/#\/schema\/person\/79ff1e7b0853ed01b2aa26e64ad300bf\",\"name\":\"Damien Dellerba\",\"image\":{\"@type\":\"ImageObject\",\"inLanguage\":\"fr-FR\",\"@id\":\"https:\/\/www.ladiagonale.net\/#\/schema\/person\/image\/\",\"url\":\"https:\/\/secure.gravatar.com\/avatar\/c7850e06d3ff63cdbaee88b7fc16e2f0?s=96&d=mm&r=g\",\"contentUrl\":\"https:\/\/secure.gravatar.com\/avatar\/c7850e06d3ff63cdbaee88b7fc16e2f0?s=96&d=mm&r=g\",\"caption\":\"Damien Dellerba\"},\"url\":\"https:\/\/www.ladiagonale.net\/index.php\/author\/damien\/\"}]}<\/script>\n<!-- \/ Yoast SEO plugin. -->","yoast_head_json":{"title":"Les compositions : avec Vanderson, Diatta absent de la feuille de match - La Diagonale","robots":{"index":"index","follow":"follow","max-snippet":"max-snippet:-1","max-image-preview":"max-image-preview:large","max-video-preview":"max-video-preview:-1"},"canonical":"https:\/\/www.ladiagonale.net\/index.php\/2023\/04\/02\/les-compositions-avec-vanderson-diatta-absent-de-la-feuille-de-match\/","og_locale":"fr_FR","og_type":"article","og_title":"Les compositions : avec Vanderson, Diatta absent de la feuille de match - La Diagonale","og_description":"Philippe Clement a d\u00e9cid\u00e9 de reconduire le c\u00f4t\u00e9 droit qu&rsquo;il avait align\u00e9 lors de la derni\u00e8re journ\u00e9e de Ligue 1 contre Ajaccio, avec Ruben Aguilar en d\u00e9fense et Vanderson un cran plus haut. Kr\u00e9pin Diatta n&rsquo;a pas \u00e9t\u00e9 inscrit sur la feuille de match. Pour le reste, c&rsquo;est une composition classique \u00e0 laquelle on pouvait [...]","og_url":"https:\/\/www.ladiagonale.net\/index.php\/2023\/04\/02\/les-compositions-avec-vanderson-diatta-absent-de-la-feuille-de-match\/","og_site_name":"La Diagonale","article_published_time":"2023-04-02T14:10:36+00:00","article_modified_time":"2023-04-02T14:13:19+00:00","og_image":[{"width":1160,"height":650,"url":"https:\/\/www.ladiagonale.net\/wp-content\/uploads\/2023\/01\/vanderson2.png","type":"image\/png"}],"author":"Damien Dellerba","twitter_card":"summary_large_image","twitter_image":"https:\/\/www.ladiagonale.net\/wp-content\/uploads\/2023\/01\/vanderson2.png","twitter_misc":{"\u00c9crit par":"Damien Dellerba"},"schema":{"@context":"https:\/\/schema.org","@graph":[{"@type":"WebPage","@id":"https:\/\/www.ladiagonale.net\/index.php\/2023\/04\/02\/les-compositions-avec-vanderson-diatta-absent-de-la-feuille-de-match\/","url":"https:\/\/www.ladiagonale.net\/index.php\/2023\/04\/02\/les-compositions-avec-vanderson-diatta-absent-de-la-feuille-de-match\/","name":"Les compositions : avec Vanderson, Diatta absent de la feuille de match - La Diagonale","isPartOf":{"@id":"https:\/\/www.ladiagonale.net\/#website"},"datePublished":"2023-04-02T14:10:36+00:00","dateModified":"2023-04-02T14:13:19+00:00","author":{"@id":"https:\/\/www.ladiagonale.net\/#\/schema\/person\/79ff1e7b0853ed01b2aa26e64ad300bf"},"breadcrumb":{"@id":"https:\/\/www.ladiagonale.net\/index.php\/2023\/04\/02\/les-compositions-avec-vanderson-diatta-absent-de-la-feuille-de-match\/#breadcrumb"},"inLanguage":"fr-FR","potentialAction":[{"@type":"ReadAction","target":["https:\/\/www.ladiagonale.net\/index.php\/2023\/04\/02\/les-compositions-avec-vanderson-diatta-absent-de-la-feuille-de-match\/"]}]},{"@type":"BreadcrumbList","@id":"https:\/\/www.ladiagonale.net\/index.php\/2023\/04\/02\/les-compositions-avec-vanderson-diatta-absent-de-la-feuille-de-match\/#breadcrumb","itemListElement":[{"@type":"ListItem","position":1,"name":"Accueil","item":"https:\/\/www.ladiagonale.net\/"},{"@type":"ListItem","position":2,"name":"Les compositions : avec Vanderson, Diatta absent de la feuille de match"}]},{"@type":"WebSite","@id":"https:\/\/www.ladiagonale.net\/#website","url":"https:\/\/www.ladiagonale.net\/","name":"La Diagonale","description":"Le site des supporters de l&#039;AS Monaco FC","potentialAction":[{"@type":"SearchAction","target":{"@type":"EntryPoint","urlTemplate":"https:\/\/www.ladiagonale.net\/?s={search_term_string}"},"query-input":"required name=search_term_string"}],"inLanguage":"fr-FR"},{"@type":"Person","@id":"https:\/\/www.ladiagonale.net\/#\/schema\/person\/79ff1e7b0853ed01b2aa26e64ad300bf","name":"Damien Dellerba","image":{"@type":"ImageObject","inLanguage":"fr-FR","@id":"https:\/\/www.ladiagonale.net\/#\/schema\/person\/image\/","url":"https:\/\/secure.gravatar.com\/avatar\/c7850e06d3ff63cdbaee88b7fc16e2f0?s=96&d=mm&r=g","contentUrl":"https:\/\/secure.gravatar.com\/avatar\/c7850e06d3ff63cdbaee88b7fc16e2f0?s=96&d=mm&r=g","caption":"Damien Dellerba"},"url":"https:\/\/www.ladiagonale.net\/index.php\/author\/damien\/"}]}},"_links":{"self":[{"href":"https:\/\/www.ladiagonale.net\/index.php\/wp-json\/wp\/v2\/posts\/11215"}],"collection":[{"href":"https:\/\/www.ladiagonale.net\/index.php\/wp-json\/wp\/v2\/posts"}],"about":[{"href":"https:\/\/www.ladiagonale.net\/index.php\/wp-json\/wp\/v2\/types\/post"}],"author":[{"embeddable":true,"href":"https:\/\/www.ladiagonale.net\/index.php\/wp-json\/wp\/v2\/users\/2"}],"replies":[{"embeddable":true,"href":"https:\/\/www.ladiagonale.net\/index.php\/wp-json\/wp\/v2\/comments?post=11215"}],"version-history":[{"count":2,"href":"https:\/\/www.ladiagonale.net\/index.php\/wp-json\/wp\/v2\/posts\/11215\/revisions"}],"predecessor-version":[{"id":11219,"href":"https:\/\/www.ladiagonale.net\/index.php\/wp-json\/wp\/v2\/posts\/11215\/revisions\/11219"}],"wp:attachment":[{"href":"https:\/\/www.ladiagonale.net\/index.php\/wp-json\/wp\/v2\/media?parent=11215"}],"wp:term":[{"taxonomy":"category","embeddable":true,"href":"https:\/\/www.ladiagonale.net\/index.php\/wp-json\/wp\/v2\/categories?post=11215"},{"taxonomy":"post_tag","embeddable":true,"href":"https:\/\/www.ladiagonale.net\/index.php\/wp-json\/wp\/v2\/tags?post=11215"}],"curies":[{"name":"wp","href":"https:\/\/api.w.org\/{rel}","templated":true}]}}