{"id":11217,"date":"2023-04-02T16:41:18","date_gmt":"2023-04-02T14:41:18","guid":{"rendered":"https:\/\/www.ladiagonale.net\/?p=11217"},"modified":"2023-04-02T16:41:21","modified_gmt":"2023-04-02T14:41:21","slug":"barilaro-ben-seghir-veut-reussir-pour-ceux-qui-ne-sont-plus-la","status":"publish","type":"post","link":"https:\/\/www.ladiagonale.net\/index.php\/2023\/04\/02\/barilaro-ben-seghir-veut-reussir-pour-ceux-qui-ne-sont-plus-la\/","title":{"rendered":"Barilaro : \u00ab\u00a0Ben Seghir veut r\u00e9ussir pour ceux qui ne sont plus l\u00e0\u00a0\u00bb"},"content":{"rendered":"\n\n\n<p>Dans son \u00e9dition du jour, le quotidien <em>L&rsquo;\u00c9quipe<\/em> a consacr\u00e9 <a href=\"https:\/\/www.lequipe.fr\/Football\/Article\/Eliesse-ben-seghir-monaco-une-eclosion-guidee-par-la-memoire-de-son-pere\/1389196\">une pleine page<\/a> \u00e0 Eliesse Ben Seghir. Un portrait plut\u00f4t \u00e9mouvant pour retracer notamment un \u00e9pisode ardu de son adolescence, celui du d\u00e9c\u00e8s de son p\u00e8re, en juin 2019. Une perte dans laquelle il puise notamment sa d\u00e9termination pour r\u00e9ussir, comme en t\u00e9moigne son premier entra\u00eeneur \u00e0 Cogolin, Damien Fresia, qui a aussi \u00e9t\u00e9 celui qui lui a annonc\u00e9 la mauvaise nouvelle : <em>\u00ab\u00a0Je crois que le d\u00e9c\u00e8s de son p\u00e8re lui a donn\u00e9 une raison suppl\u00e9mentaire d&rsquo;y arriver, il s&rsquo;est jet\u00e9 dans le travail, il a voulu y arriver pour lui.\u00a0\u00bb<\/em><\/p>\n\n\n\n<p>Le journal a \u00e9galement interrog\u00e9 Fr\u00e9d\u00e9ric Barilaro, qui a pris en charge sa formation peu de temps apr\u00e8s son arriv\u00e9e \u00e0 l&rsquo;Academy, et qui d\u00e9taille le profil de l&rsquo;international U19 : \u00ab\u00a0<em>En juillet 2021, Eliesse faisait sa premi\u00e8re ann\u00e9e avec les moins de 17 ans, il \u00e9tait tellement au-dessus qu\u2019on l\u2019a fait monter avec moi, chez les moins de 19 ans. Il est fort dans le un-contre-un, il a les deux pieds, une vision \u00e0 360 degr\u00e9s, un gros volume de jeu, il est attir\u00e9 par le ballon, il peut \u00e9voluer \u00e0 diff\u00e9rents postes, il fait des choses que les autres ne font pas, il a une attitude exemplaire, il aime le foot.<\/em>\u00a0\u00bb<\/p>\n\n\n\n<p>Le formateur de l&rsquo;AS Monaco voit lui aussi en Ben Seghir une volont\u00e9 de se d\u00e9passer pour les personnes qui lui ont \u00e9t\u00e9 ch\u00e8res par le pass\u00e9 : \u00ab\u00a0<em>Eliesse veut r\u00e9ussir pour ceux qui ne sont plus l\u00e0. On en a d\u00e9j\u00e0 eu dans ce profil, \u00e0 Monaco. Lilian Thuram, Emmanuel Petit\u2026<\/em>\u00a0\u00bb Ce dernier avait notamment perdu son grand fr\u00e8re Olivier sur un terrain de foot en Normandie, alors qu&rsquo;il n&rsquo;\u00e9tait \u00e2g\u00e9 que de 21 ans.<\/p>\n","protected":false},"excerpt":{"rendered":"<p>Dans son \u00e9dition du jour, le quotidien L&rsquo;\u00c9quipe a consacr\u00e9 une pleine page \u00e0 Eliesse Ben Seghir. Un portrait plut\u00f4t \u00e9mouvant pour retracer notamment un \u00e9pisode ardu de son adolescence, celui du d\u00e9c\u00e8s de son p\u00e8re, en juin 2019. Une perte dans laquelle il puise notamment sa d\u00e9termination pour r\u00e9ussir, comme en t\u00e9moigne son premier [&#8230;]\n","protected":false},"author":2,"featured_media":0,"comment_status":"open","ping_status":"open","sticky":false,"template":"","format":"standard","meta":[],"categories":[6],"tags":[86,286],"yoast_head":"<!-- This site is optimized with the Yoast SEO plugin v19.8 - https:\/\/yoast.com\/wordpress\/plugins\/seo\/ -->\n<title>Barilaro : \u00ab\u00a0Ben Seghir veut r\u00e9ussir pour ceux qui ne sont plus l\u00e0\u00a0\u00bb - La Diagonale<\/title>\n<meta name=\"robots\" content=\"index, follow, max-snippet:-1, max-image-preview:large, max-video-preview:-1\" \/>\n<link rel=\"canonical\" href=\"https:\/\/www.ladiagonale.net\/index.php\/2023\/04\/02\/barilaro-ben-seghir-veut-reussir-pour-ceux-qui-ne-sont-plus-la\/\" \/>\n<meta property=\"og:locale\" content=\"fr_FR\" \/>\n<meta property=\"og:type\" content=\"article\" \/>\n<meta property=\"og:title\" content=\"Barilaro : \u00ab\u00a0Ben Seghir veut r\u00e9ussir pour ceux qui ne sont plus l\u00e0\u00a0\u00bb - La Diagonale\" \/>\n<meta property=\"og:description\" content=\"Dans son \u00e9dition du jour, le quotidien L&rsquo;\u00c9quipe a consacr\u00e9 une pleine page \u00e0 Eliesse Ben Seghir. Un portrait plut\u00f4t \u00e9mouvant pour retracer notamment un \u00e9pisode ardu de son adolescence, celui du d\u00e9c\u00e8s de son p\u00e8re, en juin 2019. Une perte dans laquelle il puise notamment sa d\u00e9termination pour r\u00e9ussir, comme en t\u00e9moigne son premier [...]\" \/>\n<meta property=\"og:url\" content=\"https:\/\/www.ladiagonale.net\/index.php\/2023\/04\/02\/barilaro-ben-seghir-veut-reussir-pour-ceux-qui-ne-sont-plus-la\/\" \/>\n<meta property=\"og:site_name\" content=\"La Diagonale\" \/>\n<meta property=\"article:published_time\" content=\"2023-04-02T14:41:18+00:00\" \/>\n<meta property=\"article:modified_time\" content=\"2023-04-02T14:41:21+00:00\" \/>\n<meta property=\"og:image\" content=\"https:\/\/www.ladiagonale.net\/wp-content\/uploads\/2023\/01\/ben-seghir4.png\" \/>\n\t<meta property=\"og:image:width\" content=\"1160\" \/>\n\t<meta property=\"og:image:height\" content=\"650\" \/>\n\t<meta property=\"og:image:type\" content=\"image\/png\" \/>\n<meta name=\"author\" content=\"Damien Dellerba\" \/>\n<meta name=\"twitter:card\" content=\"summary_large_image\" \/>\n<meta name=\"twitter:image\" content=\"https:\/\/www.ladiagonale.net\/wp-content\/uploads\/2023\/01\/ben-seghir4.png\" \/>\n<meta name=\"twitter:label1\" content=\"\u00c9crit par\" \/>\n\t<meta name=\"twitter:data1\" content=\"Damien Dellerba\" \/>\n\t<meta name=\"twitter:label2\" content=\"Dur\u00e9e de lecture estim\u00e9e\" \/>\n\t<meta name=\"twitter:data2\" content=\"2 minutes\" \/>\n<script type=\"application\/ld+json\" class=\"yoast-schema-graph\">{\"@context\":\"https:\/\/schema.org\",\"@graph\":[{\"@type\":\"WebPage\",\"@id\":\"https:\/\/www.ladiagonale.net\/index.php\/2023\/04\/02\/barilaro-ben-seghir-veut-reussir-pour-ceux-qui-ne-sont-plus-la\/\",\"url\":\"https:\/\/www.ladiagonale.net\/index.php\/2023\/04\/02\/barilaro-ben-seghir-veut-reussir-pour-ceux-qui-ne-sont-plus-la\/\",\"name\":\"Barilaro : \u00ab\u00a0Ben Seghir veut r\u00e9ussir pour ceux qui ne sont plus l\u00e0\u00a0\u00bb - La Diagonale\",\"isPartOf\":{\"@id\":\"https:\/\/www.ladiagonale.net\/#website\"},\"datePublished\":\"2023-04-02T14:41:18+00:00\",\"dateModified\":\"2023-04-02T14:41:21+00:00\",\"author\":{\"@id\":\"https:\/\/www.ladiagonale.net\/#\/schema\/person\/79ff1e7b0853ed01b2aa26e64ad300bf\"},\"breadcrumb\":{\"@id\":\"https:\/\/www.ladiagonale.net\/index.php\/2023\/04\/02\/barilaro-ben-seghir-veut-reussir-pour-ceux-qui-ne-sont-plus-la\/#breadcrumb\"},\"inLanguage\":\"fr-FR\",\"potentialAction\":[{\"@type\":\"ReadAction\",\"target\":[\"https:\/\/www.ladiagonale.net\/index.php\/2023\/04\/02\/barilaro-ben-seghir-veut-reussir-pour-ceux-qui-ne-sont-plus-la\/\"]}]},{\"@type\":\"BreadcrumbList\",\"@id\":\"https:\/\/www.ladiagonale.net\/index.php\/2023\/04\/02\/barilaro-ben-seghir-veut-reussir-pour-ceux-qui-ne-sont-plus-la\/#breadcrumb\",\"itemListElement\":[{\"@type\":\"ListItem\",\"position\":1,\"name\":\"Accueil\",\"item\":\"https:\/\/www.ladiagonale.net\/\"},{\"@type\":\"ListItem\",\"position\":2,\"name\":\"Barilaro : \u00ab\u00a0Ben Seghir veut r\u00e9ussir pour ceux qui ne sont plus l\u00e0\u00a0\u00bb\"}]},{\"@type\":\"WebSite\",\"@id\":\"https:\/\/www.ladiagonale.net\/#website\",\"url\":\"https:\/\/www.ladiagonale.net\/\",\"name\":\"La Diagonale\",\"description\":\"Le site des supporters de l&#039;AS Monaco FC\",\"potentialAction\":[{\"@type\":\"SearchAction\",\"target\":{\"@type\":\"EntryPoint\",\"urlTemplate\":\"https:\/\/www.ladiagonale.net\/?s={search_term_string}\"},\"query-input\":\"required name=search_term_string\"}],\"inLanguage\":\"fr-FR\"},{\"@type\":\"Person\",\"@id\":\"https:\/\/www.ladiagonale.net\/#\/schema\/person\/79ff1e7b0853ed01b2aa26e64ad300bf\",\"name\":\"Damien Dellerba\",\"image\":{\"@type\":\"ImageObject\",\"inLanguage\":\"fr-FR\",\"@id\":\"https:\/\/www.ladiagonale.net\/#\/schema\/person\/image\/\",\"url\":\"https:\/\/secure.gravatar.com\/avatar\/c7850e06d3ff63cdbaee88b7fc16e2f0?s=96&d=mm&r=g\",\"contentUrl\":\"https:\/\/secure.gravatar.com\/avatar\/c7850e06d3ff63cdbaee88b7fc16e2f0?s=96&d=mm&r=g\",\"caption\":\"Damien Dellerba\"},\"url\":\"https:\/\/www.ladiagonale.net\/index.php\/author\/damien\/\"}]}<\/script>\n<!-- \/ Yoast SEO plugin. -->","yoast_head_json":{"title":"Barilaro : \u00ab\u00a0Ben Seghir veut r\u00e9ussir pour ceux qui ne sont plus l\u00e0\u00a0\u00bb - La Diagonale","robots":{"index":"index","follow":"follow","max-snippet":"max-snippet:-1","max-image-preview":"max-image-preview:large","max-video-preview":"max-video-preview:-1"},"canonical":"https:\/\/www.ladiagonale.net\/index.php\/2023\/04\/02\/barilaro-ben-seghir-veut-reussir-pour-ceux-qui-ne-sont-plus-la\/","og_locale":"fr_FR","og_type":"article","og_title":"Barilaro : \u00ab\u00a0Ben Seghir veut r\u00e9ussir pour ceux qui ne sont plus l\u00e0\u00a0\u00bb - La Diagonale","og_description":"Dans son \u00e9dition du jour, le quotidien L&rsquo;\u00c9quipe a consacr\u00e9 une pleine page \u00e0 Eliesse Ben Seghir. Un portrait plut\u00f4t \u00e9mouvant pour retracer notamment un \u00e9pisode ardu de son adolescence, celui du d\u00e9c\u00e8s de son p\u00e8re, en juin 2019. Une perte dans laquelle il puise notamment sa d\u00e9termination pour r\u00e9ussir, comme en t\u00e9moigne son premier [...]","og_url":"https:\/\/www.ladiagonale.net\/index.php\/2023\/04\/02\/barilaro-ben-seghir-veut-reussir-pour-ceux-qui-ne-sont-plus-la\/","og_site_name":"La Diagonale","article_published_time":"2023-04-02T14:41:18+00:00","article_modified_time":"2023-04-02T14:41:21+00:00","og_image":[{"width":1160,"height":650,"url":"https:\/\/www.ladiagonale.net\/wp-content\/uploads\/2023\/01\/ben-seghir4.png","type":"image\/png"}],"author":"Damien Dellerba","twitter_card":"summary_large_image","twitter_image":"https:\/\/www.ladiagonale.net\/wp-content\/uploads\/2023\/01\/ben-seghir4.png","twitter_misc":{"\u00c9crit par":"Damien Dellerba","Dur\u00e9e de lecture estim\u00e9e":"2 minutes"},"schema":{"@context":"https:\/\/schema.org","@graph":[{"@type":"WebPage","@id":"https:\/\/www.ladiagonale.net\/index.php\/2023\/04\/02\/barilaro-ben-seghir-veut-reussir-pour-ceux-qui-ne-sont-plus-la\/","url":"https:\/\/www.ladiagonale.net\/index.php\/2023\/04\/02\/barilaro-ben-seghir-veut-reussir-pour-ceux-qui-ne-sont-plus-la\/","name":"Barilaro : \u00ab\u00a0Ben Seghir veut r\u00e9ussir pour ceux qui ne sont plus l\u00e0\u00a0\u00bb - La Diagonale","isPartOf":{"@id":"https:\/\/www.ladiagonale.net\/#website"},"datePublished":"2023-04-02T14:41:18+00:00","dateModified":"2023-04-02T14:41:21+00:00","author":{"@id":"https:\/\/www.ladiagonale.net\/#\/schema\/person\/79ff1e7b0853ed01b2aa26e64ad300bf"},"breadcrumb":{"@id":"https:\/\/www.ladiagonale.net\/index.php\/2023\/04\/02\/barilaro-ben-seghir-veut-reussir-pour-ceux-qui-ne-sont-plus-la\/#breadcrumb"},"inLanguage":"fr-FR","potentialAction":[{"@type":"ReadAction","target":["https:\/\/www.ladiagonale.net\/index.php\/2023\/04\/02\/barilaro-ben-seghir-veut-reussir-pour-ceux-qui-ne-sont-plus-la\/"]}]},{"@type":"BreadcrumbList","@id":"https:\/\/www.ladiagonale.net\/index.php\/2023\/04\/02\/barilaro-ben-seghir-veut-reussir-pour-ceux-qui-ne-sont-plus-la\/#breadcrumb","itemListElement":[{"@type":"ListItem","position":1,"name":"Accueil","item":"https:\/\/www.ladiagonale.net\/"},{"@type":"ListItem","position":2,"name":"Barilaro : \u00ab\u00a0Ben Seghir veut r\u00e9ussir pour ceux qui ne sont plus l\u00e0\u00a0\u00bb"}]},{"@type":"WebSite","@id":"https:\/\/www.ladiagonale.net\/#website","url":"https:\/\/www.ladiagonale.net\/","name":"La Diagonale","description":"Le site des supporters de l&#039;AS Monaco FC","potentialAction":[{"@type":"SearchAction","target":{"@type":"EntryPoint","urlTemplate":"https:\/\/www.ladiagonale.net\/?s={search_term_string}"},"query-input":"required name=search_term_string"}],"inLanguage":"fr-FR"},{"@type":"Person","@id":"https:\/\/www.ladiagonale.net\/#\/schema\/person\/79ff1e7b0853ed01b2aa26e64ad300bf","name":"Damien Dellerba","image":{"@type":"ImageObject","inLanguage":"fr-FR","@id":"https:\/\/www.ladiagonale.net\/#\/schema\/person\/image\/","url":"https:\/\/secure.gravatar.com\/avatar\/c7850e06d3ff63cdbaee88b7fc16e2f0?s=96&d=mm&r=g","contentUrl":"https:\/\/secure.gravatar.com\/avatar\/c7850e06d3ff63cdbaee88b7fc16e2f0?s=96&d=mm&r=g","caption":"Damien Dellerba"},"url":"https:\/\/www.ladiagonale.net\/index.php\/author\/damien\/"}]}},"_links":{"self":[{"href":"https:\/\/www.ladiagonale.net\/index.php\/wp-json\/wp\/v2\/posts\/11217"}],"collection":[{"href":"https:\/\/www.ladiagonale.net\/index.php\/wp-json\/wp\/v2\/posts"}],"about":[{"href":"https:\/\/www.ladiagonale.net\/index.php\/wp-json\/wp\/v2\/types\/post"}],"author":[{"embeddable":true,"href":"https:\/\/www.ladiagonale.net\/index.php\/wp-json\/wp\/v2\/users\/2"}],"replies":[{"embeddable":true,"href":"https:\/\/www.ladiagonale.net\/index.php\/wp-json\/wp\/v2\/comments?post=11217"}],"version-history":[{"count":3,"href":"https:\/\/www.ladiagonale.net\/index.php\/wp-json\/wp\/v2\/posts\/11217\/revisions"}],"predecessor-version":[{"id":11221,"href":"https:\/\/www.ladiagonale.net\/index.php\/wp-json\/wp\/v2\/posts\/11217\/revisions\/11221"}],"wp:attachment":[{"href":"https:\/\/www.ladiagonale.net\/index.php\/wp-json\/wp\/v2\/media?parent=11217"}],"wp:term":[{"taxonomy":"category","embeddable":true,"href":"https:\/\/www.ladiagonale.net\/index.php\/wp-json\/wp\/v2\/categories?post=11217"},{"taxonomy":"post_tag","embeddable":true,"href":"https:\/\/www.ladiagonale.net\/index.php\/wp-json\/wp\/v2\/tags?post=11217"}],"curies":[{"name":"wp","href":"https:\/\/api.w.org\/{rel}","templated":true}]}}