{"id":11301,"date":"2023-04-05T15:37:48","date_gmt":"2023-04-05T13:37:48","guid":{"rendered":"https:\/\/www.ladiagonale.net\/?p=11301"},"modified":"2023-04-07T12:49:59","modified_gmt":"2023-04-07T10:49:59","slug":"fofana-cible-par-campos-et-le-psg","status":"publish","type":"post","link":"https:\/\/www.ladiagonale.net\/index.php\/2023\/04\/05\/fofana-cible-par-campos-et-le-psg\/","title":{"rendered":"Fofana cibl\u00e9 par Campos et le PSG"},"content":{"rendered":"\n\n\n<p>Si Youssouf Fofana avait <a href=\"https:\/\/www.ladiagonale.net\/index.php\/2023\/03\/31\/fofana-on-sait-a-quoi-vont-ressembler-les-dix-prochains-matchs\/\">r\u00e9affirm\u00e9 son engagement avec l&rsquo;ASM<\/a> jusqu&rsquo;en 2025, soit la fin de son bail avec le club de la Principaut\u00e9, on imagine pourtant difficilement le voir poursuivre la saison prochaine. Le journal <em>L&rsquo;\u00c9quipe<\/em> avait d&rsquo;ailleurs annonc\u00e9, au moment de la divulgation des salaires de la Ligue 1, qu&rsquo;une <a href=\"https:\/\/www.ladiagonale.net\/index.php\/2023\/03\/30\/fofana-et-disasi-devraient-partir-cet-ete\/\">prolongation n&rsquo;\u00e9tait pas \u00e0 l&rsquo;ordre du jour<\/a>, contrairement \u00e0 un transfert. Dans <em>Le Parisien<\/em> du jour, on apprend que Fofana serait cibl\u00e9 par Luis Campos et le Paris Saint-Germain.<\/p>\n\n\n\n<p>D&rsquo;apr\u00e8s le quotidien, le dirigeant portugais viserait des joueurs fran\u00e7ais mais qui sont aussi  <em>\u00ab physiques, jeunes et irr\u00e9prochables au niveau mental \u00bb<\/em>, tout cela en r\u00e9action \u00e0 l&rsquo;habituelle crise printani\u00e8re que traverse le leader du championnat. Originaire de Paris, l&rsquo;international fran\u00e7ais de 24 ans <a href=\"https:\/\/www.ladiagonale.net\/index.php\/2023\/01\/22\/fofana-ne-ferme-pas-la-porte-au-psg\/#\">avait cr\u00e9\u00e9 une petite pol\u00e9mique<\/a> en janvier en d\u00e9clarant que \u00ab\u00a0<em>ce serait normal de retourner chez <em>[<\/em>lui]<\/em> \u00bb. <\/p>\n","protected":false},"excerpt":{"rendered":"<p>Si Youssouf Fofana avait r\u00e9affirm\u00e9 son engagement avec l&rsquo;ASM jusqu&rsquo;en 2025, soit la fin de son bail avec le club de la Principaut\u00e9, on imagine pourtant difficilement le voir poursuivre la saison prochaine. Le journal L&rsquo;\u00c9quipe avait d&rsquo;ailleurs annonc\u00e9, au moment de la divulgation des salaires de la Ligue 1, qu&rsquo;une prolongation n&rsquo;\u00e9tait pas \u00e0 [&#8230;]\n","protected":false},"author":2,"featured_media":0,"comment_status":"open","ping_status":"open","sticky":false,"template":"","format":"standard","meta":[],"categories":[6],"tags":[86,111,110,176],"yoast_head":"<!-- This site is optimized with the Yoast SEO plugin v19.8 - https:\/\/yoast.com\/wordpress\/plugins\/seo\/ -->\n<title>Fofana cibl\u00e9 par Campos et le PSG - La Diagonale<\/title>\n<meta name=\"robots\" content=\"index, follow, max-snippet:-1, max-image-preview:large, max-video-preview:-1\" \/>\n<link rel=\"canonical\" href=\"https:\/\/www.ladiagonale.net\/index.php\/2023\/04\/05\/fofana-cible-par-campos-et-le-psg\/\" \/>\n<meta property=\"og:locale\" content=\"fr_FR\" \/>\n<meta property=\"og:type\" content=\"article\" \/>\n<meta property=\"og:title\" content=\"Fofana cibl\u00e9 par Campos et le PSG - La Diagonale\" \/>\n<meta property=\"og:description\" content=\"Si Youssouf Fofana avait r\u00e9affirm\u00e9 son engagement avec l&rsquo;ASM jusqu&rsquo;en 2025, soit la fin de son bail avec le club de la Principaut\u00e9, on imagine pourtant difficilement le voir poursuivre la saison prochaine. Le journal L&rsquo;\u00c9quipe avait d&rsquo;ailleurs annonc\u00e9, au moment de la divulgation des salaires de la Ligue 1, qu&rsquo;une prolongation n&rsquo;\u00e9tait pas \u00e0 [...]\" \/>\n<meta property=\"og:url\" content=\"https:\/\/www.ladiagonale.net\/index.php\/2023\/04\/05\/fofana-cible-par-campos-et-le-psg\/\" \/>\n<meta property=\"og:site_name\" content=\"La Diagonale\" \/>\n<meta property=\"article:published_time\" content=\"2023-04-05T13:37:48+00:00\" \/>\n<meta property=\"article:modified_time\" content=\"2023-04-07T10:49:59+00:00\" \/>\n<meta property=\"og:image\" content=\"https:\/\/www.ladiagonale.net\/wp-content\/uploads\/2022\/11\/fofana.png\" \/>\n\t<meta property=\"og:image:width\" content=\"1160\" \/>\n\t<meta property=\"og:image:height\" content=\"650\" \/>\n\t<meta property=\"og:image:type\" content=\"image\/png\" \/>\n<meta name=\"author\" content=\"Damien Dellerba\" \/>\n<meta name=\"twitter:card\" content=\"summary_large_image\" \/>\n<meta name=\"twitter:image\" content=\"https:\/\/www.ladiagonale.net\/wp-content\/uploads\/2022\/11\/fofana.png\" \/>\n<meta name=\"twitter:label1\" content=\"\u00c9crit par\" \/>\n\t<meta name=\"twitter:data1\" content=\"Damien Dellerba\" \/>\n\t<meta name=\"twitter:label2\" content=\"Dur\u00e9e de lecture estim\u00e9e\" \/>\n\t<meta name=\"twitter:data2\" content=\"1 minute\" \/>\n<script type=\"application\/ld+json\" class=\"yoast-schema-graph\">{\"@context\":\"https:\/\/schema.org\",\"@graph\":[{\"@type\":\"WebPage\",\"@id\":\"https:\/\/www.ladiagonale.net\/index.php\/2023\/04\/05\/fofana-cible-par-campos-et-le-psg\/\",\"url\":\"https:\/\/www.ladiagonale.net\/index.php\/2023\/04\/05\/fofana-cible-par-campos-et-le-psg\/\",\"name\":\"Fofana cibl\u00e9 par Campos et le PSG - La Diagonale\",\"isPartOf\":{\"@id\":\"https:\/\/www.ladiagonale.net\/#website\"},\"datePublished\":\"2023-04-05T13:37:48+00:00\",\"dateModified\":\"2023-04-07T10:49:59+00:00\",\"author\":{\"@id\":\"https:\/\/www.ladiagonale.net\/#\/schema\/person\/79ff1e7b0853ed01b2aa26e64ad300bf\"},\"breadcrumb\":{\"@id\":\"https:\/\/www.ladiagonale.net\/index.php\/2023\/04\/05\/fofana-cible-par-campos-et-le-psg\/#breadcrumb\"},\"inLanguage\":\"fr-FR\",\"potentialAction\":[{\"@type\":\"ReadAction\",\"target\":[\"https:\/\/www.ladiagonale.net\/index.php\/2023\/04\/05\/fofana-cible-par-campos-et-le-psg\/\"]}]},{\"@type\":\"BreadcrumbList\",\"@id\":\"https:\/\/www.ladiagonale.net\/index.php\/2023\/04\/05\/fofana-cible-par-campos-et-le-psg\/#breadcrumb\",\"itemListElement\":[{\"@type\":\"ListItem\",\"position\":1,\"name\":\"Accueil\",\"item\":\"https:\/\/www.ladiagonale.net\/\"},{\"@type\":\"ListItem\",\"position\":2,\"name\":\"Fofana cibl\u00e9 par Campos et le PSG\"}]},{\"@type\":\"WebSite\",\"@id\":\"https:\/\/www.ladiagonale.net\/#website\",\"url\":\"https:\/\/www.ladiagonale.net\/\",\"name\":\"La Diagonale\",\"description\":\"Le site des supporters de l&#039;AS Monaco FC\",\"potentialAction\":[{\"@type\":\"SearchAction\",\"target\":{\"@type\":\"EntryPoint\",\"urlTemplate\":\"https:\/\/www.ladiagonale.net\/?s={search_term_string}\"},\"query-input\":\"required name=search_term_string\"}],\"inLanguage\":\"fr-FR\"},{\"@type\":\"Person\",\"@id\":\"https:\/\/www.ladiagonale.net\/#\/schema\/person\/79ff1e7b0853ed01b2aa26e64ad300bf\",\"name\":\"Damien Dellerba\",\"image\":{\"@type\":\"ImageObject\",\"inLanguage\":\"fr-FR\",\"@id\":\"https:\/\/www.ladiagonale.net\/#\/schema\/person\/image\/\",\"url\":\"https:\/\/secure.gravatar.com\/avatar\/c7850e06d3ff63cdbaee88b7fc16e2f0?s=96&d=mm&r=g\",\"contentUrl\":\"https:\/\/secure.gravatar.com\/avatar\/c7850e06d3ff63cdbaee88b7fc16e2f0?s=96&d=mm&r=g\",\"caption\":\"Damien Dellerba\"},\"url\":\"https:\/\/www.ladiagonale.net\/index.php\/author\/damien\/\"}]}<\/script>\n<!-- \/ Yoast SEO plugin. -->","yoast_head_json":{"title":"Fofana cibl\u00e9 par Campos et le PSG - La Diagonale","robots":{"index":"index","follow":"follow","max-snippet":"max-snippet:-1","max-image-preview":"max-image-preview:large","max-video-preview":"max-video-preview:-1"},"canonical":"https:\/\/www.ladiagonale.net\/index.php\/2023\/04\/05\/fofana-cible-par-campos-et-le-psg\/","og_locale":"fr_FR","og_type":"article","og_title":"Fofana cibl\u00e9 par Campos et le PSG - La Diagonale","og_description":"Si Youssouf Fofana avait r\u00e9affirm\u00e9 son engagement avec l&rsquo;ASM jusqu&rsquo;en 2025, soit la fin de son bail avec le club de la Principaut\u00e9, on imagine pourtant difficilement le voir poursuivre la saison prochaine. Le journal L&rsquo;\u00c9quipe avait d&rsquo;ailleurs annonc\u00e9, au moment de la divulgation des salaires de la Ligue 1, qu&rsquo;une prolongation n&rsquo;\u00e9tait pas \u00e0 [...]","og_url":"https:\/\/www.ladiagonale.net\/index.php\/2023\/04\/05\/fofana-cible-par-campos-et-le-psg\/","og_site_name":"La Diagonale","article_published_time":"2023-04-05T13:37:48+00:00","article_modified_time":"2023-04-07T10:49:59+00:00","og_image":[{"width":1160,"height":650,"url":"https:\/\/www.ladiagonale.net\/wp-content\/uploads\/2022\/11\/fofana.png","type":"image\/png"}],"author":"Damien Dellerba","twitter_card":"summary_large_image","twitter_image":"https:\/\/www.ladiagonale.net\/wp-content\/uploads\/2022\/11\/fofana.png","twitter_misc":{"\u00c9crit par":"Damien Dellerba","Dur\u00e9e de lecture estim\u00e9e":"1 minute"},"schema":{"@context":"https:\/\/schema.org","@graph":[{"@type":"WebPage","@id":"https:\/\/www.ladiagonale.net\/index.php\/2023\/04\/05\/fofana-cible-par-campos-et-le-psg\/","url":"https:\/\/www.ladiagonale.net\/index.php\/2023\/04\/05\/fofana-cible-par-campos-et-le-psg\/","name":"Fofana cibl\u00e9 par Campos et le PSG - La Diagonale","isPartOf":{"@id":"https:\/\/www.ladiagonale.net\/#website"},"datePublished":"2023-04-05T13:37:48+00:00","dateModified":"2023-04-07T10:49:59+00:00","author":{"@id":"https:\/\/www.ladiagonale.net\/#\/schema\/person\/79ff1e7b0853ed01b2aa26e64ad300bf"},"breadcrumb":{"@id":"https:\/\/www.ladiagonale.net\/index.php\/2023\/04\/05\/fofana-cible-par-campos-et-le-psg\/#breadcrumb"},"inLanguage":"fr-FR","potentialAction":[{"@type":"ReadAction","target":["https:\/\/www.ladiagonale.net\/index.php\/2023\/04\/05\/fofana-cible-par-campos-et-le-psg\/"]}]},{"@type":"BreadcrumbList","@id":"https:\/\/www.ladiagonale.net\/index.php\/2023\/04\/05\/fofana-cible-par-campos-et-le-psg\/#breadcrumb","itemListElement":[{"@type":"ListItem","position":1,"name":"Accueil","item":"https:\/\/www.ladiagonale.net\/"},{"@type":"ListItem","position":2,"name":"Fofana cibl\u00e9 par Campos et le PSG"}]},{"@type":"WebSite","@id":"https:\/\/www.ladiagonale.net\/#website","url":"https:\/\/www.ladiagonale.net\/","name":"La Diagonale","description":"Le site des supporters de l&#039;AS Monaco FC","potentialAction":[{"@type":"SearchAction","target":{"@type":"EntryPoint","urlTemplate":"https:\/\/www.ladiagonale.net\/?s={search_term_string}"},"query-input":"required name=search_term_string"}],"inLanguage":"fr-FR"},{"@type":"Person","@id":"https:\/\/www.ladiagonale.net\/#\/schema\/person\/79ff1e7b0853ed01b2aa26e64ad300bf","name":"Damien Dellerba","image":{"@type":"ImageObject","inLanguage":"fr-FR","@id":"https:\/\/www.ladiagonale.net\/#\/schema\/person\/image\/","url":"https:\/\/secure.gravatar.com\/avatar\/c7850e06d3ff63cdbaee88b7fc16e2f0?s=96&d=mm&r=g","contentUrl":"https:\/\/secure.gravatar.com\/avatar\/c7850e06d3ff63cdbaee88b7fc16e2f0?s=96&d=mm&r=g","caption":"Damien Dellerba"},"url":"https:\/\/www.ladiagonale.net\/index.php\/author\/damien\/"}]}},"_links":{"self":[{"href":"https:\/\/www.ladiagonale.net\/index.php\/wp-json\/wp\/v2\/posts\/11301"}],"collection":[{"href":"https:\/\/www.ladiagonale.net\/index.php\/wp-json\/wp\/v2\/posts"}],"about":[{"href":"https:\/\/www.ladiagonale.net\/index.php\/wp-json\/wp\/v2\/types\/post"}],"author":[{"embeddable":true,"href":"https:\/\/www.ladiagonale.net\/index.php\/wp-json\/wp\/v2\/users\/2"}],"replies":[{"embeddable":true,"href":"https:\/\/www.ladiagonale.net\/index.php\/wp-json\/wp\/v2\/comments?post=11301"}],"version-history":[{"count":3,"href":"https:\/\/www.ladiagonale.net\/index.php\/wp-json\/wp\/v2\/posts\/11301\/revisions"}],"predecessor-version":[{"id":11351,"href":"https:\/\/www.ladiagonale.net\/index.php\/wp-json\/wp\/v2\/posts\/11301\/revisions\/11351"}],"wp:attachment":[{"href":"https:\/\/www.ladiagonale.net\/index.php\/wp-json\/wp\/v2\/media?parent=11301"}],"wp:term":[{"taxonomy":"category","embeddable":true,"href":"https:\/\/www.ladiagonale.net\/index.php\/wp-json\/wp\/v2\/categories?post=11301"},{"taxonomy":"post_tag","embeddable":true,"href":"https:\/\/www.ladiagonale.net\/index.php\/wp-json\/wp\/v2\/tags?post=11301"}],"curies":[{"name":"wp","href":"https:\/\/api.w.org\/{rel}","templated":true}]}}