{"id":11306,"date":"2023-04-05T19:59:48","date_gmt":"2023-04-05T17:59:48","guid":{"rendered":"https:\/\/www.ladiagonale.net\/?p=11306"},"modified":"2023-04-05T21:29:30","modified_gmt":"2023-04-05T19:29:30","slug":"larrivee-de-daland-deja-prevue-pour-cet-ete","status":"publish","type":"post","link":"https:\/\/www.ladiagonale.net\/index.php\/2023\/04\/05\/larrivee-de-daland-deja-prevue-pour-cet-ete\/","title":{"rendered":"L&rsquo;arriv\u00e9e de Daland d\u00e9j\u00e0 pr\u00e9vue pour cet \u00e9t\u00e9 ?"},"content":{"rendered":"\n\n\n<p>Ce mercredi, <em>RMC Sport<\/em> a r\u00e9v\u00e9l\u00e9 que Carlos Avina, le directeur sportif du Cercle Bruges, \u00e9tait un des<a href=\"https:\/\/www.ladiagonale.net\/index.php\/2023\/04\/05\/le-directeur-sportif-du-cercle-bruges-pour-remplacer-mitchell\/\"> favoris pour remplacer le partant Paul Mitchell<\/a> \u00e0 l&rsquo;AS Monaco. Et selon le m\u00e9dia fran\u00e7ais, Avina pourrait bien arriver avec Jesper Daland (23 ans) dans ses bagages, puisque selon <em>RMC<\/em>, le transfert de l&rsquo;international Espoirs norv\u00e9gien (13 s\u00e9lections) en Principaut\u00e9 ne ferait \u00ab\u00a0<em>plus trop de doutes<\/em>\u00a0\u00bb.<\/p>\n\n\n\n<p>Le d\u00e9fenseur central avait particip\u00e9 au stade de reprise en Espagne avec l&rsquo;AS Monaco d\u00e9but d\u00e9cembre, et avait bien plu \u00e0 Philippe Clement, selon <a href=\"https:\/\/www.ladiagonale.net\/index.php\/2022\/12\/08\/clement-impressionne-par-daland-veut-le-garder\/\">les dires d&rsquo;Avina<\/a>. Il avait \u00e9galement pris part \u00e0 deux rencontres amicales avec l&rsquo;ASM, contre S\u00e9ville et la Fiorentina. Alors qu&rsquo;un transfert pour le mercato d&rsquo;hiver \u00e9tait \u00e9voqu\u00e9, l&rsquo;entra\u00eeneur belge avait cependant estim\u00e9 que Daland n&rsquo;\u00e9tait <a href=\"https:\/\/www.ladiagonale.net\/index.php\/2022\/12\/26\/clement-fait-le-point-sur-le-mercato\/\">pas encore pr\u00eat pour rejoindre Monaco<\/a>.<\/p>\n","protected":false},"excerpt":{"rendered":"<p>Ce mercredi, RMC Sport a r\u00e9v\u00e9l\u00e9 que Carlos Avina, le directeur sportif du Cercle Bruges, \u00e9tait un des favoris pour remplacer le partant Paul Mitchell \u00e0 l&rsquo;AS Monaco. Et selon le m\u00e9dia fran\u00e7ais, Avina pourrait bien arriver avec Jesper Daland (23 ans) dans ses bagages, puisque selon RMC, le transfert de l&rsquo;international Espoirs norv\u00e9gien (13 [&#8230;]\n","protected":false},"author":2,"featured_media":0,"comment_status":"open","ping_status":"open","sticky":false,"template":"","format":"standard","meta":[],"categories":[6],"tags":[86,474,330,111,110],"yoast_head":"<!-- This site is optimized with the Yoast SEO plugin v19.8 - https:\/\/yoast.com\/wordpress\/plugins\/seo\/ -->\n<title>L&#039;arriv\u00e9e de Daland d\u00e9j\u00e0 pr\u00e9vue pour cet \u00e9t\u00e9 ? - La Diagonale<\/title>\n<meta name=\"robots\" content=\"index, follow, max-snippet:-1, max-image-preview:large, max-video-preview:-1\" \/>\n<link rel=\"canonical\" href=\"https:\/\/www.ladiagonale.net\/index.php\/2023\/04\/05\/larrivee-de-daland-deja-prevue-pour-cet-ete\/\" \/>\n<meta property=\"og:locale\" content=\"fr_FR\" \/>\n<meta property=\"og:type\" content=\"article\" \/>\n<meta property=\"og:title\" content=\"L&#039;arriv\u00e9e de Daland d\u00e9j\u00e0 pr\u00e9vue pour cet \u00e9t\u00e9 ? - La Diagonale\" \/>\n<meta property=\"og:description\" content=\"Ce mercredi, RMC Sport a r\u00e9v\u00e9l\u00e9 que Carlos Avina, le directeur sportif du Cercle Bruges, \u00e9tait un des favoris pour remplacer le partant Paul Mitchell \u00e0 l&rsquo;AS Monaco. Et selon le m\u00e9dia fran\u00e7ais, Avina pourrait bien arriver avec Jesper Daland (23 ans) dans ses bagages, puisque selon RMC, le transfert de l&rsquo;international Espoirs norv\u00e9gien (13 [...]\" \/>\n<meta property=\"og:url\" content=\"https:\/\/www.ladiagonale.net\/index.php\/2023\/04\/05\/larrivee-de-daland-deja-prevue-pour-cet-ete\/\" \/>\n<meta property=\"og:site_name\" content=\"La Diagonale\" \/>\n<meta property=\"article:published_time\" content=\"2023-04-05T17:59:48+00:00\" \/>\n<meta property=\"article:modified_time\" content=\"2023-04-05T19:29:30+00:00\" \/>\n<meta property=\"og:image\" content=\"https:\/\/www.ladiagonale.net\/wp-content\/uploads\/2022\/12\/daland2.png\" \/>\n\t<meta property=\"og:image:width\" content=\"1160\" \/>\n\t<meta property=\"og:image:height\" content=\"650\" \/>\n\t<meta property=\"og:image:type\" content=\"image\/png\" \/>\n<meta name=\"author\" content=\"Damien Dellerba\" \/>\n<meta name=\"twitter:card\" content=\"summary_large_image\" \/>\n<meta name=\"twitter:image\" content=\"https:\/\/www.ladiagonale.net\/wp-content\/uploads\/2022\/12\/daland2.png\" \/>\n<meta name=\"twitter:label1\" content=\"\u00c9crit par\" \/>\n\t<meta name=\"twitter:data1\" content=\"Damien Dellerba\" \/>\n\t<meta name=\"twitter:label2\" content=\"Dur\u00e9e de lecture estim\u00e9e\" \/>\n\t<meta name=\"twitter:data2\" content=\"1 minute\" \/>\n<script type=\"application\/ld+json\" class=\"yoast-schema-graph\">{\"@context\":\"https:\/\/schema.org\",\"@graph\":[{\"@type\":\"WebPage\",\"@id\":\"https:\/\/www.ladiagonale.net\/index.php\/2023\/04\/05\/larrivee-de-daland-deja-prevue-pour-cet-ete\/\",\"url\":\"https:\/\/www.ladiagonale.net\/index.php\/2023\/04\/05\/larrivee-de-daland-deja-prevue-pour-cet-ete\/\",\"name\":\"L'arriv\u00e9e de Daland d\u00e9j\u00e0 pr\u00e9vue pour cet \u00e9t\u00e9 ? - La Diagonale\",\"isPartOf\":{\"@id\":\"https:\/\/www.ladiagonale.net\/#website\"},\"datePublished\":\"2023-04-05T17:59:48+00:00\",\"dateModified\":\"2023-04-05T19:29:30+00:00\",\"author\":{\"@id\":\"https:\/\/www.ladiagonale.net\/#\/schema\/person\/79ff1e7b0853ed01b2aa26e64ad300bf\"},\"breadcrumb\":{\"@id\":\"https:\/\/www.ladiagonale.net\/index.php\/2023\/04\/05\/larrivee-de-daland-deja-prevue-pour-cet-ete\/#breadcrumb\"},\"inLanguage\":\"fr-FR\",\"potentialAction\":[{\"@type\":\"ReadAction\",\"target\":[\"https:\/\/www.ladiagonale.net\/index.php\/2023\/04\/05\/larrivee-de-daland-deja-prevue-pour-cet-ete\/\"]}]},{\"@type\":\"BreadcrumbList\",\"@id\":\"https:\/\/www.ladiagonale.net\/index.php\/2023\/04\/05\/larrivee-de-daland-deja-prevue-pour-cet-ete\/#breadcrumb\",\"itemListElement\":[{\"@type\":\"ListItem\",\"position\":1,\"name\":\"Accueil\",\"item\":\"https:\/\/www.ladiagonale.net\/\"},{\"@type\":\"ListItem\",\"position\":2,\"name\":\"L&rsquo;arriv\u00e9e de Daland d\u00e9j\u00e0 pr\u00e9vue pour cet \u00e9t\u00e9 ?\"}]},{\"@type\":\"WebSite\",\"@id\":\"https:\/\/www.ladiagonale.net\/#website\",\"url\":\"https:\/\/www.ladiagonale.net\/\",\"name\":\"La Diagonale\",\"description\":\"Le site des supporters de l&#039;AS Monaco FC\",\"potentialAction\":[{\"@type\":\"SearchAction\",\"target\":{\"@type\":\"EntryPoint\",\"urlTemplate\":\"https:\/\/www.ladiagonale.net\/?s={search_term_string}\"},\"query-input\":\"required name=search_term_string\"}],\"inLanguage\":\"fr-FR\"},{\"@type\":\"Person\",\"@id\":\"https:\/\/www.ladiagonale.net\/#\/schema\/person\/79ff1e7b0853ed01b2aa26e64ad300bf\",\"name\":\"Damien Dellerba\",\"image\":{\"@type\":\"ImageObject\",\"inLanguage\":\"fr-FR\",\"@id\":\"https:\/\/www.ladiagonale.net\/#\/schema\/person\/image\/\",\"url\":\"https:\/\/secure.gravatar.com\/avatar\/c7850e06d3ff63cdbaee88b7fc16e2f0?s=96&d=mm&r=g\",\"contentUrl\":\"https:\/\/secure.gravatar.com\/avatar\/c7850e06d3ff63cdbaee88b7fc16e2f0?s=96&d=mm&r=g\",\"caption\":\"Damien Dellerba\"},\"url\":\"https:\/\/www.ladiagonale.net\/index.php\/author\/damien\/\"}]}<\/script>\n<!-- \/ Yoast SEO plugin. -->","yoast_head_json":{"title":"L'arriv\u00e9e de Daland d\u00e9j\u00e0 pr\u00e9vue pour cet \u00e9t\u00e9 ? - La Diagonale","robots":{"index":"index","follow":"follow","max-snippet":"max-snippet:-1","max-image-preview":"max-image-preview:large","max-video-preview":"max-video-preview:-1"},"canonical":"https:\/\/www.ladiagonale.net\/index.php\/2023\/04\/05\/larrivee-de-daland-deja-prevue-pour-cet-ete\/","og_locale":"fr_FR","og_type":"article","og_title":"L'arriv\u00e9e de Daland d\u00e9j\u00e0 pr\u00e9vue pour cet \u00e9t\u00e9 ? - La Diagonale","og_description":"Ce mercredi, RMC Sport a r\u00e9v\u00e9l\u00e9 que Carlos Avina, le directeur sportif du Cercle Bruges, \u00e9tait un des favoris pour remplacer le partant Paul Mitchell \u00e0 l&rsquo;AS Monaco. Et selon le m\u00e9dia fran\u00e7ais, Avina pourrait bien arriver avec Jesper Daland (23 ans) dans ses bagages, puisque selon RMC, le transfert de l&rsquo;international Espoirs norv\u00e9gien (13 [...]","og_url":"https:\/\/www.ladiagonale.net\/index.php\/2023\/04\/05\/larrivee-de-daland-deja-prevue-pour-cet-ete\/","og_site_name":"La Diagonale","article_published_time":"2023-04-05T17:59:48+00:00","article_modified_time":"2023-04-05T19:29:30+00:00","og_image":[{"width":1160,"height":650,"url":"https:\/\/www.ladiagonale.net\/wp-content\/uploads\/2022\/12\/daland2.png","type":"image\/png"}],"author":"Damien Dellerba","twitter_card":"summary_large_image","twitter_image":"https:\/\/www.ladiagonale.net\/wp-content\/uploads\/2022\/12\/daland2.png","twitter_misc":{"\u00c9crit par":"Damien Dellerba","Dur\u00e9e de lecture estim\u00e9e":"1 minute"},"schema":{"@context":"https:\/\/schema.org","@graph":[{"@type":"WebPage","@id":"https:\/\/www.ladiagonale.net\/index.php\/2023\/04\/05\/larrivee-de-daland-deja-prevue-pour-cet-ete\/","url":"https:\/\/www.ladiagonale.net\/index.php\/2023\/04\/05\/larrivee-de-daland-deja-prevue-pour-cet-ete\/","name":"L'arriv\u00e9e de Daland d\u00e9j\u00e0 pr\u00e9vue pour cet \u00e9t\u00e9 ? - La Diagonale","isPartOf":{"@id":"https:\/\/www.ladiagonale.net\/#website"},"datePublished":"2023-04-05T17:59:48+00:00","dateModified":"2023-04-05T19:29:30+00:00","author":{"@id":"https:\/\/www.ladiagonale.net\/#\/schema\/person\/79ff1e7b0853ed01b2aa26e64ad300bf"},"breadcrumb":{"@id":"https:\/\/www.ladiagonale.net\/index.php\/2023\/04\/05\/larrivee-de-daland-deja-prevue-pour-cet-ete\/#breadcrumb"},"inLanguage":"fr-FR","potentialAction":[{"@type":"ReadAction","target":["https:\/\/www.ladiagonale.net\/index.php\/2023\/04\/05\/larrivee-de-daland-deja-prevue-pour-cet-ete\/"]}]},{"@type":"BreadcrumbList","@id":"https:\/\/www.ladiagonale.net\/index.php\/2023\/04\/05\/larrivee-de-daland-deja-prevue-pour-cet-ete\/#breadcrumb","itemListElement":[{"@type":"ListItem","position":1,"name":"Accueil","item":"https:\/\/www.ladiagonale.net\/"},{"@type":"ListItem","position":2,"name":"L&rsquo;arriv\u00e9e de Daland d\u00e9j\u00e0 pr\u00e9vue pour cet \u00e9t\u00e9 ?"}]},{"@type":"WebSite","@id":"https:\/\/www.ladiagonale.net\/#website","url":"https:\/\/www.ladiagonale.net\/","name":"La Diagonale","description":"Le site des supporters de l&#039;AS Monaco FC","potentialAction":[{"@type":"SearchAction","target":{"@type":"EntryPoint","urlTemplate":"https:\/\/www.ladiagonale.net\/?s={search_term_string}"},"query-input":"required name=search_term_string"}],"inLanguage":"fr-FR"},{"@type":"Person","@id":"https:\/\/www.ladiagonale.net\/#\/schema\/person\/79ff1e7b0853ed01b2aa26e64ad300bf","name":"Damien Dellerba","image":{"@type":"ImageObject","inLanguage":"fr-FR","@id":"https:\/\/www.ladiagonale.net\/#\/schema\/person\/image\/","url":"https:\/\/secure.gravatar.com\/avatar\/c7850e06d3ff63cdbaee88b7fc16e2f0?s=96&d=mm&r=g","contentUrl":"https:\/\/secure.gravatar.com\/avatar\/c7850e06d3ff63cdbaee88b7fc16e2f0?s=96&d=mm&r=g","caption":"Damien Dellerba"},"url":"https:\/\/www.ladiagonale.net\/index.php\/author\/damien\/"}]}},"_links":{"self":[{"href":"https:\/\/www.ladiagonale.net\/index.php\/wp-json\/wp\/v2\/posts\/11306"}],"collection":[{"href":"https:\/\/www.ladiagonale.net\/index.php\/wp-json\/wp\/v2\/posts"}],"about":[{"href":"https:\/\/www.ladiagonale.net\/index.php\/wp-json\/wp\/v2\/types\/post"}],"author":[{"embeddable":true,"href":"https:\/\/www.ladiagonale.net\/index.php\/wp-json\/wp\/v2\/users\/2"}],"replies":[{"embeddable":true,"href":"https:\/\/www.ladiagonale.net\/index.php\/wp-json\/wp\/v2\/comments?post=11306"}],"version-history":[{"count":5,"href":"https:\/\/www.ladiagonale.net\/index.php\/wp-json\/wp\/v2\/posts\/11306\/revisions"}],"predecessor-version":[{"id":11314,"href":"https:\/\/www.ladiagonale.net\/index.php\/wp-json\/wp\/v2\/posts\/11306\/revisions\/11314"}],"wp:attachment":[{"href":"https:\/\/www.ladiagonale.net\/index.php\/wp-json\/wp\/v2\/media?parent=11306"}],"wp:term":[{"taxonomy":"category","embeddable":true,"href":"https:\/\/www.ladiagonale.net\/index.php\/wp-json\/wp\/v2\/categories?post=11306"},{"taxonomy":"post_tag","embeddable":true,"href":"https:\/\/www.ladiagonale.net\/index.php\/wp-json\/wp\/v2\/tags?post=11306"}],"curies":[{"name":"wp","href":"https:\/\/api.w.org\/{rel}","templated":true}]}}