{"id":11344,"date":"2023-04-06T19:36:02","date_gmt":"2023-04-06T17:36:02","guid":{"rendered":"https:\/\/www.ladiagonale.net\/?p=11344"},"modified":"2023-04-06T19:54:29","modified_gmt":"2023-04-06T17:54:29","slug":"angers-monaco-programme-le-7-mai","status":"publish","type":"post","link":"https:\/\/www.ladiagonale.net\/index.php\/2023\/04\/06\/angers-monaco-programme-le-7-mai\/","title":{"rendered":"Angers-Monaco programm\u00e9 le 7 mai"},"content":{"rendered":"\n<p>La Ligue de football professionnel a d\u00e9voil\u00e9 la programmation de la 33<sup>e<\/sup> journ\u00e9e de Ligue 1. Monaco se d\u00e9placera \u00e0 Angers le dimanche 7 mai \u00e0 13h. La rencontre sera retransmise sur Prime Video. Quant \u00e0 la 32<sup>e<\/sup> journ\u00e9e, elle devrait \u00eatre r\u00e9v\u00e9l\u00e9e une fois le dernier finaliste de la Coupe de France connu.<\/p>\n\n\n\n<h4 class=\"wp-block-heading has-vivid-red-color has-text-color\" style=\"text-transform:uppercase\">La programmation compl\u00e8te de la 33e journ\u00e9e<\/h4>\n\n\n\n<p>Samedi 6 mai 2023 \u00e0 17h00 sur Prime Video<br>OGC Nice \u2013 Stade Rennais FC<\/p>\n\n\n\n<p>Samedi 6 mai 2023 \u00e0 19h00 sur Prime Video<br>Stade de Reims \u2013 LOSC Lille<\/p>\n\n\n\n<p>Samedi 6 mai 2023 \u00e0 21h00 sur Canal+ 360 et sur Canal+ Foot<br>RC Lens \u2013 Olympique de Marseille<\/p>\n\n\n\n<p><strong>Dimanche 7 mai 2023 \u00e0 13h00 sur Prime Video<br>Angers SCO \u2013 AS Monaco<\/strong><\/p>\n\n\n\n<p>Dimanche 7 mai 2023 \u00e0 15h00 sur Prime Video<br>AC Ajaccio \u2013 Toulouse FC<br>AJ Auxerre \u2013 Clermont Foot 63<br>FC Lorient \u2013 Stade Brestois 29<br>FC Nantes \u2013 RC Strasbourg Alsace<\/p>\n\n\n\n<p>Dimanche 7 mai 2023 \u00e0 17h05 sur Canal+ Foot<br>Olympique Lyonnais \u2013 Montpellier H\u00e9rault SC<\/p>\n\n\n\n<p>Dimanche 7 mai 2023 \u00e0 20h45 sur Prime Video<br>ESTAC Troyes \u2013 Paris Saint-Germain<\/p>\n","protected":false},"excerpt":{"rendered":"<p>La Ligue de football professionnel a d\u00e9voil\u00e9 la programmation de la 33e journ\u00e9e de Ligue 1. Monaco se d\u00e9placera \u00e0 Angers le dimanche 7 mai \u00e0 13h. La rencontre sera retransmise sur Prime Video. Quant \u00e0 la 32e journ\u00e9e, elle devrait \u00eatre r\u00e9v\u00e9l\u00e9e une fois le dernier finaliste de la Coupe de France connu. La [&#8230;]\n","protected":false},"author":2,"featured_media":0,"comment_status":"open","ping_status":"open","sticky":false,"template":"","format":"standard","meta":[],"categories":[6],"tags":[475,86,476,94,172],"yoast_head":"<!-- This site is optimized with the Yoast SEO plugin v19.8 - https:\/\/yoast.com\/wordpress\/plugins\/seo\/ -->\n<title>Angers-Monaco programm\u00e9 le 7 mai - La Diagonale<\/title>\n<meta name=\"robots\" content=\"index, follow, max-snippet:-1, max-image-preview:large, max-video-preview:-1\" \/>\n<link rel=\"canonical\" href=\"https:\/\/www.ladiagonale.net\/index.php\/2023\/04\/06\/angers-monaco-programme-le-7-mai\/\" \/>\n<meta property=\"og:locale\" content=\"fr_FR\" \/>\n<meta property=\"og:type\" content=\"article\" \/>\n<meta property=\"og:title\" content=\"Angers-Monaco programm\u00e9 le 7 mai - La Diagonale\" \/>\n<meta property=\"og:description\" content=\"La Ligue de football professionnel a d\u00e9voil\u00e9 la programmation de la 33e journ\u00e9e de Ligue 1. Monaco se d\u00e9placera \u00e0 Angers le dimanche 7 mai \u00e0 13h. La rencontre sera retransmise sur Prime Video. Quant \u00e0 la 32e journ\u00e9e, elle devrait \u00eatre r\u00e9v\u00e9l\u00e9e une fois le dernier finaliste de la Coupe de France connu. La [...]\" \/>\n<meta property=\"og:url\" content=\"https:\/\/www.ladiagonale.net\/index.php\/2023\/04\/06\/angers-monaco-programme-le-7-mai\/\" \/>\n<meta property=\"og:site_name\" content=\"La Diagonale\" \/>\n<meta property=\"article:published_time\" content=\"2023-04-06T17:36:02+00:00\" \/>\n<meta property=\"article:modified_time\" content=\"2023-04-06T17:54:29+00:00\" \/>\n<meta property=\"og:image\" content=\"https:\/\/www.ladiagonale.net\/wp-content\/uploads\/2022\/10\/ligue1.png\" \/>\n\t<meta property=\"og:image:width\" content=\"1160\" \/>\n\t<meta property=\"og:image:height\" content=\"650\" \/>\n\t<meta property=\"og:image:type\" content=\"image\/png\" \/>\n<meta name=\"author\" content=\"Damien Dellerba\" \/>\n<meta name=\"twitter:card\" content=\"summary_large_image\" \/>\n<meta name=\"twitter:image\" content=\"https:\/\/www.ladiagonale.net\/wp-content\/uploads\/2022\/10\/ligue1.png\" \/>\n<meta name=\"twitter:label1\" content=\"\u00c9crit par\" \/>\n\t<meta name=\"twitter:data1\" content=\"Damien Dellerba\" \/>\n\t<meta name=\"twitter:label2\" content=\"Dur\u00e9e de lecture estim\u00e9e\" \/>\n\t<meta name=\"twitter:data2\" content=\"1 minute\" \/>\n<script type=\"application\/ld+json\" class=\"yoast-schema-graph\">{\"@context\":\"https:\/\/schema.org\",\"@graph\":[{\"@type\":\"WebPage\",\"@id\":\"https:\/\/www.ladiagonale.net\/index.php\/2023\/04\/06\/angers-monaco-programme-le-7-mai\/\",\"url\":\"https:\/\/www.ladiagonale.net\/index.php\/2023\/04\/06\/angers-monaco-programme-le-7-mai\/\",\"name\":\"Angers-Monaco programm\u00e9 le 7 mai - La Diagonale\",\"isPartOf\":{\"@id\":\"https:\/\/www.ladiagonale.net\/#website\"},\"datePublished\":\"2023-04-06T17:36:02+00:00\",\"dateModified\":\"2023-04-06T17:54:29+00:00\",\"author\":{\"@id\":\"https:\/\/www.ladiagonale.net\/#\/schema\/person\/79ff1e7b0853ed01b2aa26e64ad300bf\"},\"breadcrumb\":{\"@id\":\"https:\/\/www.ladiagonale.net\/index.php\/2023\/04\/06\/angers-monaco-programme-le-7-mai\/#breadcrumb\"},\"inLanguage\":\"fr-FR\",\"potentialAction\":[{\"@type\":\"ReadAction\",\"target\":[\"https:\/\/www.ladiagonale.net\/index.php\/2023\/04\/06\/angers-monaco-programme-le-7-mai\/\"]}]},{\"@type\":\"BreadcrumbList\",\"@id\":\"https:\/\/www.ladiagonale.net\/index.php\/2023\/04\/06\/angers-monaco-programme-le-7-mai\/#breadcrumb\",\"itemListElement\":[{\"@type\":\"ListItem\",\"position\":1,\"name\":\"Accueil\",\"item\":\"https:\/\/www.ladiagonale.net\/\"},{\"@type\":\"ListItem\",\"position\":2,\"name\":\"Angers-Monaco programm\u00e9 le 7 mai\"}]},{\"@type\":\"WebSite\",\"@id\":\"https:\/\/www.ladiagonale.net\/#website\",\"url\":\"https:\/\/www.ladiagonale.net\/\",\"name\":\"La Diagonale\",\"description\":\"Le site des supporters de l&#039;AS Monaco FC\",\"potentialAction\":[{\"@type\":\"SearchAction\",\"target\":{\"@type\":\"EntryPoint\",\"urlTemplate\":\"https:\/\/www.ladiagonale.net\/?s={search_term_string}\"},\"query-input\":\"required name=search_term_string\"}],\"inLanguage\":\"fr-FR\"},{\"@type\":\"Person\",\"@id\":\"https:\/\/www.ladiagonale.net\/#\/schema\/person\/79ff1e7b0853ed01b2aa26e64ad300bf\",\"name\":\"Damien Dellerba\",\"image\":{\"@type\":\"ImageObject\",\"inLanguage\":\"fr-FR\",\"@id\":\"https:\/\/www.ladiagonale.net\/#\/schema\/person\/image\/\",\"url\":\"https:\/\/secure.gravatar.com\/avatar\/c7850e06d3ff63cdbaee88b7fc16e2f0?s=96&d=mm&r=g\",\"contentUrl\":\"https:\/\/secure.gravatar.com\/avatar\/c7850e06d3ff63cdbaee88b7fc16e2f0?s=96&d=mm&r=g\",\"caption\":\"Damien Dellerba\"},\"url\":\"https:\/\/www.ladiagonale.net\/index.php\/author\/damien\/\"}]}<\/script>\n<!-- \/ Yoast SEO plugin. -->","yoast_head_json":{"title":"Angers-Monaco programm\u00e9 le 7 mai - La Diagonale","robots":{"index":"index","follow":"follow","max-snippet":"max-snippet:-1","max-image-preview":"max-image-preview:large","max-video-preview":"max-video-preview:-1"},"canonical":"https:\/\/www.ladiagonale.net\/index.php\/2023\/04\/06\/angers-monaco-programme-le-7-mai\/","og_locale":"fr_FR","og_type":"article","og_title":"Angers-Monaco programm\u00e9 le 7 mai - La Diagonale","og_description":"La Ligue de football professionnel a d\u00e9voil\u00e9 la programmation de la 33e journ\u00e9e de Ligue 1. Monaco se d\u00e9placera \u00e0 Angers le dimanche 7 mai \u00e0 13h. La rencontre sera retransmise sur Prime Video. Quant \u00e0 la 32e journ\u00e9e, elle devrait \u00eatre r\u00e9v\u00e9l\u00e9e une fois le dernier finaliste de la Coupe de France connu. La [...]","og_url":"https:\/\/www.ladiagonale.net\/index.php\/2023\/04\/06\/angers-monaco-programme-le-7-mai\/","og_site_name":"La Diagonale","article_published_time":"2023-04-06T17:36:02+00:00","article_modified_time":"2023-04-06T17:54:29+00:00","og_image":[{"width":1160,"height":650,"url":"https:\/\/www.ladiagonale.net\/wp-content\/uploads\/2022\/10\/ligue1.png","type":"image\/png"}],"author":"Damien Dellerba","twitter_card":"summary_large_image","twitter_image":"https:\/\/www.ladiagonale.net\/wp-content\/uploads\/2022\/10\/ligue1.png","twitter_misc":{"\u00c9crit par":"Damien Dellerba","Dur\u00e9e de lecture estim\u00e9e":"1 minute"},"schema":{"@context":"https:\/\/schema.org","@graph":[{"@type":"WebPage","@id":"https:\/\/www.ladiagonale.net\/index.php\/2023\/04\/06\/angers-monaco-programme-le-7-mai\/","url":"https:\/\/www.ladiagonale.net\/index.php\/2023\/04\/06\/angers-monaco-programme-le-7-mai\/","name":"Angers-Monaco programm\u00e9 le 7 mai - La Diagonale","isPartOf":{"@id":"https:\/\/www.ladiagonale.net\/#website"},"datePublished":"2023-04-06T17:36:02+00:00","dateModified":"2023-04-06T17:54:29+00:00","author":{"@id":"https:\/\/www.ladiagonale.net\/#\/schema\/person\/79ff1e7b0853ed01b2aa26e64ad300bf"},"breadcrumb":{"@id":"https:\/\/www.ladiagonale.net\/index.php\/2023\/04\/06\/angers-monaco-programme-le-7-mai\/#breadcrumb"},"inLanguage":"fr-FR","potentialAction":[{"@type":"ReadAction","target":["https:\/\/www.ladiagonale.net\/index.php\/2023\/04\/06\/angers-monaco-programme-le-7-mai\/"]}]},{"@type":"BreadcrumbList","@id":"https:\/\/www.ladiagonale.net\/index.php\/2023\/04\/06\/angers-monaco-programme-le-7-mai\/#breadcrumb","itemListElement":[{"@type":"ListItem","position":1,"name":"Accueil","item":"https:\/\/www.ladiagonale.net\/"},{"@type":"ListItem","position":2,"name":"Angers-Monaco programm\u00e9 le 7 mai"}]},{"@type":"WebSite","@id":"https:\/\/www.ladiagonale.net\/#website","url":"https:\/\/www.ladiagonale.net\/","name":"La Diagonale","description":"Le site des supporters de l&#039;AS Monaco FC","potentialAction":[{"@type":"SearchAction","target":{"@type":"EntryPoint","urlTemplate":"https:\/\/www.ladiagonale.net\/?s={search_term_string}"},"query-input":"required name=search_term_string"}],"inLanguage":"fr-FR"},{"@type":"Person","@id":"https:\/\/www.ladiagonale.net\/#\/schema\/person\/79ff1e7b0853ed01b2aa26e64ad300bf","name":"Damien Dellerba","image":{"@type":"ImageObject","inLanguage":"fr-FR","@id":"https:\/\/www.ladiagonale.net\/#\/schema\/person\/image\/","url":"https:\/\/secure.gravatar.com\/avatar\/c7850e06d3ff63cdbaee88b7fc16e2f0?s=96&d=mm&r=g","contentUrl":"https:\/\/secure.gravatar.com\/avatar\/c7850e06d3ff63cdbaee88b7fc16e2f0?s=96&d=mm&r=g","caption":"Damien Dellerba"},"url":"https:\/\/www.ladiagonale.net\/index.php\/author\/damien\/"}]}},"_links":{"self":[{"href":"https:\/\/www.ladiagonale.net\/index.php\/wp-json\/wp\/v2\/posts\/11344"}],"collection":[{"href":"https:\/\/www.ladiagonale.net\/index.php\/wp-json\/wp\/v2\/posts"}],"about":[{"href":"https:\/\/www.ladiagonale.net\/index.php\/wp-json\/wp\/v2\/types\/post"}],"author":[{"embeddable":true,"href":"https:\/\/www.ladiagonale.net\/index.php\/wp-json\/wp\/v2\/users\/2"}],"replies":[{"embeddable":true,"href":"https:\/\/www.ladiagonale.net\/index.php\/wp-json\/wp\/v2\/comments?post=11344"}],"version-history":[{"count":2,"href":"https:\/\/www.ladiagonale.net\/index.php\/wp-json\/wp\/v2\/posts\/11344\/revisions"}],"predecessor-version":[{"id":11346,"href":"https:\/\/www.ladiagonale.net\/index.php\/wp-json\/wp\/v2\/posts\/11344\/revisions\/11346"}],"wp:attachment":[{"href":"https:\/\/www.ladiagonale.net\/index.php\/wp-json\/wp\/v2\/media?parent=11344"}],"wp:term":[{"taxonomy":"category","embeddable":true,"href":"https:\/\/www.ladiagonale.net\/index.php\/wp-json\/wp\/v2\/categories?post=11344"},{"taxonomy":"post_tag","embeddable":true,"href":"https:\/\/www.ladiagonale.net\/index.php\/wp-json\/wp\/v2\/tags?post=11344"}],"curies":[{"name":"wp","href":"https:\/\/api.w.org\/{rel}","templated":true}]}}