{"id":11347,"date":"2023-04-07T12:36:47","date_gmt":"2023-04-07T10:36:47","guid":{"rendered":"https:\/\/www.ladiagonale.net\/?p=11347"},"modified":"2023-04-07T13:15:05","modified_gmt":"2023-04-07T11:15:05","slug":"olmeta-devrait-bientot-faire-part-de-sa-decision","status":"publish","type":"post","link":"https:\/\/www.ladiagonale.net\/index.php\/2023\/04\/07\/olmeta-devrait-bientot-faire-part-de-sa-decision\/","title":{"rendered":"Olmeta devrait bient\u00f4t faire part de sa d\u00e9cision"},"content":{"rendered":"\n\n\n<p>Il y a quelques mois, <em>Foot Mercato<\/em> annon\u00e7ait que Lisandru Olmeta <a href=\"https:\/\/www.ladiagonale.net\/index.php\/2023\/01\/12\/olmeta-courtise-hesite-a-signer-son-contrat-pro\/\">\u00e9tait en pleine r\u00e9flexion<\/a> quant \u00e0 la suite de son aventure \u00e0 l&rsquo;AS Monaco. Le gardien de 17 ans dispose d&rsquo;une <a href=\"https:\/\/www.ladiagonale.net\/index.php\/2022\/10\/22\/monaco-a-propose-un-contrat-a-olmeta\/\">offre de premier contrat professionnel<\/a> de la part du club de la Principaut\u00e9 depuis plusieurs mois, mais les contours du projet as\u00e9miste, jug\u00e9 \u00ab <em>flou<\/em> \u00bb par le joueur, a longuement fait r\u00e9fl\u00e9chir Olmeta.<\/p>\n\n\n\n<p>Le temps de la r\u00e9flexion serait toutefois bient\u00f4t termin\u00e9 d&rsquo;apr\u00e8s<em> Nice-Matin<\/em>. Dans son \u00e9dition du jour, le quotidien azur\u00e9en indique que le champion d&rsquo;Europe U17 devrait faire conna\u00eetre sa d\u00e9cision dans les prochains jours. En fin de contrat aspirant au mois de juin, Olmeta ne serait pas contre rester sur le Rocher. Ces derni\u00e8res semaines, le natif d&rsquo;Ajaccio \u00e9tait sur le flanc en raison d&rsquo;une blessure au poignet gauche.<\/p>\n","protected":false},"excerpt":{"rendered":"<p>Il y a quelques mois, Foot Mercato annon\u00e7ait que Lisandru Olmeta \u00e9tait en pleine r\u00e9flexion quant \u00e0 la suite de son aventure \u00e0 l&rsquo;AS Monaco. Le gardien de 17 ans dispose d&rsquo;une offre de premier contrat professionnel de la part du club de la Principaut\u00e9 depuis plusieurs mois, mais les contours du projet as\u00e9miste, jug\u00e9 [&#8230;]\n","protected":false},"author":2,"featured_media":0,"comment_status":"open","ping_status":"open","sticky":false,"template":"","format":"standard","meta":[],"categories":[6],"tags":[76,86,314,264],"yoast_head":"<!-- This site is optimized with the Yoast SEO plugin v19.8 - https:\/\/yoast.com\/wordpress\/plugins\/seo\/ -->\n<title>Olmeta devrait bient\u00f4t faire part de sa d\u00e9cision - La Diagonale<\/title>\n<meta name=\"robots\" content=\"index, follow, max-snippet:-1, max-image-preview:large, max-video-preview:-1\" \/>\n<link rel=\"canonical\" href=\"https:\/\/www.ladiagonale.net\/index.php\/2023\/04\/07\/olmeta-devrait-bientot-faire-part-de-sa-decision\/\" \/>\n<meta property=\"og:locale\" content=\"fr_FR\" \/>\n<meta property=\"og:type\" content=\"article\" \/>\n<meta property=\"og:title\" content=\"Olmeta devrait bient\u00f4t faire part de sa d\u00e9cision - La Diagonale\" \/>\n<meta property=\"og:description\" content=\"Il y a quelques mois, Foot Mercato annon\u00e7ait que Lisandru Olmeta \u00e9tait en pleine r\u00e9flexion quant \u00e0 la suite de son aventure \u00e0 l&rsquo;AS Monaco. Le gardien de 17 ans dispose d&rsquo;une offre de premier contrat professionnel de la part du club de la Principaut\u00e9 depuis plusieurs mois, mais les contours du projet as\u00e9miste, jug\u00e9 [...]\" \/>\n<meta property=\"og:url\" content=\"https:\/\/www.ladiagonale.net\/index.php\/2023\/04\/07\/olmeta-devrait-bientot-faire-part-de-sa-decision\/\" \/>\n<meta property=\"og:site_name\" content=\"La Diagonale\" \/>\n<meta property=\"article:published_time\" content=\"2023-04-07T10:36:47+00:00\" \/>\n<meta property=\"article:modified_time\" content=\"2023-04-07T11:15:05+00:00\" \/>\n<meta property=\"og:image\" content=\"https:\/\/www.ladiagonale.net\/wp-content\/uploads\/2023\/01\/olmeta2.png\" \/>\n\t<meta property=\"og:image:width\" content=\"1160\" \/>\n\t<meta property=\"og:image:height\" content=\"650\" \/>\n\t<meta property=\"og:image:type\" content=\"image\/png\" \/>\n<meta name=\"author\" content=\"Damien Dellerba\" \/>\n<meta name=\"twitter:card\" content=\"summary_large_image\" \/>\n<meta name=\"twitter:image\" content=\"https:\/\/www.ladiagonale.net\/wp-content\/uploads\/2023\/01\/olmeta2.png\" \/>\n<meta name=\"twitter:label1\" content=\"\u00c9crit par\" \/>\n\t<meta name=\"twitter:data1\" content=\"Damien Dellerba\" \/>\n\t<meta name=\"twitter:label2\" content=\"Dur\u00e9e de lecture estim\u00e9e\" \/>\n\t<meta name=\"twitter:data2\" content=\"1 minute\" \/>\n<script type=\"application\/ld+json\" class=\"yoast-schema-graph\">{\"@context\":\"https:\/\/schema.org\",\"@graph\":[{\"@type\":\"WebPage\",\"@id\":\"https:\/\/www.ladiagonale.net\/index.php\/2023\/04\/07\/olmeta-devrait-bientot-faire-part-de-sa-decision\/\",\"url\":\"https:\/\/www.ladiagonale.net\/index.php\/2023\/04\/07\/olmeta-devrait-bientot-faire-part-de-sa-decision\/\",\"name\":\"Olmeta devrait bient\u00f4t faire part de sa d\u00e9cision - La Diagonale\",\"isPartOf\":{\"@id\":\"https:\/\/www.ladiagonale.net\/#website\"},\"datePublished\":\"2023-04-07T10:36:47+00:00\",\"dateModified\":\"2023-04-07T11:15:05+00:00\",\"author\":{\"@id\":\"https:\/\/www.ladiagonale.net\/#\/schema\/person\/79ff1e7b0853ed01b2aa26e64ad300bf\"},\"breadcrumb\":{\"@id\":\"https:\/\/www.ladiagonale.net\/index.php\/2023\/04\/07\/olmeta-devrait-bientot-faire-part-de-sa-decision\/#breadcrumb\"},\"inLanguage\":\"fr-FR\",\"potentialAction\":[{\"@type\":\"ReadAction\",\"target\":[\"https:\/\/www.ladiagonale.net\/index.php\/2023\/04\/07\/olmeta-devrait-bientot-faire-part-de-sa-decision\/\"]}]},{\"@type\":\"BreadcrumbList\",\"@id\":\"https:\/\/www.ladiagonale.net\/index.php\/2023\/04\/07\/olmeta-devrait-bientot-faire-part-de-sa-decision\/#breadcrumb\",\"itemListElement\":[{\"@type\":\"ListItem\",\"position\":1,\"name\":\"Accueil\",\"item\":\"https:\/\/www.ladiagonale.net\/\"},{\"@type\":\"ListItem\",\"position\":2,\"name\":\"Olmeta devrait bient\u00f4t faire part de sa d\u00e9cision\"}]},{\"@type\":\"WebSite\",\"@id\":\"https:\/\/www.ladiagonale.net\/#website\",\"url\":\"https:\/\/www.ladiagonale.net\/\",\"name\":\"La Diagonale\",\"description\":\"Le site des supporters de l&#039;AS Monaco FC\",\"potentialAction\":[{\"@type\":\"SearchAction\",\"target\":{\"@type\":\"EntryPoint\",\"urlTemplate\":\"https:\/\/www.ladiagonale.net\/?s={search_term_string}\"},\"query-input\":\"required name=search_term_string\"}],\"inLanguage\":\"fr-FR\"},{\"@type\":\"Person\",\"@id\":\"https:\/\/www.ladiagonale.net\/#\/schema\/person\/79ff1e7b0853ed01b2aa26e64ad300bf\",\"name\":\"Damien Dellerba\",\"image\":{\"@type\":\"ImageObject\",\"inLanguage\":\"fr-FR\",\"@id\":\"https:\/\/www.ladiagonale.net\/#\/schema\/person\/image\/\",\"url\":\"https:\/\/secure.gravatar.com\/avatar\/c7850e06d3ff63cdbaee88b7fc16e2f0?s=96&d=mm&r=g\",\"contentUrl\":\"https:\/\/secure.gravatar.com\/avatar\/c7850e06d3ff63cdbaee88b7fc16e2f0?s=96&d=mm&r=g\",\"caption\":\"Damien Dellerba\"},\"url\":\"https:\/\/www.ladiagonale.net\/index.php\/author\/damien\/\"}]}<\/script>\n<!-- \/ Yoast SEO plugin. -->","yoast_head_json":{"title":"Olmeta devrait bient\u00f4t faire part de sa d\u00e9cision - La Diagonale","robots":{"index":"index","follow":"follow","max-snippet":"max-snippet:-1","max-image-preview":"max-image-preview:large","max-video-preview":"max-video-preview:-1"},"canonical":"https:\/\/www.ladiagonale.net\/index.php\/2023\/04\/07\/olmeta-devrait-bientot-faire-part-de-sa-decision\/","og_locale":"fr_FR","og_type":"article","og_title":"Olmeta devrait bient\u00f4t faire part de sa d\u00e9cision - La Diagonale","og_description":"Il y a quelques mois, Foot Mercato annon\u00e7ait que Lisandru Olmeta \u00e9tait en pleine r\u00e9flexion quant \u00e0 la suite de son aventure \u00e0 l&rsquo;AS Monaco. Le gardien de 17 ans dispose d&rsquo;une offre de premier contrat professionnel de la part du club de la Principaut\u00e9 depuis plusieurs mois, mais les contours du projet as\u00e9miste, jug\u00e9 [...]","og_url":"https:\/\/www.ladiagonale.net\/index.php\/2023\/04\/07\/olmeta-devrait-bientot-faire-part-de-sa-decision\/","og_site_name":"La Diagonale","article_published_time":"2023-04-07T10:36:47+00:00","article_modified_time":"2023-04-07T11:15:05+00:00","og_image":[{"width":1160,"height":650,"url":"https:\/\/www.ladiagonale.net\/wp-content\/uploads\/2023\/01\/olmeta2.png","type":"image\/png"}],"author":"Damien Dellerba","twitter_card":"summary_large_image","twitter_image":"https:\/\/www.ladiagonale.net\/wp-content\/uploads\/2023\/01\/olmeta2.png","twitter_misc":{"\u00c9crit par":"Damien Dellerba","Dur\u00e9e de lecture estim\u00e9e":"1 minute"},"schema":{"@context":"https:\/\/schema.org","@graph":[{"@type":"WebPage","@id":"https:\/\/www.ladiagonale.net\/index.php\/2023\/04\/07\/olmeta-devrait-bientot-faire-part-de-sa-decision\/","url":"https:\/\/www.ladiagonale.net\/index.php\/2023\/04\/07\/olmeta-devrait-bientot-faire-part-de-sa-decision\/","name":"Olmeta devrait bient\u00f4t faire part de sa d\u00e9cision - La Diagonale","isPartOf":{"@id":"https:\/\/www.ladiagonale.net\/#website"},"datePublished":"2023-04-07T10:36:47+00:00","dateModified":"2023-04-07T11:15:05+00:00","author":{"@id":"https:\/\/www.ladiagonale.net\/#\/schema\/person\/79ff1e7b0853ed01b2aa26e64ad300bf"},"breadcrumb":{"@id":"https:\/\/www.ladiagonale.net\/index.php\/2023\/04\/07\/olmeta-devrait-bientot-faire-part-de-sa-decision\/#breadcrumb"},"inLanguage":"fr-FR","potentialAction":[{"@type":"ReadAction","target":["https:\/\/www.ladiagonale.net\/index.php\/2023\/04\/07\/olmeta-devrait-bientot-faire-part-de-sa-decision\/"]}]},{"@type":"BreadcrumbList","@id":"https:\/\/www.ladiagonale.net\/index.php\/2023\/04\/07\/olmeta-devrait-bientot-faire-part-de-sa-decision\/#breadcrumb","itemListElement":[{"@type":"ListItem","position":1,"name":"Accueil","item":"https:\/\/www.ladiagonale.net\/"},{"@type":"ListItem","position":2,"name":"Olmeta devrait bient\u00f4t faire part de sa d\u00e9cision"}]},{"@type":"WebSite","@id":"https:\/\/www.ladiagonale.net\/#website","url":"https:\/\/www.ladiagonale.net\/","name":"La Diagonale","description":"Le site des supporters de l&#039;AS Monaco FC","potentialAction":[{"@type":"SearchAction","target":{"@type":"EntryPoint","urlTemplate":"https:\/\/www.ladiagonale.net\/?s={search_term_string}"},"query-input":"required name=search_term_string"}],"inLanguage":"fr-FR"},{"@type":"Person","@id":"https:\/\/www.ladiagonale.net\/#\/schema\/person\/79ff1e7b0853ed01b2aa26e64ad300bf","name":"Damien Dellerba","image":{"@type":"ImageObject","inLanguage":"fr-FR","@id":"https:\/\/www.ladiagonale.net\/#\/schema\/person\/image\/","url":"https:\/\/secure.gravatar.com\/avatar\/c7850e06d3ff63cdbaee88b7fc16e2f0?s=96&d=mm&r=g","contentUrl":"https:\/\/secure.gravatar.com\/avatar\/c7850e06d3ff63cdbaee88b7fc16e2f0?s=96&d=mm&r=g","caption":"Damien Dellerba"},"url":"https:\/\/www.ladiagonale.net\/index.php\/author\/damien\/"}]}},"_links":{"self":[{"href":"https:\/\/www.ladiagonale.net\/index.php\/wp-json\/wp\/v2\/posts\/11347"}],"collection":[{"href":"https:\/\/www.ladiagonale.net\/index.php\/wp-json\/wp\/v2\/posts"}],"about":[{"href":"https:\/\/www.ladiagonale.net\/index.php\/wp-json\/wp\/v2\/types\/post"}],"author":[{"embeddable":true,"href":"https:\/\/www.ladiagonale.net\/index.php\/wp-json\/wp\/v2\/users\/2"}],"replies":[{"embeddable":true,"href":"https:\/\/www.ladiagonale.net\/index.php\/wp-json\/wp\/v2\/comments?post=11347"}],"version-history":[{"count":2,"href":"https:\/\/www.ladiagonale.net\/index.php\/wp-json\/wp\/v2\/posts\/11347\/revisions"}],"predecessor-version":[{"id":11354,"href":"https:\/\/www.ladiagonale.net\/index.php\/wp-json\/wp\/v2\/posts\/11347\/revisions\/11354"}],"wp:attachment":[{"href":"https:\/\/www.ladiagonale.net\/index.php\/wp-json\/wp\/v2\/media?parent=11347"}],"wp:term":[{"taxonomy":"category","embeddable":true,"href":"https:\/\/www.ladiagonale.net\/index.php\/wp-json\/wp\/v2\/categories?post=11347"},{"taxonomy":"post_tag","embeddable":true,"href":"https:\/\/www.ladiagonale.net\/index.php\/wp-json\/wp\/v2\/tags?post=11347"}],"curies":[{"name":"wp","href":"https:\/\/api.w.org\/{rel}","templated":true}]}}