{"id":11352,"date":"2023-04-07T13:39:51","date_gmt":"2023-04-07T11:39:51","guid":{"rendered":"https:\/\/www.ladiagonale.net\/?p=11352"},"modified":"2023-04-07T13:39:53","modified_gmt":"2023-04-07T11:39:53","slug":"monaco-plutot-en-verve-a-nantes","status":"publish","type":"post","link":"https:\/\/www.ladiagonale.net\/index.php\/2023\/04\/07\/monaco-plutot-en-verve-a-nantes\/","title":{"rendered":"Monaco plut\u00f4t en verve \u00e0 Nantes"},"content":{"rendered":"\n\n\n<p>Les oppositions entre Nantes et Monaco sont un classique dans le championnat de France. Les deux \u00e9quipes se sont d\u00e9j\u00e0 affront\u00e9es \u00e0 50 reprises en terres nantaises et Monaco a souvent ramen\u00e9 de bons r\u00e9sultats. Si les Canaris gardent l&rsquo;avantage sur leur pelouse, avec 19 succ\u00e8s, Monaco n&rsquo;est pas loin derri\u00e8re avec 13 victoires. Et les deux formations se sont partag\u00e9 les points \u00e0 18 reprises. <\/p>\n\n\n\n<p>C&rsquo;est notamment le cas de la confrontation de la saison pass\u00e9e, o\u00f9 Monaco et Nantes s&rsquo;\u00e9taient s\u00e9par\u00e9s sur un r\u00e9sultat nul assez terne (0-0). C&rsquo;\u00e9tait d&rsquo;ailleurs la premi\u00e8re de Philippe Clement sur le banc de l&rsquo;AS Monaco. L&rsquo;entra\u00eeneur belge avait notamment innov\u00e9 en pla\u00e7ant Caio Henrique en meneur de jeu. \u00c0 sa d\u00e9charge, Monaco avait d\u00fb composer avec de nombreuses absences en raison du Covid qui avait touch\u00e9 notamment Disasi, Fofana ou encore Ben Yedder. <\/p>\n\n\n\n<figure class=\"wp-block-embed is-type-video is-provider-youtube wp-block-embed-youtube wp-embed-aspect-16-9 wp-has-aspect-ratio\"><div class=\"wp-block-embed__wrapper\">\n<iframe loading=\"lazy\" title=\"FC NANTES 0-0 AS MONACO - LIGUE 1 - 20EME JOURN\u00c9E\" width=\"1020\" height=\"574\" src=\"https:\/\/www.youtube.com\/embed\/AdPRtWzJD-E?feature=oembed\" frameborder=\"0\" allow=\"accelerometer; autoplay; clipboard-write; encrypted-media; gyroscope; picture-in-picture; web-share\" allowfullscreen><\/iframe>\n<\/div><\/figure>\n\n\n\n<figure class=\"wp-block-table is-style-stripes\"><table><tbody><tr><td class=\"has-text-align-center\" data-align=\"center\">Saison 2021-2022<\/td><td class=\"has-text-align-center\" data-align=\"center\">20<sup>e<\/sup> journ\u00e9e<\/td><td class=\"has-text-align-right\" data-align=\"right\">Nantes<\/td><td class=\"has-text-align-center\" data-align=\"center\">0-0<\/td><td>Monaco<\/td><td class=\"has-text-align-center\" data-align=\"center\">\ud83d\udfe1<\/td><\/tr><tr><td class=\"has-text-align-center\" data-align=\"center\">Saison 2020-2021<\/td><td class=\"has-text-align-center\" data-align=\"center\">22<sup>e<\/sup> journ\u00e9e<\/td><td class=\"has-text-align-right\" data-align=\"right\">Nantes<\/td><td class=\"has-text-align-center\" data-align=\"center\">1-2<\/td><td><strong>Monaco<\/strong><\/td><td class=\"has-text-align-center\" data-align=\"center\">\ud83d\udfe2<\/td><\/tr><tr><td class=\"has-text-align-center\" data-align=\"center\">Saison 2019-2020<\/td><td class=\"has-text-align-center\" data-align=\"center\">11<sup>e<\/sup> journ\u00e9e<\/td><td class=\"has-text-align-right\" data-align=\"right\">Nantes<\/td><td class=\"has-text-align-center\" data-align=\"center\">0-1<\/td><td><strong>Monaco<\/strong><\/td><td class=\"has-text-align-center\" data-align=\"center\">\ud83d\udfe2<\/td><\/tr><tr><td class=\"has-text-align-center\" data-align=\"center\">Saison 2018-2019<\/td><td class=\"has-text-align-center\" data-align=\"center\">1<sup>re<\/sup> journ\u00e9e<\/td><td class=\"has-text-align-right\" data-align=\"right\">Nantes<\/td><td class=\"has-text-align-center\" data-align=\"center\">1-3<\/td><td><strong>Monaco<\/strong><\/td><td class=\"has-text-align-center\" data-align=\"center\">\ud83d\udfe2<\/td><\/tr><tr><td class=\"has-text-align-center\" data-align=\"center\">Saison 22017-2018<\/td><td class=\"has-text-align-center\" data-align=\"center\">15<sup>e<\/sup> journ\u00e9e<\/td><td class=\"has-text-align-right\" data-align=\"right\"><strong>Nantes<\/strong><\/td><td class=\"has-text-align-center\" data-align=\"center\">1-0<\/td><td>Monaco<\/td><td class=\"has-text-align-center\" data-align=\"center\">\ud83d\udd34<\/td><\/tr><\/tbody><\/table><\/figure>\n","protected":false},"excerpt":{"rendered":"<p>Les oppositions entre Nantes et Monaco sont un classique dans le championnat de France. Les deux \u00e9quipes se sont d\u00e9j\u00e0 affront\u00e9es \u00e0 50 reprises en terres nantaises et Monaco a souvent ramen\u00e9 de bons r\u00e9sultats. Si les Canaris gardent l&rsquo;avantage sur leur pelouse, avec 19 succ\u00e8s, Monaco n&rsquo;est pas loin derri\u00e8re avec 13 victoires. Et [&#8230;]\n","protected":false},"author":2,"featured_media":0,"comment_status":"open","ping_status":"open","sticky":false,"template":"","format":"standard","meta":[],"categories":[6],"tags":[86,261,94,438],"yoast_head":"<!-- This site is optimized with the Yoast SEO plugin v19.8 - https:\/\/yoast.com\/wordpress\/plugins\/seo\/ -->\n<title>Monaco plut\u00f4t en verve \u00e0 Nantes - La Diagonale<\/title>\n<meta name=\"robots\" content=\"index, follow, max-snippet:-1, max-image-preview:large, max-video-preview:-1\" \/>\n<link rel=\"canonical\" href=\"https:\/\/www.ladiagonale.net\/index.php\/2023\/04\/07\/monaco-plutot-en-verve-a-nantes\/\" \/>\n<meta property=\"og:locale\" content=\"fr_FR\" \/>\n<meta property=\"og:type\" content=\"article\" \/>\n<meta property=\"og:title\" content=\"Monaco plut\u00f4t en verve \u00e0 Nantes - La Diagonale\" \/>\n<meta property=\"og:description\" content=\"Les oppositions entre Nantes et Monaco sont un classique dans le championnat de France. Les deux \u00e9quipes se sont d\u00e9j\u00e0 affront\u00e9es \u00e0 50 reprises en terres nantaises et Monaco a souvent ramen\u00e9 de bons r\u00e9sultats. Si les Canaris gardent l&rsquo;avantage sur leur pelouse, avec 19 succ\u00e8s, Monaco n&rsquo;est pas loin derri\u00e8re avec 13 victoires. Et [...]\" \/>\n<meta property=\"og:url\" content=\"https:\/\/www.ladiagonale.net\/index.php\/2023\/04\/07\/monaco-plutot-en-verve-a-nantes\/\" \/>\n<meta property=\"og:site_name\" content=\"La Diagonale\" \/>\n<meta property=\"article:published_time\" content=\"2023-04-07T11:39:51+00:00\" \/>\n<meta property=\"article:modified_time\" content=\"2023-04-07T11:39:53+00:00\" \/>\n<meta property=\"og:image\" content=\"https:\/\/www.ladiagonale.net\/wp-content\/uploads\/2023\/04\/fcnasm.png\" \/>\n\t<meta property=\"og:image:width\" content=\"1160\" \/>\n\t<meta property=\"og:image:height\" content=\"650\" \/>\n\t<meta property=\"og:image:type\" content=\"image\/png\" \/>\n<meta name=\"author\" content=\"Damien Dellerba\" \/>\n<meta name=\"twitter:card\" content=\"summary_large_image\" \/>\n<meta name=\"twitter:image\" content=\"https:\/\/www.ladiagonale.net\/wp-content\/uploads\/2023\/04\/fcnasm.png\" \/>\n<meta name=\"twitter:label1\" content=\"\u00c9crit par\" \/>\n\t<meta name=\"twitter:data1\" content=\"Damien Dellerba\" \/>\n\t<meta name=\"twitter:label2\" content=\"Dur\u00e9e de lecture estim\u00e9e\" \/>\n\t<meta name=\"twitter:data2\" content=\"1 minute\" \/>\n<script type=\"application\/ld+json\" class=\"yoast-schema-graph\">{\"@context\":\"https:\/\/schema.org\",\"@graph\":[{\"@type\":\"WebPage\",\"@id\":\"https:\/\/www.ladiagonale.net\/index.php\/2023\/04\/07\/monaco-plutot-en-verve-a-nantes\/\",\"url\":\"https:\/\/www.ladiagonale.net\/index.php\/2023\/04\/07\/monaco-plutot-en-verve-a-nantes\/\",\"name\":\"Monaco plut\u00f4t en verve \u00e0 Nantes - La Diagonale\",\"isPartOf\":{\"@id\":\"https:\/\/www.ladiagonale.net\/#website\"},\"datePublished\":\"2023-04-07T11:39:51+00:00\",\"dateModified\":\"2023-04-07T11:39:53+00:00\",\"author\":{\"@id\":\"https:\/\/www.ladiagonale.net\/#\/schema\/person\/79ff1e7b0853ed01b2aa26e64ad300bf\"},\"breadcrumb\":{\"@id\":\"https:\/\/www.ladiagonale.net\/index.php\/2023\/04\/07\/monaco-plutot-en-verve-a-nantes\/#breadcrumb\"},\"inLanguage\":\"fr-FR\",\"potentialAction\":[{\"@type\":\"ReadAction\",\"target\":[\"https:\/\/www.ladiagonale.net\/index.php\/2023\/04\/07\/monaco-plutot-en-verve-a-nantes\/\"]}]},{\"@type\":\"BreadcrumbList\",\"@id\":\"https:\/\/www.ladiagonale.net\/index.php\/2023\/04\/07\/monaco-plutot-en-verve-a-nantes\/#breadcrumb\",\"itemListElement\":[{\"@type\":\"ListItem\",\"position\":1,\"name\":\"Accueil\",\"item\":\"https:\/\/www.ladiagonale.net\/\"},{\"@type\":\"ListItem\",\"position\":2,\"name\":\"Monaco plut\u00f4t en verve \u00e0 Nantes\"}]},{\"@type\":\"WebSite\",\"@id\":\"https:\/\/www.ladiagonale.net\/#website\",\"url\":\"https:\/\/www.ladiagonale.net\/\",\"name\":\"La Diagonale\",\"description\":\"Le site des supporters de l&#039;AS Monaco FC\",\"potentialAction\":[{\"@type\":\"SearchAction\",\"target\":{\"@type\":\"EntryPoint\",\"urlTemplate\":\"https:\/\/www.ladiagonale.net\/?s={search_term_string}\"},\"query-input\":\"required name=search_term_string\"}],\"inLanguage\":\"fr-FR\"},{\"@type\":\"Person\",\"@id\":\"https:\/\/www.ladiagonale.net\/#\/schema\/person\/79ff1e7b0853ed01b2aa26e64ad300bf\",\"name\":\"Damien Dellerba\",\"image\":{\"@type\":\"ImageObject\",\"inLanguage\":\"fr-FR\",\"@id\":\"https:\/\/www.ladiagonale.net\/#\/schema\/person\/image\/\",\"url\":\"https:\/\/secure.gravatar.com\/avatar\/c7850e06d3ff63cdbaee88b7fc16e2f0?s=96&d=mm&r=g\",\"contentUrl\":\"https:\/\/secure.gravatar.com\/avatar\/c7850e06d3ff63cdbaee88b7fc16e2f0?s=96&d=mm&r=g\",\"caption\":\"Damien Dellerba\"},\"url\":\"https:\/\/www.ladiagonale.net\/index.php\/author\/damien\/\"}]}<\/script>\n<!-- \/ Yoast SEO plugin. -->","yoast_head_json":{"title":"Monaco plut\u00f4t en verve \u00e0 Nantes - La Diagonale","robots":{"index":"index","follow":"follow","max-snippet":"max-snippet:-1","max-image-preview":"max-image-preview:large","max-video-preview":"max-video-preview:-1"},"canonical":"https:\/\/www.ladiagonale.net\/index.php\/2023\/04\/07\/monaco-plutot-en-verve-a-nantes\/","og_locale":"fr_FR","og_type":"article","og_title":"Monaco plut\u00f4t en verve \u00e0 Nantes - La Diagonale","og_description":"Les oppositions entre Nantes et Monaco sont un classique dans le championnat de France. Les deux \u00e9quipes se sont d\u00e9j\u00e0 affront\u00e9es \u00e0 50 reprises en terres nantaises et Monaco a souvent ramen\u00e9 de bons r\u00e9sultats. Si les Canaris gardent l&rsquo;avantage sur leur pelouse, avec 19 succ\u00e8s, Monaco n&rsquo;est pas loin derri\u00e8re avec 13 victoires. Et [...]","og_url":"https:\/\/www.ladiagonale.net\/index.php\/2023\/04\/07\/monaco-plutot-en-verve-a-nantes\/","og_site_name":"La Diagonale","article_published_time":"2023-04-07T11:39:51+00:00","article_modified_time":"2023-04-07T11:39:53+00:00","og_image":[{"width":1160,"height":650,"url":"https:\/\/www.ladiagonale.net\/wp-content\/uploads\/2023\/04\/fcnasm.png","type":"image\/png"}],"author":"Damien Dellerba","twitter_card":"summary_large_image","twitter_image":"https:\/\/www.ladiagonale.net\/wp-content\/uploads\/2023\/04\/fcnasm.png","twitter_misc":{"\u00c9crit par":"Damien Dellerba","Dur\u00e9e de lecture estim\u00e9e":"1 minute"},"schema":{"@context":"https:\/\/schema.org","@graph":[{"@type":"WebPage","@id":"https:\/\/www.ladiagonale.net\/index.php\/2023\/04\/07\/monaco-plutot-en-verve-a-nantes\/","url":"https:\/\/www.ladiagonale.net\/index.php\/2023\/04\/07\/monaco-plutot-en-verve-a-nantes\/","name":"Monaco plut\u00f4t en verve \u00e0 Nantes - La Diagonale","isPartOf":{"@id":"https:\/\/www.ladiagonale.net\/#website"},"datePublished":"2023-04-07T11:39:51+00:00","dateModified":"2023-04-07T11:39:53+00:00","author":{"@id":"https:\/\/www.ladiagonale.net\/#\/schema\/person\/79ff1e7b0853ed01b2aa26e64ad300bf"},"breadcrumb":{"@id":"https:\/\/www.ladiagonale.net\/index.php\/2023\/04\/07\/monaco-plutot-en-verve-a-nantes\/#breadcrumb"},"inLanguage":"fr-FR","potentialAction":[{"@type":"ReadAction","target":["https:\/\/www.ladiagonale.net\/index.php\/2023\/04\/07\/monaco-plutot-en-verve-a-nantes\/"]}]},{"@type":"BreadcrumbList","@id":"https:\/\/www.ladiagonale.net\/index.php\/2023\/04\/07\/monaco-plutot-en-verve-a-nantes\/#breadcrumb","itemListElement":[{"@type":"ListItem","position":1,"name":"Accueil","item":"https:\/\/www.ladiagonale.net\/"},{"@type":"ListItem","position":2,"name":"Monaco plut\u00f4t en verve \u00e0 Nantes"}]},{"@type":"WebSite","@id":"https:\/\/www.ladiagonale.net\/#website","url":"https:\/\/www.ladiagonale.net\/","name":"La Diagonale","description":"Le site des supporters de l&#039;AS Monaco FC","potentialAction":[{"@type":"SearchAction","target":{"@type":"EntryPoint","urlTemplate":"https:\/\/www.ladiagonale.net\/?s={search_term_string}"},"query-input":"required name=search_term_string"}],"inLanguage":"fr-FR"},{"@type":"Person","@id":"https:\/\/www.ladiagonale.net\/#\/schema\/person\/79ff1e7b0853ed01b2aa26e64ad300bf","name":"Damien Dellerba","image":{"@type":"ImageObject","inLanguage":"fr-FR","@id":"https:\/\/www.ladiagonale.net\/#\/schema\/person\/image\/","url":"https:\/\/secure.gravatar.com\/avatar\/c7850e06d3ff63cdbaee88b7fc16e2f0?s=96&d=mm&r=g","contentUrl":"https:\/\/secure.gravatar.com\/avatar\/c7850e06d3ff63cdbaee88b7fc16e2f0?s=96&d=mm&r=g","caption":"Damien Dellerba"},"url":"https:\/\/www.ladiagonale.net\/index.php\/author\/damien\/"}]}},"_links":{"self":[{"href":"https:\/\/www.ladiagonale.net\/index.php\/wp-json\/wp\/v2\/posts\/11352"}],"collection":[{"href":"https:\/\/www.ladiagonale.net\/index.php\/wp-json\/wp\/v2\/posts"}],"about":[{"href":"https:\/\/www.ladiagonale.net\/index.php\/wp-json\/wp\/v2\/types\/post"}],"author":[{"embeddable":true,"href":"https:\/\/www.ladiagonale.net\/index.php\/wp-json\/wp\/v2\/users\/2"}],"replies":[{"embeddable":true,"href":"https:\/\/www.ladiagonale.net\/index.php\/wp-json\/wp\/v2\/comments?post=11352"}],"version-history":[{"count":2,"href":"https:\/\/www.ladiagonale.net\/index.php\/wp-json\/wp\/v2\/posts\/11352\/revisions"}],"predecessor-version":[{"id":11356,"href":"https:\/\/www.ladiagonale.net\/index.php\/wp-json\/wp\/v2\/posts\/11352\/revisions\/11356"}],"wp:attachment":[{"href":"https:\/\/www.ladiagonale.net\/index.php\/wp-json\/wp\/v2\/media?parent=11352"}],"wp:term":[{"taxonomy":"category","embeddable":true,"href":"https:\/\/www.ladiagonale.net\/index.php\/wp-json\/wp\/v2\/categories?post=11352"},{"taxonomy":"post_tag","embeddable":true,"href":"https:\/\/www.ladiagonale.net\/index.php\/wp-json\/wp\/v2\/tags?post=11352"}],"curies":[{"name":"wp","href":"https:\/\/api.w.org\/{rel}","templated":true}]}}