{"id":11379,"date":"2023-04-07T18:30:50","date_gmt":"2023-04-07T16:30:50","guid":{"rendered":"https:\/\/www.ladiagonale.net\/?p=11379"},"modified":"2023-04-07T18:30:53","modified_gmt":"2023-04-07T16:30:53","slug":"clement-je-ne-veux-pas-etre-champion-du-monde-de-lentrainement","status":"publish","type":"post","link":"https:\/\/www.ladiagonale.net\/index.php\/2023\/04\/07\/clement-je-ne-veux-pas-etre-champion-du-monde-de-lentrainement\/","title":{"rendered":"Clement : \u00ab&nbsp;Je ne veux pas \u00eatre champion du monde de l\u2019entra\u00eenement&nbsp;\u00bb"},"content":{"rendered":"\n<p>Philippe Clement \u00e9tait en conf\u00e9rence de presse ce vendredi pour \u00e9voquer la rencontre \u00e0 venir entre Monaco et Nantes. Le technicien belge va se m\u00e9fier de cette \u00e9quipe mal-class\u00e9e qui a r\u00e9ussi \u00e0 atteindre la finale de la Coupe de France pour la deuxi\u00e8me ann\u00e9e de suite : \u00ab\u00a0<em>Nous avons beaucoup de respect pour Nantes, qui a prouv\u00e9 cette semaine en se qualifiant pour la finale de la Coupe de France, que c\u2019est une bonne \u00e9quipe. C\u2019est m\u00eame une surprise pour moi de voir qu\u2019ils ne sont pas plus haut au classement, car il y a eu peu de changements depuis la saison derni\u00e8re, en dehors du d\u00e9part de Kolo Muani. Mais c\u2019est une \u00e9quipe qui a aussi jou\u00e9 l\u2019Europe, et quand tu n\u2019es pas habitu\u00e9, c\u2019est parfois difficile d\u2019encha\u00eener tous les trois jours.<\/em>\u00a0\u00bb<\/p>\n\n\n\n<p>L\u2019entra\u00eeneur de l\u2019AS Monaco esp\u00e8re voir son \u00e9quipe se montrer sous son meilleur visage dimanche : \u00ab\u00a0<em>Je suis tr\u00e8s content de l\u2019entra\u00eenement d\u2019aujourd\u2019hui, o\u00f9 il y a eu beaucoup d\u2019engagement, de qualit\u00e9. Mais \u00e7a doit se traduire en match, car nous ne concourons pas pour \u00eatre champions du monde de l\u2019entra\u00eenement. Contre Strasbourg, il y a eu quelques trous d\u2019air et j\u2019ai le sentiment que nous pouvons \u00eatre plus r\u00e9guliers sur la dur\u00e9e d\u2019un match.<\/em>\u00a0\u00bb Clement attend surtout de son \u00e9quipe de mieux g\u00e9rer les temps faibles : \u00ab\u00a0<em>Le fait d\u2019avoir \u00e0 g\u00e9rer des temps forts et des temps faibles, c\u2019est le lot de toutes les \u00e9quipes. Nous avons un groupe tr\u00e8s jeune. Il faut une force mentale pour tendre vers plus de r\u00e9gularit\u00e9 dans la concentration, dans les bons comme dans les mauvais moments.<\/em>\u00a0\u00bb<\/p>\n\n\n\n<h4 class=\"has-vivid-red-color has-text-color\" style=\"font-style:normal;font-weight:400;text-transform:uppercase\">Clement pr\u00e9f\u00e8re rester dans l\u2019ombre<\/h4>\n\n\n\n<p>Pour atteindre la deuxi\u00e8me place, Monaco doit faire face \u00e0 une rude concurrence avec Marseille et Lens. L\u2019ancien coach du Club Bruges veut profiter du moindre faux pas de ses adversaires : \u00ab\u00a0<em>Nous avons aujourd\u2019hui 13 points de plus au classement que la saison pass\u00e9e au m\u00eame stade. Le parcours de Marseille et Lens montre qu\u2019il y a aussi plus de r\u00e9gularit\u00e9 dans les performances de toutes les \u00e9quipes. La saison derni\u00e8re, nous aurions peut-\u00eatre termin\u00e9 deuxi\u00e8mes avec le bilan actuel. (\u2026) Mais s\u2019il doit y avoir une faiblesse, nous serons l\u00e0. Mais c\u2019est bien aussi que nous soyons dans l\u2019ombre, pour travailler plus sereinement. Ce que l\u2019on a de plus ? La jeunesse. Pour le reste, la v\u00e9rit\u00e9 est sur le terrain.<\/em>\u00a0\u00bb<\/p>\n\n\n\n<p>\u00c0 propos de cette jeunesse, Clement fait de plus en plus confiance \u00e0 Edan Diop, qui inscrit son premier but en pro contre Strasbourg : \u00ab <em>Il y a beaucoup d\u2019entra\u00eeneurs qui n\u2019aiment pas donner trop vite des minutes de jeu \u00e0 des jeunes joueurs. Mais pour moi, quand ils montrent de bonnes choses \u00e0 l\u2019entra\u00eenement, ils peuvent avoir leur chance en match. \u00c7a a \u00e9t\u00e9 le cas avec Eliesse (Ben Seghir) depuis fin d\u00e9cembre, mais aussi avec Edan (Diop) d\u00e9sormais. Certains jeunes se montrent parfois nerveux pour leur premi\u00e8re, mais pas eux. (&#8230;) Il est aujourd\u2019hui tr\u00e8s important de montrer de la personnalit\u00e9 dans le football. Et ils l\u2019ont fait \u00e0 chaque fois qu\u2019ils ont eu l\u2019occasion de se montrer.<\/em>\u00a0\u00bb<\/p>\n\n\n\n<p>Source : <em>AS Monaco<\/em><\/p>\n\n\n","protected":false},"excerpt":{"rendered":"<p>Philippe Clement \u00e9tait en conf\u00e9rence de presse ce vendredi pour \u00e9voquer la rencontre \u00e0 venir entre Monaco et Nantes. Le technicien belge va se m\u00e9fier de cette \u00e9quipe mal-class\u00e9e qui a r\u00e9ussi \u00e0 atteindre la finale de la Coupe de France pour la deuxi\u00e8me ann\u00e9e de suite : \u00ab\u00a0Nous avons beaucoup de respect pour Nantes, [&#8230;]\n","protected":false},"author":2,"featured_media":0,"comment_status":"open","ping_status":"open","sticky":false,"template":"","format":"standard","meta":[],"categories":[6],"tags":[86,94,438,191],"yoast_head":"<!-- This site is optimized with the Yoast SEO plugin v19.8 - https:\/\/yoast.com\/wordpress\/plugins\/seo\/ -->\n<title>Clement : \u00ab&nbsp;Je ne veux pas \u00eatre champion du monde de l\u2019entra\u00eenement&nbsp;\u00bb - La Diagonale<\/title>\n<meta name=\"robots\" content=\"index, follow, max-snippet:-1, max-image-preview:large, max-video-preview:-1\" \/>\n<link rel=\"canonical\" href=\"https:\/\/www.ladiagonale.net\/index.php\/2023\/04\/07\/clement-je-ne-veux-pas-etre-champion-du-monde-de-lentrainement\/\" \/>\n<meta property=\"og:locale\" content=\"fr_FR\" \/>\n<meta property=\"og:type\" content=\"article\" \/>\n<meta property=\"og:title\" content=\"Clement : \u00ab&nbsp;Je ne veux pas \u00eatre champion du monde de l\u2019entra\u00eenement&nbsp;\u00bb - La Diagonale\" \/>\n<meta property=\"og:description\" content=\"Philippe Clement \u00e9tait en conf\u00e9rence de presse ce vendredi pour \u00e9voquer la rencontre \u00e0 venir entre Monaco et Nantes. Le technicien belge va se m\u00e9fier de cette \u00e9quipe mal-class\u00e9e qui a r\u00e9ussi \u00e0 atteindre la finale de la Coupe de France pour la deuxi\u00e8me ann\u00e9e de suite : \u00ab\u00a0Nous avons beaucoup de respect pour Nantes, [...]\" \/>\n<meta property=\"og:url\" content=\"https:\/\/www.ladiagonale.net\/index.php\/2023\/04\/07\/clement-je-ne-veux-pas-etre-champion-du-monde-de-lentrainement\/\" \/>\n<meta property=\"og:site_name\" content=\"La Diagonale\" \/>\n<meta property=\"article:published_time\" content=\"2023-04-07T16:30:50+00:00\" \/>\n<meta property=\"article:modified_time\" content=\"2023-04-07T16:30:53+00:00\" \/>\n<meta property=\"og:image\" content=\"https:\/\/www.ladiagonale.net\/wp-content\/uploads\/2023\/02\/clement3.png\" \/>\n\t<meta property=\"og:image:width\" content=\"1160\" \/>\n\t<meta property=\"og:image:height\" content=\"650\" \/>\n\t<meta property=\"og:image:type\" content=\"image\/png\" \/>\n<meta name=\"author\" content=\"Damien Dellerba\" \/>\n<meta name=\"twitter:card\" content=\"summary_large_image\" \/>\n<meta name=\"twitter:image\" content=\"https:\/\/www.ladiagonale.net\/wp-content\/uploads\/2023\/02\/clement3.png\" \/>\n<meta name=\"twitter:label1\" content=\"\u00c9crit par\" \/>\n\t<meta name=\"twitter:data1\" content=\"Damien Dellerba\" \/>\n\t<meta name=\"twitter:label2\" content=\"Dur\u00e9e de lecture estim\u00e9e\" \/>\n\t<meta name=\"twitter:data2\" content=\"3 minutes\" \/>\n<script type=\"application\/ld+json\" class=\"yoast-schema-graph\">{\"@context\":\"https:\/\/schema.org\",\"@graph\":[{\"@type\":\"WebPage\",\"@id\":\"https:\/\/www.ladiagonale.net\/index.php\/2023\/04\/07\/clement-je-ne-veux-pas-etre-champion-du-monde-de-lentrainement\/\",\"url\":\"https:\/\/www.ladiagonale.net\/index.php\/2023\/04\/07\/clement-je-ne-veux-pas-etre-champion-du-monde-de-lentrainement\/\",\"name\":\"Clement : \u00ab&nbsp;Je ne veux pas \u00eatre champion du monde de l\u2019entra\u00eenement&nbsp;\u00bb - La Diagonale\",\"isPartOf\":{\"@id\":\"https:\/\/www.ladiagonale.net\/#website\"},\"datePublished\":\"2023-04-07T16:30:50+00:00\",\"dateModified\":\"2023-04-07T16:30:53+00:00\",\"author\":{\"@id\":\"https:\/\/www.ladiagonale.net\/#\/schema\/person\/79ff1e7b0853ed01b2aa26e64ad300bf\"},\"breadcrumb\":{\"@id\":\"https:\/\/www.ladiagonale.net\/index.php\/2023\/04\/07\/clement-je-ne-veux-pas-etre-champion-du-monde-de-lentrainement\/#breadcrumb\"},\"inLanguage\":\"fr-FR\",\"potentialAction\":[{\"@type\":\"ReadAction\",\"target\":[\"https:\/\/www.ladiagonale.net\/index.php\/2023\/04\/07\/clement-je-ne-veux-pas-etre-champion-du-monde-de-lentrainement\/\"]}]},{\"@type\":\"BreadcrumbList\",\"@id\":\"https:\/\/www.ladiagonale.net\/index.php\/2023\/04\/07\/clement-je-ne-veux-pas-etre-champion-du-monde-de-lentrainement\/#breadcrumb\",\"itemListElement\":[{\"@type\":\"ListItem\",\"position\":1,\"name\":\"Accueil\",\"item\":\"https:\/\/www.ladiagonale.net\/\"},{\"@type\":\"ListItem\",\"position\":2,\"name\":\"Clement : \u00ab&nbsp;Je ne veux pas \u00eatre champion du monde de l\u2019entra\u00eenement&nbsp;\u00bb\"}]},{\"@type\":\"WebSite\",\"@id\":\"https:\/\/www.ladiagonale.net\/#website\",\"url\":\"https:\/\/www.ladiagonale.net\/\",\"name\":\"La Diagonale\",\"description\":\"Le site des supporters de l&#039;AS Monaco FC\",\"potentialAction\":[{\"@type\":\"SearchAction\",\"target\":{\"@type\":\"EntryPoint\",\"urlTemplate\":\"https:\/\/www.ladiagonale.net\/?s={search_term_string}\"},\"query-input\":\"required name=search_term_string\"}],\"inLanguage\":\"fr-FR\"},{\"@type\":\"Person\",\"@id\":\"https:\/\/www.ladiagonale.net\/#\/schema\/person\/79ff1e7b0853ed01b2aa26e64ad300bf\",\"name\":\"Damien Dellerba\",\"image\":{\"@type\":\"ImageObject\",\"inLanguage\":\"fr-FR\",\"@id\":\"https:\/\/www.ladiagonale.net\/#\/schema\/person\/image\/\",\"url\":\"https:\/\/secure.gravatar.com\/avatar\/c7850e06d3ff63cdbaee88b7fc16e2f0?s=96&d=mm&r=g\",\"contentUrl\":\"https:\/\/secure.gravatar.com\/avatar\/c7850e06d3ff63cdbaee88b7fc16e2f0?s=96&d=mm&r=g\",\"caption\":\"Damien Dellerba\"},\"url\":\"https:\/\/www.ladiagonale.net\/index.php\/author\/damien\/\"}]}<\/script>\n<!-- \/ Yoast SEO plugin. -->","yoast_head_json":{"title":"Clement : \u00ab&nbsp;Je ne veux pas \u00eatre champion du monde de l\u2019entra\u00eenement&nbsp;\u00bb - La Diagonale","robots":{"index":"index","follow":"follow","max-snippet":"max-snippet:-1","max-image-preview":"max-image-preview:large","max-video-preview":"max-video-preview:-1"},"canonical":"https:\/\/www.ladiagonale.net\/index.php\/2023\/04\/07\/clement-je-ne-veux-pas-etre-champion-du-monde-de-lentrainement\/","og_locale":"fr_FR","og_type":"article","og_title":"Clement : \u00ab&nbsp;Je ne veux pas \u00eatre champion du monde de l\u2019entra\u00eenement&nbsp;\u00bb - La Diagonale","og_description":"Philippe Clement \u00e9tait en conf\u00e9rence de presse ce vendredi pour \u00e9voquer la rencontre \u00e0 venir entre Monaco et Nantes. Le technicien belge va se m\u00e9fier de cette \u00e9quipe mal-class\u00e9e qui a r\u00e9ussi \u00e0 atteindre la finale de la Coupe de France pour la deuxi\u00e8me ann\u00e9e de suite : \u00ab\u00a0Nous avons beaucoup de respect pour Nantes, [...]","og_url":"https:\/\/www.ladiagonale.net\/index.php\/2023\/04\/07\/clement-je-ne-veux-pas-etre-champion-du-monde-de-lentrainement\/","og_site_name":"La Diagonale","article_published_time":"2023-04-07T16:30:50+00:00","article_modified_time":"2023-04-07T16:30:53+00:00","og_image":[{"width":1160,"height":650,"url":"https:\/\/www.ladiagonale.net\/wp-content\/uploads\/2023\/02\/clement3.png","type":"image\/png"}],"author":"Damien Dellerba","twitter_card":"summary_large_image","twitter_image":"https:\/\/www.ladiagonale.net\/wp-content\/uploads\/2023\/02\/clement3.png","twitter_misc":{"\u00c9crit par":"Damien Dellerba","Dur\u00e9e de lecture estim\u00e9e":"3 minutes"},"schema":{"@context":"https:\/\/schema.org","@graph":[{"@type":"WebPage","@id":"https:\/\/www.ladiagonale.net\/index.php\/2023\/04\/07\/clement-je-ne-veux-pas-etre-champion-du-monde-de-lentrainement\/","url":"https:\/\/www.ladiagonale.net\/index.php\/2023\/04\/07\/clement-je-ne-veux-pas-etre-champion-du-monde-de-lentrainement\/","name":"Clement : \u00ab&nbsp;Je ne veux pas \u00eatre champion du monde de l\u2019entra\u00eenement&nbsp;\u00bb - La Diagonale","isPartOf":{"@id":"https:\/\/www.ladiagonale.net\/#website"},"datePublished":"2023-04-07T16:30:50+00:00","dateModified":"2023-04-07T16:30:53+00:00","author":{"@id":"https:\/\/www.ladiagonale.net\/#\/schema\/person\/79ff1e7b0853ed01b2aa26e64ad300bf"},"breadcrumb":{"@id":"https:\/\/www.ladiagonale.net\/index.php\/2023\/04\/07\/clement-je-ne-veux-pas-etre-champion-du-monde-de-lentrainement\/#breadcrumb"},"inLanguage":"fr-FR","potentialAction":[{"@type":"ReadAction","target":["https:\/\/www.ladiagonale.net\/index.php\/2023\/04\/07\/clement-je-ne-veux-pas-etre-champion-du-monde-de-lentrainement\/"]}]},{"@type":"BreadcrumbList","@id":"https:\/\/www.ladiagonale.net\/index.php\/2023\/04\/07\/clement-je-ne-veux-pas-etre-champion-du-monde-de-lentrainement\/#breadcrumb","itemListElement":[{"@type":"ListItem","position":1,"name":"Accueil","item":"https:\/\/www.ladiagonale.net\/"},{"@type":"ListItem","position":2,"name":"Clement : \u00ab&nbsp;Je ne veux pas \u00eatre champion du monde de l\u2019entra\u00eenement&nbsp;\u00bb"}]},{"@type":"WebSite","@id":"https:\/\/www.ladiagonale.net\/#website","url":"https:\/\/www.ladiagonale.net\/","name":"La Diagonale","description":"Le site des supporters de l&#039;AS Monaco FC","potentialAction":[{"@type":"SearchAction","target":{"@type":"EntryPoint","urlTemplate":"https:\/\/www.ladiagonale.net\/?s={search_term_string}"},"query-input":"required name=search_term_string"}],"inLanguage":"fr-FR"},{"@type":"Person","@id":"https:\/\/www.ladiagonale.net\/#\/schema\/person\/79ff1e7b0853ed01b2aa26e64ad300bf","name":"Damien Dellerba","image":{"@type":"ImageObject","inLanguage":"fr-FR","@id":"https:\/\/www.ladiagonale.net\/#\/schema\/person\/image\/","url":"https:\/\/secure.gravatar.com\/avatar\/c7850e06d3ff63cdbaee88b7fc16e2f0?s=96&d=mm&r=g","contentUrl":"https:\/\/secure.gravatar.com\/avatar\/c7850e06d3ff63cdbaee88b7fc16e2f0?s=96&d=mm&r=g","caption":"Damien Dellerba"},"url":"https:\/\/www.ladiagonale.net\/index.php\/author\/damien\/"}]}},"_links":{"self":[{"href":"https:\/\/www.ladiagonale.net\/index.php\/wp-json\/wp\/v2\/posts\/11379"}],"collection":[{"href":"https:\/\/www.ladiagonale.net\/index.php\/wp-json\/wp\/v2\/posts"}],"about":[{"href":"https:\/\/www.ladiagonale.net\/index.php\/wp-json\/wp\/v2\/types\/post"}],"author":[{"embeddable":true,"href":"https:\/\/www.ladiagonale.net\/index.php\/wp-json\/wp\/v2\/users\/2"}],"replies":[{"embeddable":true,"href":"https:\/\/www.ladiagonale.net\/index.php\/wp-json\/wp\/v2\/comments?post=11379"}],"version-history":[{"count":1,"href":"https:\/\/www.ladiagonale.net\/index.php\/wp-json\/wp\/v2\/posts\/11379\/revisions"}],"predecessor-version":[{"id":11380,"href":"https:\/\/www.ladiagonale.net\/index.php\/wp-json\/wp\/v2\/posts\/11379\/revisions\/11380"}],"wp:attachment":[{"href":"https:\/\/www.ladiagonale.net\/index.php\/wp-json\/wp\/v2\/media?parent=11379"}],"wp:term":[{"taxonomy":"category","embeddable":true,"href":"https:\/\/www.ladiagonale.net\/index.php\/wp-json\/wp\/v2\/categories?post=11379"},{"taxonomy":"post_tag","embeddable":true,"href":"https:\/\/www.ladiagonale.net\/index.php\/wp-json\/wp\/v2\/tags?post=11379"}],"curies":[{"name":"wp","href":"https:\/\/api.w.org\/{rel}","templated":true}]}}