{"id":11381,"date":"2023-04-07T21:35:35","date_gmt":"2023-04-07T19:35:35","guid":{"rendered":"https:\/\/www.ladiagonale.net\/?p=11381"},"modified":"2023-04-07T22:29:54","modified_gmt":"2023-04-07T20:29:54","slug":"un-troisieme-nom-avance-pour-succeder-a-mitchell","status":"publish","type":"post","link":"https:\/\/www.ladiagonale.net\/index.php\/2023\/04\/07\/un-troisieme-nom-avance-pour-succeder-a-mitchell\/","title":{"rendered":"Un troisi\u00e8me nom avanc\u00e9 pour succ\u00e9der \u00e0 Mitchell"},"content":{"rendered":"\n\n\n<p>Un peu plus t\u00f4t dans la journ\u00e9e, <a href=\"https:\/\/www.ladiagonale.net\/index.php\/2023\/04\/07\/florian-maurice-a-refuse-monaco-actualise\/\">le nom de Florian Maurice<\/a> avait \u00e9t\u00e9 sorti par <em>L&rsquo;\u00c9quipe<\/em> comme une des pistes explor\u00e9es par les dirigeants de l&rsquo;AS Monaco pour prendre la suite de Paul Mitchell au poste de directeur sportif. Une information qui n&rsquo;a gu\u00e8re eu le temps de se r\u00e9pandre puisque le site du quotidien annon\u00e7ait que l&rsquo;int\u00e9ress\u00e9 avait d\u00e9clin\u00e9 les avances de l&rsquo;ASM. Confirmation donn\u00e9e par le site <em>getfootballnewsfrance<\/em>, rappelant par la m\u00eame occasion que c&rsquo;\u00e9tait Carlos Avina, le directeur sportif du Cercle Bruges, qui <a href=\"https:\/\/www.ladiagonale.net\/index.php\/2023\/04\/05\/le-directeur-sportif-du-cercle-bruges-pour-remplacer-mitchell\/\">gardait la main<\/a> pour succ\u00e9der \u00e0 Mitchell.<\/p>\n\n\n\n<p>Mais un troisi\u00e8me nom a \u00e9t\u00e9 r\u00e9v\u00e9l\u00e9 par <em>Foot Mercato<\/em>, celui de Tiago Scuro. Si l&rsquo;homme de 42 ans est un inconnu du grand public en Europe, il ne l&rsquo;est pas au yeux de Paul Mitchell, puisqu&rsquo;il fait partie de la galaxie Red Bull et occupe le poste de directeur ex\u00e9cutif du club br\u00e9silien du Red Bull Bragantino. Un club dans lequel Paul Mitchell avait travaill\u00e9 entre 2019 et 2020 en tant que directeur technique, sous les ordres de&#8230; Thiago Scuro.<\/p>\n","protected":false},"excerpt":{"rendered":"<p>Un peu plus t\u00f4t dans la journ\u00e9e, le nom de Florian Maurice avait \u00e9t\u00e9 sorti par L&rsquo;\u00c9quipe comme une des pistes explor\u00e9es par les dirigeants de l&rsquo;AS Monaco pour prendre la suite de Paul Mitchell au poste de directeur sportif. Une information qui n&rsquo;a gu\u00e8re eu le temps de se r\u00e9pandre puisque le site du [&#8230;]\n","protected":false},"author":2,"featured_media":0,"comment_status":"open","ping_status":"open","sticky":false,"template":"","format":"standard","meta":[],"categories":[6],"tags":[86,335,192,479],"yoast_head":"<!-- This site is optimized with the Yoast SEO plugin v19.8 - https:\/\/yoast.com\/wordpress\/plugins\/seo\/ -->\n<title>Un troisi\u00e8me nom avanc\u00e9 pour succ\u00e9der \u00e0 Mitchell - La Diagonale<\/title>\n<meta name=\"robots\" content=\"index, follow, max-snippet:-1, max-image-preview:large, max-video-preview:-1\" \/>\n<link rel=\"canonical\" href=\"https:\/\/www.ladiagonale.net\/index.php\/2023\/04\/07\/un-troisieme-nom-avance-pour-succeder-a-mitchell\/\" \/>\n<meta property=\"og:locale\" content=\"fr_FR\" \/>\n<meta property=\"og:type\" content=\"article\" \/>\n<meta property=\"og:title\" content=\"Un troisi\u00e8me nom avanc\u00e9 pour succ\u00e9der \u00e0 Mitchell - La Diagonale\" \/>\n<meta property=\"og:description\" content=\"Un peu plus t\u00f4t dans la journ\u00e9e, le nom de Florian Maurice avait \u00e9t\u00e9 sorti par L&rsquo;\u00c9quipe comme une des pistes explor\u00e9es par les dirigeants de l&rsquo;AS Monaco pour prendre la suite de Paul Mitchell au poste de directeur sportif. Une information qui n&rsquo;a gu\u00e8re eu le temps de se r\u00e9pandre puisque le site du [...]\" \/>\n<meta property=\"og:url\" content=\"https:\/\/www.ladiagonale.net\/index.php\/2023\/04\/07\/un-troisieme-nom-avance-pour-succeder-a-mitchell\/\" \/>\n<meta property=\"og:site_name\" content=\"La Diagonale\" \/>\n<meta property=\"article:published_time\" content=\"2023-04-07T19:35:35+00:00\" \/>\n<meta property=\"article:modified_time\" content=\"2023-04-07T20:29:54+00:00\" \/>\n<meta property=\"og:image\" content=\"https:\/\/www.ladiagonale.net\/wp-content\/uploads\/2023\/04\/scuro.png\" \/>\n\t<meta property=\"og:image:width\" content=\"1160\" \/>\n\t<meta property=\"og:image:height\" content=\"650\" \/>\n\t<meta property=\"og:image:type\" content=\"image\/png\" \/>\n<meta name=\"author\" content=\"Damien Dellerba\" \/>\n<meta name=\"twitter:card\" content=\"summary_large_image\" \/>\n<meta name=\"twitter:image\" content=\"https:\/\/www.ladiagonale.net\/wp-content\/uploads\/2023\/04\/scuro.png\" \/>\n<meta name=\"twitter:label1\" content=\"\u00c9crit par\" \/>\n\t<meta name=\"twitter:data1\" content=\"Damien Dellerba\" \/>\n\t<meta name=\"twitter:label2\" content=\"Dur\u00e9e de lecture estim\u00e9e\" \/>\n\t<meta name=\"twitter:data2\" content=\"1 minute\" \/>\n<script type=\"application\/ld+json\" class=\"yoast-schema-graph\">{\"@context\":\"https:\/\/schema.org\",\"@graph\":[{\"@type\":\"WebPage\",\"@id\":\"https:\/\/www.ladiagonale.net\/index.php\/2023\/04\/07\/un-troisieme-nom-avance-pour-succeder-a-mitchell\/\",\"url\":\"https:\/\/www.ladiagonale.net\/index.php\/2023\/04\/07\/un-troisieme-nom-avance-pour-succeder-a-mitchell\/\",\"name\":\"Un troisi\u00e8me nom avanc\u00e9 pour succ\u00e9der \u00e0 Mitchell - La Diagonale\",\"isPartOf\":{\"@id\":\"https:\/\/www.ladiagonale.net\/#website\"},\"datePublished\":\"2023-04-07T19:35:35+00:00\",\"dateModified\":\"2023-04-07T20:29:54+00:00\",\"author\":{\"@id\":\"https:\/\/www.ladiagonale.net\/#\/schema\/person\/79ff1e7b0853ed01b2aa26e64ad300bf\"},\"breadcrumb\":{\"@id\":\"https:\/\/www.ladiagonale.net\/index.php\/2023\/04\/07\/un-troisieme-nom-avance-pour-succeder-a-mitchell\/#breadcrumb\"},\"inLanguage\":\"fr-FR\",\"potentialAction\":[{\"@type\":\"ReadAction\",\"target\":[\"https:\/\/www.ladiagonale.net\/index.php\/2023\/04\/07\/un-troisieme-nom-avance-pour-succeder-a-mitchell\/\"]}]},{\"@type\":\"BreadcrumbList\",\"@id\":\"https:\/\/www.ladiagonale.net\/index.php\/2023\/04\/07\/un-troisieme-nom-avance-pour-succeder-a-mitchell\/#breadcrumb\",\"itemListElement\":[{\"@type\":\"ListItem\",\"position\":1,\"name\":\"Accueil\",\"item\":\"https:\/\/www.ladiagonale.net\/\"},{\"@type\":\"ListItem\",\"position\":2,\"name\":\"Un troisi\u00e8me nom avanc\u00e9 pour succ\u00e9der \u00e0 Mitchell\"}]},{\"@type\":\"WebSite\",\"@id\":\"https:\/\/www.ladiagonale.net\/#website\",\"url\":\"https:\/\/www.ladiagonale.net\/\",\"name\":\"La Diagonale\",\"description\":\"Le site des supporters de l&#039;AS Monaco FC\",\"potentialAction\":[{\"@type\":\"SearchAction\",\"target\":{\"@type\":\"EntryPoint\",\"urlTemplate\":\"https:\/\/www.ladiagonale.net\/?s={search_term_string}\"},\"query-input\":\"required name=search_term_string\"}],\"inLanguage\":\"fr-FR\"},{\"@type\":\"Person\",\"@id\":\"https:\/\/www.ladiagonale.net\/#\/schema\/person\/79ff1e7b0853ed01b2aa26e64ad300bf\",\"name\":\"Damien Dellerba\",\"image\":{\"@type\":\"ImageObject\",\"inLanguage\":\"fr-FR\",\"@id\":\"https:\/\/www.ladiagonale.net\/#\/schema\/person\/image\/\",\"url\":\"https:\/\/secure.gravatar.com\/avatar\/c7850e06d3ff63cdbaee88b7fc16e2f0?s=96&d=mm&r=g\",\"contentUrl\":\"https:\/\/secure.gravatar.com\/avatar\/c7850e06d3ff63cdbaee88b7fc16e2f0?s=96&d=mm&r=g\",\"caption\":\"Damien Dellerba\"},\"url\":\"https:\/\/www.ladiagonale.net\/index.php\/author\/damien\/\"}]}<\/script>\n<!-- \/ Yoast SEO plugin. -->","yoast_head_json":{"title":"Un troisi\u00e8me nom avanc\u00e9 pour succ\u00e9der \u00e0 Mitchell - La Diagonale","robots":{"index":"index","follow":"follow","max-snippet":"max-snippet:-1","max-image-preview":"max-image-preview:large","max-video-preview":"max-video-preview:-1"},"canonical":"https:\/\/www.ladiagonale.net\/index.php\/2023\/04\/07\/un-troisieme-nom-avance-pour-succeder-a-mitchell\/","og_locale":"fr_FR","og_type":"article","og_title":"Un troisi\u00e8me nom avanc\u00e9 pour succ\u00e9der \u00e0 Mitchell - La Diagonale","og_description":"Un peu plus t\u00f4t dans la journ\u00e9e, le nom de Florian Maurice avait \u00e9t\u00e9 sorti par L&rsquo;\u00c9quipe comme une des pistes explor\u00e9es par les dirigeants de l&rsquo;AS Monaco pour prendre la suite de Paul Mitchell au poste de directeur sportif. Une information qui n&rsquo;a gu\u00e8re eu le temps de se r\u00e9pandre puisque le site du [...]","og_url":"https:\/\/www.ladiagonale.net\/index.php\/2023\/04\/07\/un-troisieme-nom-avance-pour-succeder-a-mitchell\/","og_site_name":"La Diagonale","article_published_time":"2023-04-07T19:35:35+00:00","article_modified_time":"2023-04-07T20:29:54+00:00","og_image":[{"width":1160,"height":650,"url":"https:\/\/www.ladiagonale.net\/wp-content\/uploads\/2023\/04\/scuro.png","type":"image\/png"}],"author":"Damien Dellerba","twitter_card":"summary_large_image","twitter_image":"https:\/\/www.ladiagonale.net\/wp-content\/uploads\/2023\/04\/scuro.png","twitter_misc":{"\u00c9crit par":"Damien Dellerba","Dur\u00e9e de lecture estim\u00e9e":"1 minute"},"schema":{"@context":"https:\/\/schema.org","@graph":[{"@type":"WebPage","@id":"https:\/\/www.ladiagonale.net\/index.php\/2023\/04\/07\/un-troisieme-nom-avance-pour-succeder-a-mitchell\/","url":"https:\/\/www.ladiagonale.net\/index.php\/2023\/04\/07\/un-troisieme-nom-avance-pour-succeder-a-mitchell\/","name":"Un troisi\u00e8me nom avanc\u00e9 pour succ\u00e9der \u00e0 Mitchell - La Diagonale","isPartOf":{"@id":"https:\/\/www.ladiagonale.net\/#website"},"datePublished":"2023-04-07T19:35:35+00:00","dateModified":"2023-04-07T20:29:54+00:00","author":{"@id":"https:\/\/www.ladiagonale.net\/#\/schema\/person\/79ff1e7b0853ed01b2aa26e64ad300bf"},"breadcrumb":{"@id":"https:\/\/www.ladiagonale.net\/index.php\/2023\/04\/07\/un-troisieme-nom-avance-pour-succeder-a-mitchell\/#breadcrumb"},"inLanguage":"fr-FR","potentialAction":[{"@type":"ReadAction","target":["https:\/\/www.ladiagonale.net\/index.php\/2023\/04\/07\/un-troisieme-nom-avance-pour-succeder-a-mitchell\/"]}]},{"@type":"BreadcrumbList","@id":"https:\/\/www.ladiagonale.net\/index.php\/2023\/04\/07\/un-troisieme-nom-avance-pour-succeder-a-mitchell\/#breadcrumb","itemListElement":[{"@type":"ListItem","position":1,"name":"Accueil","item":"https:\/\/www.ladiagonale.net\/"},{"@type":"ListItem","position":2,"name":"Un troisi\u00e8me nom avanc\u00e9 pour succ\u00e9der \u00e0 Mitchell"}]},{"@type":"WebSite","@id":"https:\/\/www.ladiagonale.net\/#website","url":"https:\/\/www.ladiagonale.net\/","name":"La Diagonale","description":"Le site des supporters de l&#039;AS Monaco FC","potentialAction":[{"@type":"SearchAction","target":{"@type":"EntryPoint","urlTemplate":"https:\/\/www.ladiagonale.net\/?s={search_term_string}"},"query-input":"required name=search_term_string"}],"inLanguage":"fr-FR"},{"@type":"Person","@id":"https:\/\/www.ladiagonale.net\/#\/schema\/person\/79ff1e7b0853ed01b2aa26e64ad300bf","name":"Damien Dellerba","image":{"@type":"ImageObject","inLanguage":"fr-FR","@id":"https:\/\/www.ladiagonale.net\/#\/schema\/person\/image\/","url":"https:\/\/secure.gravatar.com\/avatar\/c7850e06d3ff63cdbaee88b7fc16e2f0?s=96&d=mm&r=g","contentUrl":"https:\/\/secure.gravatar.com\/avatar\/c7850e06d3ff63cdbaee88b7fc16e2f0?s=96&d=mm&r=g","caption":"Damien Dellerba"},"url":"https:\/\/www.ladiagonale.net\/index.php\/author\/damien\/"}]}},"_links":{"self":[{"href":"https:\/\/www.ladiagonale.net\/index.php\/wp-json\/wp\/v2\/posts\/11381"}],"collection":[{"href":"https:\/\/www.ladiagonale.net\/index.php\/wp-json\/wp\/v2\/posts"}],"about":[{"href":"https:\/\/www.ladiagonale.net\/index.php\/wp-json\/wp\/v2\/types\/post"}],"author":[{"embeddable":true,"href":"https:\/\/www.ladiagonale.net\/index.php\/wp-json\/wp\/v2\/users\/2"}],"replies":[{"embeddable":true,"href":"https:\/\/www.ladiagonale.net\/index.php\/wp-json\/wp\/v2\/comments?post=11381"}],"version-history":[{"count":2,"href":"https:\/\/www.ladiagonale.net\/index.php\/wp-json\/wp\/v2\/posts\/11381\/revisions"}],"predecessor-version":[{"id":11384,"href":"https:\/\/www.ladiagonale.net\/index.php\/wp-json\/wp\/v2\/posts\/11381\/revisions\/11384"}],"wp:attachment":[{"href":"https:\/\/www.ladiagonale.net\/index.php\/wp-json\/wp\/v2\/media?parent=11381"}],"wp:term":[{"taxonomy":"category","embeddable":true,"href":"https:\/\/www.ladiagonale.net\/index.php\/wp-json\/wp\/v2\/categories?post=11381"},{"taxonomy":"post_tag","embeddable":true,"href":"https:\/\/www.ladiagonale.net\/index.php\/wp-json\/wp\/v2\/tags?post=11381"}],"curies":[{"name":"wp","href":"https:\/\/api.w.org\/{rel}","templated":true}]}}