{"id":11402,"date":"2023-04-13T14:21:00","date_gmt":"2023-04-13T12:21:00","guid":{"rendered":"https:\/\/www.ladiagonale.net\/?p=11402"},"modified":"2023-04-13T14:28:05","modified_gmt":"2023-04-13T12:28:05","slug":"comment-monaco-gere-la-periode-de-ramadan","status":"publish","type":"post","link":"https:\/\/www.ladiagonale.net\/index.php\/2023\/04\/13\/comment-monaco-gere-la-periode-de-ramadan\/","title":{"rendered":"Comment Monaco g\u00e8re la p\u00e9riode de ramadan"},"content":{"rendered":"\n\n\n<p>La p\u00e9riode du ramadan est appr\u00e9hend\u00e9e de mani\u00e8re diff\u00e9rente selon les clubs de Ligue 1. <em>L&rsquo;\u00c9quipe<\/em> avait notamment donn\u00e9 quelques indications sur la fa\u00e7on dont il se g\u00e9rait \u00e0 l&rsquo;AS Monaco mais <em>Eurosport<\/em> a donn\u00e9 de plus amples d\u00e9tails sur la gestion de cette p\u00e9riode de je\u00fbne chez les joueurs de confession musulmane, comme Wissam Ben Yedder. Dans le quotidien, le club pr\u00e9cise que le suivi des joueurs est enti\u00e8rement individualis\u00e9 et l\u2019on apprend d\u2019ailleurs que certains joueurs pratiquent \u00e9galement le car\u00eame.<\/p>\n\n\n\n<p>Sur le site <em>Eurosport<\/em>, on apprend qu&rsquo;il n&rsquo;y a pas v\u00e9ritablement de r\u00e8gle et que les joueurs le pratiquent de mani\u00e8re tr\u00e8s individualis\u00e9e, selon leurs besoins, comme le pr\u00e9cise James Bunce, le directeur de la performance : \u00ab&nbsp;<em>Certains le suivent totalement hormis les jours de match, d&rsquo;autres le suivent aussi ces jours-l\u00e0, il n&rsquo;y a pas de r\u00e8gle. Si un joueur d\u00e9cide de faire le je\u00fbne les jours de match, il faut bien s\u00fbr inclure d&rsquo;autres \u00e9tapes en amont pour prot\u00e9ger le joueur, qu&rsquo;il soit suffisamment hydrat\u00e9 et nourri pour le match. Mais jamais nous n&rsquo;imposerions aux joueurs de manger en jour de match. Ce sont des joueurs professionnels mais surtout des adultes qui font des choix par eux-m\u00eames, on est simplement l\u00e0 pour les aider et les accompagner dans cette d\u00e9marche.<\/em> \u00bb<\/p>\n\n\n\n<p>La question de la d\u00e9shydratation est essentielle, comme l&rsquo;explique Rapha\u00ebl Tourraton, le nutritionniste qui a remplac\u00e9 <a href=\"https:\/\/www.ladiagonale.net\/index.php\/2022\/08\/18\/le-nutritionniste-de-lasm-part-au-psg\/\">Juan Jos\u00e9 Morillas, parti au PSG cet \u00e9t\u00e9<\/a> : \u00ab&nbsp;<em>Dans le contexte actuel et vu la r\u00e9gion dans laquelle nous sommes, le principal d\u00e9fi est celui de la d\u00e9shydratation. C\u2019est ce qui va le plus impacter sur la performance. Malheureusement, sur ce sujet-l\u00e0, il n&rsquo;y a pas de recette miracle m\u00eame si chaque joueur a sa fa\u00e7on d&rsquo;appr\u00e9hender cette p\u00e9riode-l\u00e0. Certains pratiquent par exemple le \u00ab\u00a0mouth-rinsing\u00a0\u00bb, qui leur permet de se rincer sa bouche avec de l&rsquo;eau sans l&rsquo;avaler. C&rsquo;est d\u00e9j\u00e0 un stimulus qui peut limiter certains effets de la d\u00e9shydratation.&nbsp;<\/em>\u00bb<\/p>\n\n\n\n<h4 class=\"has-vivid-red-color has-text-color\" style=\"font-style:normal;font-weight:400;text-transform:uppercase\">L&rsquo;ASM privil\u00e9gie deux repas avant le coucher<\/h4>\n\n\n\n<p>Au r\u00e9fectoire du Centre de Performance, l\u2019ASM met \u00e0 la disposition des joueurs des repas \u00e0 emporter pour le soir. Mais pour les joueurs qui disposent d\u2019un chef \u00e0 domicile, des instructions sont transmises avec des propositions de repas, pr\u00e9cise <em>L&rsquo;\u00c9quipe<\/em>. Mais surtout, le club de la Principaut\u00e9 mise sur la p\u00e9dagogie pour sensibiliser les joueurs \u00e0 ne pas sauter le repas avant le coucher et \u00e9viter de manger en trop grande quantit\u00e9 lors de l\u2019<em>iftar<\/em>, c\u2019est-\u00e0-dire le repas qui casse le je\u00fbne. \u00ab <em>Quand ils cassent le je\u00fbne, l&rsquo;id\u00e9e c&rsquo;est qu&rsquo;ils le fassent avec des aliments denses d&rsquo;un point de vue nutritionnel, <\/em>indique Tourraton<em>. Typiquement, les joueurs qui vont casser le je\u00fbne en ayant soif, je vais plut\u00f4t leur conseiller de boire des jus, des smoothies ou du lait plut\u00f4t que de l&rsquo;eau.<\/em> \u00bb<\/p>\n\n\n\n<p>\u00ab <em>L&rsquo;id\u00e9al, aussi, est d&rsquo;essayer qu&rsquo;il y ait deux prises alimentaires avant le coucher, <\/em>poursuit le nutritionniste<em>. Cette rupture du je\u00fbne et un autre repas. Le risque, notamment pour les jeunes, c&rsquo;est qu&rsquo;ils aient tr\u00e8s faim et tr\u00e8s soif au moment de casser le je\u00fbne. Ils vont alors manger et boire de mani\u00e8re un peu compulsive. Ils vont se sentir cal\u00e9s et ne plus forc\u00e9ment avoir faim vers 22h-22h30 et iront se coucher. Ce qui fait qu&rsquo;ils sauteront un repas voire un deuxi\u00e8me si on prend le sc\u00e9nario catastrophe o\u00f9 ils ne vont pas se r\u00e9veiller ou avoir le courage de se lever pour manger.<\/em>&nbsp;\u00bb<\/p>\n\n\n\n<h4 class=\"has-vivid-red-color has-text-color\" style=\"font-style:normal;font-weight:400;text-transform:uppercase\">Le staff n&rsquo;a pas constat\u00e9 une baisse des performances<\/h4>\n\n\n\n<p>Avec le je\u00fbne, la question de la performance se pose fr\u00e9quemment et pour certains entra\u00eeneurs de Ligue 1, il semble r\u00e9dhibitoire avec le haut niveau. James Bunce d\u00e9ment une baisse de performance ou une accentuation de blessures sur cette p\u00e9riode : \u00ab&nbsp;<em>On a \u00e9norm\u00e9ment de chance puisque nous sommes l&rsquo;\u00e9quipe de L1 la moins touch\u00e9e par les blessures actuellement. Donc on ne voit pas de r\u00e9elle tendance chez nous. Et l\u00e0 encore, c&rsquo;est tr\u00e8s facile de relier ces blessures au je\u00fbne. Mais la blessure est un ph\u00e9nom\u00e8ne complexe, avec de multiples facteurs. Cela peut \u00eatre d\u00fb \u00e0 la charge de travail \u00e0 l&rsquo;entra\u00eenement, \u00e0 une blessure mal soign\u00e9e en amont, au gazon, \u00e0 un duel, \u00e0 une mauvaise r\u00e9ception a\u00e9rienne. Il faut \u00eatre vraiment tr\u00e8s fort pour identifier que la racine de la blessure vienne du ramadan.<\/em>&nbsp;\u00bb<\/p>\n\n\n\n<p>Sources : <em>Eurosport<\/em>\/<em>L&rsquo;\u00c9quipe<\/em><\/p>\n","protected":false},"excerpt":{"rendered":"<p>La p\u00e9riode du ramadan est appr\u00e9hend\u00e9e de mani\u00e8re diff\u00e9rente selon les clubs de Ligue 1. L&rsquo;\u00c9quipe avait notamment donn\u00e9 quelques indications sur la fa\u00e7on dont il se g\u00e9rait \u00e0 l&rsquo;AS Monaco mais Eurosport a donn\u00e9 de plus amples d\u00e9tails sur la gestion de cette p\u00e9riode de je\u00fbne chez les joueurs de confession musulmane, comme Wissam [&#8230;]\n","protected":false},"author":2,"featured_media":0,"comment_status":"open","ping_status":"open","sticky":false,"template":"","format":"standard","meta":[],"categories":[6],"tags":[86,482,138,489,490,481,491],"yoast_head":"<!-- This site is optimized with the Yoast SEO plugin v19.8 - https:\/\/yoast.com\/wordpress\/plugins\/seo\/ -->\n<title>Comment Monaco g\u00e8re la p\u00e9riode de ramadan - La Diagonale<\/title>\n<meta name=\"robots\" content=\"index, follow, max-snippet:-1, max-image-preview:large, max-video-preview:-1\" \/>\n<link rel=\"canonical\" href=\"https:\/\/www.ladiagonale.net\/index.php\/2023\/04\/13\/comment-monaco-gere-la-periode-de-ramadan\/\" \/>\n<meta property=\"og:locale\" content=\"fr_FR\" \/>\n<meta property=\"og:type\" content=\"article\" \/>\n<meta property=\"og:title\" content=\"Comment Monaco g\u00e8re la p\u00e9riode de ramadan - La Diagonale\" \/>\n<meta property=\"og:description\" content=\"La p\u00e9riode du ramadan est appr\u00e9hend\u00e9e de mani\u00e8re diff\u00e9rente selon les clubs de Ligue 1. L&rsquo;\u00c9quipe avait notamment donn\u00e9 quelques indications sur la fa\u00e7on dont il se g\u00e9rait \u00e0 l&rsquo;AS Monaco mais Eurosport a donn\u00e9 de plus amples d\u00e9tails sur la gestion de cette p\u00e9riode de je\u00fbne chez les joueurs de confession musulmane, comme Wissam [...]\" \/>\n<meta property=\"og:url\" content=\"https:\/\/www.ladiagonale.net\/index.php\/2023\/04\/13\/comment-monaco-gere-la-periode-de-ramadan\/\" \/>\n<meta property=\"og:site_name\" content=\"La Diagonale\" \/>\n<meta property=\"article:published_time\" content=\"2023-04-13T12:21:00+00:00\" \/>\n<meta property=\"article:modified_time\" content=\"2023-04-13T12:28:05+00:00\" \/>\n<meta property=\"og:image\" content=\"https:\/\/www.ladiagonale.net\/wp-content\/uploads\/2022\/11\/bunce.png\" \/>\n\t<meta property=\"og:image:width\" content=\"1160\" \/>\n\t<meta property=\"og:image:height\" content=\"650\" \/>\n\t<meta property=\"og:image:type\" content=\"image\/png\" \/>\n<meta name=\"author\" content=\"Damien Dellerba\" \/>\n<meta name=\"twitter:card\" content=\"summary_large_image\" \/>\n<meta name=\"twitter:image\" content=\"https:\/\/www.ladiagonale.net\/wp-content\/uploads\/2022\/11\/bunce.png\" \/>\n<meta name=\"twitter:label1\" content=\"\u00c9crit par\" \/>\n\t<meta name=\"twitter:data1\" content=\"Damien Dellerba\" \/>\n\t<meta name=\"twitter:label2\" content=\"Dur\u00e9e de lecture estim\u00e9e\" \/>\n\t<meta name=\"twitter:data2\" content=\"4 minutes\" \/>\n<script type=\"application\/ld+json\" class=\"yoast-schema-graph\">{\"@context\":\"https:\/\/schema.org\",\"@graph\":[{\"@type\":\"WebPage\",\"@id\":\"https:\/\/www.ladiagonale.net\/index.php\/2023\/04\/13\/comment-monaco-gere-la-periode-de-ramadan\/\",\"url\":\"https:\/\/www.ladiagonale.net\/index.php\/2023\/04\/13\/comment-monaco-gere-la-periode-de-ramadan\/\",\"name\":\"Comment Monaco g\u00e8re la p\u00e9riode de ramadan - La Diagonale\",\"isPartOf\":{\"@id\":\"https:\/\/www.ladiagonale.net\/#website\"},\"datePublished\":\"2023-04-13T12:21:00+00:00\",\"dateModified\":\"2023-04-13T12:28:05+00:00\",\"author\":{\"@id\":\"https:\/\/www.ladiagonale.net\/#\/schema\/person\/79ff1e7b0853ed01b2aa26e64ad300bf\"},\"breadcrumb\":{\"@id\":\"https:\/\/www.ladiagonale.net\/index.php\/2023\/04\/13\/comment-monaco-gere-la-periode-de-ramadan\/#breadcrumb\"},\"inLanguage\":\"fr-FR\",\"potentialAction\":[{\"@type\":\"ReadAction\",\"target\":[\"https:\/\/www.ladiagonale.net\/index.php\/2023\/04\/13\/comment-monaco-gere-la-periode-de-ramadan\/\"]}]},{\"@type\":\"BreadcrumbList\",\"@id\":\"https:\/\/www.ladiagonale.net\/index.php\/2023\/04\/13\/comment-monaco-gere-la-periode-de-ramadan\/#breadcrumb\",\"itemListElement\":[{\"@type\":\"ListItem\",\"position\":1,\"name\":\"Accueil\",\"item\":\"https:\/\/www.ladiagonale.net\/\"},{\"@type\":\"ListItem\",\"position\":2,\"name\":\"Comment Monaco g\u00e8re la p\u00e9riode de ramadan\"}]},{\"@type\":\"WebSite\",\"@id\":\"https:\/\/www.ladiagonale.net\/#website\",\"url\":\"https:\/\/www.ladiagonale.net\/\",\"name\":\"La Diagonale\",\"description\":\"Le site des supporters de l&#039;AS Monaco FC\",\"potentialAction\":[{\"@type\":\"SearchAction\",\"target\":{\"@type\":\"EntryPoint\",\"urlTemplate\":\"https:\/\/www.ladiagonale.net\/?s={search_term_string}\"},\"query-input\":\"required name=search_term_string\"}],\"inLanguage\":\"fr-FR\"},{\"@type\":\"Person\",\"@id\":\"https:\/\/www.ladiagonale.net\/#\/schema\/person\/79ff1e7b0853ed01b2aa26e64ad300bf\",\"name\":\"Damien Dellerba\",\"image\":{\"@type\":\"ImageObject\",\"inLanguage\":\"fr-FR\",\"@id\":\"https:\/\/www.ladiagonale.net\/#\/schema\/person\/image\/\",\"url\":\"https:\/\/secure.gravatar.com\/avatar\/c7850e06d3ff63cdbaee88b7fc16e2f0?s=96&d=mm&r=g\",\"contentUrl\":\"https:\/\/secure.gravatar.com\/avatar\/c7850e06d3ff63cdbaee88b7fc16e2f0?s=96&d=mm&r=g\",\"caption\":\"Damien Dellerba\"},\"url\":\"https:\/\/www.ladiagonale.net\/index.php\/author\/damien\/\"}]}<\/script>\n<!-- \/ Yoast SEO plugin. -->","yoast_head_json":{"title":"Comment Monaco g\u00e8re la p\u00e9riode de ramadan - La Diagonale","robots":{"index":"index","follow":"follow","max-snippet":"max-snippet:-1","max-image-preview":"max-image-preview:large","max-video-preview":"max-video-preview:-1"},"canonical":"https:\/\/www.ladiagonale.net\/index.php\/2023\/04\/13\/comment-monaco-gere-la-periode-de-ramadan\/","og_locale":"fr_FR","og_type":"article","og_title":"Comment Monaco g\u00e8re la p\u00e9riode de ramadan - La Diagonale","og_description":"La p\u00e9riode du ramadan est appr\u00e9hend\u00e9e de mani\u00e8re diff\u00e9rente selon les clubs de Ligue 1. L&rsquo;\u00c9quipe avait notamment donn\u00e9 quelques indications sur la fa\u00e7on dont il se g\u00e9rait \u00e0 l&rsquo;AS Monaco mais Eurosport a donn\u00e9 de plus amples d\u00e9tails sur la gestion de cette p\u00e9riode de je\u00fbne chez les joueurs de confession musulmane, comme Wissam [...]","og_url":"https:\/\/www.ladiagonale.net\/index.php\/2023\/04\/13\/comment-monaco-gere-la-periode-de-ramadan\/","og_site_name":"La Diagonale","article_published_time":"2023-04-13T12:21:00+00:00","article_modified_time":"2023-04-13T12:28:05+00:00","og_image":[{"width":1160,"height":650,"url":"https:\/\/www.ladiagonale.net\/wp-content\/uploads\/2022\/11\/bunce.png","type":"image\/png"}],"author":"Damien Dellerba","twitter_card":"summary_large_image","twitter_image":"https:\/\/www.ladiagonale.net\/wp-content\/uploads\/2022\/11\/bunce.png","twitter_misc":{"\u00c9crit par":"Damien Dellerba","Dur\u00e9e de lecture estim\u00e9e":"4 minutes"},"schema":{"@context":"https:\/\/schema.org","@graph":[{"@type":"WebPage","@id":"https:\/\/www.ladiagonale.net\/index.php\/2023\/04\/13\/comment-monaco-gere-la-periode-de-ramadan\/","url":"https:\/\/www.ladiagonale.net\/index.php\/2023\/04\/13\/comment-monaco-gere-la-periode-de-ramadan\/","name":"Comment Monaco g\u00e8re la p\u00e9riode de ramadan - La Diagonale","isPartOf":{"@id":"https:\/\/www.ladiagonale.net\/#website"},"datePublished":"2023-04-13T12:21:00+00:00","dateModified":"2023-04-13T12:28:05+00:00","author":{"@id":"https:\/\/www.ladiagonale.net\/#\/schema\/person\/79ff1e7b0853ed01b2aa26e64ad300bf"},"breadcrumb":{"@id":"https:\/\/www.ladiagonale.net\/index.php\/2023\/04\/13\/comment-monaco-gere-la-periode-de-ramadan\/#breadcrumb"},"inLanguage":"fr-FR","potentialAction":[{"@type":"ReadAction","target":["https:\/\/www.ladiagonale.net\/index.php\/2023\/04\/13\/comment-monaco-gere-la-periode-de-ramadan\/"]}]},{"@type":"BreadcrumbList","@id":"https:\/\/www.ladiagonale.net\/index.php\/2023\/04\/13\/comment-monaco-gere-la-periode-de-ramadan\/#breadcrumb","itemListElement":[{"@type":"ListItem","position":1,"name":"Accueil","item":"https:\/\/www.ladiagonale.net\/"},{"@type":"ListItem","position":2,"name":"Comment Monaco g\u00e8re la p\u00e9riode de ramadan"}]},{"@type":"WebSite","@id":"https:\/\/www.ladiagonale.net\/#website","url":"https:\/\/www.ladiagonale.net\/","name":"La Diagonale","description":"Le site des supporters de l&#039;AS Monaco FC","potentialAction":[{"@type":"SearchAction","target":{"@type":"EntryPoint","urlTemplate":"https:\/\/www.ladiagonale.net\/?s={search_term_string}"},"query-input":"required name=search_term_string"}],"inLanguage":"fr-FR"},{"@type":"Person","@id":"https:\/\/www.ladiagonale.net\/#\/schema\/person\/79ff1e7b0853ed01b2aa26e64ad300bf","name":"Damien Dellerba","image":{"@type":"ImageObject","inLanguage":"fr-FR","@id":"https:\/\/www.ladiagonale.net\/#\/schema\/person\/image\/","url":"https:\/\/secure.gravatar.com\/avatar\/c7850e06d3ff63cdbaee88b7fc16e2f0?s=96&d=mm&r=g","contentUrl":"https:\/\/secure.gravatar.com\/avatar\/c7850e06d3ff63cdbaee88b7fc16e2f0?s=96&d=mm&r=g","caption":"Damien Dellerba"},"url":"https:\/\/www.ladiagonale.net\/index.php\/author\/damien\/"}]}},"_links":{"self":[{"href":"https:\/\/www.ladiagonale.net\/index.php\/wp-json\/wp\/v2\/posts\/11402"}],"collection":[{"href":"https:\/\/www.ladiagonale.net\/index.php\/wp-json\/wp\/v2\/posts"}],"about":[{"href":"https:\/\/www.ladiagonale.net\/index.php\/wp-json\/wp\/v2\/types\/post"}],"author":[{"embeddable":true,"href":"https:\/\/www.ladiagonale.net\/index.php\/wp-json\/wp\/v2\/users\/2"}],"replies":[{"embeddable":true,"href":"https:\/\/www.ladiagonale.net\/index.php\/wp-json\/wp\/v2\/comments?post=11402"}],"version-history":[{"count":3,"href":"https:\/\/www.ladiagonale.net\/index.php\/wp-json\/wp\/v2\/posts\/11402\/revisions"}],"predecessor-version":[{"id":11541,"href":"https:\/\/www.ladiagonale.net\/index.php\/wp-json\/wp\/v2\/posts\/11402\/revisions\/11541"}],"wp:attachment":[{"href":"https:\/\/www.ladiagonale.net\/index.php\/wp-json\/wp\/v2\/media?parent=11402"}],"wp:term":[{"taxonomy":"category","embeddable":true,"href":"https:\/\/www.ladiagonale.net\/index.php\/wp-json\/wp\/v2\/categories?post=11402"},{"taxonomy":"post_tag","embeddable":true,"href":"https:\/\/www.ladiagonale.net\/index.php\/wp-json\/wp\/v2\/tags?post=11402"}],"curies":[{"name":"wp","href":"https:\/\/api.w.org\/{rel}","templated":true}]}}