{"id":11516,"date":"2023-04-11T18:48:45","date_gmt":"2023-04-11T16:48:45","guid":{"rendered":"https:\/\/www.ladiagonale.net\/?p=11516"},"modified":"2023-04-11T18:51:46","modified_gmt":"2023-04-11T16:51:46","slug":"dechepy-va-arbitrer-monaco-lorient","status":"publish","type":"post","link":"https:\/\/www.ladiagonale.net\/index.php\/2023\/04\/11\/dechepy-va-arbitrer-monaco-lorient\/","title":{"rendered":"Dechepy va arbitrer Monaco-Lorient"},"content":{"rendered":"\n\n\n<p>La LFP a d\u00e9voil\u00e9 les arbitres qui officieront ce week-end, \u00e0 l&rsquo;occasion de la 31<sup>e<\/sup> journ\u00e9e de Ligue 1. Monaco recevra le FC Lorient ce dimanche (17h05) et c&rsquo;est Bastien Dechepy qui a \u00e9t\u00e9 nomm\u00e9 comme arbitre central pour cette rencontre. Brice Parinet-Le Tellier et Julien Haulbert seront ses assistants sur la touche. Dominique Julien et Benjamin Pages seront quant \u00e0 eux au <em>replay center<\/em>, en charge de l&rsquo;assistance vid\u00e9o.<\/p>\n\n\n\n<p>Cette saison, Dechepy n&rsquo;a pas encore arbitr\u00e9 l&rsquo;ASM, contrairement \u00e0 la saison derni\u00e8re, o\u00f9 il avait crois\u00e9 la route des Rouge et Blanc \u00e0 trois reprises, d\u00e9j\u00e0 pour un match contre Lorient (0-0), en f\u00e9vrier 2022. Mais il avait surtout arbitr\u00e9 le mouvement\u00e9 Saint-\u00c9tienne-Monaco de la 34<sup>e<\/sup> journ\u00e9e, interrompu en raison des feux d&rsquo;artifices lanc\u00e9s depuis les tribunes. Il avait aussi accord\u00e9 un p\u00e9nalty et exclu Aur\u00e9lien Tchouam\u00e9ni. Lors de cette rencontre, il avait fait l&rsquo;objet d&rsquo;un reportage <em>inside<\/em> par <em>Prime Video<\/em>.<\/p>\n\n\n\n<figure class=\"wp-block-embed is-type-video is-provider-youtube wp-block-embed-youtube wp-embed-aspect-16-9 wp-has-aspect-ratio\"><div class=\"wp-block-embed__wrapper\">\n<iframe loading=\"lazy\" title=\"\ud83e\uddbb SUR \u00c9COUTE I Le match ASSE - AS Monaco vu par l&#039;arbitre.\" width=\"1020\" height=\"574\" src=\"https:\/\/www.youtube.com\/embed\/I6Xn4VoEEj8?feature=oembed\" frameborder=\"0\" allow=\"accelerometer; autoplay; clipboard-write; encrypted-media; gyroscope; picture-in-picture; web-share\" allowfullscreen><\/iframe>\n<\/div><\/figure>\n\n\n\n<p><\/p>\n","protected":false},"excerpt":{"rendered":"<p>La LFP a d\u00e9voil\u00e9 les arbitres qui officieront ce week-end, \u00e0 l&rsquo;occasion de la 31e journ\u00e9e de Ligue 1. Monaco recevra le FC Lorient ce dimanche (17h05) et c&rsquo;est Bastien Dechepy qui a \u00e9t\u00e9 nomm\u00e9 comme arbitre central pour cette rencontre. Brice Parinet-Le Tellier et Julien Haulbert seront ses assistants sur la touche. Dominique Julien [&#8230;]\n","protected":false},"author":2,"featured_media":0,"comment_status":"open","ping_status":"open","sticky":false,"template":"","format":"standard","meta":[],"categories":[6],"tags":[156,86,484,451,94,452],"yoast_head":"<!-- This site is optimized with the Yoast SEO plugin v19.8 - https:\/\/yoast.com\/wordpress\/plugins\/seo\/ -->\n<title>Dechepy va arbitrer Monaco-Lorient - La Diagonale<\/title>\n<meta name=\"robots\" content=\"index, follow, max-snippet:-1, max-image-preview:large, max-video-preview:-1\" \/>\n<link rel=\"canonical\" href=\"https:\/\/www.ladiagonale.net\/index.php\/2023\/04\/11\/dechepy-va-arbitrer-monaco-lorient\/\" \/>\n<meta property=\"og:locale\" content=\"fr_FR\" \/>\n<meta property=\"og:type\" content=\"article\" \/>\n<meta property=\"og:title\" content=\"Dechepy va arbitrer Monaco-Lorient - La Diagonale\" \/>\n<meta property=\"og:description\" content=\"La LFP a d\u00e9voil\u00e9 les arbitres qui officieront ce week-end, \u00e0 l&rsquo;occasion de la 31e journ\u00e9e de Ligue 1. Monaco recevra le FC Lorient ce dimanche (17h05) et c&rsquo;est Bastien Dechepy qui a \u00e9t\u00e9 nomm\u00e9 comme arbitre central pour cette rencontre. Brice Parinet-Le Tellier et Julien Haulbert seront ses assistants sur la touche. Dominique Julien [...]\" \/>\n<meta property=\"og:url\" content=\"https:\/\/www.ladiagonale.net\/index.php\/2023\/04\/11\/dechepy-va-arbitrer-monaco-lorient\/\" \/>\n<meta property=\"og:site_name\" content=\"La Diagonale\" \/>\n<meta property=\"article:published_time\" content=\"2023-04-11T16:48:45+00:00\" \/>\n<meta property=\"article:modified_time\" content=\"2023-04-11T16:51:46+00:00\" \/>\n<meta property=\"og:image\" content=\"https:\/\/www.ladiagonale.net\/wp-content\/uploads\/2023\/04\/dechepy.png\" \/>\n\t<meta property=\"og:image:width\" content=\"1160\" \/>\n\t<meta property=\"og:image:height\" content=\"650\" \/>\n\t<meta property=\"og:image:type\" content=\"image\/png\" \/>\n<meta name=\"author\" content=\"Damien Dellerba\" \/>\n<meta name=\"twitter:card\" content=\"summary_large_image\" \/>\n<meta name=\"twitter:image\" content=\"https:\/\/www.ladiagonale.net\/wp-content\/uploads\/2023\/04\/dechepy.png\" \/>\n<meta name=\"twitter:label1\" content=\"\u00c9crit par\" \/>\n\t<meta name=\"twitter:data1\" content=\"Damien Dellerba\" \/>\n\t<meta name=\"twitter:label2\" content=\"Dur\u00e9e de lecture estim\u00e9e\" \/>\n\t<meta name=\"twitter:data2\" content=\"1 minute\" \/>\n<script type=\"application\/ld+json\" class=\"yoast-schema-graph\">{\"@context\":\"https:\/\/schema.org\",\"@graph\":[{\"@type\":\"WebPage\",\"@id\":\"https:\/\/www.ladiagonale.net\/index.php\/2023\/04\/11\/dechepy-va-arbitrer-monaco-lorient\/\",\"url\":\"https:\/\/www.ladiagonale.net\/index.php\/2023\/04\/11\/dechepy-va-arbitrer-monaco-lorient\/\",\"name\":\"Dechepy va arbitrer Monaco-Lorient - La Diagonale\",\"isPartOf\":{\"@id\":\"https:\/\/www.ladiagonale.net\/#website\"},\"datePublished\":\"2023-04-11T16:48:45+00:00\",\"dateModified\":\"2023-04-11T16:51:46+00:00\",\"author\":{\"@id\":\"https:\/\/www.ladiagonale.net\/#\/schema\/person\/79ff1e7b0853ed01b2aa26e64ad300bf\"},\"breadcrumb\":{\"@id\":\"https:\/\/www.ladiagonale.net\/index.php\/2023\/04\/11\/dechepy-va-arbitrer-monaco-lorient\/#breadcrumb\"},\"inLanguage\":\"fr-FR\",\"potentialAction\":[{\"@type\":\"ReadAction\",\"target\":[\"https:\/\/www.ladiagonale.net\/index.php\/2023\/04\/11\/dechepy-va-arbitrer-monaco-lorient\/\"]}]},{\"@type\":\"BreadcrumbList\",\"@id\":\"https:\/\/www.ladiagonale.net\/index.php\/2023\/04\/11\/dechepy-va-arbitrer-monaco-lorient\/#breadcrumb\",\"itemListElement\":[{\"@type\":\"ListItem\",\"position\":1,\"name\":\"Accueil\",\"item\":\"https:\/\/www.ladiagonale.net\/\"},{\"@type\":\"ListItem\",\"position\":2,\"name\":\"Dechepy va arbitrer Monaco-Lorient\"}]},{\"@type\":\"WebSite\",\"@id\":\"https:\/\/www.ladiagonale.net\/#website\",\"url\":\"https:\/\/www.ladiagonale.net\/\",\"name\":\"La Diagonale\",\"description\":\"Le site des supporters de l&#039;AS Monaco FC\",\"potentialAction\":[{\"@type\":\"SearchAction\",\"target\":{\"@type\":\"EntryPoint\",\"urlTemplate\":\"https:\/\/www.ladiagonale.net\/?s={search_term_string}\"},\"query-input\":\"required name=search_term_string\"}],\"inLanguage\":\"fr-FR\"},{\"@type\":\"Person\",\"@id\":\"https:\/\/www.ladiagonale.net\/#\/schema\/person\/79ff1e7b0853ed01b2aa26e64ad300bf\",\"name\":\"Damien Dellerba\",\"image\":{\"@type\":\"ImageObject\",\"inLanguage\":\"fr-FR\",\"@id\":\"https:\/\/www.ladiagonale.net\/#\/schema\/person\/image\/\",\"url\":\"https:\/\/secure.gravatar.com\/avatar\/c7850e06d3ff63cdbaee88b7fc16e2f0?s=96&d=mm&r=g\",\"contentUrl\":\"https:\/\/secure.gravatar.com\/avatar\/c7850e06d3ff63cdbaee88b7fc16e2f0?s=96&d=mm&r=g\",\"caption\":\"Damien Dellerba\"},\"url\":\"https:\/\/www.ladiagonale.net\/index.php\/author\/damien\/\"}]}<\/script>\n<!-- \/ Yoast SEO plugin. -->","yoast_head_json":{"title":"Dechepy va arbitrer Monaco-Lorient - La Diagonale","robots":{"index":"index","follow":"follow","max-snippet":"max-snippet:-1","max-image-preview":"max-image-preview:large","max-video-preview":"max-video-preview:-1"},"canonical":"https:\/\/www.ladiagonale.net\/index.php\/2023\/04\/11\/dechepy-va-arbitrer-monaco-lorient\/","og_locale":"fr_FR","og_type":"article","og_title":"Dechepy va arbitrer Monaco-Lorient - La Diagonale","og_description":"La LFP a d\u00e9voil\u00e9 les arbitres qui officieront ce week-end, \u00e0 l&rsquo;occasion de la 31e journ\u00e9e de Ligue 1. Monaco recevra le FC Lorient ce dimanche (17h05) et c&rsquo;est Bastien Dechepy qui a \u00e9t\u00e9 nomm\u00e9 comme arbitre central pour cette rencontre. Brice Parinet-Le Tellier et Julien Haulbert seront ses assistants sur la touche. Dominique Julien [...]","og_url":"https:\/\/www.ladiagonale.net\/index.php\/2023\/04\/11\/dechepy-va-arbitrer-monaco-lorient\/","og_site_name":"La Diagonale","article_published_time":"2023-04-11T16:48:45+00:00","article_modified_time":"2023-04-11T16:51:46+00:00","og_image":[{"width":1160,"height":650,"url":"https:\/\/www.ladiagonale.net\/wp-content\/uploads\/2023\/04\/dechepy.png","type":"image\/png"}],"author":"Damien Dellerba","twitter_card":"summary_large_image","twitter_image":"https:\/\/www.ladiagonale.net\/wp-content\/uploads\/2023\/04\/dechepy.png","twitter_misc":{"\u00c9crit par":"Damien Dellerba","Dur\u00e9e de lecture estim\u00e9e":"1 minute"},"schema":{"@context":"https:\/\/schema.org","@graph":[{"@type":"WebPage","@id":"https:\/\/www.ladiagonale.net\/index.php\/2023\/04\/11\/dechepy-va-arbitrer-monaco-lorient\/","url":"https:\/\/www.ladiagonale.net\/index.php\/2023\/04\/11\/dechepy-va-arbitrer-monaco-lorient\/","name":"Dechepy va arbitrer Monaco-Lorient - La Diagonale","isPartOf":{"@id":"https:\/\/www.ladiagonale.net\/#website"},"datePublished":"2023-04-11T16:48:45+00:00","dateModified":"2023-04-11T16:51:46+00:00","author":{"@id":"https:\/\/www.ladiagonale.net\/#\/schema\/person\/79ff1e7b0853ed01b2aa26e64ad300bf"},"breadcrumb":{"@id":"https:\/\/www.ladiagonale.net\/index.php\/2023\/04\/11\/dechepy-va-arbitrer-monaco-lorient\/#breadcrumb"},"inLanguage":"fr-FR","potentialAction":[{"@type":"ReadAction","target":["https:\/\/www.ladiagonale.net\/index.php\/2023\/04\/11\/dechepy-va-arbitrer-monaco-lorient\/"]}]},{"@type":"BreadcrumbList","@id":"https:\/\/www.ladiagonale.net\/index.php\/2023\/04\/11\/dechepy-va-arbitrer-monaco-lorient\/#breadcrumb","itemListElement":[{"@type":"ListItem","position":1,"name":"Accueil","item":"https:\/\/www.ladiagonale.net\/"},{"@type":"ListItem","position":2,"name":"Dechepy va arbitrer Monaco-Lorient"}]},{"@type":"WebSite","@id":"https:\/\/www.ladiagonale.net\/#website","url":"https:\/\/www.ladiagonale.net\/","name":"La Diagonale","description":"Le site des supporters de l&#039;AS Monaco FC","potentialAction":[{"@type":"SearchAction","target":{"@type":"EntryPoint","urlTemplate":"https:\/\/www.ladiagonale.net\/?s={search_term_string}"},"query-input":"required name=search_term_string"}],"inLanguage":"fr-FR"},{"@type":"Person","@id":"https:\/\/www.ladiagonale.net\/#\/schema\/person\/79ff1e7b0853ed01b2aa26e64ad300bf","name":"Damien Dellerba","image":{"@type":"ImageObject","inLanguage":"fr-FR","@id":"https:\/\/www.ladiagonale.net\/#\/schema\/person\/image\/","url":"https:\/\/secure.gravatar.com\/avatar\/c7850e06d3ff63cdbaee88b7fc16e2f0?s=96&d=mm&r=g","contentUrl":"https:\/\/secure.gravatar.com\/avatar\/c7850e06d3ff63cdbaee88b7fc16e2f0?s=96&d=mm&r=g","caption":"Damien Dellerba"},"url":"https:\/\/www.ladiagonale.net\/index.php\/author\/damien\/"}]}},"_links":{"self":[{"href":"https:\/\/www.ladiagonale.net\/index.php\/wp-json\/wp\/v2\/posts\/11516"}],"collection":[{"href":"https:\/\/www.ladiagonale.net\/index.php\/wp-json\/wp\/v2\/posts"}],"about":[{"href":"https:\/\/www.ladiagonale.net\/index.php\/wp-json\/wp\/v2\/types\/post"}],"author":[{"embeddable":true,"href":"https:\/\/www.ladiagonale.net\/index.php\/wp-json\/wp\/v2\/users\/2"}],"replies":[{"embeddable":true,"href":"https:\/\/www.ladiagonale.net\/index.php\/wp-json\/wp\/v2\/comments?post=11516"}],"version-history":[{"count":2,"href":"https:\/\/www.ladiagonale.net\/index.php\/wp-json\/wp\/v2\/posts\/11516\/revisions"}],"predecessor-version":[{"id":11519,"href":"https:\/\/www.ladiagonale.net\/index.php\/wp-json\/wp\/v2\/posts\/11516\/revisions\/11519"}],"wp:attachment":[{"href":"https:\/\/www.ladiagonale.net\/index.php\/wp-json\/wp\/v2\/media?parent=11516"}],"wp:term":[{"taxonomy":"category","embeddable":true,"href":"https:\/\/www.ladiagonale.net\/index.php\/wp-json\/wp\/v2\/categories?post=11516"},{"taxonomy":"post_tag","embeddable":true,"href":"https:\/\/www.ladiagonale.net\/index.php\/wp-json\/wp\/v2\/tags?post=11516"}],"curies":[{"name":"wp","href":"https:\/\/api.w.org\/{rel}","templated":true}]}}