{"id":11528,"date":"2023-04-12T18:30:33","date_gmt":"2023-04-12T16:30:33","guid":{"rendered":"https:\/\/www.ladiagonale.net\/?p=11528"},"modified":"2023-04-12T18:39:48","modified_gmt":"2023-04-12T16:39:48","slug":"barilaro-ben-seghir-et-diop-ont-la-tete-bien-en-place","status":"publish","type":"post","link":"https:\/\/www.ladiagonale.net\/index.php\/2023\/04\/12\/barilaro-ben-seghir-et-diop-ont-la-tete-bien-en-place\/","title":{"rendered":"Barilaro : \u00ab\u00a0Ben Seghir et Diop ont la t\u00eate bien en place\u00a0\u00bb"},"content":{"rendered":"\n\n\n<p>Entre l\u2019\u00e9closion d\u2019Eliesse Ben Seghir et d\u2019Edan Diop avec les pros, ainsi que la qualification des U18 en finale de la Coupe Gambardella, ce ne sont pas les occasions de mettre la formation de l\u2019AS Monaco \u00e0 l\u2019honneur qui ont fait d\u00e9faut r\u00e9cemment. Fr\u00e9d\u00e9ric Barilaro, l\u2019entra\u00eeneur des U19 nationaux et formateur historique de l\u2019ASM, s\u2019est exprim\u00e9 dans le quotidien <em>20 minutes<\/em> pour parler plus en d\u00e9tail de Ben Seghir et Diop mais aussi \u00e9voquer son travail \u00e0 l\u2019Academy.<\/p>\n\n\n\n<p>Si ces deux joueurs sont de belles promesses pour l\u2019avenir de l\u2019ASM, rien n\u2019indique qu\u2019ils s\u2019imposeront dans la dur\u00e9e au sein du club de la Principaut\u00e9. Barilaro voit cependant une qualit\u00e9 ind\u00e9niable pour leur permettre de r\u00e9ussir et pourquoi pas suivre les traces de Kylian Mbapp\u00e9 :&nbsp;\u00ab&nbsp;<em>On leur souhaite le meilleur, bien s\u00fbr, mais on ne leur pr\u00e9dit jamais telle ou telle carri\u00e8re. M\u00eame pour Mbapp\u00e9, c\u2019\u00e9tait plut\u00f4t ses proches qui lui pr\u00e9disaient un avenir radieux. Mais c\u2019est tellement difficile. Edan et Eliesse ont la t\u00eate bien en place, et c\u2019est le plus important<\/em> \u00bb.<\/p>\n\n\n\n<blockquote class=\"wp-block-quote\"><p><br>\u00ab&nbsp;Sa course \u00e9tait d\u00e9sarticul\u00e9e&nbsp;\u00bb<\/p><cite>Fr\u00e9d\u00e9ric Barilaro, \u00e0 propos d&rsquo;Edan Diop<\/cite><\/blockquote>\n\n\n\n<p>Ben Seghir a notamment impressionn\u00e9 avec son parcours \u00e9clair : \u00ab <em>Ils ont deux parcours diff\u00e9rents, c\u2019est aussi ce qui fait la beaut\u00e9 de la formation, <\/em>a expliqu\u00e9 Barilaro d\u2019embl\u00e9e.<em> Eliesse, on a per\u00e7u tout de suite que c\u2019\u00e9tait un gar\u00e7on talentueux. Il est d\u00e9cisif depuis qu\u2019il est l\u00e0, et il jouait d\u00e9j\u00e0 avec les U19 \u00e0 l\u2019\u00e2ge des U17. Qu\u2019il soit aussi vite en pro, on ne peut jamais savoir. Mais des joueurs talentueux qu\u2019on accompagne, on sait qu\u2019un jour ou l\u2019autre ils seront professionnels.<\/em>&nbsp;\u00bb<\/p>\n\n\n\n<p>Quant \u00e0 Edan Diop, il a mis un peu plus de temps : \u00ab <em>Il a d\u00fb faire face \u00e0 un d\u00e9veloppement et une maturit\u00e9 plus tardive. Il s\u2019entra\u00eenait aussi avec les U19 \u00e0 l\u2019\u00e2ge des U17, mais il \u00e9tait petit et jouait plus bas. Il n\u2019avait pas la capacit\u00e9 athl\u00e9tique pour jouer plus haut m\u00eame s\u2019il avait beaucoup de qualit\u00e9, surtout en mati\u00e8re de justesse. Puis il a \u00e9norm\u00e9ment grandi ces deux derni\u00e8res ann\u00e9es, et \u00e7a a \u00e9t\u00e9 un peu difficile. Sa course \u00e9tait d\u00e9sarticul\u00e9e. Et \u00e0 partir de janvier 2022 il a commenc\u00e9 \u00e0 s\u2019imposer chez les U19. L\u00e0 on a d\u00e9couvert des qualit\u00e9s qu\u2019on n\u2019avait pas trop vues, comme son c\u00f4t\u00e9 d\u00e9cisif.<\/em> \u00bb<\/p>\n\n\n\n<blockquote class=\"wp-block-quote\"><p>\u00ab&nbsp;Groupe \u00c9lite ou pas, on a toujours form\u00e9 des joueurs&nbsp;\u00bb<\/p><cite>Fr\u00e9d\u00e9ric Barilaro<\/cite><\/blockquote>\n\n\n\n<p>Avec l\u2019\u00e9closion de Ben Seghir, l\u2019AS Monaco en a surtout profit\u00e9 pour mettre en avant leur nouveau mod\u00e8le de formation, avec la cr\u00e9ation du Groupe \u00c9lite, dirig\u00e9 par Damien Perrinelle, et la suppression de l\u2019\u00e9quipe de National 2. Pourtant, Barilaro assure que cela ne change pas forc\u00e9ment grand chose, car si un talent \u00e0 les qualit\u00e9s pour \u00e9clore, il y parviendra forc\u00e9ment : \u00ab&nbsp;<em>On a toujours form\u00e9 des joueurs, et groupe \u00c9lite ou pas, Eliesse Ben Seghir serait quand m\u00eame avec les pros aujourd\u2019hui.<\/em>&nbsp;\u00bb<\/p>\n\n\n\n<p>Et d\u2019annoncer les prochains noms \u00e0 surveiller : \u00ab&nbsp;<em>L\u2019attaquant Malamine Efekele, ou les milieux Mamadou Coulibaly et Mayssam Benama<\/em>&nbsp;\u00bb. M\u00eame si le formateur enjoint \u00e0 la prudence \u00e0 propos des jeunes joueur : \u00ab&nbsp;<em>Il ne faut pas se tromper, quand un joueur monte trop vite, \u00e7a peut \u00eatre difficile de rester en haut&nbsp;(\u2026)&nbsp;Le probl\u00e8me c\u2019est qu\u2019ils veulent tout avoir tout de suite, notre r\u00f4le est compliqu\u00e9 de ce cot\u00e9 l\u00e0. Nous, on conna\u00eet le m\u00e9tier, certains joueurs mettront plus de temps que d\u2019autres. Mais si les proches leur rab\u00e2chent qu\u2019ils sont pr\u00eats\u2026<\/em>&nbsp;\u00bb<\/p>\n","protected":false},"excerpt":{"rendered":"<p>Entre l\u2019\u00e9closion d\u2019Eliesse Ben Seghir et d\u2019Edan Diop avec les pros, ainsi que la qualification des U18 en finale de la Coupe Gambardella, ce ne sont pas les occasions de mettre la formation de l\u2019AS Monaco \u00e0 l\u2019honneur qui ont fait d\u00e9faut r\u00e9cemment. Fr\u00e9d\u00e9ric Barilaro, l\u2019entra\u00eeneur des U19 nationaux et formateur historique de l\u2019ASM, s\u2019est [&#8230;]\n","protected":false},"author":2,"featured_media":0,"comment_status":"open","ping_status":"open","sticky":false,"template":"","format":"standard","meta":[],"categories":[6],"tags":[76,86,80,286,488],"yoast_head":"<!-- This site is optimized with the Yoast SEO plugin v19.8 - https:\/\/yoast.com\/wordpress\/plugins\/seo\/ -->\n<title>Barilaro : \u00ab\u00a0Ben Seghir et Diop ont la t\u00eate bien en place\u00a0\u00bb - La Diagonale<\/title>\n<meta name=\"robots\" content=\"index, follow, max-snippet:-1, max-image-preview:large, max-video-preview:-1\" \/>\n<link rel=\"canonical\" href=\"https:\/\/www.ladiagonale.net\/index.php\/2023\/04\/12\/barilaro-ben-seghir-et-diop-ont-la-tete-bien-en-place\/\" \/>\n<meta property=\"og:locale\" content=\"fr_FR\" \/>\n<meta property=\"og:type\" content=\"article\" \/>\n<meta property=\"og:title\" content=\"Barilaro : \u00ab\u00a0Ben Seghir et Diop ont la t\u00eate bien en place\u00a0\u00bb - La Diagonale\" \/>\n<meta property=\"og:description\" content=\"Entre l\u2019\u00e9closion d\u2019Eliesse Ben Seghir et d\u2019Edan Diop avec les pros, ainsi que la qualification des U18 en finale de la Coupe Gambardella, ce ne sont pas les occasions de mettre la formation de l\u2019AS Monaco \u00e0 l\u2019honneur qui ont fait d\u00e9faut r\u00e9cemment. Fr\u00e9d\u00e9ric Barilaro, l\u2019entra\u00eeneur des U19 nationaux et formateur historique de l\u2019ASM, s\u2019est [...]\" \/>\n<meta property=\"og:url\" content=\"https:\/\/www.ladiagonale.net\/index.php\/2023\/04\/12\/barilaro-ben-seghir-et-diop-ont-la-tete-bien-en-place\/\" \/>\n<meta property=\"og:site_name\" content=\"La Diagonale\" \/>\n<meta property=\"article:published_time\" content=\"2023-04-12T16:30:33+00:00\" \/>\n<meta property=\"article:modified_time\" content=\"2023-04-12T16:39:48+00:00\" \/>\n<meta property=\"og:image\" content=\"https:\/\/www.ladiagonale.net\/wp-content\/uploads\/2023\/04\/barilaro-ben-seghir.png\" \/>\n\t<meta property=\"og:image:width\" content=\"1160\" \/>\n\t<meta property=\"og:image:height\" content=\"650\" \/>\n\t<meta property=\"og:image:type\" content=\"image\/png\" \/>\n<meta name=\"author\" content=\"Damien Dellerba\" \/>\n<meta name=\"twitter:card\" content=\"summary_large_image\" \/>\n<meta name=\"twitter:image\" content=\"https:\/\/www.ladiagonale.net\/wp-content\/uploads\/2023\/04\/barilaro-ben-seghir.png\" \/>\n<meta name=\"twitter:label1\" content=\"\u00c9crit par\" \/>\n\t<meta name=\"twitter:data1\" content=\"Damien Dellerba\" \/>\n\t<meta name=\"twitter:label2\" content=\"Dur\u00e9e de lecture estim\u00e9e\" \/>\n\t<meta name=\"twitter:data2\" content=\"3 minutes\" \/>\n<script type=\"application\/ld+json\" class=\"yoast-schema-graph\">{\"@context\":\"https:\/\/schema.org\",\"@graph\":[{\"@type\":\"WebPage\",\"@id\":\"https:\/\/www.ladiagonale.net\/index.php\/2023\/04\/12\/barilaro-ben-seghir-et-diop-ont-la-tete-bien-en-place\/\",\"url\":\"https:\/\/www.ladiagonale.net\/index.php\/2023\/04\/12\/barilaro-ben-seghir-et-diop-ont-la-tete-bien-en-place\/\",\"name\":\"Barilaro : \u00ab\u00a0Ben Seghir et Diop ont la t\u00eate bien en place\u00a0\u00bb - La Diagonale\",\"isPartOf\":{\"@id\":\"https:\/\/www.ladiagonale.net\/#website\"},\"datePublished\":\"2023-04-12T16:30:33+00:00\",\"dateModified\":\"2023-04-12T16:39:48+00:00\",\"author\":{\"@id\":\"https:\/\/www.ladiagonale.net\/#\/schema\/person\/79ff1e7b0853ed01b2aa26e64ad300bf\"},\"breadcrumb\":{\"@id\":\"https:\/\/www.ladiagonale.net\/index.php\/2023\/04\/12\/barilaro-ben-seghir-et-diop-ont-la-tete-bien-en-place\/#breadcrumb\"},\"inLanguage\":\"fr-FR\",\"potentialAction\":[{\"@type\":\"ReadAction\",\"target\":[\"https:\/\/www.ladiagonale.net\/index.php\/2023\/04\/12\/barilaro-ben-seghir-et-diop-ont-la-tete-bien-en-place\/\"]}]},{\"@type\":\"BreadcrumbList\",\"@id\":\"https:\/\/www.ladiagonale.net\/index.php\/2023\/04\/12\/barilaro-ben-seghir-et-diop-ont-la-tete-bien-en-place\/#breadcrumb\",\"itemListElement\":[{\"@type\":\"ListItem\",\"position\":1,\"name\":\"Accueil\",\"item\":\"https:\/\/www.ladiagonale.net\/\"},{\"@type\":\"ListItem\",\"position\":2,\"name\":\"Barilaro : \u00ab\u00a0Ben Seghir et Diop ont la t\u00eate bien en place\u00a0\u00bb\"}]},{\"@type\":\"WebSite\",\"@id\":\"https:\/\/www.ladiagonale.net\/#website\",\"url\":\"https:\/\/www.ladiagonale.net\/\",\"name\":\"La Diagonale\",\"description\":\"Le site des supporters de l&#039;AS Monaco FC\",\"potentialAction\":[{\"@type\":\"SearchAction\",\"target\":{\"@type\":\"EntryPoint\",\"urlTemplate\":\"https:\/\/www.ladiagonale.net\/?s={search_term_string}\"},\"query-input\":\"required name=search_term_string\"}],\"inLanguage\":\"fr-FR\"},{\"@type\":\"Person\",\"@id\":\"https:\/\/www.ladiagonale.net\/#\/schema\/person\/79ff1e7b0853ed01b2aa26e64ad300bf\",\"name\":\"Damien Dellerba\",\"image\":{\"@type\":\"ImageObject\",\"inLanguage\":\"fr-FR\",\"@id\":\"https:\/\/www.ladiagonale.net\/#\/schema\/person\/image\/\",\"url\":\"https:\/\/secure.gravatar.com\/avatar\/c7850e06d3ff63cdbaee88b7fc16e2f0?s=96&d=mm&r=g\",\"contentUrl\":\"https:\/\/secure.gravatar.com\/avatar\/c7850e06d3ff63cdbaee88b7fc16e2f0?s=96&d=mm&r=g\",\"caption\":\"Damien Dellerba\"},\"url\":\"https:\/\/www.ladiagonale.net\/index.php\/author\/damien\/\"}]}<\/script>\n<!-- \/ Yoast SEO plugin. -->","yoast_head_json":{"title":"Barilaro : \u00ab\u00a0Ben Seghir et Diop ont la t\u00eate bien en place\u00a0\u00bb - La Diagonale","robots":{"index":"index","follow":"follow","max-snippet":"max-snippet:-1","max-image-preview":"max-image-preview:large","max-video-preview":"max-video-preview:-1"},"canonical":"https:\/\/www.ladiagonale.net\/index.php\/2023\/04\/12\/barilaro-ben-seghir-et-diop-ont-la-tete-bien-en-place\/","og_locale":"fr_FR","og_type":"article","og_title":"Barilaro : \u00ab\u00a0Ben Seghir et Diop ont la t\u00eate bien en place\u00a0\u00bb - La Diagonale","og_description":"Entre l\u2019\u00e9closion d\u2019Eliesse Ben Seghir et d\u2019Edan Diop avec les pros, ainsi que la qualification des U18 en finale de la Coupe Gambardella, ce ne sont pas les occasions de mettre la formation de l\u2019AS Monaco \u00e0 l\u2019honneur qui ont fait d\u00e9faut r\u00e9cemment. Fr\u00e9d\u00e9ric Barilaro, l\u2019entra\u00eeneur des U19 nationaux et formateur historique de l\u2019ASM, s\u2019est [...]","og_url":"https:\/\/www.ladiagonale.net\/index.php\/2023\/04\/12\/barilaro-ben-seghir-et-diop-ont-la-tete-bien-en-place\/","og_site_name":"La Diagonale","article_published_time":"2023-04-12T16:30:33+00:00","article_modified_time":"2023-04-12T16:39:48+00:00","og_image":[{"width":1160,"height":650,"url":"https:\/\/www.ladiagonale.net\/wp-content\/uploads\/2023\/04\/barilaro-ben-seghir.png","type":"image\/png"}],"author":"Damien Dellerba","twitter_card":"summary_large_image","twitter_image":"https:\/\/www.ladiagonale.net\/wp-content\/uploads\/2023\/04\/barilaro-ben-seghir.png","twitter_misc":{"\u00c9crit par":"Damien Dellerba","Dur\u00e9e de lecture estim\u00e9e":"3 minutes"},"schema":{"@context":"https:\/\/schema.org","@graph":[{"@type":"WebPage","@id":"https:\/\/www.ladiagonale.net\/index.php\/2023\/04\/12\/barilaro-ben-seghir-et-diop-ont-la-tete-bien-en-place\/","url":"https:\/\/www.ladiagonale.net\/index.php\/2023\/04\/12\/barilaro-ben-seghir-et-diop-ont-la-tete-bien-en-place\/","name":"Barilaro : \u00ab\u00a0Ben Seghir et Diop ont la t\u00eate bien en place\u00a0\u00bb - La Diagonale","isPartOf":{"@id":"https:\/\/www.ladiagonale.net\/#website"},"datePublished":"2023-04-12T16:30:33+00:00","dateModified":"2023-04-12T16:39:48+00:00","author":{"@id":"https:\/\/www.ladiagonale.net\/#\/schema\/person\/79ff1e7b0853ed01b2aa26e64ad300bf"},"breadcrumb":{"@id":"https:\/\/www.ladiagonale.net\/index.php\/2023\/04\/12\/barilaro-ben-seghir-et-diop-ont-la-tete-bien-en-place\/#breadcrumb"},"inLanguage":"fr-FR","potentialAction":[{"@type":"ReadAction","target":["https:\/\/www.ladiagonale.net\/index.php\/2023\/04\/12\/barilaro-ben-seghir-et-diop-ont-la-tete-bien-en-place\/"]}]},{"@type":"BreadcrumbList","@id":"https:\/\/www.ladiagonale.net\/index.php\/2023\/04\/12\/barilaro-ben-seghir-et-diop-ont-la-tete-bien-en-place\/#breadcrumb","itemListElement":[{"@type":"ListItem","position":1,"name":"Accueil","item":"https:\/\/www.ladiagonale.net\/"},{"@type":"ListItem","position":2,"name":"Barilaro : \u00ab\u00a0Ben Seghir et Diop ont la t\u00eate bien en place\u00a0\u00bb"}]},{"@type":"WebSite","@id":"https:\/\/www.ladiagonale.net\/#website","url":"https:\/\/www.ladiagonale.net\/","name":"La Diagonale","description":"Le site des supporters de l&#039;AS Monaco FC","potentialAction":[{"@type":"SearchAction","target":{"@type":"EntryPoint","urlTemplate":"https:\/\/www.ladiagonale.net\/?s={search_term_string}"},"query-input":"required name=search_term_string"}],"inLanguage":"fr-FR"},{"@type":"Person","@id":"https:\/\/www.ladiagonale.net\/#\/schema\/person\/79ff1e7b0853ed01b2aa26e64ad300bf","name":"Damien Dellerba","image":{"@type":"ImageObject","inLanguage":"fr-FR","@id":"https:\/\/www.ladiagonale.net\/#\/schema\/person\/image\/","url":"https:\/\/secure.gravatar.com\/avatar\/c7850e06d3ff63cdbaee88b7fc16e2f0?s=96&d=mm&r=g","contentUrl":"https:\/\/secure.gravatar.com\/avatar\/c7850e06d3ff63cdbaee88b7fc16e2f0?s=96&d=mm&r=g","caption":"Damien Dellerba"},"url":"https:\/\/www.ladiagonale.net\/index.php\/author\/damien\/"}]}},"_links":{"self":[{"href":"https:\/\/www.ladiagonale.net\/index.php\/wp-json\/wp\/v2\/posts\/11528"}],"collection":[{"href":"https:\/\/www.ladiagonale.net\/index.php\/wp-json\/wp\/v2\/posts"}],"about":[{"href":"https:\/\/www.ladiagonale.net\/index.php\/wp-json\/wp\/v2\/types\/post"}],"author":[{"embeddable":true,"href":"https:\/\/www.ladiagonale.net\/index.php\/wp-json\/wp\/v2\/users\/2"}],"replies":[{"embeddable":true,"href":"https:\/\/www.ladiagonale.net\/index.php\/wp-json\/wp\/v2\/comments?post=11528"}],"version-history":[{"count":2,"href":"https:\/\/www.ladiagonale.net\/index.php\/wp-json\/wp\/v2\/posts\/11528\/revisions"}],"predecessor-version":[{"id":11531,"href":"https:\/\/www.ladiagonale.net\/index.php\/wp-json\/wp\/v2\/posts\/11528\/revisions\/11531"}],"wp:attachment":[{"href":"https:\/\/www.ladiagonale.net\/index.php\/wp-json\/wp\/v2\/media?parent=11528"}],"wp:term":[{"taxonomy":"category","embeddable":true,"href":"https:\/\/www.ladiagonale.net\/index.php\/wp-json\/wp\/v2\/categories?post=11528"},{"taxonomy":"post_tag","embeddable":true,"href":"https:\/\/www.ladiagonale.net\/index.php\/wp-json\/wp\/v2\/tags?post=11528"}],"curies":[{"name":"wp","href":"https:\/\/api.w.org\/{rel}","templated":true}]}}