{"id":11554,"date":"2023-04-14T13:17:38","date_gmt":"2023-04-14T11:17:38","guid":{"rendered":"https:\/\/www.ladiagonale.net\/?p=11554"},"modified":"2023-04-14T13:17:57","modified_gmt":"2023-04-14T11:17:57","slug":"ettori-monaco-na-pas-un-bon-gardien","status":"publish","type":"post","link":"https:\/\/www.ladiagonale.net\/index.php\/2023\/04\/14\/ettori-monaco-na-pas-un-bon-gardien\/","title":{"rendered":"Ettori : \u00ab&nbsp;Monaco n\u2019a pas un bon gardien&nbsp;\u00bb"},"content":{"rendered":"\n<p>Interrog\u00e9 par <em>La Provence<\/em> pour \u00e9voquer le sprint final de l&rsquo;AS Monaco face \u00e0 Lens et Marseille, Jean-Luc Ettori, n\u2019y est pas all\u00e9 par quatre chemins pour d\u00e9signer le point faible de cette \u00e9quipe as\u00e9miste. L\u2019ancien portier de l\u2019ASM a directement cibl\u00e9 Alexander N\u00fcbel : \u00ab&nbsp;<em>On n&rsquo;a pas un bon gardien\u2026 Il n&rsquo;est pas d\u00e9cisif, c&rsquo;est un vrai probl\u00e8me et tu n&rsquo;es jamais tranquille. \u00c0 chaque tir adverse, il y a but. Quand on le compare aux deux autres (Samba et Lopez)\u2026<\/em>&nbsp;\u00bb<\/p>\n\n\n\n<p>La l\u00e9gende de l\u2019AS Monaco (<em>755 matchs avec la diagonale<\/em>) n\u2019est pas non plus rassur\u00e9e par les derni\u00e8res sorties de l\u2019\u00e9quipe de Philippe Clement et ne voit pas son club de toujours terminer sur le podium : \u00ab\u00a0<em>Les derniers matches ne m&rsquo;ont pas rassur\u00e9. C\u2019est les montagnes russes, on prend trop de buts\u2026 C&rsquo;est compliqu\u00e9 d&rsquo;\u00eatre vraiment ambitieux et je ne les vois pas finir sur le podium.<\/em>\u00a0\u00bb M\u00eame si la colonne vert\u00e9brale de l\u2019\u00e9quipe est solide : \u00ab\u00a0<em>Ben Yedder, Golovin, Disasi\u2026 L&rsquo;\u00e9quipe tient la route et est habitu\u00e9e aux fins de saison canons.<\/em>\u00a0\u00bb<\/p>\n\n\n","protected":false},"excerpt":{"rendered":"<p>Interrog\u00e9 par La Provence pour \u00e9voquer le sprint final de l&rsquo;AS Monaco face \u00e0 Lens et Marseille, Jean-Luc Ettori, n\u2019y est pas all\u00e9 par quatre chemins pour d\u00e9signer le point faible de cette \u00e9quipe as\u00e9miste. L\u2019ancien portier de l\u2019ASM a directement cibl\u00e9 Alexander N\u00fcbel : \u00ab&nbsp;On n&rsquo;a pas un bon gardien\u2026 Il n&rsquo;est pas d\u00e9cisif, [&#8230;]\n","protected":false},"author":2,"featured_media":0,"comment_status":"open","ping_status":"open","sticky":false,"template":"","format":"standard","meta":[],"categories":[6],"tags":[181,255,86,492],"yoast_head":"<!-- This site is optimized with the Yoast SEO plugin v19.8 - https:\/\/yoast.com\/wordpress\/plugins\/seo\/ -->\n<title>Ettori : \u00ab&nbsp;Monaco n\u2019a pas un bon gardien&nbsp;\u00bb - La Diagonale<\/title>\n<meta name=\"robots\" content=\"index, follow, max-snippet:-1, max-image-preview:large, max-video-preview:-1\" \/>\n<link rel=\"canonical\" href=\"https:\/\/www.ladiagonale.net\/index.php\/2023\/04\/14\/ettori-monaco-na-pas-un-bon-gardien\/\" \/>\n<meta property=\"og:locale\" content=\"fr_FR\" \/>\n<meta property=\"og:type\" content=\"article\" \/>\n<meta property=\"og:title\" content=\"Ettori : \u00ab&nbsp;Monaco n\u2019a pas un bon gardien&nbsp;\u00bb - La Diagonale\" \/>\n<meta property=\"og:description\" content=\"Interrog\u00e9 par La Provence pour \u00e9voquer le sprint final de l&rsquo;AS Monaco face \u00e0 Lens et Marseille, Jean-Luc Ettori, n\u2019y est pas all\u00e9 par quatre chemins pour d\u00e9signer le point faible de cette \u00e9quipe as\u00e9miste. L\u2019ancien portier de l\u2019ASM a directement cibl\u00e9 Alexander N\u00fcbel : \u00ab&nbsp;On n&rsquo;a pas un bon gardien\u2026 Il n&rsquo;est pas d\u00e9cisif, [...]\" \/>\n<meta property=\"og:url\" content=\"https:\/\/www.ladiagonale.net\/index.php\/2023\/04\/14\/ettori-monaco-na-pas-un-bon-gardien\/\" \/>\n<meta property=\"og:site_name\" content=\"La Diagonale\" \/>\n<meta property=\"article:published_time\" content=\"2023-04-14T11:17:38+00:00\" \/>\n<meta property=\"article:modified_time\" content=\"2023-04-14T11:17:57+00:00\" \/>\n<meta property=\"og:image\" content=\"https:\/\/www.ladiagonale.net\/wp-content\/uploads\/2023\/04\/ettori.png\" \/>\n\t<meta property=\"og:image:width\" content=\"1160\" \/>\n\t<meta property=\"og:image:height\" content=\"650\" \/>\n\t<meta property=\"og:image:type\" content=\"image\/png\" \/>\n<meta name=\"author\" content=\"Damien Dellerba\" \/>\n<meta name=\"twitter:card\" content=\"summary_large_image\" \/>\n<meta name=\"twitter:image\" content=\"https:\/\/www.ladiagonale.net\/wp-content\/uploads\/2023\/04\/ettori.png\" \/>\n<meta name=\"twitter:label1\" content=\"\u00c9crit par\" \/>\n\t<meta name=\"twitter:data1\" content=\"Damien Dellerba\" \/>\n\t<meta name=\"twitter:label2\" content=\"Dur\u00e9e de lecture estim\u00e9e\" \/>\n\t<meta name=\"twitter:data2\" content=\"1 minute\" \/>\n<script type=\"application\/ld+json\" class=\"yoast-schema-graph\">{\"@context\":\"https:\/\/schema.org\",\"@graph\":[{\"@type\":\"WebPage\",\"@id\":\"https:\/\/www.ladiagonale.net\/index.php\/2023\/04\/14\/ettori-monaco-na-pas-un-bon-gardien\/\",\"url\":\"https:\/\/www.ladiagonale.net\/index.php\/2023\/04\/14\/ettori-monaco-na-pas-un-bon-gardien\/\",\"name\":\"Ettori : \u00ab&nbsp;Monaco n\u2019a pas un bon gardien&nbsp;\u00bb - La Diagonale\",\"isPartOf\":{\"@id\":\"https:\/\/www.ladiagonale.net\/#website\"},\"datePublished\":\"2023-04-14T11:17:38+00:00\",\"dateModified\":\"2023-04-14T11:17:57+00:00\",\"author\":{\"@id\":\"https:\/\/www.ladiagonale.net\/#\/schema\/person\/79ff1e7b0853ed01b2aa26e64ad300bf\"},\"breadcrumb\":{\"@id\":\"https:\/\/www.ladiagonale.net\/index.php\/2023\/04\/14\/ettori-monaco-na-pas-un-bon-gardien\/#breadcrumb\"},\"inLanguage\":\"fr-FR\",\"potentialAction\":[{\"@type\":\"ReadAction\",\"target\":[\"https:\/\/www.ladiagonale.net\/index.php\/2023\/04\/14\/ettori-monaco-na-pas-un-bon-gardien\/\"]}]},{\"@type\":\"BreadcrumbList\",\"@id\":\"https:\/\/www.ladiagonale.net\/index.php\/2023\/04\/14\/ettori-monaco-na-pas-un-bon-gardien\/#breadcrumb\",\"itemListElement\":[{\"@type\":\"ListItem\",\"position\":1,\"name\":\"Accueil\",\"item\":\"https:\/\/www.ladiagonale.net\/\"},{\"@type\":\"ListItem\",\"position\":2,\"name\":\"Ettori : \u00ab&nbsp;Monaco n\u2019a pas un bon gardien&nbsp;\u00bb\"}]},{\"@type\":\"WebSite\",\"@id\":\"https:\/\/www.ladiagonale.net\/#website\",\"url\":\"https:\/\/www.ladiagonale.net\/\",\"name\":\"La Diagonale\",\"description\":\"Le site des supporters de l&#039;AS Monaco FC\",\"potentialAction\":[{\"@type\":\"SearchAction\",\"target\":{\"@type\":\"EntryPoint\",\"urlTemplate\":\"https:\/\/www.ladiagonale.net\/?s={search_term_string}\"},\"query-input\":\"required name=search_term_string\"}],\"inLanguage\":\"fr-FR\"},{\"@type\":\"Person\",\"@id\":\"https:\/\/www.ladiagonale.net\/#\/schema\/person\/79ff1e7b0853ed01b2aa26e64ad300bf\",\"name\":\"Damien Dellerba\",\"image\":{\"@type\":\"ImageObject\",\"inLanguage\":\"fr-FR\",\"@id\":\"https:\/\/www.ladiagonale.net\/#\/schema\/person\/image\/\",\"url\":\"https:\/\/secure.gravatar.com\/avatar\/c7850e06d3ff63cdbaee88b7fc16e2f0?s=96&d=mm&r=g\",\"contentUrl\":\"https:\/\/secure.gravatar.com\/avatar\/c7850e06d3ff63cdbaee88b7fc16e2f0?s=96&d=mm&r=g\",\"caption\":\"Damien Dellerba\"},\"url\":\"https:\/\/www.ladiagonale.net\/index.php\/author\/damien\/\"}]}<\/script>\n<!-- \/ Yoast SEO plugin. -->","yoast_head_json":{"title":"Ettori : \u00ab&nbsp;Monaco n\u2019a pas un bon gardien&nbsp;\u00bb - La Diagonale","robots":{"index":"index","follow":"follow","max-snippet":"max-snippet:-1","max-image-preview":"max-image-preview:large","max-video-preview":"max-video-preview:-1"},"canonical":"https:\/\/www.ladiagonale.net\/index.php\/2023\/04\/14\/ettori-monaco-na-pas-un-bon-gardien\/","og_locale":"fr_FR","og_type":"article","og_title":"Ettori : \u00ab&nbsp;Monaco n\u2019a pas un bon gardien&nbsp;\u00bb - La Diagonale","og_description":"Interrog\u00e9 par La Provence pour \u00e9voquer le sprint final de l&rsquo;AS Monaco face \u00e0 Lens et Marseille, Jean-Luc Ettori, n\u2019y est pas all\u00e9 par quatre chemins pour d\u00e9signer le point faible de cette \u00e9quipe as\u00e9miste. L\u2019ancien portier de l\u2019ASM a directement cibl\u00e9 Alexander N\u00fcbel : \u00ab&nbsp;On n&rsquo;a pas un bon gardien\u2026 Il n&rsquo;est pas d\u00e9cisif, [...]","og_url":"https:\/\/www.ladiagonale.net\/index.php\/2023\/04\/14\/ettori-monaco-na-pas-un-bon-gardien\/","og_site_name":"La Diagonale","article_published_time":"2023-04-14T11:17:38+00:00","article_modified_time":"2023-04-14T11:17:57+00:00","og_image":[{"width":1160,"height":650,"url":"https:\/\/www.ladiagonale.net\/wp-content\/uploads\/2023\/04\/ettori.png","type":"image\/png"}],"author":"Damien Dellerba","twitter_card":"summary_large_image","twitter_image":"https:\/\/www.ladiagonale.net\/wp-content\/uploads\/2023\/04\/ettori.png","twitter_misc":{"\u00c9crit par":"Damien Dellerba","Dur\u00e9e de lecture estim\u00e9e":"1 minute"},"schema":{"@context":"https:\/\/schema.org","@graph":[{"@type":"WebPage","@id":"https:\/\/www.ladiagonale.net\/index.php\/2023\/04\/14\/ettori-monaco-na-pas-un-bon-gardien\/","url":"https:\/\/www.ladiagonale.net\/index.php\/2023\/04\/14\/ettori-monaco-na-pas-un-bon-gardien\/","name":"Ettori : \u00ab&nbsp;Monaco n\u2019a pas un bon gardien&nbsp;\u00bb - La Diagonale","isPartOf":{"@id":"https:\/\/www.ladiagonale.net\/#website"},"datePublished":"2023-04-14T11:17:38+00:00","dateModified":"2023-04-14T11:17:57+00:00","author":{"@id":"https:\/\/www.ladiagonale.net\/#\/schema\/person\/79ff1e7b0853ed01b2aa26e64ad300bf"},"breadcrumb":{"@id":"https:\/\/www.ladiagonale.net\/index.php\/2023\/04\/14\/ettori-monaco-na-pas-un-bon-gardien\/#breadcrumb"},"inLanguage":"fr-FR","potentialAction":[{"@type":"ReadAction","target":["https:\/\/www.ladiagonale.net\/index.php\/2023\/04\/14\/ettori-monaco-na-pas-un-bon-gardien\/"]}]},{"@type":"BreadcrumbList","@id":"https:\/\/www.ladiagonale.net\/index.php\/2023\/04\/14\/ettori-monaco-na-pas-un-bon-gardien\/#breadcrumb","itemListElement":[{"@type":"ListItem","position":1,"name":"Accueil","item":"https:\/\/www.ladiagonale.net\/"},{"@type":"ListItem","position":2,"name":"Ettori : \u00ab&nbsp;Monaco n\u2019a pas un bon gardien&nbsp;\u00bb"}]},{"@type":"WebSite","@id":"https:\/\/www.ladiagonale.net\/#website","url":"https:\/\/www.ladiagonale.net\/","name":"La Diagonale","description":"Le site des supporters de l&#039;AS Monaco FC","potentialAction":[{"@type":"SearchAction","target":{"@type":"EntryPoint","urlTemplate":"https:\/\/www.ladiagonale.net\/?s={search_term_string}"},"query-input":"required name=search_term_string"}],"inLanguage":"fr-FR"},{"@type":"Person","@id":"https:\/\/www.ladiagonale.net\/#\/schema\/person\/79ff1e7b0853ed01b2aa26e64ad300bf","name":"Damien Dellerba","image":{"@type":"ImageObject","inLanguage":"fr-FR","@id":"https:\/\/www.ladiagonale.net\/#\/schema\/person\/image\/","url":"https:\/\/secure.gravatar.com\/avatar\/c7850e06d3ff63cdbaee88b7fc16e2f0?s=96&d=mm&r=g","contentUrl":"https:\/\/secure.gravatar.com\/avatar\/c7850e06d3ff63cdbaee88b7fc16e2f0?s=96&d=mm&r=g","caption":"Damien Dellerba"},"url":"https:\/\/www.ladiagonale.net\/index.php\/author\/damien\/"}]}},"_links":{"self":[{"href":"https:\/\/www.ladiagonale.net\/index.php\/wp-json\/wp\/v2\/posts\/11554"}],"collection":[{"href":"https:\/\/www.ladiagonale.net\/index.php\/wp-json\/wp\/v2\/posts"}],"about":[{"href":"https:\/\/www.ladiagonale.net\/index.php\/wp-json\/wp\/v2\/types\/post"}],"author":[{"embeddable":true,"href":"https:\/\/www.ladiagonale.net\/index.php\/wp-json\/wp\/v2\/users\/2"}],"replies":[{"embeddable":true,"href":"https:\/\/www.ladiagonale.net\/index.php\/wp-json\/wp\/v2\/comments?post=11554"}],"version-history":[{"count":2,"href":"https:\/\/www.ladiagonale.net\/index.php\/wp-json\/wp\/v2\/posts\/11554\/revisions"}],"predecessor-version":[{"id":11557,"href":"https:\/\/www.ladiagonale.net\/index.php\/wp-json\/wp\/v2\/posts\/11554\/revisions\/11557"}],"wp:attachment":[{"href":"https:\/\/www.ladiagonale.net\/index.php\/wp-json\/wp\/v2\/media?parent=11554"}],"wp:term":[{"taxonomy":"category","embeddable":true,"href":"https:\/\/www.ladiagonale.net\/index.php\/wp-json\/wp\/v2\/categories?post=11554"},{"taxonomy":"post_tag","embeddable":true,"href":"https:\/\/www.ladiagonale.net\/index.php\/wp-json\/wp\/v2\/tags?post=11554"}],"curies":[{"name":"wp","href":"https:\/\/api.w.org\/{rel}","templated":true}]}}